{"id":4287,"date":"2022-06-13T21:43:38","date_gmt":"2022-06-13T19:43:38","guid":{"rendered":"https:\/\/infos-droitshumains.net\/?p=4287"},"modified":"2022-06-13T21:51:35","modified_gmt":"2022-06-13T19:51:35","slug":"journee-internationale-de-sensibilisation-a-lalbinismele-bcnudh-appelle-a-la-lutte-pour-la-reconnaissance-et-la-sauvegarde-des-droits-des-personnes-atteintes-dalbinisme-en-rdc","status":"publish","type":"post","link":"https:\/\/infos-droitshumains.net\/?p=4287","title":{"rendered":"Journ\u00e9e internationale de sensibilisation \u00e0 l&rsquo;albinisme:le BCNUDH appelle \u00e0 la lutte pour la reconnaissance et la sauvegarde des droits des personnes atteintes d&rsquo;albinisme en RDC"},"content":{"rendered":"\n<p><strong>R\u00e9daction :+243817406088<\/strong><\/p>\n\n\n\n<p>L\u2019humanit\u00e9 a c\u00e9l\u00e9br\u00e9 ce lundi 13 juin, la journ\u00e9e internationale de sensibilisation \u00e0 l\u2019albinisme. \u00c0 cette occasion, le Bureau Conjoint des Nations Unies aux Droits de l&rsquo;Homme (BCNUDH) a, en collaboration avec le minist\u00e8re d\u00e9l\u00e9gu\u00e9 en charge des personnes vivant avec handicap et autres vuln\u00e9rables, organis\u00e9 une c\u00e9r\u00e9monie officielle \u00e0 Kinshasa.<\/p>\n\n\n\n<p>Cette c\u00e9l\u00e9bration qui a connu la participation des acteurs impliqu\u00e9s dans la cause des droits des personnes atteintes d&rsquo;albinisme en R\u00e9publique d\u00e9mocratique du Congo, a \u00e9t\u00e9 ax\u00e9e sous le th\u00e8me :<strong><em> \u00abUnis pour faire entendre nos voix \u00bb.<\/em><\/strong><\/p>\n\n\n\n<p><em>\u00ab Le th\u00e8me retenu Cette ann\u00e9e a \u00e9t\u00e9 choisi pour encourager tout le monde \u00e0 se joindre \u00e0 l&rsquo;effort mondial de solidarit\u00e9 avec nos fr\u00e8res et s\u0153urs albinos. Une occasion id\u00e9ale de nous unir pour mettre fin \u00e0 la discrimination dont ils sont victimes. Ce th\u00e8me nous interpelle \u00e0 travailler en parfaite synergie pour renforcer nos efforts, nos actions pour nous rendre plus forts dans la lutte pour la reconnaissance et la sauvegarde des droits des personnes atteintes d&rsquo;albinisme \u00bb<\/em>, a d\u00e9clar\u00e9 Erica Bussey, directrice adjointe du BCNUDH.<\/p>\n\n\n\n<p>Malgr\u00e9 la cons\u00e9cration de leurs droits, les personnes atteintes d&rsquo;albinisme continuent de subir les discriminations dans la soci\u00e9t\u00e9. Face \u00e0 cette r\u00e9alit\u00e9, la repr\u00e9sentante des organisations de promotion et de d\u00e9fense de cette cat\u00e9gorie des personnes, a formul\u00e9 quelques plaidoyers afin que les droits de cette derni\u00e8re soient respect\u00e9s.<\/p>\n\n\n\n<p><em>\u00ab Au gouvernement, nous sollicitons la prise en compte de la gravit\u00e9 des cons\u00e9quences du cancer de la peau chez les personnes atteintes d&rsquo;albinisme en envisageant un acc\u00e8s des soins de sant\u00e9 sp\u00e9cialis\u00e9s pour ces derni\u00e8res, ainsi que l&rsquo;acc\u00e9l\u00e9ration de la promulgation de la loi organique portant protection et promotion des droits des personnes vivant avec handicap. laquelle prend aussi en compte la question de l&rsquo;albinisme \u00bb<\/em>, a plaid\u00e9 Marie France.<\/p>\n\n\n\n<p>Et de poursuivre: <em>\u00ab Au BCNUDH, d&rsquo;appuyer les structures des personnes atteintes d&rsquo;albinisme de la RDC \u00e0 travers des activit\u00e9s, campagnes d&rsquo;\u00e9ducation et de sensibilisation, lesquelles aideront davantage \u00e0 lutter contre les superstitions et stigmatisations associ\u00e9es \u00e0 l&rsquo;albinisme\u00bb.<\/em><\/p>\n\n\n\n<p>De son c\u00f4t\u00e9, maitre Philibert Sesanga, directeur de cabinet de la ministre d\u00e9l\u00e9gu\u00e9e en charge des personnes vivant avec handicap et autres vuln\u00e9rables a r\u00e9it\u00e9r\u00e9 l&rsquo;engagement de ce minist\u00e8re de faire l&rsquo;albinisme l&rsquo;un de son cheval de bataille.<\/p>\n\n\n\n<p><em>\u00abLe minist\u00e8re abordant la question des personnes atteintes d&rsquo;albinisme a opt\u00e9 pour une approche bas\u00e9e sur les droits en renfor\u00e7ant la l\u00e9gislation congolaise en mati\u00e8re de la sensibilisation sur l&rsquo;albinisme. c&rsquo;est ainsi que la loi organique portant protection et promotion des personnes vivant avec handicap adopt\u00e9 en d\u00e9cembre 2021, a int\u00e9gr\u00e9 des dispositions sp\u00e9cifiques sur la protection et promotion des personnes atteintes d&rsquo;albinisme en RDC \u00bb<\/em>, a fait savoir ma\u00eetre Philibert Sesanga.<\/p>\n\n\n\n<p>La journ\u00e9e internationale de sensibilisation \u00e0 l&rsquo;albinisme a \u00e9t\u00e9 c\u00e9l\u00e9br\u00e9e pour la premi\u00e8re en 2015. elle vise entre autres \u00e0 lutter contre les discriminations, indiff\u00e9rences et violences \u00e0 l&rsquo;\u00e9gard des personnes atteintes d&rsquo;albinisme.<\/p>\n\n\n\n<p>AM<\/p>\n","protected":false},"excerpt":{"rendered":"<p>R\u00e9daction :+243817406088 L\u2019humanit\u00e9 a c\u00e9l\u00e9br\u00e9 ce lundi 13 juin, la journ\u00e9e internationale de sensibilisation \u00e0&#8230;<\/p>\n","protected":false},"author":2,"featured_media":4294,"comment_status":"open","ping_status":"open","sticky":false,"template":"","format":"standard","meta":{"_jetpack_memberships_contains_paid_content":false,"footnotes":""},"categories":[7],"tags":[],"class_list":["post-4287","post","type-post","status-publish","format-standard","has-post-thumbnail","hentry","category-droits-humains"],"yoast_head":"<!-- This site is optimized with the Yoast SEO plugin v27.5 - https:\/\/yoast.com\/product\/yoast-seo-wordpress\/ -->\n<title>Journ\u00e9e internationale de sensibilisation \u00e0 l&#039;albinisme:le BCNUDH appelle \u00e0 la lutte pour la reconnaissance et la sauvegarde des droits des personnes atteintes d&#039;albinisme en RDC - Infos Droits Humains<\/title>\n<meta name=\"robots\" content=\"index, follow, max-snippet:-1, max-image-preview:large, max-video-preview:-1\" \/>\n<link rel=\"canonical\" href=\"https:\/\/infos-droitshumains.net\/?p=4287\" \/>\n<meta property=\"og:locale\" content=\"fr_FR\" \/>\n<meta property=\"og:type\" content=\"article\" \/>\n<meta property=\"og:title\" content=\"Journ\u00e9e internationale de sensibilisation \u00e0 l&#039;albinisme:le BCNUDH appelle \u00e0 la lutte pour la reconnaissance et la sauvegarde des droits des personnes atteintes d&#039;albinisme en RDC - Infos Droits Humains\" \/>\n<meta property=\"og:description\" content=\"R\u00e9daction :+243817406088 L\u2019humanit\u00e9 a c\u00e9l\u00e9br\u00e9 ce lundi 13 juin, la journ\u00e9e internationale de sensibilisation \u00e0...\" \/>\n<meta property=\"og:url\" content=\"https:\/\/infos-droitshumains.net\/?p=4287\" \/>\n<meta property=\"og:site_name\" content=\"Infos Droits Humains\" \/>\n<meta property=\"article:published_time\" content=\"2022-06-13T19:43:38+00:00\" \/>\n<meta property=\"article:modified_time\" content=\"2022-06-13T19:51:35+00:00\" \/>\n<meta property=\"og:image\" content=\"https:\/\/i0.wp.com\/infos-droitshumains.net\/wp-content\/uploads\/2022\/06\/IMG-20220613-WA0036_1.jpg?fit=1080%2C720&ssl=1\" \/>\n\t<meta property=\"og:image:width\" content=\"1080\" \/>\n\t<meta property=\"og:image:height\" content=\"720\" \/>\n\t<meta property=\"og:image:type\" content=\"image\/jpeg\" \/>\n<meta name=\"author\" content=\"Jo\u00ebl Diawa\" \/>\n<meta name=\"twitter:card\" content=\"summary_large_image\" \/>\n<meta name=\"twitter:label1\" content=\"\u00c9crit par\" \/>\n\t<meta name=\"twitter:data1\" content=\"Jo\u00ebl Diawa\" \/>\n\t<meta name=\"twitter:label2\" content=\"Dur\u00e9e de lecture estim\u00e9e\" \/>\n\t<meta name=\"twitter:data2\" content=\"3 minutes\" \/>\n<script type=\"application\/ld+json\" class=\"yoast-schema-graph\">{\"@context\":\"https:\\\/\\\/schema.org\",\"@graph\":[{\"@type\":\"Article\",\"@id\":\"https:\\\/\\\/infos-droitshumains.net\\\/?p=4287#article\",\"isPartOf\":{\"@id\":\"https:\\\/\\\/infos-droitshumains.net\\\/?p=4287\"},\"author\":{\"name\":\"Jo\u00ebl Diawa\",\"@id\":\"https:\\\/\\\/infos-droitshumains.net\\\/#\\\/schema\\\/person\\\/3dc5e921c3302172e0ed4362f96faab7\"},\"headline\":\"Journ\u00e9e internationale de sensibilisation \u00e0 l&rsquo;albinisme:le BCNUDH appelle \u00e0 la lutte pour la reconnaissance et la sauvegarde des droits des personnes atteintes d&rsquo;albinisme en RDC\",\"datePublished\":\"2022-06-13T19:43:38+00:00\",\"dateModified\":\"2022-06-13T19:51:35+00:00\",\"mainEntityOfPage\":{\"@id\":\"https:\\\/\\\/infos-droitshumains.net\\\/?p=4287\"},\"wordCount\":548,\"commentCount\":0,\"publisher\":{\"@id\":\"https:\\\/\\\/infos-droitshumains.net\\\/#organization\"},\"image\":{\"@id\":\"https:\\\/\\\/infos-droitshumains.net\\\/?p=4287#primaryimage\"},\"thumbnailUrl\":\"https:\\\/\\\/i0.wp.com\\\/infos-droitshumains.net\\\/wp-content\\\/uploads\\\/2022\\\/06\\\/IMG-20220613-WA0036_1.jpg?fit=1080%2C720&ssl=1\",\"articleSection\":[\"Droits Humains\"],\"inLanguage\":\"fr-FR\",\"potentialAction\":[{\"@type\":\"CommentAction\",\"name\":\"Comment\",\"target\":[\"https:\\\/\\\/infos-droitshumains.net\\\/?p=4287#respond\"]}]},{\"@type\":\"WebPage\",\"@id\":\"https:\\\/\\\/infos-droitshumains.net\\\/?p=4287\",\"url\":\"https:\\\/\\\/infos-droitshumains.net\\\/?p=4287\",\"name\":\"Journ\u00e9e internationale de sensibilisation \u00e0 l'albinisme:le BCNUDH appelle \u00e0 la lutte pour la reconnaissance et la sauvegarde des droits des personnes atteintes d'albinisme en RDC - Infos Droits Humains\",\"isPartOf\":{\"@id\":\"https:\\\/\\\/infos-droitshumains.net\\\/#website\"},\"primaryImageOfPage\":{\"@id\":\"https:\\\/\\\/infos-droitshumains.net\\\/?p=4287#primaryimage\"},\"image\":{\"@id\":\"https:\\\/\\\/infos-droitshumains.net\\\/?p=4287#primaryimage\"},\"thumbnailUrl\":\"https:\\\/\\\/i0.wp.com\\\/infos-droitshumains.net\\\/wp-content\\\/uploads\\\/2022\\\/06\\\/IMG-20220613-WA0036_1.jpg?fit=1080%2C720&ssl=1\",\"datePublished\":\"2022-06-13T19:43:38+00:00\",\"dateModified\":\"2022-06-13T19:51:35+00:00\",\"breadcrumb\":{\"@id\":\"https:\\\/\\\/infos-droitshumains.net\\\/?p=4287#breadcrumb\"},\"inLanguage\":\"fr-FR\",\"potentialAction\":[{\"@type\":\"ReadAction\",\"target\":[\"https:\\\/\\\/infos-droitshumains.net\\\/?p=4287\"]}]},{\"@type\":\"ImageObject\",\"inLanguage\":\"fr-FR\",\"@id\":\"https:\\\/\\\/infos-droitshumains.net\\\/?p=4287#primaryimage\",\"url\":\"https:\\\/\\\/i0.wp.com\\\/infos-droitshumains.net\\\/wp-content\\\/uploads\\\/2022\\\/06\\\/IMG-20220613-WA0036_1.jpg?fit=1080%2C720&ssl=1\",\"contentUrl\":\"https:\\\/\\\/i0.wp.com\\\/infos-droitshumains.net\\\/wp-content\\\/uploads\\\/2022\\\/06\\\/IMG-20220613-WA0036_1.jpg?fit=1080%2C720&ssl=1\",\"width\":1080,\"height\":720},{\"@type\":\"BreadcrumbList\",\"@id\":\"https:\\\/\\\/infos-droitshumains.net\\\/?p=4287#breadcrumb\",\"itemListElement\":[{\"@type\":\"ListItem\",\"position\":1,\"name\":\"Accueil\",\"item\":\"https:\\\/\\\/infos-droitshumains.net\\\/\"},{\"@type\":\"ListItem\",\"position\":2,\"name\":\"Journ\u00e9e internationale de sensibilisation \u00e0 l&rsquo;albinisme:le BCNUDH appelle \u00e0 la lutte pour la reconnaissance et la sauvegarde des droits des personnes atteintes d&rsquo;albinisme en RDC\"}]},{\"@type\":\"WebSite\",\"@id\":\"https:\\\/\\\/infos-droitshumains.net\\\/#website\",\"url\":\"https:\\\/\\\/infos-droitshumains.net\\\/\",\"name\":\"Infos Droits Humains\",\"description\":\"S&#039;informer est un droit\",\"publisher\":{\"@id\":\"https:\\\/\\\/infos-droitshumains.net\\\/#organization\"},\"potentialAction\":[{\"@type\":\"SearchAction\",\"target\":{\"@type\":\"EntryPoint\",\"urlTemplate\":\"https:\\\/\\\/infos-droitshumains.net\\\/?s={search_term_string}\"},\"query-input\":{\"@type\":\"PropertyValueSpecification\",\"valueRequired\":true,\"valueName\":\"search_term_string\"}}],\"inLanguage\":\"fr-FR\"},{\"@type\":\"Organization\",\"@id\":\"https:\\\/\\\/infos-droitshumains.net\\\/#organization\",\"name\":\"Infos Droits Humains\",\"url\":\"https:\\\/\\\/infos-droitshumains.net\\\/\",\"logo\":{\"@type\":\"ImageObject\",\"inLanguage\":\"fr-FR\",\"@id\":\"https:\\\/\\\/infos-droitshumains.net\\\/#\\\/schema\\\/logo\\\/image\\\/\",\"url\":\"https:\\\/\\\/i0.wp.com\\\/infos-droitshumains.net\\\/wp-content\\\/uploads\\\/2022\\\/05\\\/Logo.png?fit=333%2C129&ssl=1\",\"contentUrl\":\"https:\\\/\\\/i0.wp.com\\\/infos-droitshumains.net\\\/wp-content\\\/uploads\\\/2022\\\/05\\\/Logo.png?fit=333%2C129&ssl=1\",\"width\":333,\"height\":129,\"caption\":\"Infos Droits Humains\"},\"image\":{\"@id\":\"https:\\\/\\\/infos-droitshumains.net\\\/#\\\/schema\\\/logo\\\/image\\\/\"}},{\"@type\":\"Person\",\"@id\":\"https:\\\/\\\/infos-droitshumains.net\\\/#\\\/schema\\\/person\\\/3dc5e921c3302172e0ed4362f96faab7\",\"name\":\"Jo\u00ebl Diawa\",\"image\":{\"@type\":\"ImageObject\",\"inLanguage\":\"fr-FR\",\"@id\":\"https:\\\/\\\/secure.gravatar.com\\\/avatar\\\/729bea6ff4604c624417803c477363be8e3c7186deaa65713313f9b4b820f41c?s=96&d=mm&r=g\",\"url\":\"https:\\\/\\\/secure.gravatar.com\\\/avatar\\\/729bea6ff4604c624417803c477363be8e3c7186deaa65713313f9b4b820f41c?s=96&d=mm&r=g\",\"contentUrl\":\"https:\\\/\\\/secure.gravatar.com\\\/avatar\\\/729bea6ff4604c624417803c477363be8e3c7186deaa65713313f9b4b820f41c?s=96&d=mm&r=g\",\"caption\":\"Jo\u00ebl Diawa\"},\"sameAs\":[\"https:\\\/\\\/www.infos-droitshumains.net\"],\"url\":\"https:\\\/\\\/infos-droitshumains.net\\\/?author=2\"}]}<\/script>\n<!-- \/ Yoast SEO plugin. -->","yoast_head_json":{"title":"Journ\u00e9e internationale de sensibilisation \u00e0 l'albinisme:le BCNUDH appelle \u00e0 la lutte pour la reconnaissance et la sauvegarde des droits des personnes atteintes d'albinisme en RDC - Infos Droits Humains","robots":{"index":"index","follow":"follow","max-snippet":"max-snippet:-1","max-image-preview":"max-image-preview:large","max-video-preview":"max-video-preview:-1"},"canonical":"https:\/\/infos-droitshumains.net\/?p=4287","og_locale":"fr_FR","og_type":"article","og_title":"Journ\u00e9e internationale de sensibilisation \u00e0 l'albinisme:le BCNUDH appelle \u00e0 la lutte pour la reconnaissance et la sauvegarde des droits des personnes atteintes d'albinisme en RDC - Infos Droits Humains","og_description":"R\u00e9daction :+243817406088 L\u2019humanit\u00e9 a c\u00e9l\u00e9br\u00e9 ce lundi 13 juin, la journ\u00e9e internationale de sensibilisation \u00e0...","og_url":"https:\/\/infos-droitshumains.net\/?p=4287","og_site_name":"Infos Droits Humains","article_published_time":"2022-06-13T19:43:38+00:00","article_modified_time":"2022-06-13T19:51:35+00:00","og_image":[{"width":1080,"height":720,"url":"https:\/\/i0.wp.com\/infos-droitshumains.net\/wp-content\/uploads\/2022\/06\/IMG-20220613-WA0036_1.jpg?fit=1080%2C720&ssl=1","type":"image\/jpeg"}],"author":"Jo\u00ebl Diawa","twitter_card":"summary_large_image","twitter_misc":{"\u00c9crit par":"Jo\u00ebl Diawa","Dur\u00e9e de lecture estim\u00e9e":"3 minutes"},"schema":{"@context":"https:\/\/schema.org","@graph":[{"@type":"Article","@id":"https:\/\/infos-droitshumains.net\/?p=4287#article","isPartOf":{"@id":"https:\/\/infos-droitshumains.net\/?p=4287"},"author":{"name":"Jo\u00ebl Diawa","@id":"https:\/\/infos-droitshumains.net\/#\/schema\/person\/3dc5e921c3302172e0ed4362f96faab7"},"headline":"Journ\u00e9e internationale de sensibilisation \u00e0 l&rsquo;albinisme:le BCNUDH appelle \u00e0 la lutte pour la reconnaissance et la sauvegarde des droits des personnes atteintes d&rsquo;albinisme en RDC","datePublished":"2022-06-13T19:43:38+00:00","dateModified":"2022-06-13T19:51:35+00:00","mainEntityOfPage":{"@id":"https:\/\/infos-droitshumains.net\/?p=4287"},"wordCount":548,"commentCount":0,"publisher":{"@id":"https:\/\/infos-droitshumains.net\/#organization"},"image":{"@id":"https:\/\/infos-droitshumains.net\/?p=4287#primaryimage"},"thumbnailUrl":"https:\/\/i0.wp.com\/infos-droitshumains.net\/wp-content\/uploads\/2022\/06\/IMG-20220613-WA0036_1.jpg?fit=1080%2C720&ssl=1","articleSection":["Droits Humains"],"inLanguage":"fr-FR","potentialAction":[{"@type":"CommentAction","name":"Comment","target":["https:\/\/infos-droitshumains.net\/?p=4287#respond"]}]},{"@type":"WebPage","@id":"https:\/\/infos-droitshumains.net\/?p=4287","url":"https:\/\/infos-droitshumains.net\/?p=4287","name":"Journ\u00e9e internationale de sensibilisation \u00e0 l'albinisme:le BCNUDH appelle \u00e0 la lutte pour la reconnaissance et la sauvegarde des droits des personnes atteintes d'albinisme en RDC - Infos Droits Humains","isPartOf":{"@id":"https:\/\/infos-droitshumains.net\/#website"},"primaryImageOfPage":{"@id":"https:\/\/infos-droitshumains.net\/?p=4287#primaryimage"},"image":{"@id":"https:\/\/infos-droitshumains.net\/?p=4287#primaryimage"},"thumbnailUrl":"https:\/\/i0.wp.com\/infos-droitshumains.net\/wp-content\/uploads\/2022\/06\/IMG-20220613-WA0036_1.jpg?fit=1080%2C720&ssl=1","datePublished":"2022-06-13T19:43:38+00:00","dateModified":"2022-06-13T19:51:35+00:00","breadcrumb":{"@id":"https:\/\/infos-droitshumains.net\/?p=4287#breadcrumb"},"inLanguage":"fr-FR","potentialAction":[{"@type":"ReadAction","target":["https:\/\/infos-droitshumains.net\/?p=4287"]}]},{"@type":"ImageObject","inLanguage":"fr-FR","@id":"https:\/\/infos-droitshumains.net\/?p=4287#primaryimage","url":"https:\/\/i0.wp.com\/infos-droitshumains.net\/wp-content\/uploads\/2022\/06\/IMG-20220613-WA0036_1.jpg?fit=1080%2C720&ssl=1","contentUrl":"https:\/\/i0.wp.com\/infos-droitshumains.net\/wp-content\/uploads\/2022\/06\/IMG-20220613-WA0036_1.jpg?fit=1080%2C720&ssl=1","width":1080,"height":720},{"@type":"BreadcrumbList","@id":"https:\/\/infos-droitshumains.net\/?p=4287#breadcrumb","itemListElement":[{"@type":"ListItem","position":1,"name":"Accueil","item":"https:\/\/infos-droitshumains.net\/"},{"@type":"ListItem","position":2,"name":"Journ\u00e9e internationale de sensibilisation \u00e0 l&rsquo;albinisme:le BCNUDH appelle \u00e0 la lutte pour la reconnaissance et la sauvegarde des droits des personnes atteintes d&rsquo;albinisme en RDC"}]},{"@type":"WebSite","@id":"https:\/\/infos-droitshumains.net\/#website","url":"https:\/\/infos-droitshumains.net\/","name":"Infos Droits Humains","description":"S&#039;informer est un droit","publisher":{"@id":"https:\/\/infos-droitshumains.net\/#organization"},"potentialAction":[{"@type":"SearchAction","target":{"@type":"EntryPoint","urlTemplate":"https:\/\/infos-droitshumains.net\/?s={search_term_string}"},"query-input":{"@type":"PropertyValueSpecification","valueRequired":true,"valueName":"search_term_string"}}],"inLanguage":"fr-FR"},{"@type":"Organization","@id":"https:\/\/infos-droitshumains.net\/#organization","name":"Infos Droits Humains","url":"https:\/\/infos-droitshumains.net\/","logo":{"@type":"ImageObject","inLanguage":"fr-FR","@id":"https:\/\/infos-droitshumains.net\/#\/schema\/logo\/image\/","url":"https:\/\/i0.wp.com\/infos-droitshumains.net\/wp-content\/uploads\/2022\/05\/Logo.png?fit=333%2C129&ssl=1","contentUrl":"https:\/\/i0.wp.com\/infos-droitshumains.net\/wp-content\/uploads\/2022\/05\/Logo.png?fit=333%2C129&ssl=1","width":333,"height":129,"caption":"Infos Droits Humains"},"image":{"@id":"https:\/\/infos-droitshumains.net\/#\/schema\/logo\/image\/"}},{"@type":"Person","@id":"https:\/\/infos-droitshumains.net\/#\/schema\/person\/3dc5e921c3302172e0ed4362f96faab7","name":"Jo\u00ebl Diawa","image":{"@type":"ImageObject","inLanguage":"fr-FR","@id":"https:\/\/secure.gravatar.com\/avatar\/729bea6ff4604c624417803c477363be8e3c7186deaa65713313f9b4b820f41c?s=96&d=mm&r=g","url":"https:\/\/secure.gravatar.com\/avatar\/729bea6ff4604c624417803c477363be8e3c7186deaa65713313f9b4b820f41c?s=96&d=mm&r=g","contentUrl":"https:\/\/secure.gravatar.com\/avatar\/729bea6ff4604c624417803c477363be8e3c7186deaa65713313f9b4b820f41c?s=96&d=mm&r=g","caption":"Jo\u00ebl Diawa"},"sameAs":["https:\/\/www.infos-droitshumains.net"],"url":"https:\/\/infos-droitshumains.net\/?author=2"}]}},"featured_image_urls":{"full":["https:\/\/i0.wp.com\/infos-droitshumains.net\/wp-content\/uploads\/2022\/06\/IMG-20220613-WA0036_1.jpg?fit=1080%2C720&ssl=1",1080,720,false],"thumbnail":["https:\/\/i0.wp.com\/infos-droitshumains.net\/wp-content\/uploads\/2022\/06\/IMG-20220613-WA0036_1.jpg?resize=150%2C150&ssl=1",150,150,true],"medium":["https:\/\/i0.wp.com\/infos-droitshumains.net\/wp-content\/uploads\/2022\/06\/IMG-20220613-WA0036_1.jpg?fit=300%2C200&ssl=1",300,200,true],"medium_large":["https:\/\/i0.wp.com\/infos-droitshumains.net\/wp-content\/uploads\/2022\/06\/IMG-20220613-WA0036_1.jpg?fit=640%2C427&ssl=1",640,427,true],"large":["https:\/\/i0.wp.com\/infos-droitshumains.net\/wp-content\/uploads\/2022\/06\/IMG-20220613-WA0036_1.jpg?fit=640%2C427&ssl=1",640,427,true],"1536x1536":["https:\/\/i0.wp.com\/infos-droitshumains.net\/wp-content\/uploads\/2022\/06\/IMG-20220613-WA0036_1.jpg?fit=1080%2C720&ssl=1",1080,720,true],"2048x2048":["https:\/\/i0.wp.com\/infos-droitshumains.net\/wp-content\/uploads\/2022\/06\/IMG-20220613-WA0036_1.jpg?fit=1080%2C720&ssl=1",1080,720,true],"covernews-slider-full":["https:\/\/i0.wp.com\/infos-droitshumains.net\/wp-content\/uploads\/2022\/06\/IMG-20220613-WA0036_1.jpg?resize=1080%2C715&ssl=1",1080,715,true],"covernews-slider-center":["https:\/\/i0.wp.com\/infos-droitshumains.net\/wp-content\/uploads\/2022\/06\/IMG-20220613-WA0036_1.jpg?resize=800%2C500&ssl=1",800,500,true],"covernews-featured":["https:\/\/i0.wp.com\/infos-droitshumains.net\/wp-content\/uploads\/2022\/06\/IMG-20220613-WA0036_1.jpg?fit=1024%2C683&ssl=1",1024,683,true],"covernews-medium":["https:\/\/i0.wp.com\/infos-droitshumains.net\/wp-content\/uploads\/2022\/06\/IMG-20220613-WA0036_1.jpg?resize=540%2C340&ssl=1",540,340,true],"covernews-medium-square":["https:\/\/i0.wp.com\/infos-droitshumains.net\/wp-content\/uploads\/2022\/06\/IMG-20220613-WA0036_1.jpg?resize=400%2C250&ssl=1",400,250,true]},"author_info":{"display_name":"Jo\u00ebl Diawa","author_link":"https:\/\/infos-droitshumains.net\/?author=2"},"category_info":"<a href=\"https:\/\/infos-droitshumains.net\/?cat=7\" rel=\"category\">Droits Humains<\/a>","tag_info":"Droits Humains","comment_count":"0","jetpack_featured_media_url":"https:\/\/i0.wp.com\/infos-droitshumains.net\/wp-content\/uploads\/2022\/06\/IMG-20220613-WA0036_1.jpg?fit=1080%2C720&ssl=1","jetpack-related-posts":[],"jetpack_sharing_enabled":true,"_links":{"self":[{"href":"https:\/\/infos-droitshumains.net\/index.php?rest_route=\/wp\/v2\/posts\/4287","targetHints":{"allow":["GET"]}}],"collection":[{"href":"https:\/\/infos-droitshumains.net\/index.php?rest_route=\/wp\/v2\/posts"}],"about":[{"href":"https:\/\/infos-droitshumains.net\/index.php?rest_route=\/wp\/v2\/types\/post"}],"author":[{"embeddable":true,"href":"https:\/\/infos-droitshumains.net\/index.php?rest_route=\/wp\/v2\/users\/2"}],"replies":[{"embeddable":true,"href":"https:\/\/infos-droitshumains.net\/index.php?rest_route=%2Fwp%2Fv2%2Fcomments&post=4287"}],"version-history":[{"count":5,"href":"https:\/\/infos-droitshumains.net\/index.php?rest_route=\/wp\/v2\/posts\/4287\/revisions"}],"predecessor-version":[{"id":4293,"href":"https:\/\/infos-droitshumains.net\/index.php?rest_route=\/wp\/v2\/posts\/4287\/revisions\/4293"}],"wp:featuredmedia":[{"embeddable":true,"href":"https:\/\/infos-droitshumains.net\/index.php?rest_route=\/wp\/v2\/media\/4294"}],"wp:attachment":[{"href":"https:\/\/infos-droitshumains.net\/index.php?rest_route=%2Fwp%2Fv2%2Fmedia&parent=4287"}],"wp:term":[{"taxonomy":"category","embeddable":true,"href":"https:\/\/infos-droitshumains.net\/index.php?rest_route=%2Fwp%2Fv2%2Fcategories&post=4287"},{"taxonomy":"post_tag","embeddable":true,"href":"https:\/\/infos-droitshumains.net\/index.php?rest_route=%2Fwp%2Fv2%2Ftags&post=4287"}],"curies":[{"name":"wp","href":"https:\/\/api.w.org\/{rel}","templated":true}]}}