{"id":4273,"date":"2022-06-13T19:23:17","date_gmt":"2022-06-13T17:23:17","guid":{"rendered":"https:\/\/infos-droitshumains.net\/?p=4273"},"modified":"2022-06-13T19:37:25","modified_gmt":"2022-06-13T17:37:25","slug":"zone-economique-speciale-de-maluku-rose-mutombo-rassure-les-expropries-du-site-quant-au-recouvrement-de-leurs-droits","status":"publish","type":"post","link":"https:\/\/infos-droitshumains.net\/?p=4273","title":{"rendered":"Zone \u00e9conomique sp\u00e9ciale de Maluku: Rose Mutombo rassure les expropri\u00e9s du site quant au recouvrement de leurs droits"},"content":{"rendered":"\n<p><strong>R\u00e9daction :+243817406088<\/strong><\/p>\n\n\n\n<p>Accompagn\u00e9e du ministre de l&rsquo;industrie et celui des affaires fonci\u00e8res, la ministre d&rsquo;\u00c9tat, ministre de la justice et garde des sceaux, effectu\u00e9 le samedi 11 juin dernier, une descente dans la zone \u00e9conomique sp\u00e9ciale de Maluku.<\/p>\n\n\n\n<figure class=\"wp-block-image alignfull size-large\"><img data-recalc-dims=\"1\" fetchpriority=\"high\" decoding=\"async\" width=\"640\" height=\"480\" src=\"https:\/\/i0.wp.com\/infos-droitshumains.net\/wp-content\/uploads\/2022\/06\/IMG-20220613-WA0024_1.jpg?resize=640%2C480&#038;ssl=1\" alt=\"\" class=\"wp-image-4277\" srcset=\"https:\/\/i0.wp.com\/infos-droitshumains.net\/wp-content\/uploads\/2022\/06\/IMG-20220613-WA0024_1.jpg?resize=1024%2C768&amp;ssl=1 1024w, https:\/\/i0.wp.com\/infos-droitshumains.net\/wp-content\/uploads\/2022\/06\/IMG-20220613-WA0024_1.jpg?resize=300%2C225&amp;ssl=1 300w, https:\/\/i0.wp.com\/infos-droitshumains.net\/wp-content\/uploads\/2022\/06\/IMG-20220613-WA0024_1.jpg?resize=768%2C576&amp;ssl=1 768w, https:\/\/i0.wp.com\/infos-droitshumains.net\/wp-content\/uploads\/2022\/06\/IMG-20220613-WA0024_1.jpg?w=1080&amp;ssl=1 1080w\" sizes=\"(max-width: 640px) 100vw, 640px\" \/><\/figure>\n\n\n\n<p>Le but de cette visite \u00e9tait de faire le constat de l&rsquo;\u00e9volution des travaux d&rsquo;am\u00e9nagement de ce site qui recevra dans les jours avenirs plusieurs investisseurs.<\/p>\n\n\n\n<p>Charg\u00e9 par le gouvernement pour trouver une solution \u00e0 l\u2019amiable avec les deux occupants expropri\u00e9s de ce site, Rose Mutombo Kiese est \u00e9galement all\u00e9e rassurer ces expropri\u00e9s du recouvrement de leurs droits afin aucun conflit foncier ne d\u00e9g\u00e9n\u00e8re dans cette zone.<\/p>\n\n\n\n<p><em>\u00abLa zone sp\u00e9ciale \u00e9conomique a des documents. C&rsquo;est pour cette raison que nous sommes venus avec le ministre des affaires fonci\u00e8res qui a la maitrise du dossier. Je crois que nous allons trouver des solutions puisque c\u2019est une option qui a \u00e9t\u00e9 lev\u00e9e au niveau du gouvernement. Nous ne devrions pas reculer pour la simple raison que nous voyons l\u2019int\u00e9r\u00eat g\u00e9n\u00e9ral. Nous allons \u00e9changer avec les deux personnes expropri\u00e9es et je pense que les n\u00e9gociations aboutiront \u00bb,<\/em> a d\u00e9clar\u00e9 la ministre d&rsquo;\u00c9tat, ministre de la justice et garde des sceaux.<\/p>\n\n\n\n<figure class=\"wp-block-image alignfull size-large\"><img data-recalc-dims=\"1\" decoding=\"async\" width=\"640\" height=\"480\" src=\"https:\/\/i0.wp.com\/infos-droitshumains.net\/wp-content\/uploads\/2022\/06\/IMG-20220613-WA0025_1.jpg?resize=640%2C480&#038;ssl=1\" alt=\"\" class=\"wp-image-4280\" srcset=\"https:\/\/i0.wp.com\/infos-droitshumains.net\/wp-content\/uploads\/2022\/06\/IMG-20220613-WA0025_1.jpg?resize=1024%2C768&amp;ssl=1 1024w, https:\/\/i0.wp.com\/infos-droitshumains.net\/wp-content\/uploads\/2022\/06\/IMG-20220613-WA0025_1.jpg?resize=300%2C225&amp;ssl=1 300w, https:\/\/i0.wp.com\/infos-droitshumains.net\/wp-content\/uploads\/2022\/06\/IMG-20220613-WA0025_1.jpg?resize=768%2C576&amp;ssl=1 768w, https:\/\/i0.wp.com\/infos-droitshumains.net\/wp-content\/uploads\/2022\/06\/IMG-20220613-WA0025_1.jpg?w=1080&amp;ssl=1 1080w\" sizes=\"(max-width: 640px) 100vw, 640px\" \/><\/figure>\n\n\n\n<p>La patronne de la justice congolaise a rassurer quant \u00e0 l\u2019implication du gouvernement dans ce dossier.<\/p>\n\n\n\n<p><em>\u00ab De notre c\u00f4t\u00e9, nous veillerons \u00e0 ce que les finances suivent pour r\u00e9gler le probl\u00e8me d\u2019expropriation. C\u2019est \u00e9galement le droit de la R\u00e9publique de r\u00e9cup\u00e9rer les espaces qui peuvent apporter un plus \u00e0 la population congolaise \u00bb.<\/em><\/p>\n\n\n\n<p><em>\u00abNous allons cr\u00e9er une base des donn\u00e9es num\u00e9riques inviolables. Je confirme qu\u2019il y aura z\u00e9ro conflit dans cette zone \u00e9conomique sp\u00e9ciale \u00bb,<\/em> a rassur\u00e9 pour sa part, le ministre des affaires fonci\u00e8res.<\/p>\n\n\n\n<p>La ministre d&rsquo;\u00c9tat, ministre de la justice et garde des sceaux a, en outre, appr\u00e9ci\u00e9 ce projet qui contribuera \u00e0 la baisse du taux de ch\u00f4mage.<\/p>\n\n\n\n<p><em>\u00abBient\u00f4t\u2026 diff\u00e9rentes soci\u00e9t\u00e9s vont s\u2019installer sur ce site. Je suis persuad\u00e9e que leur installation pourra r\u00e9soudre aussi le probl\u00e8me de l\u2019emploi. Je parie que la main d\u2019\u0153uvre sera congolaise. Cela est tr\u00e8s important pour que les nationaux se retrouvent \u00bb<\/em>, a conclu Rose Mutombo.<\/p>\n\n\n\n<p>A la fin de sa visite, la ministre Rose Mutombo a exhort\u00e9 les ouvriers congolais qui sont sur le chantier \u00e0 la patience sur la question de leurs r\u00e9mun\u00e9rations.<\/p>\n\n\n\n<figure class=\"wp-block-image alignfull size-large\"><img data-recalc-dims=\"1\" decoding=\"async\" width=\"640\" height=\"480\" src=\"https:\/\/i0.wp.com\/infos-droitshumains.net\/wp-content\/uploads\/2022\/06\/IMG-20220613-WA0023_1.jpg?resize=640%2C480&#038;ssl=1\" alt=\"\" class=\"wp-image-4282\" srcset=\"https:\/\/i0.wp.com\/infos-droitshumains.net\/wp-content\/uploads\/2022\/06\/IMG-20220613-WA0023_1.jpg?resize=1024%2C768&amp;ssl=1 1024w, https:\/\/i0.wp.com\/infos-droitshumains.net\/wp-content\/uploads\/2022\/06\/IMG-20220613-WA0023_1.jpg?resize=300%2C225&amp;ssl=1 300w, https:\/\/i0.wp.com\/infos-droitshumains.net\/wp-content\/uploads\/2022\/06\/IMG-20220613-WA0023_1.jpg?resize=768%2C576&amp;ssl=1 768w, https:\/\/i0.wp.com\/infos-droitshumains.net\/wp-content\/uploads\/2022\/06\/IMG-20220613-WA0023_1.jpg?w=1080&amp;ssl=1 1080w\" sizes=\"(max-width: 640px) 100vw, 640px\" \/><\/figure>\n\n\n\n<p>Sur ce site, plusieurs entreprises se manifestent pour s\u2019installer, \u00e0 l\u2019instar de Pepsi, d\u2019une usine de fabrication des mat\u00e9riaux de construction et d\u2019une usine pharmaceutique. Beaucoup d\u2019autres s\u2019annoncent pour occuper des espaces de cette zone \u00e9conomique sp\u00e9ciale.<\/p>\n\n\n\n<p>AM<\/p>\n","protected":false},"excerpt":{"rendered":"<p>R\u00e9daction :+243817406088 Accompagn\u00e9e du ministre de l&rsquo;industrie et celui des affaires fonci\u00e8res, la ministre d&rsquo;\u00c9tat,&#8230;<\/p>\n","protected":false},"author":2,"featured_media":4275,"comment_status":"open","ping_status":"open","sticky":false,"template":"","format":"standard","meta":{"_jetpack_memberships_contains_paid_content":false,"footnotes":""},"categories":[6],"tags":[],"class_list":["post-4273","post","type-post","status-publish","format-standard","has-post-thumbnail","hentry","category-justice"],"yoast_head":"<!-- This site is optimized with the Yoast SEO plugin v27.5 - https:\/\/yoast.com\/product\/yoast-seo-wordpress\/ -->\n<title>Zone \u00e9conomique sp\u00e9ciale de Maluku: Rose Mutombo rassure les expropri\u00e9s du site quant au recouvrement de leurs droits - Infos Droits Humains<\/title>\n<meta name=\"robots\" content=\"index, follow, max-snippet:-1, max-image-preview:large, max-video-preview:-1\" \/>\n<link rel=\"canonical\" href=\"https:\/\/infos-droitshumains.net\/?p=4273\" \/>\n<meta property=\"og:locale\" content=\"fr_FR\" \/>\n<meta property=\"og:type\" content=\"article\" \/>\n<meta property=\"og:title\" content=\"Zone \u00e9conomique sp\u00e9ciale de Maluku: Rose Mutombo rassure les expropri\u00e9s du site quant au recouvrement de leurs droits - Infos Droits Humains\" \/>\n<meta property=\"og:description\" content=\"R\u00e9daction :+243817406088 Accompagn\u00e9e du ministre de l&rsquo;industrie et celui des affaires fonci\u00e8res, la ministre d&rsquo;\u00c9tat,...\" \/>\n<meta property=\"og:url\" content=\"https:\/\/infos-droitshumains.net\/?p=4273\" \/>\n<meta property=\"og:site_name\" content=\"Infos Droits Humains\" \/>\n<meta property=\"article:published_time\" content=\"2022-06-13T17:23:17+00:00\" \/>\n<meta property=\"article:modified_time\" content=\"2022-06-13T17:37:25+00:00\" \/>\n<meta property=\"og:image\" content=\"https:\/\/i0.wp.com\/infos-droitshumains.net\/wp-content\/uploads\/2022\/06\/IMG-20220613-WA0022_1.jpg?fit=949%2C553&ssl=1\" \/>\n\t<meta property=\"og:image:width\" content=\"949\" \/>\n\t<meta property=\"og:image:height\" content=\"553\" \/>\n\t<meta property=\"og:image:type\" content=\"image\/jpeg\" \/>\n<meta name=\"author\" content=\"Jo\u00ebl Diawa\" \/>\n<meta name=\"twitter:card\" content=\"summary_large_image\" \/>\n<meta name=\"twitter:label1\" content=\"\u00c9crit par\" \/>\n\t<meta name=\"twitter:data1\" content=\"Jo\u00ebl Diawa\" \/>\n\t<meta name=\"twitter:label2\" content=\"Dur\u00e9e de lecture estim\u00e9e\" \/>\n\t<meta name=\"twitter:data2\" content=\"2 minutes\" \/>\n<script type=\"application\/ld+json\" class=\"yoast-schema-graph\">{\"@context\":\"https:\\\/\\\/schema.org\",\"@graph\":[{\"@type\":\"Article\",\"@id\":\"https:\\\/\\\/infos-droitshumains.net\\\/?p=4273#article\",\"isPartOf\":{\"@id\":\"https:\\\/\\\/infos-droitshumains.net\\\/?p=4273\"},\"author\":{\"name\":\"Jo\u00ebl Diawa\",\"@id\":\"https:\\\/\\\/infos-droitshumains.net\\\/#\\\/schema\\\/person\\\/3dc5e921c3302172e0ed4362f96faab7\"},\"headline\":\"Zone \u00e9conomique sp\u00e9ciale de Maluku: Rose Mutombo rassure les expropri\u00e9s du site quant au recouvrement de leurs droits\",\"datePublished\":\"2022-06-13T17:23:17+00:00\",\"dateModified\":\"2022-06-13T17:37:25+00:00\",\"mainEntityOfPage\":{\"@id\":\"https:\\\/\\\/infos-droitshumains.net\\\/?p=4273\"},\"wordCount\":491,\"commentCount\":0,\"publisher\":{\"@id\":\"https:\\\/\\\/infos-droitshumains.net\\\/#organization\"},\"image\":{\"@id\":\"https:\\\/\\\/infos-droitshumains.net\\\/?p=4273#primaryimage\"},\"thumbnailUrl\":\"https:\\\/\\\/i0.wp.com\\\/infos-droitshumains.net\\\/wp-content\\\/uploads\\\/2022\\\/06\\\/IMG-20220613-WA0022_1.jpg?fit=949%2C553&ssl=1\",\"articleSection\":[\"Justice\"],\"inLanguage\":\"fr-FR\",\"potentialAction\":[{\"@type\":\"CommentAction\",\"name\":\"Comment\",\"target\":[\"https:\\\/\\\/infos-droitshumains.net\\\/?p=4273#respond\"]}]},{\"@type\":\"WebPage\",\"@id\":\"https:\\\/\\\/infos-droitshumains.net\\\/?p=4273\",\"url\":\"https:\\\/\\\/infos-droitshumains.net\\\/?p=4273\",\"name\":\"Zone \u00e9conomique sp\u00e9ciale de Maluku: Rose Mutombo rassure les expropri\u00e9s du site quant au recouvrement de leurs droits - Infos Droits Humains\",\"isPartOf\":{\"@id\":\"https:\\\/\\\/infos-droitshumains.net\\\/#website\"},\"primaryImageOfPage\":{\"@id\":\"https:\\\/\\\/infos-droitshumains.net\\\/?p=4273#primaryimage\"},\"image\":{\"@id\":\"https:\\\/\\\/infos-droitshumains.net\\\/?p=4273#primaryimage\"},\"thumbnailUrl\":\"https:\\\/\\\/i0.wp.com\\\/infos-droitshumains.net\\\/wp-content\\\/uploads\\\/2022\\\/06\\\/IMG-20220613-WA0022_1.jpg?fit=949%2C553&ssl=1\",\"datePublished\":\"2022-06-13T17:23:17+00:00\",\"dateModified\":\"2022-06-13T17:37:25+00:00\",\"breadcrumb\":{\"@id\":\"https:\\\/\\\/infos-droitshumains.net\\\/?p=4273#breadcrumb\"},\"inLanguage\":\"fr-FR\",\"potentialAction\":[{\"@type\":\"ReadAction\",\"target\":[\"https:\\\/\\\/infos-droitshumains.net\\\/?p=4273\"]}]},{\"@type\":\"ImageObject\",\"inLanguage\":\"fr-FR\",\"@id\":\"https:\\\/\\\/infos-droitshumains.net\\\/?p=4273#primaryimage\",\"url\":\"https:\\\/\\\/i0.wp.com\\\/infos-droitshumains.net\\\/wp-content\\\/uploads\\\/2022\\\/06\\\/IMG-20220613-WA0022_1.jpg?fit=949%2C553&ssl=1\",\"contentUrl\":\"https:\\\/\\\/i0.wp.com\\\/infos-droitshumains.net\\\/wp-content\\\/uploads\\\/2022\\\/06\\\/IMG-20220613-WA0022_1.jpg?fit=949%2C553&ssl=1\",\"width\":949,\"height\":553},{\"@type\":\"BreadcrumbList\",\"@id\":\"https:\\\/\\\/infos-droitshumains.net\\\/?p=4273#breadcrumb\",\"itemListElement\":[{\"@type\":\"ListItem\",\"position\":1,\"name\":\"Accueil\",\"item\":\"https:\\\/\\\/infos-droitshumains.net\\\/\"},{\"@type\":\"ListItem\",\"position\":2,\"name\":\"Zone \u00e9conomique sp\u00e9ciale de Maluku: Rose Mutombo rassure les expropri\u00e9s du site quant au recouvrement de leurs droits\"}]},{\"@type\":\"WebSite\",\"@id\":\"https:\\\/\\\/infos-droitshumains.net\\\/#website\",\"url\":\"https:\\\/\\\/infos-droitshumains.net\\\/\",\"name\":\"Infos Droits Humains\",\"description\":\"S&#039;informer est un droit\",\"publisher\":{\"@id\":\"https:\\\/\\\/infos-droitshumains.net\\\/#organization\"},\"potentialAction\":[{\"@type\":\"SearchAction\",\"target\":{\"@type\":\"EntryPoint\",\"urlTemplate\":\"https:\\\/\\\/infos-droitshumains.net\\\/?s={search_term_string}\"},\"query-input\":{\"@type\":\"PropertyValueSpecification\",\"valueRequired\":true,\"valueName\":\"search_term_string\"}}],\"inLanguage\":\"fr-FR\"},{\"@type\":\"Organization\",\"@id\":\"https:\\\/\\\/infos-droitshumains.net\\\/#organization\",\"name\":\"Infos Droits Humains\",\"url\":\"https:\\\/\\\/infos-droitshumains.net\\\/\",\"logo\":{\"@type\":\"ImageObject\",\"inLanguage\":\"fr-FR\",\"@id\":\"https:\\\/\\\/infos-droitshumains.net\\\/#\\\/schema\\\/logo\\\/image\\\/\",\"url\":\"https:\\\/\\\/i0.wp.com\\\/infos-droitshumains.net\\\/wp-content\\\/uploads\\\/2022\\\/05\\\/Logo.png?fit=333%2C129&ssl=1\",\"contentUrl\":\"https:\\\/\\\/i0.wp.com\\\/infos-droitshumains.net\\\/wp-content\\\/uploads\\\/2022\\\/05\\\/Logo.png?fit=333%2C129&ssl=1\",\"width\":333,\"height\":129,\"caption\":\"Infos Droits Humains\"},\"image\":{\"@id\":\"https:\\\/\\\/infos-droitshumains.net\\\/#\\\/schema\\\/logo\\\/image\\\/\"}},{\"@type\":\"Person\",\"@id\":\"https:\\\/\\\/infos-droitshumains.net\\\/#\\\/schema\\\/person\\\/3dc5e921c3302172e0ed4362f96faab7\",\"name\":\"Jo\u00ebl Diawa\",\"image\":{\"@type\":\"ImageObject\",\"inLanguage\":\"fr-FR\",\"@id\":\"https:\\\/\\\/secure.gravatar.com\\\/avatar\\\/729bea6ff4604c624417803c477363be8e3c7186deaa65713313f9b4b820f41c?s=96&d=mm&r=g\",\"url\":\"https:\\\/\\\/secure.gravatar.com\\\/avatar\\\/729bea6ff4604c624417803c477363be8e3c7186deaa65713313f9b4b820f41c?s=96&d=mm&r=g\",\"contentUrl\":\"https:\\\/\\\/secure.gravatar.com\\\/avatar\\\/729bea6ff4604c624417803c477363be8e3c7186deaa65713313f9b4b820f41c?s=96&d=mm&r=g\",\"caption\":\"Jo\u00ebl Diawa\"},\"sameAs\":[\"https:\\\/\\\/www.infos-droitshumains.net\"],\"url\":\"https:\\\/\\\/infos-droitshumains.net\\\/?author=2\"}]}<\/script>\n<!-- \/ Yoast SEO plugin. -->","yoast_head_json":{"title":"Zone \u00e9conomique sp\u00e9ciale de Maluku: Rose Mutombo rassure les expropri\u00e9s du site quant au recouvrement de leurs droits - Infos Droits Humains","robots":{"index":"index","follow":"follow","max-snippet":"max-snippet:-1","max-image-preview":"max-image-preview:large","max-video-preview":"max-video-preview:-1"},"canonical":"https:\/\/infos-droitshumains.net\/?p=4273","og_locale":"fr_FR","og_type":"article","og_title":"Zone \u00e9conomique sp\u00e9ciale de Maluku: Rose Mutombo rassure les expropri\u00e9s du site quant au recouvrement de leurs droits - Infos Droits Humains","og_description":"R\u00e9daction :+243817406088 Accompagn\u00e9e du ministre de l&rsquo;industrie et celui des affaires fonci\u00e8res, la ministre d&rsquo;\u00c9tat,...","og_url":"https:\/\/infos-droitshumains.net\/?p=4273","og_site_name":"Infos Droits Humains","article_published_time":"2022-06-13T17:23:17+00:00","article_modified_time":"2022-06-13T17:37:25+00:00","og_image":[{"width":949,"height":553,"url":"https:\/\/i0.wp.com\/infos-droitshumains.net\/wp-content\/uploads\/2022\/06\/IMG-20220613-WA0022_1.jpg?fit=949%2C553&ssl=1","type":"image\/jpeg"}],"author":"Jo\u00ebl Diawa","twitter_card":"summary_large_image","twitter_misc":{"\u00c9crit par":"Jo\u00ebl Diawa","Dur\u00e9e de lecture estim\u00e9e":"2 minutes"},"schema":{"@context":"https:\/\/schema.org","@graph":[{"@type":"Article","@id":"https:\/\/infos-droitshumains.net\/?p=4273#article","isPartOf":{"@id":"https:\/\/infos-droitshumains.net\/?p=4273"},"author":{"name":"Jo\u00ebl Diawa","@id":"https:\/\/infos-droitshumains.net\/#\/schema\/person\/3dc5e921c3302172e0ed4362f96faab7"},"headline":"Zone \u00e9conomique sp\u00e9ciale de Maluku: Rose Mutombo rassure les expropri\u00e9s du site quant au recouvrement de leurs droits","datePublished":"2022-06-13T17:23:17+00:00","dateModified":"2022-06-13T17:37:25+00:00","mainEntityOfPage":{"@id":"https:\/\/infos-droitshumains.net\/?p=4273"},"wordCount":491,"commentCount":0,"publisher":{"@id":"https:\/\/infos-droitshumains.net\/#organization"},"image":{"@id":"https:\/\/infos-droitshumains.net\/?p=4273#primaryimage"},"thumbnailUrl":"https:\/\/i0.wp.com\/infos-droitshumains.net\/wp-content\/uploads\/2022\/06\/IMG-20220613-WA0022_1.jpg?fit=949%2C553&ssl=1","articleSection":["Justice"],"inLanguage":"fr-FR","potentialAction":[{"@type":"CommentAction","name":"Comment","target":["https:\/\/infos-droitshumains.net\/?p=4273#respond"]}]},{"@type":"WebPage","@id":"https:\/\/infos-droitshumains.net\/?p=4273","url":"https:\/\/infos-droitshumains.net\/?p=4273","name":"Zone \u00e9conomique sp\u00e9ciale de Maluku: Rose Mutombo rassure les expropri\u00e9s du site quant au recouvrement de leurs droits - Infos Droits Humains","isPartOf":{"@id":"https:\/\/infos-droitshumains.net\/#website"},"primaryImageOfPage":{"@id":"https:\/\/infos-droitshumains.net\/?p=4273#primaryimage"},"image":{"@id":"https:\/\/infos-droitshumains.net\/?p=4273#primaryimage"},"thumbnailUrl":"https:\/\/i0.wp.com\/infos-droitshumains.net\/wp-content\/uploads\/2022\/06\/IMG-20220613-WA0022_1.jpg?fit=949%2C553&ssl=1","datePublished":"2022-06-13T17:23:17+00:00","dateModified":"2022-06-13T17:37:25+00:00","breadcrumb":{"@id":"https:\/\/infos-droitshumains.net\/?p=4273#breadcrumb"},"inLanguage":"fr-FR","potentialAction":[{"@type":"ReadAction","target":["https:\/\/infos-droitshumains.net\/?p=4273"]}]},{"@type":"ImageObject","inLanguage":"fr-FR","@id":"https:\/\/infos-droitshumains.net\/?p=4273#primaryimage","url":"https:\/\/i0.wp.com\/infos-droitshumains.net\/wp-content\/uploads\/2022\/06\/IMG-20220613-WA0022_1.jpg?fit=949%2C553&ssl=1","contentUrl":"https:\/\/i0.wp.com\/infos-droitshumains.net\/wp-content\/uploads\/2022\/06\/IMG-20220613-WA0022_1.jpg?fit=949%2C553&ssl=1","width":949,"height":553},{"@type":"BreadcrumbList","@id":"https:\/\/infos-droitshumains.net\/?p=4273#breadcrumb","itemListElement":[{"@type":"ListItem","position":1,"name":"Accueil","item":"https:\/\/infos-droitshumains.net\/"},{"@type":"ListItem","position":2,"name":"Zone \u00e9conomique sp\u00e9ciale de Maluku: Rose Mutombo rassure les expropri\u00e9s du site quant au recouvrement de leurs droits"}]},{"@type":"WebSite","@id":"https:\/\/infos-droitshumains.net\/#website","url":"https:\/\/infos-droitshumains.net\/","name":"Infos Droits Humains","description":"S&#039;informer est un droit","publisher":{"@id":"https:\/\/infos-droitshumains.net\/#organization"},"potentialAction":[{"@type":"SearchAction","target":{"@type":"EntryPoint","urlTemplate":"https:\/\/infos-droitshumains.net\/?s={search_term_string}"},"query-input":{"@type":"PropertyValueSpecification","valueRequired":true,"valueName":"search_term_string"}}],"inLanguage":"fr-FR"},{"@type":"Organization","@id":"https:\/\/infos-droitshumains.net\/#organization","name":"Infos Droits Humains","url":"https:\/\/infos-droitshumains.net\/","logo":{"@type":"ImageObject","inLanguage":"fr-FR","@id":"https:\/\/infos-droitshumains.net\/#\/schema\/logo\/image\/","url":"https:\/\/i0.wp.com\/infos-droitshumains.net\/wp-content\/uploads\/2022\/05\/Logo.png?fit=333%2C129&ssl=1","contentUrl":"https:\/\/i0.wp.com\/infos-droitshumains.net\/wp-content\/uploads\/2022\/05\/Logo.png?fit=333%2C129&ssl=1","width":333,"height":129,"caption":"Infos Droits Humains"},"image":{"@id":"https:\/\/infos-droitshumains.net\/#\/schema\/logo\/image\/"}},{"@type":"Person","@id":"https:\/\/infos-droitshumains.net\/#\/schema\/person\/3dc5e921c3302172e0ed4362f96faab7","name":"Jo\u00ebl Diawa","image":{"@type":"ImageObject","inLanguage":"fr-FR","@id":"https:\/\/secure.gravatar.com\/avatar\/729bea6ff4604c624417803c477363be8e3c7186deaa65713313f9b4b820f41c?s=96&d=mm&r=g","url":"https:\/\/secure.gravatar.com\/avatar\/729bea6ff4604c624417803c477363be8e3c7186deaa65713313f9b4b820f41c?s=96&d=mm&r=g","contentUrl":"https:\/\/secure.gravatar.com\/avatar\/729bea6ff4604c624417803c477363be8e3c7186deaa65713313f9b4b820f41c?s=96&d=mm&r=g","caption":"Jo\u00ebl Diawa"},"sameAs":["https:\/\/www.infos-droitshumains.net"],"url":"https:\/\/infos-droitshumains.net\/?author=2"}]}},"featured_image_urls":{"full":["https:\/\/i0.wp.com\/infos-droitshumains.net\/wp-content\/uploads\/2022\/06\/IMG-20220613-WA0022_1.jpg?fit=949%2C553&ssl=1",949,553,false],"thumbnail":["https:\/\/i0.wp.com\/infos-droitshumains.net\/wp-content\/uploads\/2022\/06\/IMG-20220613-WA0022_1.jpg?resize=150%2C150&ssl=1",150,150,true],"medium":["https:\/\/i0.wp.com\/infos-droitshumains.net\/wp-content\/uploads\/2022\/06\/IMG-20220613-WA0022_1.jpg?fit=300%2C175&ssl=1",300,175,true],"medium_large":["https:\/\/i0.wp.com\/infos-droitshumains.net\/wp-content\/uploads\/2022\/06\/IMG-20220613-WA0022_1.jpg?fit=640%2C373&ssl=1",640,373,true],"large":["https:\/\/i0.wp.com\/infos-droitshumains.net\/wp-content\/uploads\/2022\/06\/IMG-20220613-WA0022_1.jpg?fit=640%2C373&ssl=1",640,373,true],"1536x1536":["https:\/\/i0.wp.com\/infos-droitshumains.net\/wp-content\/uploads\/2022\/06\/IMG-20220613-WA0022_1.jpg?fit=949%2C553&ssl=1",949,553,true],"2048x2048":["https:\/\/i0.wp.com\/infos-droitshumains.net\/wp-content\/uploads\/2022\/06\/IMG-20220613-WA0022_1.jpg?fit=949%2C553&ssl=1",949,553,true],"covernews-slider-full":["https:\/\/i0.wp.com\/infos-droitshumains.net\/wp-content\/uploads\/2022\/06\/IMG-20220613-WA0022_1.jpg?resize=949%2C553&ssl=1",949,553,true],"covernews-slider-center":["https:\/\/i0.wp.com\/infos-droitshumains.net\/wp-content\/uploads\/2022\/06\/IMG-20220613-WA0022_1.jpg?resize=800%2C500&ssl=1",800,500,true],"covernews-featured":["https:\/\/i0.wp.com\/infos-droitshumains.net\/wp-content\/uploads\/2022\/06\/IMG-20220613-WA0022_1.jpg?fit=949%2C553&ssl=1",949,553,true],"covernews-medium":["https:\/\/i0.wp.com\/infos-droitshumains.net\/wp-content\/uploads\/2022\/06\/IMG-20220613-WA0022_1.jpg?resize=540%2C340&ssl=1",540,340,true],"covernews-medium-square":["https:\/\/i0.wp.com\/infos-droitshumains.net\/wp-content\/uploads\/2022\/06\/IMG-20220613-WA0022_1.jpg?resize=400%2C250&ssl=1",400,250,true]},"author_info":{"display_name":"Jo\u00ebl Diawa","author_link":"https:\/\/infos-droitshumains.net\/?author=2"},"category_info":"<a href=\"https:\/\/infos-droitshumains.net\/?cat=6\" rel=\"category\">Justice<\/a>","tag_info":"Justice","comment_count":"0","jetpack_featured_media_url":"https:\/\/i0.wp.com\/infos-droitshumains.net\/wp-content\/uploads\/2022\/06\/IMG-20220613-WA0022_1.jpg?fit=949%2C553&ssl=1","jetpack-related-posts":[],"jetpack_sharing_enabled":true,"_links":{"self":[{"href":"https:\/\/infos-droitshumains.net\/index.php?rest_route=\/wp\/v2\/posts\/4273","targetHints":{"allow":["GET"]}}],"collection":[{"href":"https:\/\/infos-droitshumains.net\/index.php?rest_route=\/wp\/v2\/posts"}],"about":[{"href":"https:\/\/infos-droitshumains.net\/index.php?rest_route=\/wp\/v2\/types\/post"}],"author":[{"embeddable":true,"href":"https:\/\/infos-droitshumains.net\/index.php?rest_route=\/wp\/v2\/users\/2"}],"replies":[{"embeddable":true,"href":"https:\/\/infos-droitshumains.net\/index.php?rest_route=%2Fwp%2Fv2%2Fcomments&post=4273"}],"version-history":[{"count":6,"href":"https:\/\/infos-droitshumains.net\/index.php?rest_route=\/wp\/v2\/posts\/4273\/revisions"}],"predecessor-version":[{"id":4286,"href":"https:\/\/infos-droitshumains.net\/index.php?rest_route=\/wp\/v2\/posts\/4273\/revisions\/4286"}],"wp:featuredmedia":[{"embeddable":true,"href":"https:\/\/infos-droitshumains.net\/index.php?rest_route=\/wp\/v2\/media\/4275"}],"wp:attachment":[{"href":"https:\/\/infos-droitshumains.net\/index.php?rest_route=%2Fwp%2Fv2%2Fmedia&parent=4273"}],"wp:term":[{"taxonomy":"category","embeddable":true,"href":"https:\/\/infos-droitshumains.net\/index.php?rest_route=%2Fwp%2Fv2%2Fcategories&post=4273"},{"taxonomy":"post_tag","embeddable":true,"href":"https:\/\/infos-droitshumains.net\/index.php?rest_route=%2Fwp%2Fv2%2Ftags&post=4273"}],"curies":[{"name":"wp","href":"https:\/\/api.w.org\/{rel}","templated":true}]}}