{"id":4259,"date":"2022-06-13T13:49:47","date_gmt":"2022-06-13T11:49:47","guid":{"rendered":"https:\/\/infos-droitshumains.net\/?p=4259"},"modified":"2022-06-13T15:09:08","modified_gmt":"2022-06-13T13:09:08","slug":"premiere-anniversaire-de-la-disparition-du-professeur-gaston-tete-kabwela-premoforte-asbl-devoile-de-programme-des-ceremonies-commemorative","status":"publish","type":"post","link":"https:\/\/infos-droitshumains.net\/?p=4259","title":{"rendered":"Premier anniversaire de la disparition du Professeur Gaston T\u00e9t\u00e9 Kabwe:La Premoforte asbl d\u00e9voile le programme des activit\u00e9s comm\u00e9moratives"},"content":{"rendered":"\n<p><strong>R\u00e9daction :+243817406088<\/strong><\/p>\n\n\n\n<p>Le 24 juin 2022, il fera un an depuis que le Professeur Gaston Kabwa Kabwe T\u00e9t\u00e9 a tir\u00e9 sa r\u00e9v\u00e9rence. L\u2019Association des Anciens Etudiants de la Facult\u00e9 de Droit de l\u2019Universit\u00e9 de Kinshasa, Promotion 1993-2000, (PROMOFORTE asbl), dont le regrett\u00e9 professeur \u00e9tait coordonnateur principal, entend immortaliser la m\u00e9moire de l\u2019illustre disparu.<\/p>\n\n\n\n<p>C\u2019est dans ce cadre que cette asbl projette une s\u00e9rie d\u2019activit\u00e9s comm\u00e9moratives dont le programme a \u00e9t\u00e9 rendu public le week-end.<\/p>\n\n\n\n<p>C\u2019est un colloque scientifique qui ouvrira les hostilit\u00e9s le mercredi 29 juin dans la salle de promotion Monseigneur Luc Gillon de l\u2019Universit\u00e9 de Kinshasa ; et sera suivi par le coup d\u2019envoi le vendredi 01 juillet, du tournoi de football entre les diff\u00e9rentes promotions de la facult\u00e9 de Droit de l\u2019Universit\u00e9 de Kinshasa.<\/p>\n\n\n\n<p>La finale de ce tournoi se jouera le samedi 09 juillet et sera sanctionn\u00e9e par la remise des prix. Cette finale sera pr\u00e9c\u00e9d\u00e9e par la coupure du ruban symbolique et l\u2019inauguration par le doyen de la facult\u00e9, de la salle CRIDHAC, r\u00e9habilit\u00e9 par la Promoforte asbl.<\/p>\n\n\n\n<p>C\u2019est \u00e0 travers ces activit\u00e9s que la Promoforte entend rendre un hommage m\u00e9rit\u00e9 et t\u00e9moigner son affection \u00e0 l\u2019illustre disparu.<\/p>\n\n\n\n<p>Pour rappel, le professeur Gaston Kabwa Kabwe T\u00e9t\u00e9 fut l\u2019un des conseillers s\u00e9curitaires du Pr\u00e9sident de la R\u00e9publique. Il faisait partie quasiment des toutes les r\u00e9unions de rapprochement entre F\u00e9lix Tshisekedi et ses pairs africains. Docteur en droit de l\u2019Universit\u00e9 de Paris 1 Panth\u00e9on-Sorbonne. Il \u00e9tait d\u00e9c\u00e9d\u00e9 dans la nuit du mercredi 23 \u00e0 jeudi 24 juin 2021 en Afrique du Sud.<\/p>\n\n\n\n<p>Jo\u00ebl Diawa<\/p>\n","protected":false},"excerpt":{"rendered":"<p>R\u00e9daction :+243817406088 Le 24 juin 2022, il fera un an depuis que le Professeur Gaston&#8230;<\/p>\n","protected":false},"author":2,"featured_media":4261,"comment_status":"open","ping_status":"open","sticky":false,"template":"","format":"standard","meta":{"_jetpack_memberships_contains_paid_content":false,"footnotes":""},"categories":[6],"tags":[],"class_list":["post-4259","post","type-post","status-publish","format-standard","has-post-thumbnail","hentry","category-justice"],"yoast_head":"<!-- This site is optimized with the Yoast SEO plugin v27.5 - https:\/\/yoast.com\/product\/yoast-seo-wordpress\/ -->\n<title>Premier anniversaire de la disparition du Professeur Gaston T\u00e9t\u00e9 Kabwe:La Premoforte asbl d\u00e9voile le programme des activit\u00e9s comm\u00e9moratives - Infos Droits Humains<\/title>\n<meta name=\"robots\" content=\"index, follow, max-snippet:-1, max-image-preview:large, max-video-preview:-1\" \/>\n<link rel=\"canonical\" href=\"https:\/\/infos-droitshumains.net\/?p=4259\" \/>\n<meta property=\"og:locale\" content=\"fr_FR\" \/>\n<meta property=\"og:type\" content=\"article\" \/>\n<meta property=\"og:title\" content=\"Premier anniversaire de la disparition du Professeur Gaston T\u00e9t\u00e9 Kabwe:La Premoforte asbl d\u00e9voile le programme des activit\u00e9s comm\u00e9moratives - Infos Droits Humains\" \/>\n<meta property=\"og:description\" content=\"R\u00e9daction :+243817406088 Le 24 juin 2022, il fera un an depuis que le Professeur Gaston...\" \/>\n<meta property=\"og:url\" content=\"https:\/\/infos-droitshumains.net\/?p=4259\" \/>\n<meta property=\"og:site_name\" content=\"Infos Droits Humains\" \/>\n<meta property=\"article:published_time\" content=\"2022-06-13T11:49:47+00:00\" \/>\n<meta property=\"article:modified_time\" content=\"2022-06-13T13:09:08+00:00\" \/>\n<meta property=\"og:image\" content=\"https:\/\/i0.wp.com\/infos-droitshumains.net\/wp-content\/uploads\/2022\/06\/images-28_1.jpeg?fit=495%2C619&ssl=1\" \/>\n\t<meta property=\"og:image:width\" content=\"495\" \/>\n\t<meta property=\"og:image:height\" content=\"619\" \/>\n\t<meta property=\"og:image:type\" content=\"image\/jpeg\" \/>\n<meta name=\"author\" content=\"Jo\u00ebl Diawa\" \/>\n<meta name=\"twitter:card\" content=\"summary_large_image\" \/>\n<meta name=\"twitter:label1\" content=\"\u00c9crit par\" \/>\n\t<meta name=\"twitter:data1\" content=\"Jo\u00ebl Diawa\" \/>\n\t<meta name=\"twitter:label2\" content=\"Dur\u00e9e de lecture estim\u00e9e\" \/>\n\t<meta name=\"twitter:data2\" content=\"1 minute\" \/>\n<script type=\"application\/ld+json\" class=\"yoast-schema-graph\">{\"@context\":\"https:\\\/\\\/schema.org\",\"@graph\":[{\"@type\":\"Article\",\"@id\":\"https:\\\/\\\/infos-droitshumains.net\\\/?p=4259#article\",\"isPartOf\":{\"@id\":\"https:\\\/\\\/infos-droitshumains.net\\\/?p=4259\"},\"author\":{\"name\":\"Jo\u00ebl Diawa\",\"@id\":\"https:\\\/\\\/infos-droitshumains.net\\\/#\\\/schema\\\/person\\\/3dc5e921c3302172e0ed4362f96faab7\"},\"headline\":\"Premier anniversaire de la disparition du Professeur Gaston T\u00e9t\u00e9 Kabwe:La Premoforte asbl d\u00e9voile le programme des activit\u00e9s comm\u00e9moratives\",\"datePublished\":\"2022-06-13T11:49:47+00:00\",\"dateModified\":\"2022-06-13T13:09:08+00:00\",\"mainEntityOfPage\":{\"@id\":\"https:\\\/\\\/infos-droitshumains.net\\\/?p=4259\"},\"wordCount\":308,\"commentCount\":0,\"publisher\":{\"@id\":\"https:\\\/\\\/infos-droitshumains.net\\\/#organization\"},\"image\":{\"@id\":\"https:\\\/\\\/infos-droitshumains.net\\\/?p=4259#primaryimage\"},\"thumbnailUrl\":\"https:\\\/\\\/i0.wp.com\\\/infos-droitshumains.net\\\/wp-content\\\/uploads\\\/2022\\\/06\\\/images-28_1.jpeg?fit=495%2C619&ssl=1\",\"articleSection\":[\"Justice\"],\"inLanguage\":\"fr-FR\",\"potentialAction\":[{\"@type\":\"CommentAction\",\"name\":\"Comment\",\"target\":[\"https:\\\/\\\/infos-droitshumains.net\\\/?p=4259#respond\"]}]},{\"@type\":\"WebPage\",\"@id\":\"https:\\\/\\\/infos-droitshumains.net\\\/?p=4259\",\"url\":\"https:\\\/\\\/infos-droitshumains.net\\\/?p=4259\",\"name\":\"Premier anniversaire de la disparition du Professeur Gaston T\u00e9t\u00e9 Kabwe:La Premoforte asbl d\u00e9voile le programme des activit\u00e9s comm\u00e9moratives - Infos Droits Humains\",\"isPartOf\":{\"@id\":\"https:\\\/\\\/infos-droitshumains.net\\\/#website\"},\"primaryImageOfPage\":{\"@id\":\"https:\\\/\\\/infos-droitshumains.net\\\/?p=4259#primaryimage\"},\"image\":{\"@id\":\"https:\\\/\\\/infos-droitshumains.net\\\/?p=4259#primaryimage\"},\"thumbnailUrl\":\"https:\\\/\\\/i0.wp.com\\\/infos-droitshumains.net\\\/wp-content\\\/uploads\\\/2022\\\/06\\\/images-28_1.jpeg?fit=495%2C619&ssl=1\",\"datePublished\":\"2022-06-13T11:49:47+00:00\",\"dateModified\":\"2022-06-13T13:09:08+00:00\",\"breadcrumb\":{\"@id\":\"https:\\\/\\\/infos-droitshumains.net\\\/?p=4259#breadcrumb\"},\"inLanguage\":\"fr-FR\",\"potentialAction\":[{\"@type\":\"ReadAction\",\"target\":[\"https:\\\/\\\/infos-droitshumains.net\\\/?p=4259\"]}]},{\"@type\":\"ImageObject\",\"inLanguage\":\"fr-FR\",\"@id\":\"https:\\\/\\\/infos-droitshumains.net\\\/?p=4259#primaryimage\",\"url\":\"https:\\\/\\\/i0.wp.com\\\/infos-droitshumains.net\\\/wp-content\\\/uploads\\\/2022\\\/06\\\/images-28_1.jpeg?fit=495%2C619&ssl=1\",\"contentUrl\":\"https:\\\/\\\/i0.wp.com\\\/infos-droitshumains.net\\\/wp-content\\\/uploads\\\/2022\\\/06\\\/images-28_1.jpeg?fit=495%2C619&ssl=1\",\"width\":495,\"height\":619},{\"@type\":\"BreadcrumbList\",\"@id\":\"https:\\\/\\\/infos-droitshumains.net\\\/?p=4259#breadcrumb\",\"itemListElement\":[{\"@type\":\"ListItem\",\"position\":1,\"name\":\"Accueil\",\"item\":\"https:\\\/\\\/infos-droitshumains.net\\\/\"},{\"@type\":\"ListItem\",\"position\":2,\"name\":\"Premier anniversaire de la disparition du Professeur Gaston T\u00e9t\u00e9 Kabwe:La Premoforte asbl d\u00e9voile le programme des activit\u00e9s comm\u00e9moratives\"}]},{\"@type\":\"WebSite\",\"@id\":\"https:\\\/\\\/infos-droitshumains.net\\\/#website\",\"url\":\"https:\\\/\\\/infos-droitshumains.net\\\/\",\"name\":\"Infos Droits Humains\",\"description\":\"S&#039;informer est un droit\",\"publisher\":{\"@id\":\"https:\\\/\\\/infos-droitshumains.net\\\/#organization\"},\"potentialAction\":[{\"@type\":\"SearchAction\",\"target\":{\"@type\":\"EntryPoint\",\"urlTemplate\":\"https:\\\/\\\/infos-droitshumains.net\\\/?s={search_term_string}\"},\"query-input\":{\"@type\":\"PropertyValueSpecification\",\"valueRequired\":true,\"valueName\":\"search_term_string\"}}],\"inLanguage\":\"fr-FR\"},{\"@type\":\"Organization\",\"@id\":\"https:\\\/\\\/infos-droitshumains.net\\\/#organization\",\"name\":\"Infos Droits Humains\",\"url\":\"https:\\\/\\\/infos-droitshumains.net\\\/\",\"logo\":{\"@type\":\"ImageObject\",\"inLanguage\":\"fr-FR\",\"@id\":\"https:\\\/\\\/infos-droitshumains.net\\\/#\\\/schema\\\/logo\\\/image\\\/\",\"url\":\"https:\\\/\\\/i0.wp.com\\\/infos-droitshumains.net\\\/wp-content\\\/uploads\\\/2022\\\/05\\\/Logo.png?fit=333%2C129&ssl=1\",\"contentUrl\":\"https:\\\/\\\/i0.wp.com\\\/infos-droitshumains.net\\\/wp-content\\\/uploads\\\/2022\\\/05\\\/Logo.png?fit=333%2C129&ssl=1\",\"width\":333,\"height\":129,\"caption\":\"Infos Droits Humains\"},\"image\":{\"@id\":\"https:\\\/\\\/infos-droitshumains.net\\\/#\\\/schema\\\/logo\\\/image\\\/\"}},{\"@type\":\"Person\",\"@id\":\"https:\\\/\\\/infos-droitshumains.net\\\/#\\\/schema\\\/person\\\/3dc5e921c3302172e0ed4362f96faab7\",\"name\":\"Jo\u00ebl Diawa\",\"image\":{\"@type\":\"ImageObject\",\"inLanguage\":\"fr-FR\",\"@id\":\"https:\\\/\\\/secure.gravatar.com\\\/avatar\\\/729bea6ff4604c624417803c477363be8e3c7186deaa65713313f9b4b820f41c?s=96&d=mm&r=g\",\"url\":\"https:\\\/\\\/secure.gravatar.com\\\/avatar\\\/729bea6ff4604c624417803c477363be8e3c7186deaa65713313f9b4b820f41c?s=96&d=mm&r=g\",\"contentUrl\":\"https:\\\/\\\/secure.gravatar.com\\\/avatar\\\/729bea6ff4604c624417803c477363be8e3c7186deaa65713313f9b4b820f41c?s=96&d=mm&r=g\",\"caption\":\"Jo\u00ebl Diawa\"},\"sameAs\":[\"https:\\\/\\\/www.infos-droitshumains.net\"],\"url\":\"https:\\\/\\\/infos-droitshumains.net\\\/?author=2\"}]}<\/script>\n<!-- \/ Yoast SEO plugin. -->","yoast_head_json":{"title":"Premier anniversaire de la disparition du Professeur Gaston T\u00e9t\u00e9 Kabwe:La Premoforte asbl d\u00e9voile le programme des activit\u00e9s comm\u00e9moratives - Infos Droits Humains","robots":{"index":"index","follow":"follow","max-snippet":"max-snippet:-1","max-image-preview":"max-image-preview:large","max-video-preview":"max-video-preview:-1"},"canonical":"https:\/\/infos-droitshumains.net\/?p=4259","og_locale":"fr_FR","og_type":"article","og_title":"Premier anniversaire de la disparition du Professeur Gaston T\u00e9t\u00e9 Kabwe:La Premoforte asbl d\u00e9voile le programme des activit\u00e9s comm\u00e9moratives - Infos Droits Humains","og_description":"R\u00e9daction :+243817406088 Le 24 juin 2022, il fera un an depuis que le Professeur Gaston...","og_url":"https:\/\/infos-droitshumains.net\/?p=4259","og_site_name":"Infos Droits Humains","article_published_time":"2022-06-13T11:49:47+00:00","article_modified_time":"2022-06-13T13:09:08+00:00","og_image":[{"width":495,"height":619,"url":"https:\/\/i0.wp.com\/infos-droitshumains.net\/wp-content\/uploads\/2022\/06\/images-28_1.jpeg?fit=495%2C619&ssl=1","type":"image\/jpeg"}],"author":"Jo\u00ebl Diawa","twitter_card":"summary_large_image","twitter_misc":{"\u00c9crit par":"Jo\u00ebl Diawa","Dur\u00e9e de lecture estim\u00e9e":"1 minute"},"schema":{"@context":"https:\/\/schema.org","@graph":[{"@type":"Article","@id":"https:\/\/infos-droitshumains.net\/?p=4259#article","isPartOf":{"@id":"https:\/\/infos-droitshumains.net\/?p=4259"},"author":{"name":"Jo\u00ebl Diawa","@id":"https:\/\/infos-droitshumains.net\/#\/schema\/person\/3dc5e921c3302172e0ed4362f96faab7"},"headline":"Premier anniversaire de la disparition du Professeur Gaston T\u00e9t\u00e9 Kabwe:La Premoforte asbl d\u00e9voile le programme des activit\u00e9s comm\u00e9moratives","datePublished":"2022-06-13T11:49:47+00:00","dateModified":"2022-06-13T13:09:08+00:00","mainEntityOfPage":{"@id":"https:\/\/infos-droitshumains.net\/?p=4259"},"wordCount":308,"commentCount":0,"publisher":{"@id":"https:\/\/infos-droitshumains.net\/#organization"},"image":{"@id":"https:\/\/infos-droitshumains.net\/?p=4259#primaryimage"},"thumbnailUrl":"https:\/\/i0.wp.com\/infos-droitshumains.net\/wp-content\/uploads\/2022\/06\/images-28_1.jpeg?fit=495%2C619&ssl=1","articleSection":["Justice"],"inLanguage":"fr-FR","potentialAction":[{"@type":"CommentAction","name":"Comment","target":["https:\/\/infos-droitshumains.net\/?p=4259#respond"]}]},{"@type":"WebPage","@id":"https:\/\/infos-droitshumains.net\/?p=4259","url":"https:\/\/infos-droitshumains.net\/?p=4259","name":"Premier anniversaire de la disparition du Professeur Gaston T\u00e9t\u00e9 Kabwe:La Premoforte asbl d\u00e9voile le programme des activit\u00e9s comm\u00e9moratives - Infos Droits Humains","isPartOf":{"@id":"https:\/\/infos-droitshumains.net\/#website"},"primaryImageOfPage":{"@id":"https:\/\/infos-droitshumains.net\/?p=4259#primaryimage"},"image":{"@id":"https:\/\/infos-droitshumains.net\/?p=4259#primaryimage"},"thumbnailUrl":"https:\/\/i0.wp.com\/infos-droitshumains.net\/wp-content\/uploads\/2022\/06\/images-28_1.jpeg?fit=495%2C619&ssl=1","datePublished":"2022-06-13T11:49:47+00:00","dateModified":"2022-06-13T13:09:08+00:00","breadcrumb":{"@id":"https:\/\/infos-droitshumains.net\/?p=4259#breadcrumb"},"inLanguage":"fr-FR","potentialAction":[{"@type":"ReadAction","target":["https:\/\/infos-droitshumains.net\/?p=4259"]}]},{"@type":"ImageObject","inLanguage":"fr-FR","@id":"https:\/\/infos-droitshumains.net\/?p=4259#primaryimage","url":"https:\/\/i0.wp.com\/infos-droitshumains.net\/wp-content\/uploads\/2022\/06\/images-28_1.jpeg?fit=495%2C619&ssl=1","contentUrl":"https:\/\/i0.wp.com\/infos-droitshumains.net\/wp-content\/uploads\/2022\/06\/images-28_1.jpeg?fit=495%2C619&ssl=1","width":495,"height":619},{"@type":"BreadcrumbList","@id":"https:\/\/infos-droitshumains.net\/?p=4259#breadcrumb","itemListElement":[{"@type":"ListItem","position":1,"name":"Accueil","item":"https:\/\/infos-droitshumains.net\/"},{"@type":"ListItem","position":2,"name":"Premier anniversaire de la disparition du Professeur Gaston T\u00e9t\u00e9 Kabwe:La Premoforte asbl d\u00e9voile le programme des activit\u00e9s comm\u00e9moratives"}]},{"@type":"WebSite","@id":"https:\/\/infos-droitshumains.net\/#website","url":"https:\/\/infos-droitshumains.net\/","name":"Infos Droits Humains","description":"S&#039;informer est un droit","publisher":{"@id":"https:\/\/infos-droitshumains.net\/#organization"},"potentialAction":[{"@type":"SearchAction","target":{"@type":"EntryPoint","urlTemplate":"https:\/\/infos-droitshumains.net\/?s={search_term_string}"},"query-input":{"@type":"PropertyValueSpecification","valueRequired":true,"valueName":"search_term_string"}}],"inLanguage":"fr-FR"},{"@type":"Organization","@id":"https:\/\/infos-droitshumains.net\/#organization","name":"Infos Droits Humains","url":"https:\/\/infos-droitshumains.net\/","logo":{"@type":"ImageObject","inLanguage":"fr-FR","@id":"https:\/\/infos-droitshumains.net\/#\/schema\/logo\/image\/","url":"https:\/\/i0.wp.com\/infos-droitshumains.net\/wp-content\/uploads\/2022\/05\/Logo.png?fit=333%2C129&ssl=1","contentUrl":"https:\/\/i0.wp.com\/infos-droitshumains.net\/wp-content\/uploads\/2022\/05\/Logo.png?fit=333%2C129&ssl=1","width":333,"height":129,"caption":"Infos Droits Humains"},"image":{"@id":"https:\/\/infos-droitshumains.net\/#\/schema\/logo\/image\/"}},{"@type":"Person","@id":"https:\/\/infos-droitshumains.net\/#\/schema\/person\/3dc5e921c3302172e0ed4362f96faab7","name":"Jo\u00ebl Diawa","image":{"@type":"ImageObject","inLanguage":"fr-FR","@id":"https:\/\/secure.gravatar.com\/avatar\/729bea6ff4604c624417803c477363be8e3c7186deaa65713313f9b4b820f41c?s=96&d=mm&r=g","url":"https:\/\/secure.gravatar.com\/avatar\/729bea6ff4604c624417803c477363be8e3c7186deaa65713313f9b4b820f41c?s=96&d=mm&r=g","contentUrl":"https:\/\/secure.gravatar.com\/avatar\/729bea6ff4604c624417803c477363be8e3c7186deaa65713313f9b4b820f41c?s=96&d=mm&r=g","caption":"Jo\u00ebl Diawa"},"sameAs":["https:\/\/www.infos-droitshumains.net"],"url":"https:\/\/infos-droitshumains.net\/?author=2"}]}},"featured_image_urls":{"full":["https:\/\/i0.wp.com\/infos-droitshumains.net\/wp-content\/uploads\/2022\/06\/images-28_1.jpeg?fit=495%2C619&ssl=1",495,619,false],"thumbnail":["https:\/\/i0.wp.com\/infos-droitshumains.net\/wp-content\/uploads\/2022\/06\/images-28_1.jpeg?resize=150%2C150&ssl=1",150,150,true],"medium":["https:\/\/i0.wp.com\/infos-droitshumains.net\/wp-content\/uploads\/2022\/06\/images-28_1.jpeg?fit=240%2C300&ssl=1",240,300,true],"medium_large":["https:\/\/i0.wp.com\/infos-droitshumains.net\/wp-content\/uploads\/2022\/06\/images-28_1.jpeg?fit=495%2C619&ssl=1",495,619,true],"large":["https:\/\/i0.wp.com\/infos-droitshumains.net\/wp-content\/uploads\/2022\/06\/images-28_1.jpeg?fit=495%2C619&ssl=1",495,619,true],"1536x1536":["https:\/\/i0.wp.com\/infos-droitshumains.net\/wp-content\/uploads\/2022\/06\/images-28_1.jpeg?fit=495%2C619&ssl=1",495,619,true],"2048x2048":["https:\/\/i0.wp.com\/infos-droitshumains.net\/wp-content\/uploads\/2022\/06\/images-28_1.jpeg?fit=495%2C619&ssl=1",495,619,true],"covernews-slider-full":["https:\/\/i0.wp.com\/infos-droitshumains.net\/wp-content\/uploads\/2022\/06\/images-28_1.jpeg?resize=495%2C619&ssl=1",495,619,true],"covernews-slider-center":["https:\/\/i0.wp.com\/infos-droitshumains.net\/wp-content\/uploads\/2022\/06\/images-28_1.jpeg?resize=495%2C500&ssl=1",495,500,true],"covernews-featured":["https:\/\/i0.wp.com\/infos-droitshumains.net\/wp-content\/uploads\/2022\/06\/images-28_1.jpeg?fit=495%2C619&ssl=1",495,619,true],"covernews-medium":["https:\/\/i0.wp.com\/infos-droitshumains.net\/wp-content\/uploads\/2022\/06\/images-28_1.jpeg?resize=495%2C340&ssl=1",495,340,true],"covernews-medium-square":["https:\/\/i0.wp.com\/infos-droitshumains.net\/wp-content\/uploads\/2022\/06\/images-28_1.jpeg?resize=400%2C250&ssl=1",400,250,true]},"author_info":{"display_name":"Jo\u00ebl Diawa","author_link":"https:\/\/infos-droitshumains.net\/?author=2"},"category_info":"<a href=\"https:\/\/infos-droitshumains.net\/?cat=6\" rel=\"category\">Justice<\/a>","tag_info":"Justice","comment_count":"0","jetpack_featured_media_url":"https:\/\/i0.wp.com\/infos-droitshumains.net\/wp-content\/uploads\/2022\/06\/images-28_1.jpeg?fit=495%2C619&ssl=1","jetpack-related-posts":[],"jetpack_sharing_enabled":true,"_links":{"self":[{"href":"https:\/\/infos-droitshumains.net\/index.php?rest_route=\/wp\/v2\/posts\/4259","targetHints":{"allow":["GET"]}}],"collection":[{"href":"https:\/\/infos-droitshumains.net\/index.php?rest_route=\/wp\/v2\/posts"}],"about":[{"href":"https:\/\/infos-droitshumains.net\/index.php?rest_route=\/wp\/v2\/types\/post"}],"author":[{"embeddable":true,"href":"https:\/\/infos-droitshumains.net\/index.php?rest_route=\/wp\/v2\/users\/2"}],"replies":[{"embeddable":true,"href":"https:\/\/infos-droitshumains.net\/index.php?rest_route=%2Fwp%2Fv2%2Fcomments&post=4259"}],"version-history":[{"count":6,"href":"https:\/\/infos-droitshumains.net\/index.php?rest_route=\/wp\/v2\/posts\/4259\/revisions"}],"predecessor-version":[{"id":4267,"href":"https:\/\/infos-droitshumains.net\/index.php?rest_route=\/wp\/v2\/posts\/4259\/revisions\/4267"}],"wp:featuredmedia":[{"embeddable":true,"href":"https:\/\/infos-droitshumains.net\/index.php?rest_route=\/wp\/v2\/media\/4261"}],"wp:attachment":[{"href":"https:\/\/infos-droitshumains.net\/index.php?rest_route=%2Fwp%2Fv2%2Fmedia&parent=4259"}],"wp:term":[{"taxonomy":"category","embeddable":true,"href":"https:\/\/infos-droitshumains.net\/index.php?rest_route=%2Fwp%2Fv2%2Fcategories&post=4259"},{"taxonomy":"post_tag","embeddable":true,"href":"https:\/\/infos-droitshumains.net\/index.php?rest_route=%2Fwp%2Fv2%2Ftags&post=4259"}],"curies":[{"name":"wp","href":"https:\/\/api.w.org\/{rel}","templated":true}]}}