{"id":4251,"date":"2022-06-12T08:33:26","date_gmt":"2022-06-12T06:33:26","guid":{"rendered":"https:\/\/infos-droitshumains.net\/?p=4251"},"modified":"2022-06-12T08:44:29","modified_gmt":"2022-06-12T06:44:29","slug":"projet-de-loi-incriminant-la-traite-des-personnes-en-rdc-eric-kuku-kiese-explique-les-particularites-du-texte","status":"publish","type":"post","link":"https:\/\/infos-droitshumains.net\/?p=4251","title":{"rendered":"Projet de loi incriminant la traite des personnes en RDC: \u00c9ric Kuku Kiese explique les particularit\u00e9s du texte"},"content":{"rendered":"\n<p><strong>R\u00e9daction:+243817406088<\/strong><\/p>\n\n\n\n<p>C\u2019est ce vendredi 10 juin que l\u2019Assembl\u00e9e Nationale a jug\u00e9 recevable le projet de loi modifiant et compl\u00e9tant le d\u00e9cret du 30 janvier 1940 portant code p\u00e9nal congolais en mati\u00e8re de la pr\u00e9vention et de la r\u00e9pression de la traite des personnes. Une premi\u00e8re grande victoire pour l\u2019Agence pour la Pr\u00e9vention et la Lutte contre la Traite des Personnes, (APLTP), qui ensemble avec son partenaire technique l\u2019Organisation Internationale pour les Migrations (OIM) et avec l\u2019appui financier de l\u2019Agence Am\u00e9ricaine pour le D\u00e9veloppement International (USAID), a men\u00e9 plusieurs plaidoyers quant \u00e0 ce.<\/p>\n\n\n\n<p>Grande satisfaction pour Eric Kuku Kiese Nzalabar, coordonnateur adjoint de l&rsquo;Agence de Pr\u00e9vention et de Lutte contre la Traite des Personnes (APLTP), qui revient sur les particularit\u00e9s de cette nouvelle loi en gestation.<\/p>\n\n\n\n<p><em>\u00ab\u2026 il faut que toutes les formes de traite des personnes soient incrimin\u00e9es en RDC. L&rsquo;originalit\u00e9 de ce projet de loi est que les infractions qui y sont pr\u00e9vues n&rsquo;ont jamais exist\u00e9 dans le code p\u00e9nal qui est de 1940. La plupart des honorables d\u00e9put\u00e9s qui sont intervenus l&rsquo;ont rappel\u00e9 que c&rsquo;est un code qui est vieux. Par rapport \u00e0 l&rsquo;\u00e9volution des infractions \u00e0 caract\u00e8re transnational qui ont \u00e9t\u00e9 relev\u00e9es depuis l&rsquo;an 2000, il fallait que le code p\u00e9nal congolais subisse de modification afin d&rsquo;int\u00e9grer ces nouvelles incriminations, notamment la mendicit\u00e9 forc\u00e9e, l&rsquo;exploitation de la prostitution pour autrui ou encore le travail forc\u00e9. Ce sont des infractions qui n&rsquo;existent pas dans le code p\u00e9nal mais qui d\u00e9sormais, lorsque la loi sera vot\u00e9e au sein de l&rsquo;assembl\u00e9e nationale et promulgu\u00e9e par le chef de l&rsquo;\u00c9tat, nous aurons des infractions pour lesquelles les personnes qui en seront auteures seront poursuivies\u00bb,<\/em> a-t-il expliqu\u00e9.<\/p>\n\n\n\n<p>L\u2019APLTP ensemble avec son partenaire et le gouvernement ont d\u00e9j\u00e0 mis en place une strat\u00e9gie de vulgarisation de cette loi en attendant sa promulgation a rench\u00e9ri \u00c9ric Kuku Kiese Nzalabar.<\/p>\n\n\n\n<p><em>\u00able gouvernement et l&rsquo;APLTP vont d\u00e9finir des strat\u00e9gies pour proc\u00e9der non seulement \u00e0 la sensibilisation mais aussi \u00e0 la vulgarisation afin que toutes les couches de la population, dans les villes tout comme dans les contr\u00e9es lointaines de la RDC, s&rsquo;impr\u00e9gnent de cette loi. Il faudra qu&rsquo;on veuille \u00e0 la recapacitation et la formation des acteurs de premi\u00e8re ligne qui sont les juges, les magistrats ou les avocats. Nous visons la chaine p\u00e9nale pour que tous ces acteurs interviennent afin que tous ceux qui seront auteurs de ces infractions relatives \u00e0 la traite des personnes soient r\u00e9ellement poursuivis et condamn\u00e9s et que les victimes soient \u00e9galement prises en charge par des structures sp\u00e9cialis\u00e9es\u00bb,<\/em> a pr\u00e9cis\u00e9 Eric Kuku.<\/p>\n\n\n\n<p>Apr\u00e8s avoir \u00e9t\u00e9 jug\u00e9 recevable par la pl\u00e9ni\u00e8re de la chambre basse du parlement, le projet de loi modifiant et compl\u00e9tant le d\u00e9cret du 30 janvier 1940 portant code p\u00e9nal congolais en mati\u00e8re de la pr\u00e9vention et de la r\u00e9pression de la traite des personnes a \u00e9t\u00e9 envoy\u00e9 \u00e0 la commission mixte PAJ-Droits de l\u2019Homme pour toilettage et examen approfondi avant son vote par l\u2019Assembl\u00e9e Nationale, et \u00e9ventuellement, sa promulgation par le Pr\u00e9sident de la R\u00e9publique.<\/p>\n\n\n\n<p>Jo\u00ebl Diawa<\/p>\n","protected":false},"excerpt":{"rendered":"<p>R\u00e9daction:+243817406088 C\u2019est ce vendredi 10 juin que l\u2019Assembl\u00e9e Nationale a jug\u00e9 recevable le projet de&#8230;<\/p>\n","protected":false},"author":2,"featured_media":4254,"comment_status":"open","ping_status":"open","sticky":false,"template":"","format":"standard","meta":{"_jetpack_memberships_contains_paid_content":false,"footnotes":""},"categories":[7],"tags":[],"class_list":["post-4251","post","type-post","status-publish","format-standard","has-post-thumbnail","hentry","category-droits-humains"],"yoast_head":"<!-- This site is optimized with the Yoast SEO plugin v27.5 - https:\/\/yoast.com\/product\/yoast-seo-wordpress\/ -->\n<title>Projet de loi incriminant la traite des personnes en RDC: \u00c9ric Kuku Kiese explique les particularit\u00e9s du texte - Infos Droits Humains<\/title>\n<meta name=\"robots\" content=\"index, follow, max-snippet:-1, max-image-preview:large, max-video-preview:-1\" \/>\n<link rel=\"canonical\" href=\"https:\/\/infos-droitshumains.net\/?p=4251\" \/>\n<meta property=\"og:locale\" content=\"fr_FR\" \/>\n<meta property=\"og:type\" content=\"article\" \/>\n<meta property=\"og:title\" content=\"Projet de loi incriminant la traite des personnes en RDC: \u00c9ric Kuku Kiese explique les particularit\u00e9s du texte - Infos Droits Humains\" \/>\n<meta property=\"og:description\" content=\"R\u00e9daction:+243817406088 C\u2019est ce vendredi 10 juin que l\u2019Assembl\u00e9e Nationale a jug\u00e9 recevable le projet de...\" \/>\n<meta property=\"og:url\" content=\"https:\/\/infos-droitshumains.net\/?p=4251\" \/>\n<meta property=\"og:site_name\" content=\"Infos Droits Humains\" \/>\n<meta property=\"article:published_time\" content=\"2022-06-12T06:33:26+00:00\" \/>\n<meta property=\"article:modified_time\" content=\"2022-06-12T06:44:29+00:00\" \/>\n<meta property=\"og:image\" content=\"https:\/\/i0.wp.com\/infos-droitshumains.net\/wp-content\/uploads\/2022\/06\/inCollage_20220512_224208099.jpg?fit=960%2C548&ssl=1\" \/>\n\t<meta property=\"og:image:width\" content=\"960\" \/>\n\t<meta property=\"og:image:height\" content=\"548\" \/>\n\t<meta property=\"og:image:type\" content=\"image\/jpeg\" \/>\n<meta name=\"author\" content=\"Jo\u00ebl Diawa\" \/>\n<meta name=\"twitter:card\" content=\"summary_large_image\" \/>\n<meta name=\"twitter:label1\" content=\"\u00c9crit par\" \/>\n\t<meta name=\"twitter:data1\" content=\"Jo\u00ebl Diawa\" \/>\n\t<meta name=\"twitter:label2\" content=\"Dur\u00e9e de lecture estim\u00e9e\" \/>\n\t<meta name=\"twitter:data2\" content=\"3 minutes\" \/>\n<script type=\"application\/ld+json\" class=\"yoast-schema-graph\">{\"@context\":\"https:\\\/\\\/schema.org\",\"@graph\":[{\"@type\":\"Article\",\"@id\":\"https:\\\/\\\/infos-droitshumains.net\\\/?p=4251#article\",\"isPartOf\":{\"@id\":\"https:\\\/\\\/infos-droitshumains.net\\\/?p=4251\"},\"author\":{\"name\":\"Jo\u00ebl Diawa\",\"@id\":\"https:\\\/\\\/infos-droitshumains.net\\\/#\\\/schema\\\/person\\\/3dc5e921c3302172e0ed4362f96faab7\"},\"headline\":\"Projet de loi incriminant la traite des personnes en RDC: \u00c9ric Kuku Kiese explique les particularit\u00e9s du texte\",\"datePublished\":\"2022-06-12T06:33:26+00:00\",\"dateModified\":\"2022-06-12T06:44:29+00:00\",\"mainEntityOfPage\":{\"@id\":\"https:\\\/\\\/infos-droitshumains.net\\\/?p=4251\"},\"wordCount\":571,\"commentCount\":0,\"publisher\":{\"@id\":\"https:\\\/\\\/infos-droitshumains.net\\\/#organization\"},\"image\":{\"@id\":\"https:\\\/\\\/infos-droitshumains.net\\\/?p=4251#primaryimage\"},\"thumbnailUrl\":\"https:\\\/\\\/i0.wp.com\\\/infos-droitshumains.net\\\/wp-content\\\/uploads\\\/2022\\\/06\\\/inCollage_20220512_224208099.jpg?fit=960%2C548&ssl=1\",\"articleSection\":[\"Droits Humains\"],\"inLanguage\":\"fr-FR\",\"potentialAction\":[{\"@type\":\"CommentAction\",\"name\":\"Comment\",\"target\":[\"https:\\\/\\\/infos-droitshumains.net\\\/?p=4251#respond\"]}]},{\"@type\":\"WebPage\",\"@id\":\"https:\\\/\\\/infos-droitshumains.net\\\/?p=4251\",\"url\":\"https:\\\/\\\/infos-droitshumains.net\\\/?p=4251\",\"name\":\"Projet de loi incriminant la traite des personnes en RDC: \u00c9ric Kuku Kiese explique les particularit\u00e9s du texte - Infos Droits Humains\",\"isPartOf\":{\"@id\":\"https:\\\/\\\/infos-droitshumains.net\\\/#website\"},\"primaryImageOfPage\":{\"@id\":\"https:\\\/\\\/infos-droitshumains.net\\\/?p=4251#primaryimage\"},\"image\":{\"@id\":\"https:\\\/\\\/infos-droitshumains.net\\\/?p=4251#primaryimage\"},\"thumbnailUrl\":\"https:\\\/\\\/i0.wp.com\\\/infos-droitshumains.net\\\/wp-content\\\/uploads\\\/2022\\\/06\\\/inCollage_20220512_224208099.jpg?fit=960%2C548&ssl=1\",\"datePublished\":\"2022-06-12T06:33:26+00:00\",\"dateModified\":\"2022-06-12T06:44:29+00:00\",\"breadcrumb\":{\"@id\":\"https:\\\/\\\/infos-droitshumains.net\\\/?p=4251#breadcrumb\"},\"inLanguage\":\"fr-FR\",\"potentialAction\":[{\"@type\":\"ReadAction\",\"target\":[\"https:\\\/\\\/infos-droitshumains.net\\\/?p=4251\"]}]},{\"@type\":\"ImageObject\",\"inLanguage\":\"fr-FR\",\"@id\":\"https:\\\/\\\/infos-droitshumains.net\\\/?p=4251#primaryimage\",\"url\":\"https:\\\/\\\/i0.wp.com\\\/infos-droitshumains.net\\\/wp-content\\\/uploads\\\/2022\\\/06\\\/inCollage_20220512_224208099.jpg?fit=960%2C548&ssl=1\",\"contentUrl\":\"https:\\\/\\\/i0.wp.com\\\/infos-droitshumains.net\\\/wp-content\\\/uploads\\\/2022\\\/06\\\/inCollage_20220512_224208099.jpg?fit=960%2C548&ssl=1\",\"width\":960,\"height\":548},{\"@type\":\"BreadcrumbList\",\"@id\":\"https:\\\/\\\/infos-droitshumains.net\\\/?p=4251#breadcrumb\",\"itemListElement\":[{\"@type\":\"ListItem\",\"position\":1,\"name\":\"Accueil\",\"item\":\"https:\\\/\\\/infos-droitshumains.net\\\/\"},{\"@type\":\"ListItem\",\"position\":2,\"name\":\"Projet de loi incriminant la traite des personnes en RDC: \u00c9ric Kuku Kiese explique les particularit\u00e9s du texte\"}]},{\"@type\":\"WebSite\",\"@id\":\"https:\\\/\\\/infos-droitshumains.net\\\/#website\",\"url\":\"https:\\\/\\\/infos-droitshumains.net\\\/\",\"name\":\"Infos Droits Humains\",\"description\":\"S&#039;informer est un droit\",\"publisher\":{\"@id\":\"https:\\\/\\\/infos-droitshumains.net\\\/#organization\"},\"potentialAction\":[{\"@type\":\"SearchAction\",\"target\":{\"@type\":\"EntryPoint\",\"urlTemplate\":\"https:\\\/\\\/infos-droitshumains.net\\\/?s={search_term_string}\"},\"query-input\":{\"@type\":\"PropertyValueSpecification\",\"valueRequired\":true,\"valueName\":\"search_term_string\"}}],\"inLanguage\":\"fr-FR\"},{\"@type\":\"Organization\",\"@id\":\"https:\\\/\\\/infos-droitshumains.net\\\/#organization\",\"name\":\"Infos Droits Humains\",\"url\":\"https:\\\/\\\/infos-droitshumains.net\\\/\",\"logo\":{\"@type\":\"ImageObject\",\"inLanguage\":\"fr-FR\",\"@id\":\"https:\\\/\\\/infos-droitshumains.net\\\/#\\\/schema\\\/logo\\\/image\\\/\",\"url\":\"https:\\\/\\\/i0.wp.com\\\/infos-droitshumains.net\\\/wp-content\\\/uploads\\\/2022\\\/05\\\/Logo.png?fit=333%2C129&ssl=1\",\"contentUrl\":\"https:\\\/\\\/i0.wp.com\\\/infos-droitshumains.net\\\/wp-content\\\/uploads\\\/2022\\\/05\\\/Logo.png?fit=333%2C129&ssl=1\",\"width\":333,\"height\":129,\"caption\":\"Infos Droits Humains\"},\"image\":{\"@id\":\"https:\\\/\\\/infos-droitshumains.net\\\/#\\\/schema\\\/logo\\\/image\\\/\"}},{\"@type\":\"Person\",\"@id\":\"https:\\\/\\\/infos-droitshumains.net\\\/#\\\/schema\\\/person\\\/3dc5e921c3302172e0ed4362f96faab7\",\"name\":\"Jo\u00ebl Diawa\",\"image\":{\"@type\":\"ImageObject\",\"inLanguage\":\"fr-FR\",\"@id\":\"https:\\\/\\\/secure.gravatar.com\\\/avatar\\\/729bea6ff4604c624417803c477363be8e3c7186deaa65713313f9b4b820f41c?s=96&d=mm&r=g\",\"url\":\"https:\\\/\\\/secure.gravatar.com\\\/avatar\\\/729bea6ff4604c624417803c477363be8e3c7186deaa65713313f9b4b820f41c?s=96&d=mm&r=g\",\"contentUrl\":\"https:\\\/\\\/secure.gravatar.com\\\/avatar\\\/729bea6ff4604c624417803c477363be8e3c7186deaa65713313f9b4b820f41c?s=96&d=mm&r=g\",\"caption\":\"Jo\u00ebl Diawa\"},\"sameAs\":[\"https:\\\/\\\/www.infos-droitshumains.net\"],\"url\":\"https:\\\/\\\/infos-droitshumains.net\\\/?author=2\"}]}<\/script>\n<!-- \/ Yoast SEO plugin. -->","yoast_head_json":{"title":"Projet de loi incriminant la traite des personnes en RDC: \u00c9ric Kuku Kiese explique les particularit\u00e9s du texte - Infos Droits Humains","robots":{"index":"index","follow":"follow","max-snippet":"max-snippet:-1","max-image-preview":"max-image-preview:large","max-video-preview":"max-video-preview:-1"},"canonical":"https:\/\/infos-droitshumains.net\/?p=4251","og_locale":"fr_FR","og_type":"article","og_title":"Projet de loi incriminant la traite des personnes en RDC: \u00c9ric Kuku Kiese explique les particularit\u00e9s du texte - Infos Droits Humains","og_description":"R\u00e9daction:+243817406088 C\u2019est ce vendredi 10 juin que l\u2019Assembl\u00e9e Nationale a jug\u00e9 recevable le projet de...","og_url":"https:\/\/infos-droitshumains.net\/?p=4251","og_site_name":"Infos Droits Humains","article_published_time":"2022-06-12T06:33:26+00:00","article_modified_time":"2022-06-12T06:44:29+00:00","og_image":[{"width":960,"height":548,"url":"https:\/\/i0.wp.com\/infos-droitshumains.net\/wp-content\/uploads\/2022\/06\/inCollage_20220512_224208099.jpg?fit=960%2C548&ssl=1","type":"image\/jpeg"}],"author":"Jo\u00ebl Diawa","twitter_card":"summary_large_image","twitter_misc":{"\u00c9crit par":"Jo\u00ebl Diawa","Dur\u00e9e de lecture estim\u00e9e":"3 minutes"},"schema":{"@context":"https:\/\/schema.org","@graph":[{"@type":"Article","@id":"https:\/\/infos-droitshumains.net\/?p=4251#article","isPartOf":{"@id":"https:\/\/infos-droitshumains.net\/?p=4251"},"author":{"name":"Jo\u00ebl Diawa","@id":"https:\/\/infos-droitshumains.net\/#\/schema\/person\/3dc5e921c3302172e0ed4362f96faab7"},"headline":"Projet de loi incriminant la traite des personnes en RDC: \u00c9ric Kuku Kiese explique les particularit\u00e9s du texte","datePublished":"2022-06-12T06:33:26+00:00","dateModified":"2022-06-12T06:44:29+00:00","mainEntityOfPage":{"@id":"https:\/\/infos-droitshumains.net\/?p=4251"},"wordCount":571,"commentCount":0,"publisher":{"@id":"https:\/\/infos-droitshumains.net\/#organization"},"image":{"@id":"https:\/\/infos-droitshumains.net\/?p=4251#primaryimage"},"thumbnailUrl":"https:\/\/i0.wp.com\/infos-droitshumains.net\/wp-content\/uploads\/2022\/06\/inCollage_20220512_224208099.jpg?fit=960%2C548&ssl=1","articleSection":["Droits Humains"],"inLanguage":"fr-FR","potentialAction":[{"@type":"CommentAction","name":"Comment","target":["https:\/\/infos-droitshumains.net\/?p=4251#respond"]}]},{"@type":"WebPage","@id":"https:\/\/infos-droitshumains.net\/?p=4251","url":"https:\/\/infos-droitshumains.net\/?p=4251","name":"Projet de loi incriminant la traite des personnes en RDC: \u00c9ric Kuku Kiese explique les particularit\u00e9s du texte - Infos Droits Humains","isPartOf":{"@id":"https:\/\/infos-droitshumains.net\/#website"},"primaryImageOfPage":{"@id":"https:\/\/infos-droitshumains.net\/?p=4251#primaryimage"},"image":{"@id":"https:\/\/infos-droitshumains.net\/?p=4251#primaryimage"},"thumbnailUrl":"https:\/\/i0.wp.com\/infos-droitshumains.net\/wp-content\/uploads\/2022\/06\/inCollage_20220512_224208099.jpg?fit=960%2C548&ssl=1","datePublished":"2022-06-12T06:33:26+00:00","dateModified":"2022-06-12T06:44:29+00:00","breadcrumb":{"@id":"https:\/\/infos-droitshumains.net\/?p=4251#breadcrumb"},"inLanguage":"fr-FR","potentialAction":[{"@type":"ReadAction","target":["https:\/\/infos-droitshumains.net\/?p=4251"]}]},{"@type":"ImageObject","inLanguage":"fr-FR","@id":"https:\/\/infos-droitshumains.net\/?p=4251#primaryimage","url":"https:\/\/i0.wp.com\/infos-droitshumains.net\/wp-content\/uploads\/2022\/06\/inCollage_20220512_224208099.jpg?fit=960%2C548&ssl=1","contentUrl":"https:\/\/i0.wp.com\/infos-droitshumains.net\/wp-content\/uploads\/2022\/06\/inCollage_20220512_224208099.jpg?fit=960%2C548&ssl=1","width":960,"height":548},{"@type":"BreadcrumbList","@id":"https:\/\/infos-droitshumains.net\/?p=4251#breadcrumb","itemListElement":[{"@type":"ListItem","position":1,"name":"Accueil","item":"https:\/\/infos-droitshumains.net\/"},{"@type":"ListItem","position":2,"name":"Projet de loi incriminant la traite des personnes en RDC: \u00c9ric Kuku Kiese explique les particularit\u00e9s du texte"}]},{"@type":"WebSite","@id":"https:\/\/infos-droitshumains.net\/#website","url":"https:\/\/infos-droitshumains.net\/","name":"Infos Droits Humains","description":"S&#039;informer est un droit","publisher":{"@id":"https:\/\/infos-droitshumains.net\/#organization"},"potentialAction":[{"@type":"SearchAction","target":{"@type":"EntryPoint","urlTemplate":"https:\/\/infos-droitshumains.net\/?s={search_term_string}"},"query-input":{"@type":"PropertyValueSpecification","valueRequired":true,"valueName":"search_term_string"}}],"inLanguage":"fr-FR"},{"@type":"Organization","@id":"https:\/\/infos-droitshumains.net\/#organization","name":"Infos Droits Humains","url":"https:\/\/infos-droitshumains.net\/","logo":{"@type":"ImageObject","inLanguage":"fr-FR","@id":"https:\/\/infos-droitshumains.net\/#\/schema\/logo\/image\/","url":"https:\/\/i0.wp.com\/infos-droitshumains.net\/wp-content\/uploads\/2022\/05\/Logo.png?fit=333%2C129&ssl=1","contentUrl":"https:\/\/i0.wp.com\/infos-droitshumains.net\/wp-content\/uploads\/2022\/05\/Logo.png?fit=333%2C129&ssl=1","width":333,"height":129,"caption":"Infos Droits Humains"},"image":{"@id":"https:\/\/infos-droitshumains.net\/#\/schema\/logo\/image\/"}},{"@type":"Person","@id":"https:\/\/infos-droitshumains.net\/#\/schema\/person\/3dc5e921c3302172e0ed4362f96faab7","name":"Jo\u00ebl Diawa","image":{"@type":"ImageObject","inLanguage":"fr-FR","@id":"https:\/\/secure.gravatar.com\/avatar\/729bea6ff4604c624417803c477363be8e3c7186deaa65713313f9b4b820f41c?s=96&d=mm&r=g","url":"https:\/\/secure.gravatar.com\/avatar\/729bea6ff4604c624417803c477363be8e3c7186deaa65713313f9b4b820f41c?s=96&d=mm&r=g","contentUrl":"https:\/\/secure.gravatar.com\/avatar\/729bea6ff4604c624417803c477363be8e3c7186deaa65713313f9b4b820f41c?s=96&d=mm&r=g","caption":"Jo\u00ebl Diawa"},"sameAs":["https:\/\/www.infos-droitshumains.net"],"url":"https:\/\/infos-droitshumains.net\/?author=2"}]}},"featured_image_urls":{"full":["https:\/\/i0.wp.com\/infos-droitshumains.net\/wp-content\/uploads\/2022\/06\/inCollage_20220512_224208099.jpg?fit=960%2C548&ssl=1",960,548,false],"thumbnail":["https:\/\/i0.wp.com\/infos-droitshumains.net\/wp-content\/uploads\/2022\/06\/inCollage_20220512_224208099.jpg?resize=150%2C150&ssl=1",150,150,true],"medium":["https:\/\/i0.wp.com\/infos-droitshumains.net\/wp-content\/uploads\/2022\/06\/inCollage_20220512_224208099.jpg?fit=300%2C171&ssl=1",300,171,true],"medium_large":["https:\/\/i0.wp.com\/infos-droitshumains.net\/wp-content\/uploads\/2022\/06\/inCollage_20220512_224208099.jpg?fit=640%2C365&ssl=1",640,365,true],"large":["https:\/\/i0.wp.com\/infos-droitshumains.net\/wp-content\/uploads\/2022\/06\/inCollage_20220512_224208099.jpg?fit=640%2C365&ssl=1",640,365,true],"1536x1536":["https:\/\/i0.wp.com\/infos-droitshumains.net\/wp-content\/uploads\/2022\/06\/inCollage_20220512_224208099.jpg?fit=960%2C548&ssl=1",960,548,true],"2048x2048":["https:\/\/i0.wp.com\/infos-droitshumains.net\/wp-content\/uploads\/2022\/06\/inCollage_20220512_224208099.jpg?fit=960%2C548&ssl=1",960,548,true],"covernews-slider-full":["https:\/\/i0.wp.com\/infos-droitshumains.net\/wp-content\/uploads\/2022\/06\/inCollage_20220512_224208099.jpg?resize=960%2C548&ssl=1",960,548,true],"covernews-slider-center":["https:\/\/i0.wp.com\/infos-droitshumains.net\/wp-content\/uploads\/2022\/06\/inCollage_20220512_224208099.jpg?resize=800%2C500&ssl=1",800,500,true],"covernews-featured":["https:\/\/i0.wp.com\/infos-droitshumains.net\/wp-content\/uploads\/2022\/06\/inCollage_20220512_224208099.jpg?fit=960%2C548&ssl=1",960,548,true],"covernews-medium":["https:\/\/i0.wp.com\/infos-droitshumains.net\/wp-content\/uploads\/2022\/06\/inCollage_20220512_224208099.jpg?resize=540%2C340&ssl=1",540,340,true],"covernews-medium-square":["https:\/\/i0.wp.com\/infos-droitshumains.net\/wp-content\/uploads\/2022\/06\/inCollage_20220512_224208099.jpg?resize=400%2C250&ssl=1",400,250,true]},"author_info":{"display_name":"Jo\u00ebl Diawa","author_link":"https:\/\/infos-droitshumains.net\/?author=2"},"category_info":"<a href=\"https:\/\/infos-droitshumains.net\/?cat=7\" rel=\"category\">Droits Humains<\/a>","tag_info":"Droits Humains","comment_count":"0","jetpack_featured_media_url":"https:\/\/i0.wp.com\/infos-droitshumains.net\/wp-content\/uploads\/2022\/06\/inCollage_20220512_224208099.jpg?fit=960%2C548&ssl=1","jetpack-related-posts":[],"jetpack_sharing_enabled":true,"_links":{"self":[{"href":"https:\/\/infos-droitshumains.net\/index.php?rest_route=\/wp\/v2\/posts\/4251","targetHints":{"allow":["GET"]}}],"collection":[{"href":"https:\/\/infos-droitshumains.net\/index.php?rest_route=\/wp\/v2\/posts"}],"about":[{"href":"https:\/\/infos-droitshumains.net\/index.php?rest_route=\/wp\/v2\/types\/post"}],"author":[{"embeddable":true,"href":"https:\/\/infos-droitshumains.net\/index.php?rest_route=\/wp\/v2\/users\/2"}],"replies":[{"embeddable":true,"href":"https:\/\/infos-droitshumains.net\/index.php?rest_route=%2Fwp%2Fv2%2Fcomments&post=4251"}],"version-history":[{"count":3,"href":"https:\/\/infos-droitshumains.net\/index.php?rest_route=\/wp\/v2\/posts\/4251\/revisions"}],"predecessor-version":[{"id":4255,"href":"https:\/\/infos-droitshumains.net\/index.php?rest_route=\/wp\/v2\/posts\/4251\/revisions\/4255"}],"wp:featuredmedia":[{"embeddable":true,"href":"https:\/\/infos-droitshumains.net\/index.php?rest_route=\/wp\/v2\/media\/4254"}],"wp:attachment":[{"href":"https:\/\/infos-droitshumains.net\/index.php?rest_route=%2Fwp%2Fv2%2Fmedia&parent=4251"}],"wp:term":[{"taxonomy":"category","embeddable":true,"href":"https:\/\/infos-droitshumains.net\/index.php?rest_route=%2Fwp%2Fv2%2Fcategories&post=4251"},{"taxonomy":"post_tag","embeddable":true,"href":"https:\/\/infos-droitshumains.net\/index.php?rest_route=%2Fwp%2Fv2%2Ftags&post=4251"}],"curies":[{"name":"wp","href":"https:\/\/api.w.org\/{rel}","templated":true}]}}