{"id":4247,"date":"2022-06-11T23:56:13","date_gmt":"2022-06-11T21:56:13","guid":{"rendered":"https:\/\/infos-droitshumains.net\/?p=4247"},"modified":"2022-06-12T08:48:52","modified_gmt":"2022-06-12T06:48:52","slug":"agression-du-m23-a-lest-de-la-rdc-laifa-exprime-son-soutien-aux-fardc-a-travers-un-sit-in","status":"publish","type":"post","link":"https:\/\/infos-droitshumains.net\/?p=4247","title":{"rendered":"Agression du M23 \u00e0 l&rsquo;Est de la RDC : L&rsquo;AIFA exprime son soutien aux FARDC \u00e0-travers un sit-in"},"content":{"rendered":"\n<p><strong>R\u00e9daction:+243817406088<\/strong><\/p>\n\n\n\n<p>L&rsquo;agression du M23 soutenue par le Rwanda \u00e0 l&rsquo;Est de la R\u00e9publique D\u00e9mocratique du Congo ne laisse actuellement aucune couche sociale congolaise indiff\u00e9rente. c&rsquo;est le cas avec l&rsquo;Alliance Internationale des Femmes Avocates(AIFA). Cette structure de la soci\u00e9t\u00e9 civile a, le vendredi 10 juin, organis\u00e9 un sit-in \u00e0 Kinshasa, sous le th\u00e8me : \u00abtous avec les FARDC \u00bb. L\u2019objectif \u00e9tait d&rsquo;exprimer le soutien ind\u00e9fectible aux FARDC.<\/p>\n\n\n\n<p><em>\u00abCe sit-in est d\u00e9di\u00e9 \u00e0 nos forces arm\u00e9s qui sont au front pour d\u00e9fendre notre territoire. L&rsquo;heure est grave ! L&rsquo;heure n&rsquo;est plus au repos. le pays est agress\u00e9 par le M23. voil\u00e0 pourquoi l&rsquo;Alliance Internationale des Femmes Avocates avec toutes les forces vives se sont r\u00e9unies pour porter la voix soutenue aux FARDC \u00bb, <\/em>a d\u00e9clar\u00e9 Ma\u00eetre Jo\u00eblle Kona Mbamba, pr\u00e9sidente de l&rsquo;AIFA.<\/p>\n\n\n\n<p>Par la m\u00eame occasion, l&rsquo;AIFA invite le gouvernement \u00e0 mettre toutes les batteries en marche afin de traquer l&rsquo;agresseur jusqu\u2019\u00e0 son dernier retranchement.<\/p>\n\n\n\n<p><em>\u00ab\u00c0 nos dirigeants, prenez les choses en mains. Soutenez les FARDC. Tous les moyens doivent \u00eatre d\u00e9ploy\u00e9s. envoyez tout l&rsquo;appui logistique, humain, financier \u00e0 nos FARDC car nous avons tous les moyens  moyens n\u00e9cessaire pour mettre hors d&rsquo;\u00e9tat de nuire tout ennemi de notre nation \u00bb,<\/em> a poursuivi la pr\u00e9sidente de l\u2019AIFA qui a \u00e9galement lanc\u00e9 un message de solidarit\u00e9 \u00e0 l&rsquo;endroit des forces loyales de la RDC.<\/p>\n\n\n\n<p><em>\u00ab\u00c0 nos vaillants h\u00e9ros les FARDC, nous sommes derri\u00e8re vous. Vous \u00eates au front au nom de la nation congolaise. Battez-vous et sachez que nous vous soutenons\u00bb.<\/em><\/p>\n\n\n\n<p>L&rsquo; alliance internationale des femmes avocates promet en outre d&rsquo;accompagner les FARDC et les pousser \u00e0 la victoire face \u00e0 ces rebelles.<\/p>\n\n\n\n<p>AM<\/p>\n","protected":false},"excerpt":{"rendered":"<p>R\u00e9daction:+243817406088 L&rsquo;agression du M23 soutenue par le Rwanda \u00e0 l&rsquo;Est de la R\u00e9publique D\u00e9mocratique du&#8230;<\/p>\n","protected":false},"author":2,"featured_media":4249,"comment_status":"open","ping_status":"open","sticky":false,"template":"","format":"standard","meta":{"_jetpack_memberships_contains_paid_content":false,"footnotes":""},"categories":[8],"tags":[],"class_list":["post-4247","post","type-post","status-publish","format-standard","has-post-thumbnail","hentry","category-societe"],"yoast_head":"<!-- This site is optimized with the Yoast SEO plugin v27.5 - https:\/\/yoast.com\/product\/yoast-seo-wordpress\/ -->\n<title>Agression du M23 \u00e0 l&#039;Est de la RDC : L&#039;AIFA exprime son soutien aux FARDC \u00e0-travers un sit-in - Infos Droits Humains<\/title>\n<meta name=\"robots\" content=\"index, follow, max-snippet:-1, max-image-preview:large, max-video-preview:-1\" \/>\n<link rel=\"canonical\" href=\"https:\/\/infos-droitshumains.net\/?p=4247\" \/>\n<meta property=\"og:locale\" content=\"fr_FR\" \/>\n<meta property=\"og:type\" content=\"article\" \/>\n<meta property=\"og:title\" content=\"Agression du M23 \u00e0 l&#039;Est de la RDC : L&#039;AIFA exprime son soutien aux FARDC \u00e0-travers un sit-in - Infos Droits Humains\" \/>\n<meta property=\"og:description\" content=\"R\u00e9daction:+243817406088 L&rsquo;agression du M23 soutenue par le Rwanda \u00e0 l&rsquo;Est de la R\u00e9publique D\u00e9mocratique du...\" \/>\n<meta property=\"og:url\" content=\"https:\/\/infos-droitshumains.net\/?p=4247\" \/>\n<meta property=\"og:site_name\" content=\"Infos Droits Humains\" \/>\n<meta property=\"article:published_time\" content=\"2022-06-11T21:56:13+00:00\" \/>\n<meta property=\"article:modified_time\" content=\"2022-06-12T06:48:52+00:00\" \/>\n<meta property=\"og:image\" content=\"https:\/\/i0.wp.com\/infos-droitshumains.net\/wp-content\/uploads\/2022\/06\/IMG-20220611-WA0047_1.jpg?fit=1080%2C809&ssl=1\" \/>\n\t<meta property=\"og:image:width\" content=\"1080\" \/>\n\t<meta property=\"og:image:height\" content=\"809\" \/>\n\t<meta property=\"og:image:type\" content=\"image\/jpeg\" \/>\n<meta name=\"author\" content=\"Jo\u00ebl Diawa\" \/>\n<meta name=\"twitter:card\" content=\"summary_large_image\" \/>\n<meta name=\"twitter:label1\" content=\"\u00c9crit par\" \/>\n\t<meta name=\"twitter:data1\" content=\"Jo\u00ebl Diawa\" \/>\n\t<meta name=\"twitter:label2\" content=\"Dur\u00e9e de lecture estim\u00e9e\" \/>\n\t<meta name=\"twitter:data2\" content=\"1 minute\" \/>\n<script type=\"application\/ld+json\" class=\"yoast-schema-graph\">{\"@context\":\"https:\\\/\\\/schema.org\",\"@graph\":[{\"@type\":\"Article\",\"@id\":\"https:\\\/\\\/infos-droitshumains.net\\\/?p=4247#article\",\"isPartOf\":{\"@id\":\"https:\\\/\\\/infos-droitshumains.net\\\/?p=4247\"},\"author\":{\"name\":\"Jo\u00ebl Diawa\",\"@id\":\"https:\\\/\\\/infos-droitshumains.net\\\/#\\\/schema\\\/person\\\/3dc5e921c3302172e0ed4362f96faab7\"},\"headline\":\"Agression du M23 \u00e0 l&rsquo;Est de la RDC : L&rsquo;AIFA exprime son soutien aux FARDC \u00e0-travers un sit-in\",\"datePublished\":\"2022-06-11T21:56:13+00:00\",\"dateModified\":\"2022-06-12T06:48:52+00:00\",\"mainEntityOfPage\":{\"@id\":\"https:\\\/\\\/infos-droitshumains.net\\\/?p=4247\"},\"wordCount\":297,\"commentCount\":0,\"publisher\":{\"@id\":\"https:\\\/\\\/infos-droitshumains.net\\\/#organization\"},\"image\":{\"@id\":\"https:\\\/\\\/infos-droitshumains.net\\\/?p=4247#primaryimage\"},\"thumbnailUrl\":\"https:\\\/\\\/i0.wp.com\\\/infos-droitshumains.net\\\/wp-content\\\/uploads\\\/2022\\\/06\\\/IMG-20220611-WA0047_1.jpg?fit=1080%2C809&ssl=1\",\"articleSection\":[\"Soci\u00e9t\u00e9\"],\"inLanguage\":\"fr-FR\",\"potentialAction\":[{\"@type\":\"CommentAction\",\"name\":\"Comment\",\"target\":[\"https:\\\/\\\/infos-droitshumains.net\\\/?p=4247#respond\"]}]},{\"@type\":\"WebPage\",\"@id\":\"https:\\\/\\\/infos-droitshumains.net\\\/?p=4247\",\"url\":\"https:\\\/\\\/infos-droitshumains.net\\\/?p=4247\",\"name\":\"Agression du M23 \u00e0 l'Est de la RDC : L'AIFA exprime son soutien aux FARDC \u00e0-travers un sit-in - Infos Droits Humains\",\"isPartOf\":{\"@id\":\"https:\\\/\\\/infos-droitshumains.net\\\/#website\"},\"primaryImageOfPage\":{\"@id\":\"https:\\\/\\\/infos-droitshumains.net\\\/?p=4247#primaryimage\"},\"image\":{\"@id\":\"https:\\\/\\\/infos-droitshumains.net\\\/?p=4247#primaryimage\"},\"thumbnailUrl\":\"https:\\\/\\\/i0.wp.com\\\/infos-droitshumains.net\\\/wp-content\\\/uploads\\\/2022\\\/06\\\/IMG-20220611-WA0047_1.jpg?fit=1080%2C809&ssl=1\",\"datePublished\":\"2022-06-11T21:56:13+00:00\",\"dateModified\":\"2022-06-12T06:48:52+00:00\",\"breadcrumb\":{\"@id\":\"https:\\\/\\\/infos-droitshumains.net\\\/?p=4247#breadcrumb\"},\"inLanguage\":\"fr-FR\",\"potentialAction\":[{\"@type\":\"ReadAction\",\"target\":[\"https:\\\/\\\/infos-droitshumains.net\\\/?p=4247\"]}]},{\"@type\":\"ImageObject\",\"inLanguage\":\"fr-FR\",\"@id\":\"https:\\\/\\\/infos-droitshumains.net\\\/?p=4247#primaryimage\",\"url\":\"https:\\\/\\\/i0.wp.com\\\/infos-droitshumains.net\\\/wp-content\\\/uploads\\\/2022\\\/06\\\/IMG-20220611-WA0047_1.jpg?fit=1080%2C809&ssl=1\",\"contentUrl\":\"https:\\\/\\\/i0.wp.com\\\/infos-droitshumains.net\\\/wp-content\\\/uploads\\\/2022\\\/06\\\/IMG-20220611-WA0047_1.jpg?fit=1080%2C809&ssl=1\",\"width\":1080,\"height\":809},{\"@type\":\"BreadcrumbList\",\"@id\":\"https:\\\/\\\/infos-droitshumains.net\\\/?p=4247#breadcrumb\",\"itemListElement\":[{\"@type\":\"ListItem\",\"position\":1,\"name\":\"Accueil\",\"item\":\"https:\\\/\\\/infos-droitshumains.net\\\/\"},{\"@type\":\"ListItem\",\"position\":2,\"name\":\"Agression du M23 \u00e0 l&rsquo;Est de la RDC : L&rsquo;AIFA exprime son soutien aux FARDC \u00e0-travers un sit-in\"}]},{\"@type\":\"WebSite\",\"@id\":\"https:\\\/\\\/infos-droitshumains.net\\\/#website\",\"url\":\"https:\\\/\\\/infos-droitshumains.net\\\/\",\"name\":\"Infos Droits Humains\",\"description\":\"S&#039;informer est un droit\",\"publisher\":{\"@id\":\"https:\\\/\\\/infos-droitshumains.net\\\/#organization\"},\"potentialAction\":[{\"@type\":\"SearchAction\",\"target\":{\"@type\":\"EntryPoint\",\"urlTemplate\":\"https:\\\/\\\/infos-droitshumains.net\\\/?s={search_term_string}\"},\"query-input\":{\"@type\":\"PropertyValueSpecification\",\"valueRequired\":true,\"valueName\":\"search_term_string\"}}],\"inLanguage\":\"fr-FR\"},{\"@type\":\"Organization\",\"@id\":\"https:\\\/\\\/infos-droitshumains.net\\\/#organization\",\"name\":\"Infos Droits Humains\",\"url\":\"https:\\\/\\\/infos-droitshumains.net\\\/\",\"logo\":{\"@type\":\"ImageObject\",\"inLanguage\":\"fr-FR\",\"@id\":\"https:\\\/\\\/infos-droitshumains.net\\\/#\\\/schema\\\/logo\\\/image\\\/\",\"url\":\"https:\\\/\\\/i0.wp.com\\\/infos-droitshumains.net\\\/wp-content\\\/uploads\\\/2022\\\/05\\\/Logo.png?fit=333%2C129&ssl=1\",\"contentUrl\":\"https:\\\/\\\/i0.wp.com\\\/infos-droitshumains.net\\\/wp-content\\\/uploads\\\/2022\\\/05\\\/Logo.png?fit=333%2C129&ssl=1\",\"width\":333,\"height\":129,\"caption\":\"Infos Droits Humains\"},\"image\":{\"@id\":\"https:\\\/\\\/infos-droitshumains.net\\\/#\\\/schema\\\/logo\\\/image\\\/\"}},{\"@type\":\"Person\",\"@id\":\"https:\\\/\\\/infos-droitshumains.net\\\/#\\\/schema\\\/person\\\/3dc5e921c3302172e0ed4362f96faab7\",\"name\":\"Jo\u00ebl Diawa\",\"image\":{\"@type\":\"ImageObject\",\"inLanguage\":\"fr-FR\",\"@id\":\"https:\\\/\\\/secure.gravatar.com\\\/avatar\\\/729bea6ff4604c624417803c477363be8e3c7186deaa65713313f9b4b820f41c?s=96&d=mm&r=g\",\"url\":\"https:\\\/\\\/secure.gravatar.com\\\/avatar\\\/729bea6ff4604c624417803c477363be8e3c7186deaa65713313f9b4b820f41c?s=96&d=mm&r=g\",\"contentUrl\":\"https:\\\/\\\/secure.gravatar.com\\\/avatar\\\/729bea6ff4604c624417803c477363be8e3c7186deaa65713313f9b4b820f41c?s=96&d=mm&r=g\",\"caption\":\"Jo\u00ebl Diawa\"},\"sameAs\":[\"https:\\\/\\\/www.infos-droitshumains.net\"],\"url\":\"https:\\\/\\\/infos-droitshumains.net\\\/?author=2\"}]}<\/script>\n<!-- \/ Yoast SEO plugin. -->","yoast_head_json":{"title":"Agression du M23 \u00e0 l'Est de la RDC : L'AIFA exprime son soutien aux FARDC \u00e0-travers un sit-in - Infos Droits Humains","robots":{"index":"index","follow":"follow","max-snippet":"max-snippet:-1","max-image-preview":"max-image-preview:large","max-video-preview":"max-video-preview:-1"},"canonical":"https:\/\/infos-droitshumains.net\/?p=4247","og_locale":"fr_FR","og_type":"article","og_title":"Agression du M23 \u00e0 l'Est de la RDC : L'AIFA exprime son soutien aux FARDC \u00e0-travers un sit-in - Infos Droits Humains","og_description":"R\u00e9daction:+243817406088 L&rsquo;agression du M23 soutenue par le Rwanda \u00e0 l&rsquo;Est de la R\u00e9publique D\u00e9mocratique du...","og_url":"https:\/\/infos-droitshumains.net\/?p=4247","og_site_name":"Infos Droits Humains","article_published_time":"2022-06-11T21:56:13+00:00","article_modified_time":"2022-06-12T06:48:52+00:00","og_image":[{"width":1080,"height":809,"url":"https:\/\/i0.wp.com\/infos-droitshumains.net\/wp-content\/uploads\/2022\/06\/IMG-20220611-WA0047_1.jpg?fit=1080%2C809&ssl=1","type":"image\/jpeg"}],"author":"Jo\u00ebl Diawa","twitter_card":"summary_large_image","twitter_misc":{"\u00c9crit par":"Jo\u00ebl Diawa","Dur\u00e9e de lecture estim\u00e9e":"1 minute"},"schema":{"@context":"https:\/\/schema.org","@graph":[{"@type":"Article","@id":"https:\/\/infos-droitshumains.net\/?p=4247#article","isPartOf":{"@id":"https:\/\/infos-droitshumains.net\/?p=4247"},"author":{"name":"Jo\u00ebl Diawa","@id":"https:\/\/infos-droitshumains.net\/#\/schema\/person\/3dc5e921c3302172e0ed4362f96faab7"},"headline":"Agression du M23 \u00e0 l&rsquo;Est de la RDC : L&rsquo;AIFA exprime son soutien aux FARDC \u00e0-travers un sit-in","datePublished":"2022-06-11T21:56:13+00:00","dateModified":"2022-06-12T06:48:52+00:00","mainEntityOfPage":{"@id":"https:\/\/infos-droitshumains.net\/?p=4247"},"wordCount":297,"commentCount":0,"publisher":{"@id":"https:\/\/infos-droitshumains.net\/#organization"},"image":{"@id":"https:\/\/infos-droitshumains.net\/?p=4247#primaryimage"},"thumbnailUrl":"https:\/\/i0.wp.com\/infos-droitshumains.net\/wp-content\/uploads\/2022\/06\/IMG-20220611-WA0047_1.jpg?fit=1080%2C809&ssl=1","articleSection":["Soci\u00e9t\u00e9"],"inLanguage":"fr-FR","potentialAction":[{"@type":"CommentAction","name":"Comment","target":["https:\/\/infos-droitshumains.net\/?p=4247#respond"]}]},{"@type":"WebPage","@id":"https:\/\/infos-droitshumains.net\/?p=4247","url":"https:\/\/infos-droitshumains.net\/?p=4247","name":"Agression du M23 \u00e0 l'Est de la RDC : L'AIFA exprime son soutien aux FARDC \u00e0-travers un sit-in - Infos Droits Humains","isPartOf":{"@id":"https:\/\/infos-droitshumains.net\/#website"},"primaryImageOfPage":{"@id":"https:\/\/infos-droitshumains.net\/?p=4247#primaryimage"},"image":{"@id":"https:\/\/infos-droitshumains.net\/?p=4247#primaryimage"},"thumbnailUrl":"https:\/\/i0.wp.com\/infos-droitshumains.net\/wp-content\/uploads\/2022\/06\/IMG-20220611-WA0047_1.jpg?fit=1080%2C809&ssl=1","datePublished":"2022-06-11T21:56:13+00:00","dateModified":"2022-06-12T06:48:52+00:00","breadcrumb":{"@id":"https:\/\/infos-droitshumains.net\/?p=4247#breadcrumb"},"inLanguage":"fr-FR","potentialAction":[{"@type":"ReadAction","target":["https:\/\/infos-droitshumains.net\/?p=4247"]}]},{"@type":"ImageObject","inLanguage":"fr-FR","@id":"https:\/\/infos-droitshumains.net\/?p=4247#primaryimage","url":"https:\/\/i0.wp.com\/infos-droitshumains.net\/wp-content\/uploads\/2022\/06\/IMG-20220611-WA0047_1.jpg?fit=1080%2C809&ssl=1","contentUrl":"https:\/\/i0.wp.com\/infos-droitshumains.net\/wp-content\/uploads\/2022\/06\/IMG-20220611-WA0047_1.jpg?fit=1080%2C809&ssl=1","width":1080,"height":809},{"@type":"BreadcrumbList","@id":"https:\/\/infos-droitshumains.net\/?p=4247#breadcrumb","itemListElement":[{"@type":"ListItem","position":1,"name":"Accueil","item":"https:\/\/infos-droitshumains.net\/"},{"@type":"ListItem","position":2,"name":"Agression du M23 \u00e0 l&rsquo;Est de la RDC : L&rsquo;AIFA exprime son soutien aux FARDC \u00e0-travers un sit-in"}]},{"@type":"WebSite","@id":"https:\/\/infos-droitshumains.net\/#website","url":"https:\/\/infos-droitshumains.net\/","name":"Infos Droits Humains","description":"S&#039;informer est un droit","publisher":{"@id":"https:\/\/infos-droitshumains.net\/#organization"},"potentialAction":[{"@type":"SearchAction","target":{"@type":"EntryPoint","urlTemplate":"https:\/\/infos-droitshumains.net\/?s={search_term_string}"},"query-input":{"@type":"PropertyValueSpecification","valueRequired":true,"valueName":"search_term_string"}}],"inLanguage":"fr-FR"},{"@type":"Organization","@id":"https:\/\/infos-droitshumains.net\/#organization","name":"Infos Droits Humains","url":"https:\/\/infos-droitshumains.net\/","logo":{"@type":"ImageObject","inLanguage":"fr-FR","@id":"https:\/\/infos-droitshumains.net\/#\/schema\/logo\/image\/","url":"https:\/\/i0.wp.com\/infos-droitshumains.net\/wp-content\/uploads\/2022\/05\/Logo.png?fit=333%2C129&ssl=1","contentUrl":"https:\/\/i0.wp.com\/infos-droitshumains.net\/wp-content\/uploads\/2022\/05\/Logo.png?fit=333%2C129&ssl=1","width":333,"height":129,"caption":"Infos Droits Humains"},"image":{"@id":"https:\/\/infos-droitshumains.net\/#\/schema\/logo\/image\/"}},{"@type":"Person","@id":"https:\/\/infos-droitshumains.net\/#\/schema\/person\/3dc5e921c3302172e0ed4362f96faab7","name":"Jo\u00ebl Diawa","image":{"@type":"ImageObject","inLanguage":"fr-FR","@id":"https:\/\/secure.gravatar.com\/avatar\/729bea6ff4604c624417803c477363be8e3c7186deaa65713313f9b4b820f41c?s=96&d=mm&r=g","url":"https:\/\/secure.gravatar.com\/avatar\/729bea6ff4604c624417803c477363be8e3c7186deaa65713313f9b4b820f41c?s=96&d=mm&r=g","contentUrl":"https:\/\/secure.gravatar.com\/avatar\/729bea6ff4604c624417803c477363be8e3c7186deaa65713313f9b4b820f41c?s=96&d=mm&r=g","caption":"Jo\u00ebl Diawa"},"sameAs":["https:\/\/www.infos-droitshumains.net"],"url":"https:\/\/infos-droitshumains.net\/?author=2"}]}},"featured_image_urls":{"full":["https:\/\/i0.wp.com\/infos-droitshumains.net\/wp-content\/uploads\/2022\/06\/IMG-20220611-WA0047_1.jpg?fit=1080%2C809&ssl=1",1080,809,false],"thumbnail":["https:\/\/i0.wp.com\/infos-droitshumains.net\/wp-content\/uploads\/2022\/06\/IMG-20220611-WA0047_1.jpg?resize=150%2C150&ssl=1",150,150,true],"medium":["https:\/\/i0.wp.com\/infos-droitshumains.net\/wp-content\/uploads\/2022\/06\/IMG-20220611-WA0047_1.jpg?fit=300%2C225&ssl=1",300,225,true],"medium_large":["https:\/\/i0.wp.com\/infos-droitshumains.net\/wp-content\/uploads\/2022\/06\/IMG-20220611-WA0047_1.jpg?fit=640%2C479&ssl=1",640,479,true],"large":["https:\/\/i0.wp.com\/infos-droitshumains.net\/wp-content\/uploads\/2022\/06\/IMG-20220611-WA0047_1.jpg?fit=640%2C479&ssl=1",640,479,true],"1536x1536":["https:\/\/i0.wp.com\/infos-droitshumains.net\/wp-content\/uploads\/2022\/06\/IMG-20220611-WA0047_1.jpg?fit=1080%2C809&ssl=1",1080,809,true],"2048x2048":["https:\/\/i0.wp.com\/infos-droitshumains.net\/wp-content\/uploads\/2022\/06\/IMG-20220611-WA0047_1.jpg?fit=1080%2C809&ssl=1",1080,809,true],"covernews-slider-full":["https:\/\/i0.wp.com\/infos-droitshumains.net\/wp-content\/uploads\/2022\/06\/IMG-20220611-WA0047_1.jpg?resize=1080%2C715&ssl=1",1080,715,true],"covernews-slider-center":["https:\/\/i0.wp.com\/infos-droitshumains.net\/wp-content\/uploads\/2022\/06\/IMG-20220611-WA0047_1.jpg?resize=800%2C500&ssl=1",800,500,true],"covernews-featured":["https:\/\/i0.wp.com\/infos-droitshumains.net\/wp-content\/uploads\/2022\/06\/IMG-20220611-WA0047_1.jpg?fit=1024%2C767&ssl=1",1024,767,true],"covernews-medium":["https:\/\/i0.wp.com\/infos-droitshumains.net\/wp-content\/uploads\/2022\/06\/IMG-20220611-WA0047_1.jpg?resize=540%2C340&ssl=1",540,340,true],"covernews-medium-square":["https:\/\/i0.wp.com\/infos-droitshumains.net\/wp-content\/uploads\/2022\/06\/IMG-20220611-WA0047_1.jpg?resize=400%2C250&ssl=1",400,250,true]},"author_info":{"display_name":"Jo\u00ebl Diawa","author_link":"https:\/\/infos-droitshumains.net\/?author=2"},"category_info":"<a href=\"https:\/\/infos-droitshumains.net\/?cat=8\" rel=\"category\">Soci\u00e9t\u00e9<\/a>","tag_info":"Soci\u00e9t\u00e9","comment_count":"0","jetpack_featured_media_url":"https:\/\/i0.wp.com\/infos-droitshumains.net\/wp-content\/uploads\/2022\/06\/IMG-20220611-WA0047_1.jpg?fit=1080%2C809&ssl=1","jetpack-related-posts":[],"jetpack_sharing_enabled":true,"_links":{"self":[{"href":"https:\/\/infos-droitshumains.net\/index.php?rest_route=\/wp\/v2\/posts\/4247","targetHints":{"allow":["GET"]}}],"collection":[{"href":"https:\/\/infos-droitshumains.net\/index.php?rest_route=\/wp\/v2\/posts"}],"about":[{"href":"https:\/\/infos-droitshumains.net\/index.php?rest_route=\/wp\/v2\/types\/post"}],"author":[{"embeddable":true,"href":"https:\/\/infos-droitshumains.net\/index.php?rest_route=\/wp\/v2\/users\/2"}],"replies":[{"embeddable":true,"href":"https:\/\/infos-droitshumains.net\/index.php?rest_route=%2Fwp%2Fv2%2Fcomments&post=4247"}],"version-history":[{"count":3,"href":"https:\/\/infos-droitshumains.net\/index.php?rest_route=\/wp\/v2\/posts\/4247\/revisions"}],"predecessor-version":[{"id":4256,"href":"https:\/\/infos-droitshumains.net\/index.php?rest_route=\/wp\/v2\/posts\/4247\/revisions\/4256"}],"wp:featuredmedia":[{"embeddable":true,"href":"https:\/\/infos-droitshumains.net\/index.php?rest_route=\/wp\/v2\/media\/4249"}],"wp:attachment":[{"href":"https:\/\/infos-droitshumains.net\/index.php?rest_route=%2Fwp%2Fv2%2Fmedia&parent=4247"}],"wp:term":[{"taxonomy":"category","embeddable":true,"href":"https:\/\/infos-droitshumains.net\/index.php?rest_route=%2Fwp%2Fv2%2Fcategories&post=4247"},{"taxonomy":"post_tag","embeddable":true,"href":"https:\/\/infos-droitshumains.net\/index.php?rest_route=%2Fwp%2Fv2%2Ftags&post=4247"}],"curies":[{"name":"wp","href":"https:\/\/api.w.org\/{rel}","templated":true}]}}