{"id":4238,"date":"2022-06-11T16:58:18","date_gmt":"2022-06-11T14:58:18","guid":{"rendered":"https:\/\/infos-droitshumains.net\/?p=4238"},"modified":"2022-06-13T12:26:46","modified_gmt":"2022-06-13T10:26:46","slug":"assemblee-nationale-le-projet-de-loi-portant-repression-de-la-traite-des-personnes-declare-recevable","status":"publish","type":"post","link":"https:\/\/infos-droitshumains.net\/?p=4238","title":{"rendered":"Assembl\u00e9e Nationale: Le projet de loi portant r\u00e9pression de la traite des personnes d\u00e9clar\u00e9 recevable"},"content":{"rendered":"\n<p><strong>R\u00e9daction :+243817406088<\/strong><\/p>\n\n\n\n<p><strong>C\u2019est peu \u00eatre l\u2019\u00e9pilogue du combat men\u00e9 par l\u2019Agence pour la Pr\u00e9vention et la Traite des Personnes (APLTP) et ses diff\u00e9rents partenaires dans la lutte contre la criminalit\u00e9 transnationale.<\/strong><\/p>\n\n\n\n<p>D\u00e9pos\u00e9 au bureau de l\u2019Assembl\u00e9e Nationale depuis le d\u00e9but de la session en cours, le projet de loi modifiant et compl\u00e9tant le d\u00e9cret du 30 janvier 1940 portant code p\u00e9nal congolais en mati\u00e8re de la pr\u00e9vention et de la r\u00e9pression de la traite des personnes a \u00e9t\u00e9 examin\u00e9 et vot\u00e9, ce vendredi 10 juin par l&rsquo;Assembl\u00e9e Nationale.<\/p>\n\n\n\n<p>C\u2019est le ministre des Droits humains qui a d\u00e9fendu cette proposition devant les \u00e9lus nationaux. Faisant son \u00e9conomie, Fabrice Puela a fait savoir que la Constitution consacre, \u00e0 travers l\u2019article 16, <em>\u00able caract\u00e8re sacr\u00e9 de la personne humaine. Cette disposition impose, sur pied du m\u00eame article, \u00e0 l\u2019Etat l\u2019obligation de respecter et de prot\u00e9ger la personne humaine \u00bb<\/em>. <em>\u00abElle proscrit l\u2019esclavage et les pratiques analogues ainsi que le traitement cruel, inhumain ou d\u00e9gradant, de m\u00eame que le travail forc\u00e9 \u00bb.<\/em><\/p>\n\n\n\n<p>Pour le ministre Puela, le vote de cette loi <em>\u00abva aider les victimes d\u2019avoir acc\u00e8s \u00e0 la justice, de b\u00e9n\u00e9ficier syst\u00e9matiquement de la protection des autorit\u00e9s judiciaires et de contenir l\u2019expansion de ce fl\u00e9au au sein des communaut\u00e9s\u00bb.<\/em><\/p>\n\n\n\n<p>Apr\u00e8s d\u00e9bat et d\u00e9lib\u00e9ration, ce texte de loi a \u00e9t\u00e9 envoy\u00e9 \u00e0 la commission mixte PAJ-Droits de l\u2019Homme pour toilettage et examen approfondi avant que les conclusions ne soient rendues end\u00e9ans 72 heures.<\/p>\n\n\n\n<p>Ainsi fait, la nouvelle loi sur la traite des personnes va aider l\u2019Etat \u00e0 mieux prot\u00e9ger les groupes vuln\u00e9rables contre les r\u00e9seaux de trafiquants d\u2019\u00eatres humains. Elle va \u00e9galement permettre aux magistrats et aux officiers de police judiciaire de promouvoir mieux faire leur travail en rendant justice aux victimes.<\/p>\n\n\n\n<p>Une grande victoire pour l\u2019Agence pour la Pr\u00e9vention et la Lutte contre la Traite des Personnes qui a entre autre pour missions, d&rsquo;\u00e9laborer le plan strat\u00e9gique d\u00e9finissant la strat\u00e9gie nationale de lutte contre la traite des personnes ; \u00e9laborer les r\u00e9ponses nationales et r\u00e9gionales contre la traite des personnes ; \u00e9laborer, adopter et mettre en \u0153uvre la loi nationale pr\u00e9venant et r\u00e9primant la traite des personnes.<\/p>\n\n\n\n<p>Jo\u00ebl Diawa<\/p>\n","protected":false},"excerpt":{"rendered":"<p>R\u00e9daction :+243817406088 C\u2019est peu \u00eatre l\u2019\u00e9pilogue du combat men\u00e9 par l\u2019Agence pour la Pr\u00e9vention et&#8230;<\/p>\n","protected":false},"author":2,"featured_media":4241,"comment_status":"open","ping_status":"open","sticky":false,"template":"","format":"standard","meta":{"_jetpack_memberships_contains_paid_content":false,"footnotes":""},"categories":[7],"tags":[],"class_list":["post-4238","post","type-post","status-publish","format-standard","has-post-thumbnail","hentry","category-droits-humains"],"yoast_head":"<!-- This site is optimized with the Yoast SEO plugin v27.5 - https:\/\/yoast.com\/product\/yoast-seo-wordpress\/ -->\n<title>Assembl\u00e9e Nationale: Le projet de loi portant r\u00e9pression de la traite des personnes d\u00e9clar\u00e9 recevable - Infos Droits Humains<\/title>\n<meta name=\"robots\" content=\"index, follow, max-snippet:-1, max-image-preview:large, max-video-preview:-1\" \/>\n<link rel=\"canonical\" href=\"https:\/\/infos-droitshumains.net\/?p=4238\" \/>\n<meta property=\"og:locale\" content=\"fr_FR\" \/>\n<meta property=\"og:type\" content=\"article\" \/>\n<meta property=\"og:title\" content=\"Assembl\u00e9e Nationale: Le projet de loi portant r\u00e9pression de la traite des personnes d\u00e9clar\u00e9 recevable - Infos Droits Humains\" \/>\n<meta property=\"og:description\" content=\"R\u00e9daction :+243817406088 C\u2019est peu \u00eatre l\u2019\u00e9pilogue du combat men\u00e9 par l\u2019Agence pour la Pr\u00e9vention et...\" \/>\n<meta property=\"og:url\" content=\"https:\/\/infos-droitshumains.net\/?p=4238\" \/>\n<meta property=\"og:site_name\" content=\"Infos Droits Humains\" \/>\n<meta property=\"article:published_time\" content=\"2022-06-11T14:58:18+00:00\" \/>\n<meta property=\"article:modified_time\" content=\"2022-06-13T10:26:46+00:00\" \/>\n<meta property=\"og:image\" content=\"https:\/\/i0.wp.com\/infos-droitshumains.net\/wp-content\/uploads\/2022\/06\/Screenshot_20220611-155123_1.jpg?fit=720%2C362&ssl=1\" \/>\n\t<meta property=\"og:image:width\" content=\"720\" \/>\n\t<meta property=\"og:image:height\" content=\"362\" \/>\n\t<meta property=\"og:image:type\" content=\"image\/jpeg\" \/>\n<meta name=\"author\" content=\"Jo\u00ebl Diawa\" \/>\n<meta name=\"twitter:card\" content=\"summary_large_image\" \/>\n<meta name=\"twitter:label1\" content=\"\u00c9crit par\" \/>\n\t<meta name=\"twitter:data1\" content=\"Jo\u00ebl Diawa\" \/>\n\t<meta name=\"twitter:label2\" content=\"Dur\u00e9e de lecture estim\u00e9e\" \/>\n\t<meta name=\"twitter:data2\" content=\"2 minutes\" \/>\n<script type=\"application\/ld+json\" class=\"yoast-schema-graph\">{\"@context\":\"https:\\\/\\\/schema.org\",\"@graph\":[{\"@type\":\"Article\",\"@id\":\"https:\\\/\\\/infos-droitshumains.net\\\/?p=4238#article\",\"isPartOf\":{\"@id\":\"https:\\\/\\\/infos-droitshumains.net\\\/?p=4238\"},\"author\":{\"name\":\"Jo\u00ebl Diawa\",\"@id\":\"https:\\\/\\\/infos-droitshumains.net\\\/#\\\/schema\\\/person\\\/3dc5e921c3302172e0ed4362f96faab7\"},\"headline\":\"Assembl\u00e9e Nationale: Le projet de loi portant r\u00e9pression de la traite des personnes d\u00e9clar\u00e9 recevable\",\"datePublished\":\"2022-06-11T14:58:18+00:00\",\"dateModified\":\"2022-06-13T10:26:46+00:00\",\"mainEntityOfPage\":{\"@id\":\"https:\\\/\\\/infos-droitshumains.net\\\/?p=4238\"},\"wordCount\":418,\"commentCount\":0,\"publisher\":{\"@id\":\"https:\\\/\\\/infos-droitshumains.net\\\/#organization\"},\"image\":{\"@id\":\"https:\\\/\\\/infos-droitshumains.net\\\/?p=4238#primaryimage\"},\"thumbnailUrl\":\"https:\\\/\\\/i0.wp.com\\\/infos-droitshumains.net\\\/wp-content\\\/uploads\\\/2022\\\/06\\\/Screenshot_20220611-155123_1.jpg?fit=720%2C362&ssl=1\",\"articleSection\":[\"Droits Humains\"],\"inLanguage\":\"fr-FR\",\"potentialAction\":[{\"@type\":\"CommentAction\",\"name\":\"Comment\",\"target\":[\"https:\\\/\\\/infos-droitshumains.net\\\/?p=4238#respond\"]}]},{\"@type\":\"WebPage\",\"@id\":\"https:\\\/\\\/infos-droitshumains.net\\\/?p=4238\",\"url\":\"https:\\\/\\\/infos-droitshumains.net\\\/?p=4238\",\"name\":\"Assembl\u00e9e Nationale: Le projet de loi portant r\u00e9pression de la traite des personnes d\u00e9clar\u00e9 recevable - Infos Droits Humains\",\"isPartOf\":{\"@id\":\"https:\\\/\\\/infos-droitshumains.net\\\/#website\"},\"primaryImageOfPage\":{\"@id\":\"https:\\\/\\\/infos-droitshumains.net\\\/?p=4238#primaryimage\"},\"image\":{\"@id\":\"https:\\\/\\\/infos-droitshumains.net\\\/?p=4238#primaryimage\"},\"thumbnailUrl\":\"https:\\\/\\\/i0.wp.com\\\/infos-droitshumains.net\\\/wp-content\\\/uploads\\\/2022\\\/06\\\/Screenshot_20220611-155123_1.jpg?fit=720%2C362&ssl=1\",\"datePublished\":\"2022-06-11T14:58:18+00:00\",\"dateModified\":\"2022-06-13T10:26:46+00:00\",\"breadcrumb\":{\"@id\":\"https:\\\/\\\/infos-droitshumains.net\\\/?p=4238#breadcrumb\"},\"inLanguage\":\"fr-FR\",\"potentialAction\":[{\"@type\":\"ReadAction\",\"target\":[\"https:\\\/\\\/infos-droitshumains.net\\\/?p=4238\"]}]},{\"@type\":\"ImageObject\",\"inLanguage\":\"fr-FR\",\"@id\":\"https:\\\/\\\/infos-droitshumains.net\\\/?p=4238#primaryimage\",\"url\":\"https:\\\/\\\/i0.wp.com\\\/infos-droitshumains.net\\\/wp-content\\\/uploads\\\/2022\\\/06\\\/Screenshot_20220611-155123_1.jpg?fit=720%2C362&ssl=1\",\"contentUrl\":\"https:\\\/\\\/i0.wp.com\\\/infos-droitshumains.net\\\/wp-content\\\/uploads\\\/2022\\\/06\\\/Screenshot_20220611-155123_1.jpg?fit=720%2C362&ssl=1\",\"width\":720,\"height\":362},{\"@type\":\"BreadcrumbList\",\"@id\":\"https:\\\/\\\/infos-droitshumains.net\\\/?p=4238#breadcrumb\",\"itemListElement\":[{\"@type\":\"ListItem\",\"position\":1,\"name\":\"Accueil\",\"item\":\"https:\\\/\\\/infos-droitshumains.net\\\/\"},{\"@type\":\"ListItem\",\"position\":2,\"name\":\"Assembl\u00e9e Nationale: Le projet de loi portant r\u00e9pression de la traite des personnes d\u00e9clar\u00e9 recevable\"}]},{\"@type\":\"WebSite\",\"@id\":\"https:\\\/\\\/infos-droitshumains.net\\\/#website\",\"url\":\"https:\\\/\\\/infos-droitshumains.net\\\/\",\"name\":\"Infos Droits Humains\",\"description\":\"S&#039;informer est un droit\",\"publisher\":{\"@id\":\"https:\\\/\\\/infos-droitshumains.net\\\/#organization\"},\"potentialAction\":[{\"@type\":\"SearchAction\",\"target\":{\"@type\":\"EntryPoint\",\"urlTemplate\":\"https:\\\/\\\/infos-droitshumains.net\\\/?s={search_term_string}\"},\"query-input\":{\"@type\":\"PropertyValueSpecification\",\"valueRequired\":true,\"valueName\":\"search_term_string\"}}],\"inLanguage\":\"fr-FR\"},{\"@type\":\"Organization\",\"@id\":\"https:\\\/\\\/infos-droitshumains.net\\\/#organization\",\"name\":\"Infos Droits Humains\",\"url\":\"https:\\\/\\\/infos-droitshumains.net\\\/\",\"logo\":{\"@type\":\"ImageObject\",\"inLanguage\":\"fr-FR\",\"@id\":\"https:\\\/\\\/infos-droitshumains.net\\\/#\\\/schema\\\/logo\\\/image\\\/\",\"url\":\"https:\\\/\\\/i0.wp.com\\\/infos-droitshumains.net\\\/wp-content\\\/uploads\\\/2022\\\/05\\\/Logo.png?fit=333%2C129&ssl=1\",\"contentUrl\":\"https:\\\/\\\/i0.wp.com\\\/infos-droitshumains.net\\\/wp-content\\\/uploads\\\/2022\\\/05\\\/Logo.png?fit=333%2C129&ssl=1\",\"width\":333,\"height\":129,\"caption\":\"Infos Droits Humains\"},\"image\":{\"@id\":\"https:\\\/\\\/infos-droitshumains.net\\\/#\\\/schema\\\/logo\\\/image\\\/\"}},{\"@type\":\"Person\",\"@id\":\"https:\\\/\\\/infos-droitshumains.net\\\/#\\\/schema\\\/person\\\/3dc5e921c3302172e0ed4362f96faab7\",\"name\":\"Jo\u00ebl Diawa\",\"image\":{\"@type\":\"ImageObject\",\"inLanguage\":\"fr-FR\",\"@id\":\"https:\\\/\\\/secure.gravatar.com\\\/avatar\\\/729bea6ff4604c624417803c477363be8e3c7186deaa65713313f9b4b820f41c?s=96&d=mm&r=g\",\"url\":\"https:\\\/\\\/secure.gravatar.com\\\/avatar\\\/729bea6ff4604c624417803c477363be8e3c7186deaa65713313f9b4b820f41c?s=96&d=mm&r=g\",\"contentUrl\":\"https:\\\/\\\/secure.gravatar.com\\\/avatar\\\/729bea6ff4604c624417803c477363be8e3c7186deaa65713313f9b4b820f41c?s=96&d=mm&r=g\",\"caption\":\"Jo\u00ebl Diawa\"},\"sameAs\":[\"https:\\\/\\\/www.infos-droitshumains.net\"],\"url\":\"https:\\\/\\\/infos-droitshumains.net\\\/?author=2\"}]}<\/script>\n<!-- \/ Yoast SEO plugin. -->","yoast_head_json":{"title":"Assembl\u00e9e Nationale: Le projet de loi portant r\u00e9pression de la traite des personnes d\u00e9clar\u00e9 recevable - Infos Droits Humains","robots":{"index":"index","follow":"follow","max-snippet":"max-snippet:-1","max-image-preview":"max-image-preview:large","max-video-preview":"max-video-preview:-1"},"canonical":"https:\/\/infos-droitshumains.net\/?p=4238","og_locale":"fr_FR","og_type":"article","og_title":"Assembl\u00e9e Nationale: Le projet de loi portant r\u00e9pression de la traite des personnes d\u00e9clar\u00e9 recevable - Infos Droits Humains","og_description":"R\u00e9daction :+243817406088 C\u2019est peu \u00eatre l\u2019\u00e9pilogue du combat men\u00e9 par l\u2019Agence pour la Pr\u00e9vention et...","og_url":"https:\/\/infos-droitshumains.net\/?p=4238","og_site_name":"Infos Droits Humains","article_published_time":"2022-06-11T14:58:18+00:00","article_modified_time":"2022-06-13T10:26:46+00:00","og_image":[{"width":720,"height":362,"url":"https:\/\/i0.wp.com\/infos-droitshumains.net\/wp-content\/uploads\/2022\/06\/Screenshot_20220611-155123_1.jpg?fit=720%2C362&ssl=1","type":"image\/jpeg"}],"author":"Jo\u00ebl Diawa","twitter_card":"summary_large_image","twitter_misc":{"\u00c9crit par":"Jo\u00ebl Diawa","Dur\u00e9e de lecture estim\u00e9e":"2 minutes"},"schema":{"@context":"https:\/\/schema.org","@graph":[{"@type":"Article","@id":"https:\/\/infos-droitshumains.net\/?p=4238#article","isPartOf":{"@id":"https:\/\/infos-droitshumains.net\/?p=4238"},"author":{"name":"Jo\u00ebl Diawa","@id":"https:\/\/infos-droitshumains.net\/#\/schema\/person\/3dc5e921c3302172e0ed4362f96faab7"},"headline":"Assembl\u00e9e Nationale: Le projet de loi portant r\u00e9pression de la traite des personnes d\u00e9clar\u00e9 recevable","datePublished":"2022-06-11T14:58:18+00:00","dateModified":"2022-06-13T10:26:46+00:00","mainEntityOfPage":{"@id":"https:\/\/infos-droitshumains.net\/?p=4238"},"wordCount":418,"commentCount":0,"publisher":{"@id":"https:\/\/infos-droitshumains.net\/#organization"},"image":{"@id":"https:\/\/infos-droitshumains.net\/?p=4238#primaryimage"},"thumbnailUrl":"https:\/\/i0.wp.com\/infos-droitshumains.net\/wp-content\/uploads\/2022\/06\/Screenshot_20220611-155123_1.jpg?fit=720%2C362&ssl=1","articleSection":["Droits Humains"],"inLanguage":"fr-FR","potentialAction":[{"@type":"CommentAction","name":"Comment","target":["https:\/\/infos-droitshumains.net\/?p=4238#respond"]}]},{"@type":"WebPage","@id":"https:\/\/infos-droitshumains.net\/?p=4238","url":"https:\/\/infos-droitshumains.net\/?p=4238","name":"Assembl\u00e9e Nationale: Le projet de loi portant r\u00e9pression de la traite des personnes d\u00e9clar\u00e9 recevable - Infos Droits Humains","isPartOf":{"@id":"https:\/\/infos-droitshumains.net\/#website"},"primaryImageOfPage":{"@id":"https:\/\/infos-droitshumains.net\/?p=4238#primaryimage"},"image":{"@id":"https:\/\/infos-droitshumains.net\/?p=4238#primaryimage"},"thumbnailUrl":"https:\/\/i0.wp.com\/infos-droitshumains.net\/wp-content\/uploads\/2022\/06\/Screenshot_20220611-155123_1.jpg?fit=720%2C362&ssl=1","datePublished":"2022-06-11T14:58:18+00:00","dateModified":"2022-06-13T10:26:46+00:00","breadcrumb":{"@id":"https:\/\/infos-droitshumains.net\/?p=4238#breadcrumb"},"inLanguage":"fr-FR","potentialAction":[{"@type":"ReadAction","target":["https:\/\/infos-droitshumains.net\/?p=4238"]}]},{"@type":"ImageObject","inLanguage":"fr-FR","@id":"https:\/\/infos-droitshumains.net\/?p=4238#primaryimage","url":"https:\/\/i0.wp.com\/infos-droitshumains.net\/wp-content\/uploads\/2022\/06\/Screenshot_20220611-155123_1.jpg?fit=720%2C362&ssl=1","contentUrl":"https:\/\/i0.wp.com\/infos-droitshumains.net\/wp-content\/uploads\/2022\/06\/Screenshot_20220611-155123_1.jpg?fit=720%2C362&ssl=1","width":720,"height":362},{"@type":"BreadcrumbList","@id":"https:\/\/infos-droitshumains.net\/?p=4238#breadcrumb","itemListElement":[{"@type":"ListItem","position":1,"name":"Accueil","item":"https:\/\/infos-droitshumains.net\/"},{"@type":"ListItem","position":2,"name":"Assembl\u00e9e Nationale: Le projet de loi portant r\u00e9pression de la traite des personnes d\u00e9clar\u00e9 recevable"}]},{"@type":"WebSite","@id":"https:\/\/infos-droitshumains.net\/#website","url":"https:\/\/infos-droitshumains.net\/","name":"Infos Droits Humains","description":"S&#039;informer est un droit","publisher":{"@id":"https:\/\/infos-droitshumains.net\/#organization"},"potentialAction":[{"@type":"SearchAction","target":{"@type":"EntryPoint","urlTemplate":"https:\/\/infos-droitshumains.net\/?s={search_term_string}"},"query-input":{"@type":"PropertyValueSpecification","valueRequired":true,"valueName":"search_term_string"}}],"inLanguage":"fr-FR"},{"@type":"Organization","@id":"https:\/\/infos-droitshumains.net\/#organization","name":"Infos Droits Humains","url":"https:\/\/infos-droitshumains.net\/","logo":{"@type":"ImageObject","inLanguage":"fr-FR","@id":"https:\/\/infos-droitshumains.net\/#\/schema\/logo\/image\/","url":"https:\/\/i0.wp.com\/infos-droitshumains.net\/wp-content\/uploads\/2022\/05\/Logo.png?fit=333%2C129&ssl=1","contentUrl":"https:\/\/i0.wp.com\/infos-droitshumains.net\/wp-content\/uploads\/2022\/05\/Logo.png?fit=333%2C129&ssl=1","width":333,"height":129,"caption":"Infos Droits Humains"},"image":{"@id":"https:\/\/infos-droitshumains.net\/#\/schema\/logo\/image\/"}},{"@type":"Person","@id":"https:\/\/infos-droitshumains.net\/#\/schema\/person\/3dc5e921c3302172e0ed4362f96faab7","name":"Jo\u00ebl Diawa","image":{"@type":"ImageObject","inLanguage":"fr-FR","@id":"https:\/\/secure.gravatar.com\/avatar\/729bea6ff4604c624417803c477363be8e3c7186deaa65713313f9b4b820f41c?s=96&d=mm&r=g","url":"https:\/\/secure.gravatar.com\/avatar\/729bea6ff4604c624417803c477363be8e3c7186deaa65713313f9b4b820f41c?s=96&d=mm&r=g","contentUrl":"https:\/\/secure.gravatar.com\/avatar\/729bea6ff4604c624417803c477363be8e3c7186deaa65713313f9b4b820f41c?s=96&d=mm&r=g","caption":"Jo\u00ebl Diawa"},"sameAs":["https:\/\/www.infos-droitshumains.net"],"url":"https:\/\/infos-droitshumains.net\/?author=2"}]}},"featured_image_urls":{"full":["https:\/\/i0.wp.com\/infos-droitshumains.net\/wp-content\/uploads\/2022\/06\/Screenshot_20220611-155123_1.jpg?fit=720%2C362&ssl=1",720,362,false],"thumbnail":["https:\/\/i0.wp.com\/infos-droitshumains.net\/wp-content\/uploads\/2022\/06\/Screenshot_20220611-155123_1.jpg?resize=150%2C150&ssl=1",150,150,true],"medium":["https:\/\/i0.wp.com\/infos-droitshumains.net\/wp-content\/uploads\/2022\/06\/Screenshot_20220611-155123_1.jpg?fit=300%2C151&ssl=1",300,151,true],"medium_large":["https:\/\/i0.wp.com\/infos-droitshumains.net\/wp-content\/uploads\/2022\/06\/Screenshot_20220611-155123_1.jpg?fit=640%2C322&ssl=1",640,322,true],"large":["https:\/\/i0.wp.com\/infos-droitshumains.net\/wp-content\/uploads\/2022\/06\/Screenshot_20220611-155123_1.jpg?fit=640%2C322&ssl=1",640,322,true],"1536x1536":["https:\/\/i0.wp.com\/infos-droitshumains.net\/wp-content\/uploads\/2022\/06\/Screenshot_20220611-155123_1.jpg?fit=720%2C362&ssl=1",720,362,true],"2048x2048":["https:\/\/i0.wp.com\/infos-droitshumains.net\/wp-content\/uploads\/2022\/06\/Screenshot_20220611-155123_1.jpg?fit=720%2C362&ssl=1",720,362,true],"covernews-slider-full":["https:\/\/i0.wp.com\/infos-droitshumains.net\/wp-content\/uploads\/2022\/06\/Screenshot_20220611-155123_1.jpg?resize=720%2C362&ssl=1",720,362,true],"covernews-slider-center":["https:\/\/i0.wp.com\/infos-droitshumains.net\/wp-content\/uploads\/2022\/06\/Screenshot_20220611-155123_1.jpg?resize=720%2C362&ssl=1",720,362,true],"covernews-featured":["https:\/\/i0.wp.com\/infos-droitshumains.net\/wp-content\/uploads\/2022\/06\/Screenshot_20220611-155123_1.jpg?fit=720%2C362&ssl=1",720,362,true],"covernews-medium":["https:\/\/i0.wp.com\/infos-droitshumains.net\/wp-content\/uploads\/2022\/06\/Screenshot_20220611-155123_1.jpg?resize=540%2C340&ssl=1",540,340,true],"covernews-medium-square":["https:\/\/i0.wp.com\/infos-droitshumains.net\/wp-content\/uploads\/2022\/06\/Screenshot_20220611-155123_1.jpg?resize=400%2C250&ssl=1",400,250,true]},"author_info":{"display_name":"Jo\u00ebl Diawa","author_link":"https:\/\/infos-droitshumains.net\/?author=2"},"category_info":"<a href=\"https:\/\/infos-droitshumains.net\/?cat=7\" rel=\"category\">Droits Humains<\/a>","tag_info":"Droits Humains","comment_count":"0","jetpack_featured_media_url":"https:\/\/i0.wp.com\/infos-droitshumains.net\/wp-content\/uploads\/2022\/06\/Screenshot_20220611-155123_1.jpg?fit=720%2C362&ssl=1","jetpack-related-posts":[],"jetpack_sharing_enabled":true,"_links":{"self":[{"href":"https:\/\/infos-droitshumains.net\/index.php?rest_route=\/wp\/v2\/posts\/4238","targetHints":{"allow":["GET"]}}],"collection":[{"href":"https:\/\/infos-droitshumains.net\/index.php?rest_route=\/wp\/v2\/posts"}],"about":[{"href":"https:\/\/infos-droitshumains.net\/index.php?rest_route=\/wp\/v2\/types\/post"}],"author":[{"embeddable":true,"href":"https:\/\/infos-droitshumains.net\/index.php?rest_route=\/wp\/v2\/users\/2"}],"replies":[{"embeddable":true,"href":"https:\/\/infos-droitshumains.net\/index.php?rest_route=%2Fwp%2Fv2%2Fcomments&post=4238"}],"version-history":[{"count":4,"href":"https:\/\/infos-droitshumains.net\/index.php?rest_route=\/wp\/v2\/posts\/4238\/revisions"}],"predecessor-version":[{"id":4258,"href":"https:\/\/infos-droitshumains.net\/index.php?rest_route=\/wp\/v2\/posts\/4238\/revisions\/4258"}],"wp:featuredmedia":[{"embeddable":true,"href":"https:\/\/infos-droitshumains.net\/index.php?rest_route=\/wp\/v2\/media\/4241"}],"wp:attachment":[{"href":"https:\/\/infos-droitshumains.net\/index.php?rest_route=%2Fwp%2Fv2%2Fmedia&parent=4238"}],"wp:term":[{"taxonomy":"category","embeddable":true,"href":"https:\/\/infos-droitshumains.net\/index.php?rest_route=%2Fwp%2Fv2%2Fcategories&post=4238"},{"taxonomy":"post_tag","embeddable":true,"href":"https:\/\/infos-droitshumains.net\/index.php?rest_route=%2Fwp%2Fv2%2Ftags&post=4238"}],"curies":[{"name":"wp","href":"https:\/\/api.w.org\/{rel}","templated":true}]}}