{"id":4125,"date":"2022-06-06T16:52:02","date_gmt":"2022-06-06T14:52:02","guid":{"rendered":"https:\/\/infos-droitshumains.net\/?p=4125"},"modified":"2022-06-06T17:04:02","modified_gmt":"2022-06-06T15:04:02","slug":"il-ny-a-pas-de-doute-le-rwanda-a-soutenu-les-m23-pour-venir-agresser-la-rdc-felix-tshisekedi-brise-la-glace","status":"publish","type":"post","link":"https:\/\/infos-droitshumains.net\/?p=4125","title":{"rendered":"Il n\u2019y a pas de doute, le Rwanda a soutenu les M23 pour venir agresser la RDC : F\u00e9lix Tshisekedi brise la glace"},"content":{"rendered":"\n<p><strong>R\u00e9daction:+243817406088<\/strong><\/p>\n\n\n\n<p>Le pr\u00e9sident de la R\u00e9publique D\u00e9mocratique du Congo a cl\u00f4tur\u00e9 ce dimanche, sa visite de travail effectu\u00e9e \u00e0 Oyo pendant 48h.<\/p>\n\n\n\n<figure class=\"wp-block-image alignfull size-large\"><img data-recalc-dims=\"1\" fetchpriority=\"high\" decoding=\"async\" width=\"640\" height=\"427\" src=\"https:\/\/i0.wp.com\/infos-droitshumains.net\/wp-content\/uploads\/2022\/06\/20220606_154624.jpg?resize=640%2C427&#038;ssl=1\" alt=\"\" class=\"wp-image-4128\" srcset=\"https:\/\/i0.wp.com\/infos-droitshumains.net\/wp-content\/uploads\/2022\/06\/20220606_154624.jpg?resize=1024%2C683&amp;ssl=1 1024w, https:\/\/i0.wp.com\/infos-droitshumains.net\/wp-content\/uploads\/2022\/06\/20220606_154624.jpg?resize=300%2C200&amp;ssl=1 300w, https:\/\/i0.wp.com\/infos-droitshumains.net\/wp-content\/uploads\/2022\/06\/20220606_154624.jpg?resize=768%2C512&amp;ssl=1 768w, https:\/\/i0.wp.com\/infos-droitshumains.net\/wp-content\/uploads\/2022\/06\/20220606_154624.jpg?w=1080&amp;ssl=1 1080w\" sizes=\"(max-width: 640px) 100vw, 640px\" \/><\/figure>\n\n\n\n<p>Cette rencontre intervenait dans un climat de discorde entre la RDC et le Rwanda. Ce dernier que Kinshasa accuse de soutenir les rebelles du M23 qui attaque sa partie Est.<\/p>\n\n\n\n<p>Au cours du point de presse Co-anim\u00e9 avec son homologue du Congo Brazzaville \u00e0 l\u2019issue de sa visite, F\u00e9lix Tshisekedi a r\u00e9it\u00e9r\u00e9 sa volont\u00e9 et sa d\u00e9termination d\u2019engager la RDC sur la voie de la paix avec tous ses voisins pour la stabilit\u00e9 et le d\u00e9veloppement de la sous-r\u00e9gion.<\/p>\n\n\n\n<p><em>\u00ab D\u00e8s mon accession au pouvoir, j\u2019ai voulu envoyer un message tr\u00e8s clair \u00e0 tous les pays fr\u00e8res voisins. Un message de paix, un message de solidarit\u00e9 pour que nous puissions ensemble pour faire face aux difficult\u00e9s et tourner nos pays vers le d\u00e9veloppement J\u2019ai toujours soutenu qu\u2019il fallait plut\u00f4t construire des ponts au lieu de construire des murs. Malheureusement aujourd\u2019hui, nous en sommes l\u00e0 o\u00f9 nous sommes. Je suis le premier affect\u00e9, et j\u2019esp\u00e8re que la situation n\u2019en restera pas l\u00e0\u00bb<\/em>, a dit le pr\u00e9sident de la RDC.<\/p>\n\n\n\n<figure class=\"wp-block-image alignfull size-large\"><img data-recalc-dims=\"1\" decoding=\"async\" width=\"640\" height=\"427\" src=\"https:\/\/i0.wp.com\/infos-droitshumains.net\/wp-content\/uploads\/2022\/06\/20220606_154616.jpg?resize=640%2C427&#038;ssl=1\" alt=\"\" class=\"wp-image-4131\" srcset=\"https:\/\/i0.wp.com\/infos-droitshumains.net\/wp-content\/uploads\/2022\/06\/20220606_154616.jpg?resize=1024%2C683&amp;ssl=1 1024w, https:\/\/i0.wp.com\/infos-droitshumains.net\/wp-content\/uploads\/2022\/06\/20220606_154616.jpg?resize=300%2C200&amp;ssl=1 300w, https:\/\/i0.wp.com\/infos-droitshumains.net\/wp-content\/uploads\/2022\/06\/20220606_154616.jpg?resize=768%2C512&amp;ssl=1 768w, https:\/\/i0.wp.com\/infos-droitshumains.net\/wp-content\/uploads\/2022\/06\/20220606_154616.jpg?w=1080&amp;ssl=1 1080w\" sizes=\"(max-width: 640px) 100vw, 640px\" \/><\/figure>\n\n\n\n<p>Pour lui, cette paix qu\u2019il a toujours cherch\u00e9e depuis son av\u00e8nement \u00e0 la magistrature supr\u00eame, n\u2019est pas \u00e0 consid\u00e9rer par les pays voisins comme une faiblesse.<\/p>\n\n\n\n<p><em>\u00ab Le fait de vouloir la paix, la fraternit\u00e9, la solidarit\u00e9, n\u2019est pas une faiblesse. La RDC que je voudrai voire est un pays ou r\u00e8gne la paix, la s\u00e9curit\u00e9 l\u2019hospitalit\u00e9. Mais cela ne doit pas constituer une occasion pour les voisins de venir nous provoquer \u00bb,<\/em> a-t-il rench\u00e9rit.<\/p>\n\n\n\n<p>F\u00e9lix Tshisekedi a \u00e0 cette occasion, d\u00e9noncer publiquement pour la premi\u00e8re fois, le soutien que le Rwanda apporte aux rebelles du M23.<\/p>\n\n\n\n<p><em>\u00ab Aujourd\u2019hui c\u2019est clair, il n\u2019y a pas de doute, le Rwanda a soutenu les M23 pour venir agresser la R\u00e9publique D\u00e9mocratique du Congo. J\u2019en veut pour preuve, en 2013, les m\u00eame M23 \u00e9taient totalement d\u00e9faits. Si aujourd\u2019hui ils ont repris du poil de la b\u00eate, \u00e7a veut dire qu\u2019ils sont partis de quelque part \u00bb.<\/em><\/p>\n\n\n\n<p>En d\u00e9pit de ce fait, le Chef de l\u2019Etat congolais reste convaincu que les pourparlers entam\u00e9s ne seront pas affect\u00e9s par cette situation. D\u2019o\u00f9, sa demande \u00e0 toutes les parties prenantes \u00e0 revenir au bon sens pour faire avancer le processus.<\/p>\n\n\n\n<p>Jo\u00ebl Diawa<\/p>\n","protected":false},"excerpt":{"rendered":"<p>R\u00e9daction:+243817406088 Le pr\u00e9sident de la R\u00e9publique D\u00e9mocratique du Congo a cl\u00f4tur\u00e9 ce dimanche, sa visite&#8230;<\/p>\n","protected":false},"author":2,"featured_media":4136,"comment_status":"open","ping_status":"open","sticky":false,"template":"","format":"standard","meta":{"_jetpack_memberships_contains_paid_content":false,"footnotes":""},"categories":[3],"tags":[],"class_list":["post-4125","post","type-post","status-publish","format-standard","has-post-thumbnail","hentry","category-politique"],"yoast_head":"<!-- This site is optimized with the Yoast SEO plugin v27.5 - https:\/\/yoast.com\/product\/yoast-seo-wordpress\/ -->\n<title>Il n\u2019y a pas de doute, le Rwanda a soutenu les M23 pour venir agresser la RDC : F\u00e9lix Tshisekedi brise la glace - Infos Droits Humains<\/title>\n<meta name=\"robots\" content=\"index, follow, max-snippet:-1, max-image-preview:large, max-video-preview:-1\" \/>\n<link rel=\"canonical\" href=\"https:\/\/infos-droitshumains.net\/?p=4125\" \/>\n<meta property=\"og:locale\" content=\"fr_FR\" \/>\n<meta property=\"og:type\" content=\"article\" \/>\n<meta property=\"og:title\" content=\"Il n\u2019y a pas de doute, le Rwanda a soutenu les M23 pour venir agresser la RDC : F\u00e9lix Tshisekedi brise la glace - Infos Droits Humains\" \/>\n<meta property=\"og:description\" content=\"R\u00e9daction:+243817406088 Le pr\u00e9sident de la R\u00e9publique D\u00e9mocratique du Congo a cl\u00f4tur\u00e9 ce dimanche, sa visite...\" \/>\n<meta property=\"og:url\" content=\"https:\/\/infos-droitshumains.net\/?p=4125\" \/>\n<meta property=\"og:site_name\" content=\"Infos Droits Humains\" \/>\n<meta property=\"article:published_time\" content=\"2022-06-06T14:52:02+00:00\" \/>\n<meta property=\"article:modified_time\" content=\"2022-06-06T15:04:02+00:00\" \/>\n<meta property=\"og:image\" content=\"https:\/\/i0.wp.com\/infos-droitshumains.net\/wp-content\/uploads\/2022\/06\/20220606_154609.jpg?fit=717%2C672&ssl=1\" \/>\n\t<meta property=\"og:image:width\" content=\"717\" \/>\n\t<meta property=\"og:image:height\" content=\"672\" \/>\n\t<meta property=\"og:image:type\" content=\"image\/jpeg\" \/>\n<meta name=\"author\" content=\"Jo\u00ebl Diawa\" \/>\n<meta name=\"twitter:card\" content=\"summary_large_image\" \/>\n<meta name=\"twitter:label1\" content=\"\u00c9crit par\" \/>\n\t<meta name=\"twitter:data1\" content=\"Jo\u00ebl Diawa\" \/>\n\t<meta name=\"twitter:label2\" content=\"Dur\u00e9e de lecture estim\u00e9e\" \/>\n\t<meta name=\"twitter:data2\" content=\"2 minutes\" \/>\n<script type=\"application\/ld+json\" class=\"yoast-schema-graph\">{\"@context\":\"https:\\\/\\\/schema.org\",\"@graph\":[{\"@type\":\"Article\",\"@id\":\"https:\\\/\\\/infos-droitshumains.net\\\/?p=4125#article\",\"isPartOf\":{\"@id\":\"https:\\\/\\\/infos-droitshumains.net\\\/?p=4125\"},\"author\":{\"name\":\"Jo\u00ebl Diawa\",\"@id\":\"https:\\\/\\\/infos-droitshumains.net\\\/#\\\/schema\\\/person\\\/3dc5e921c3302172e0ed4362f96faab7\"},\"headline\":\"Il n\u2019y a pas de doute, le Rwanda a soutenu les M23 pour venir agresser la RDC : F\u00e9lix Tshisekedi brise la glace\",\"datePublished\":\"2022-06-06T14:52:02+00:00\",\"dateModified\":\"2022-06-06T15:04:02+00:00\",\"mainEntityOfPage\":{\"@id\":\"https:\\\/\\\/infos-droitshumains.net\\\/?p=4125\"},\"wordCount\":455,\"commentCount\":0,\"publisher\":{\"@id\":\"https:\\\/\\\/infos-droitshumains.net\\\/#organization\"},\"image\":{\"@id\":\"https:\\\/\\\/infos-droitshumains.net\\\/?p=4125#primaryimage\"},\"thumbnailUrl\":\"https:\\\/\\\/i0.wp.com\\\/infos-droitshumains.net\\\/wp-content\\\/uploads\\\/2022\\\/06\\\/20220606_154609.jpg?fit=717%2C672&ssl=1\",\"articleSection\":[\"Politique\"],\"inLanguage\":\"fr-FR\",\"potentialAction\":[{\"@type\":\"CommentAction\",\"name\":\"Comment\",\"target\":[\"https:\\\/\\\/infos-droitshumains.net\\\/?p=4125#respond\"]}]},{\"@type\":\"WebPage\",\"@id\":\"https:\\\/\\\/infos-droitshumains.net\\\/?p=4125\",\"url\":\"https:\\\/\\\/infos-droitshumains.net\\\/?p=4125\",\"name\":\"Il n\u2019y a pas de doute, le Rwanda a soutenu les M23 pour venir agresser la RDC : F\u00e9lix Tshisekedi brise la glace - Infos Droits Humains\",\"isPartOf\":{\"@id\":\"https:\\\/\\\/infos-droitshumains.net\\\/#website\"},\"primaryImageOfPage\":{\"@id\":\"https:\\\/\\\/infos-droitshumains.net\\\/?p=4125#primaryimage\"},\"image\":{\"@id\":\"https:\\\/\\\/infos-droitshumains.net\\\/?p=4125#primaryimage\"},\"thumbnailUrl\":\"https:\\\/\\\/i0.wp.com\\\/infos-droitshumains.net\\\/wp-content\\\/uploads\\\/2022\\\/06\\\/20220606_154609.jpg?fit=717%2C672&ssl=1\",\"datePublished\":\"2022-06-06T14:52:02+00:00\",\"dateModified\":\"2022-06-06T15:04:02+00:00\",\"breadcrumb\":{\"@id\":\"https:\\\/\\\/infos-droitshumains.net\\\/?p=4125#breadcrumb\"},\"inLanguage\":\"fr-FR\",\"potentialAction\":[{\"@type\":\"ReadAction\",\"target\":[\"https:\\\/\\\/infos-droitshumains.net\\\/?p=4125\"]}]},{\"@type\":\"ImageObject\",\"inLanguage\":\"fr-FR\",\"@id\":\"https:\\\/\\\/infos-droitshumains.net\\\/?p=4125#primaryimage\",\"url\":\"https:\\\/\\\/i0.wp.com\\\/infos-droitshumains.net\\\/wp-content\\\/uploads\\\/2022\\\/06\\\/20220606_154609.jpg?fit=717%2C672&ssl=1\",\"contentUrl\":\"https:\\\/\\\/i0.wp.com\\\/infos-droitshumains.net\\\/wp-content\\\/uploads\\\/2022\\\/06\\\/20220606_154609.jpg?fit=717%2C672&ssl=1\",\"width\":717,\"height\":672},{\"@type\":\"BreadcrumbList\",\"@id\":\"https:\\\/\\\/infos-droitshumains.net\\\/?p=4125#breadcrumb\",\"itemListElement\":[{\"@type\":\"ListItem\",\"position\":1,\"name\":\"Accueil\",\"item\":\"https:\\\/\\\/infos-droitshumains.net\\\/\"},{\"@type\":\"ListItem\",\"position\":2,\"name\":\"Il n\u2019y a pas de doute, le Rwanda a soutenu les M23 pour venir agresser la RDC : F\u00e9lix Tshisekedi brise la glace\"}]},{\"@type\":\"WebSite\",\"@id\":\"https:\\\/\\\/infos-droitshumains.net\\\/#website\",\"url\":\"https:\\\/\\\/infos-droitshumains.net\\\/\",\"name\":\"Infos Droits Humains\",\"description\":\"S&#039;informer est un droit\",\"publisher\":{\"@id\":\"https:\\\/\\\/infos-droitshumains.net\\\/#organization\"},\"potentialAction\":[{\"@type\":\"SearchAction\",\"target\":{\"@type\":\"EntryPoint\",\"urlTemplate\":\"https:\\\/\\\/infos-droitshumains.net\\\/?s={search_term_string}\"},\"query-input\":{\"@type\":\"PropertyValueSpecification\",\"valueRequired\":true,\"valueName\":\"search_term_string\"}}],\"inLanguage\":\"fr-FR\"},{\"@type\":\"Organization\",\"@id\":\"https:\\\/\\\/infos-droitshumains.net\\\/#organization\",\"name\":\"Infos Droits Humains\",\"url\":\"https:\\\/\\\/infos-droitshumains.net\\\/\",\"logo\":{\"@type\":\"ImageObject\",\"inLanguage\":\"fr-FR\",\"@id\":\"https:\\\/\\\/infos-droitshumains.net\\\/#\\\/schema\\\/logo\\\/image\\\/\",\"url\":\"https:\\\/\\\/i0.wp.com\\\/infos-droitshumains.net\\\/wp-content\\\/uploads\\\/2022\\\/05\\\/Logo.png?fit=333%2C129&ssl=1\",\"contentUrl\":\"https:\\\/\\\/i0.wp.com\\\/infos-droitshumains.net\\\/wp-content\\\/uploads\\\/2022\\\/05\\\/Logo.png?fit=333%2C129&ssl=1\",\"width\":333,\"height\":129,\"caption\":\"Infos Droits Humains\"},\"image\":{\"@id\":\"https:\\\/\\\/infos-droitshumains.net\\\/#\\\/schema\\\/logo\\\/image\\\/\"}},{\"@type\":\"Person\",\"@id\":\"https:\\\/\\\/infos-droitshumains.net\\\/#\\\/schema\\\/person\\\/3dc5e921c3302172e0ed4362f96faab7\",\"name\":\"Jo\u00ebl Diawa\",\"image\":{\"@type\":\"ImageObject\",\"inLanguage\":\"fr-FR\",\"@id\":\"https:\\\/\\\/secure.gravatar.com\\\/avatar\\\/729bea6ff4604c624417803c477363be8e3c7186deaa65713313f9b4b820f41c?s=96&d=mm&r=g\",\"url\":\"https:\\\/\\\/secure.gravatar.com\\\/avatar\\\/729bea6ff4604c624417803c477363be8e3c7186deaa65713313f9b4b820f41c?s=96&d=mm&r=g\",\"contentUrl\":\"https:\\\/\\\/secure.gravatar.com\\\/avatar\\\/729bea6ff4604c624417803c477363be8e3c7186deaa65713313f9b4b820f41c?s=96&d=mm&r=g\",\"caption\":\"Jo\u00ebl Diawa\"},\"sameAs\":[\"https:\\\/\\\/www.infos-droitshumains.net\"],\"url\":\"https:\\\/\\\/infos-droitshumains.net\\\/?author=2\"}]}<\/script>\n<!-- \/ Yoast SEO plugin. -->","yoast_head_json":{"title":"Il n\u2019y a pas de doute, le Rwanda a soutenu les M23 pour venir agresser la RDC : F\u00e9lix Tshisekedi brise la glace - Infos Droits Humains","robots":{"index":"index","follow":"follow","max-snippet":"max-snippet:-1","max-image-preview":"max-image-preview:large","max-video-preview":"max-video-preview:-1"},"canonical":"https:\/\/infos-droitshumains.net\/?p=4125","og_locale":"fr_FR","og_type":"article","og_title":"Il n\u2019y a pas de doute, le Rwanda a soutenu les M23 pour venir agresser la RDC : F\u00e9lix Tshisekedi brise la glace - Infos Droits Humains","og_description":"R\u00e9daction:+243817406088 Le pr\u00e9sident de la R\u00e9publique D\u00e9mocratique du Congo a cl\u00f4tur\u00e9 ce dimanche, sa visite...","og_url":"https:\/\/infos-droitshumains.net\/?p=4125","og_site_name":"Infos Droits Humains","article_published_time":"2022-06-06T14:52:02+00:00","article_modified_time":"2022-06-06T15:04:02+00:00","og_image":[{"width":717,"height":672,"url":"https:\/\/i0.wp.com\/infos-droitshumains.net\/wp-content\/uploads\/2022\/06\/20220606_154609.jpg?fit=717%2C672&ssl=1","type":"image\/jpeg"}],"author":"Jo\u00ebl Diawa","twitter_card":"summary_large_image","twitter_misc":{"\u00c9crit par":"Jo\u00ebl Diawa","Dur\u00e9e de lecture estim\u00e9e":"2 minutes"},"schema":{"@context":"https:\/\/schema.org","@graph":[{"@type":"Article","@id":"https:\/\/infos-droitshumains.net\/?p=4125#article","isPartOf":{"@id":"https:\/\/infos-droitshumains.net\/?p=4125"},"author":{"name":"Jo\u00ebl Diawa","@id":"https:\/\/infos-droitshumains.net\/#\/schema\/person\/3dc5e921c3302172e0ed4362f96faab7"},"headline":"Il n\u2019y a pas de doute, le Rwanda a soutenu les M23 pour venir agresser la RDC : F\u00e9lix Tshisekedi brise la glace","datePublished":"2022-06-06T14:52:02+00:00","dateModified":"2022-06-06T15:04:02+00:00","mainEntityOfPage":{"@id":"https:\/\/infos-droitshumains.net\/?p=4125"},"wordCount":455,"commentCount":0,"publisher":{"@id":"https:\/\/infos-droitshumains.net\/#organization"},"image":{"@id":"https:\/\/infos-droitshumains.net\/?p=4125#primaryimage"},"thumbnailUrl":"https:\/\/i0.wp.com\/infos-droitshumains.net\/wp-content\/uploads\/2022\/06\/20220606_154609.jpg?fit=717%2C672&ssl=1","articleSection":["Politique"],"inLanguage":"fr-FR","potentialAction":[{"@type":"CommentAction","name":"Comment","target":["https:\/\/infos-droitshumains.net\/?p=4125#respond"]}]},{"@type":"WebPage","@id":"https:\/\/infos-droitshumains.net\/?p=4125","url":"https:\/\/infos-droitshumains.net\/?p=4125","name":"Il n\u2019y a pas de doute, le Rwanda a soutenu les M23 pour venir agresser la RDC : F\u00e9lix Tshisekedi brise la glace - Infos Droits Humains","isPartOf":{"@id":"https:\/\/infos-droitshumains.net\/#website"},"primaryImageOfPage":{"@id":"https:\/\/infos-droitshumains.net\/?p=4125#primaryimage"},"image":{"@id":"https:\/\/infos-droitshumains.net\/?p=4125#primaryimage"},"thumbnailUrl":"https:\/\/i0.wp.com\/infos-droitshumains.net\/wp-content\/uploads\/2022\/06\/20220606_154609.jpg?fit=717%2C672&ssl=1","datePublished":"2022-06-06T14:52:02+00:00","dateModified":"2022-06-06T15:04:02+00:00","breadcrumb":{"@id":"https:\/\/infos-droitshumains.net\/?p=4125#breadcrumb"},"inLanguage":"fr-FR","potentialAction":[{"@type":"ReadAction","target":["https:\/\/infos-droitshumains.net\/?p=4125"]}]},{"@type":"ImageObject","inLanguage":"fr-FR","@id":"https:\/\/infos-droitshumains.net\/?p=4125#primaryimage","url":"https:\/\/i0.wp.com\/infos-droitshumains.net\/wp-content\/uploads\/2022\/06\/20220606_154609.jpg?fit=717%2C672&ssl=1","contentUrl":"https:\/\/i0.wp.com\/infos-droitshumains.net\/wp-content\/uploads\/2022\/06\/20220606_154609.jpg?fit=717%2C672&ssl=1","width":717,"height":672},{"@type":"BreadcrumbList","@id":"https:\/\/infos-droitshumains.net\/?p=4125#breadcrumb","itemListElement":[{"@type":"ListItem","position":1,"name":"Accueil","item":"https:\/\/infos-droitshumains.net\/"},{"@type":"ListItem","position":2,"name":"Il n\u2019y a pas de doute, le Rwanda a soutenu les M23 pour venir agresser la RDC : F\u00e9lix Tshisekedi brise la glace"}]},{"@type":"WebSite","@id":"https:\/\/infos-droitshumains.net\/#website","url":"https:\/\/infos-droitshumains.net\/","name":"Infos Droits Humains","description":"S&#039;informer est un droit","publisher":{"@id":"https:\/\/infos-droitshumains.net\/#organization"},"potentialAction":[{"@type":"SearchAction","target":{"@type":"EntryPoint","urlTemplate":"https:\/\/infos-droitshumains.net\/?s={search_term_string}"},"query-input":{"@type":"PropertyValueSpecification","valueRequired":true,"valueName":"search_term_string"}}],"inLanguage":"fr-FR"},{"@type":"Organization","@id":"https:\/\/infos-droitshumains.net\/#organization","name":"Infos Droits Humains","url":"https:\/\/infos-droitshumains.net\/","logo":{"@type":"ImageObject","inLanguage":"fr-FR","@id":"https:\/\/infos-droitshumains.net\/#\/schema\/logo\/image\/","url":"https:\/\/i0.wp.com\/infos-droitshumains.net\/wp-content\/uploads\/2022\/05\/Logo.png?fit=333%2C129&ssl=1","contentUrl":"https:\/\/i0.wp.com\/infos-droitshumains.net\/wp-content\/uploads\/2022\/05\/Logo.png?fit=333%2C129&ssl=1","width":333,"height":129,"caption":"Infos Droits Humains"},"image":{"@id":"https:\/\/infos-droitshumains.net\/#\/schema\/logo\/image\/"}},{"@type":"Person","@id":"https:\/\/infos-droitshumains.net\/#\/schema\/person\/3dc5e921c3302172e0ed4362f96faab7","name":"Jo\u00ebl Diawa","image":{"@type":"ImageObject","inLanguage":"fr-FR","@id":"https:\/\/secure.gravatar.com\/avatar\/729bea6ff4604c624417803c477363be8e3c7186deaa65713313f9b4b820f41c?s=96&d=mm&r=g","url":"https:\/\/secure.gravatar.com\/avatar\/729bea6ff4604c624417803c477363be8e3c7186deaa65713313f9b4b820f41c?s=96&d=mm&r=g","contentUrl":"https:\/\/secure.gravatar.com\/avatar\/729bea6ff4604c624417803c477363be8e3c7186deaa65713313f9b4b820f41c?s=96&d=mm&r=g","caption":"Jo\u00ebl Diawa"},"sameAs":["https:\/\/www.infos-droitshumains.net"],"url":"https:\/\/infos-droitshumains.net\/?author=2"}]}},"featured_image_urls":{"full":["https:\/\/i0.wp.com\/infos-droitshumains.net\/wp-content\/uploads\/2022\/06\/20220606_154609.jpg?fit=717%2C672&ssl=1",717,672,false],"thumbnail":["https:\/\/i0.wp.com\/infos-droitshumains.net\/wp-content\/uploads\/2022\/06\/20220606_154609.jpg?resize=150%2C150&ssl=1",150,150,true],"medium":["https:\/\/i0.wp.com\/infos-droitshumains.net\/wp-content\/uploads\/2022\/06\/20220606_154609.jpg?fit=300%2C281&ssl=1",300,281,true],"medium_large":["https:\/\/i0.wp.com\/infos-droitshumains.net\/wp-content\/uploads\/2022\/06\/20220606_154609.jpg?fit=640%2C600&ssl=1",640,600,true],"large":["https:\/\/i0.wp.com\/infos-droitshumains.net\/wp-content\/uploads\/2022\/06\/20220606_154609.jpg?fit=640%2C600&ssl=1",640,600,true],"1536x1536":["https:\/\/i0.wp.com\/infos-droitshumains.net\/wp-content\/uploads\/2022\/06\/20220606_154609.jpg?fit=717%2C672&ssl=1",717,672,true],"2048x2048":["https:\/\/i0.wp.com\/infos-droitshumains.net\/wp-content\/uploads\/2022\/06\/20220606_154609.jpg?fit=717%2C672&ssl=1",717,672,true],"covernews-slider-full":["https:\/\/i0.wp.com\/infos-droitshumains.net\/wp-content\/uploads\/2022\/06\/20220606_154609.jpg?resize=717%2C672&ssl=1",717,672,true],"covernews-slider-center":["https:\/\/i0.wp.com\/infos-droitshumains.net\/wp-content\/uploads\/2022\/06\/20220606_154609.jpg?resize=717%2C500&ssl=1",717,500,true],"covernews-featured":["https:\/\/i0.wp.com\/infos-droitshumains.net\/wp-content\/uploads\/2022\/06\/20220606_154609.jpg?fit=717%2C672&ssl=1",717,672,true],"covernews-medium":["https:\/\/i0.wp.com\/infos-droitshumains.net\/wp-content\/uploads\/2022\/06\/20220606_154609.jpg?resize=540%2C340&ssl=1",540,340,true],"covernews-medium-square":["https:\/\/i0.wp.com\/infos-droitshumains.net\/wp-content\/uploads\/2022\/06\/20220606_154609.jpg?resize=400%2C250&ssl=1",400,250,true]},"author_info":{"display_name":"Jo\u00ebl Diawa","author_link":"https:\/\/infos-droitshumains.net\/?author=2"},"category_info":"<a href=\"https:\/\/infos-droitshumains.net\/?cat=3\" rel=\"category\">Politique<\/a>","tag_info":"Politique","comment_count":"0","jetpack_featured_media_url":"https:\/\/i0.wp.com\/infos-droitshumains.net\/wp-content\/uploads\/2022\/06\/20220606_154609.jpg?fit=717%2C672&ssl=1","jetpack-related-posts":[],"jetpack_sharing_enabled":true,"_links":{"self":[{"href":"https:\/\/infos-droitshumains.net\/index.php?rest_route=\/wp\/v2\/posts\/4125","targetHints":{"allow":["GET"]}}],"collection":[{"href":"https:\/\/infos-droitshumains.net\/index.php?rest_route=\/wp\/v2\/posts"}],"about":[{"href":"https:\/\/infos-droitshumains.net\/index.php?rest_route=\/wp\/v2\/types\/post"}],"author":[{"embeddable":true,"href":"https:\/\/infos-droitshumains.net\/index.php?rest_route=\/wp\/v2\/users\/2"}],"replies":[{"embeddable":true,"href":"https:\/\/infos-droitshumains.net\/index.php?rest_route=%2Fwp%2Fv2%2Fcomments&post=4125"}],"version-history":[{"count":4,"href":"https:\/\/infos-droitshumains.net\/index.php?rest_route=\/wp\/v2\/posts\/4125\/revisions"}],"predecessor-version":[{"id":4133,"href":"https:\/\/infos-droitshumains.net\/index.php?rest_route=\/wp\/v2\/posts\/4125\/revisions\/4133"}],"wp:featuredmedia":[{"embeddable":true,"href":"https:\/\/infos-droitshumains.net\/index.php?rest_route=\/wp\/v2\/media\/4136"}],"wp:attachment":[{"href":"https:\/\/infos-droitshumains.net\/index.php?rest_route=%2Fwp%2Fv2%2Fmedia&parent=4125"}],"wp:term":[{"taxonomy":"category","embeddable":true,"href":"https:\/\/infos-droitshumains.net\/index.php?rest_route=%2Fwp%2Fv2%2Fcategories&post=4125"},{"taxonomy":"post_tag","embeddable":true,"href":"https:\/\/infos-droitshumains.net\/index.php?rest_route=%2Fwp%2Fv2%2Ftags&post=4125"}],"curies":[{"name":"wp","href":"https:\/\/api.w.org\/{rel}","templated":true}]}}