{"id":3949,"date":"2022-05-31T02:13:05","date_gmt":"2022-05-31T00:13:05","guid":{"rendered":"https:\/\/infos-droitshumains.net\/?p=3949"},"modified":"2022-05-31T02:22:20","modified_gmt":"2022-05-31T00:22:20","slug":"production-de-lhydrogene-vert-a-partir-du-projet-grand-inga-le-premier-ministre-sama-lukonde-favorable-a-la-signature-dun-accord-de-cooperation-entre-la-rdc-et-le-groupe-australien","status":"publish","type":"post","link":"https:\/\/infos-droitshumains.net\/?p=3949","title":{"rendered":"Production de l\u2019hydrog\u00e8ne vert \u00e0 partir du projet Grand Inga: Le Premier Ministre Sama Lukonde favorable \u00e0 la signature d\u2019un accord de coop\u00e9ration entre la RDC et le groupe australien FFI"},"content":{"rendered":"\n<p><strong>R\u00e9daction :+243817406088<\/strong><\/p>\n\n\n\n<p>Le Premier Ministre, Jean-Michel Sama Lukonde Kyenge, a re\u00e7u, ce lundi 30 mai, une d\u00e9l\u00e9gation du groupe australien FFI (Fortescue Future Industries) venue lui pr\u00e9senter le rapport sur l\u2019\u00e9tat d\u2019avancement de leur projet en RDC en vue de la signature d\u2019un accord de coop\u00e9ration pour la production de l\u2019hydrog\u00e8ne vert \u00e0 partir du projet Grand Inga dans le cadre de la transition \u00e9nerg\u00e9tique.<\/p>\n\n\n\n<p>\u00c9voluant dans les mines en Australie, FFI veut se lancer, en RDC, principalement dans la production de l\u2019hydrog\u00e8ne vert, un produit adapt\u00e9 pour la transition \u00e9nerg\u00e9tique, la production de l\u2019ammoniac vert, et le traitement des m\u00e9taux verts pour la consommation locale et pour l\u2019exportation. Il compte produire 70 m\u00e9gawatts d\u2019\u00e9nergie verte au total, soit 15 du barrage de Pioka, 15 du barrage de Matadi, et 40 du grand INGA.<\/p>\n\n\n\n<p>de Fortescue Future Industries l\u2019a d\u00e9clar\u00e9 \u00e0 la presse au sortir de cette s\u00e9ance de travail avec le Chef du Gouvernement.<\/p>\n\n\n\n<p><em>\u00ab FFI est tr\u00e8s engag\u00e9 \u00e0 d\u00e9velopper son projet en RDC. Il (le Premier Ministre) a donn\u00e9 son soutien total a ce projet. Notre \u00e9quipe des techniciens est en train de travailler aussi bien sur les aspects techniques que sociaux. Il est important, pour notre compagnie, au-del\u00e0 de d\u00e9velopper le projet, de nous assurer que les communaut\u00e9s se d\u00e9veloppent correctement, l\u2019\u00e9ducation, la sant\u00e9, de la cr\u00e9ation des emplois, mais \u00e9galement des opportunit\u00e9s qui peuvent se cr\u00e9er en termes d\u2019entreprises qui peuvent saisir des contrats\u00bb<\/em>, a d\u00e9clar\u00e9 Julie Shuttleworth, Directrice G\u00e9n\u00e9rale de FFI au sortir de cette audience.<\/p>\n\n\n\n<p>Conduite par le conseiller sp\u00e9cial du Chef de l\u2019\u00c9tat en charge des Infrastructures, Alexis Kayembe, tout le staff dirigeant de cette entreprise \u00e9tait d\u00e9j\u00e0 arriv\u00e9 en septembre 2020 pour pr\u00e9senter ce projet au Premier Ministre de l\u2019\u00e9poque. Tr\u00e8s int\u00e9ress\u00e9 par le projet, le Chef de l\u2019\u00c9tat avait demand\u00e9 que le protocole d\u2019accord relatif \u00e0 ce projet soit sign\u00e9.<\/p>\n\n\n\n<p><em>\u00ab Ce qui est int\u00e9ressant pour nous aujourd\u2019hui, c\u2019est d\u2019avoir des partenaires qui promettent et qui r\u00e9alisent. On ne peut pas seulement produire de l\u2019\u00e9lectricit\u00e9 pour la consommer directement. L\u2019\u00e9lectricit\u00e9 devient maintenant un produit marchand qui va faciliter la production d\u2019autres produits de valeur ajout\u00e9e. FFI est l\u2019un des rares partenaires qui arrivent et ne demande pas de garantie souveraine, ni de titre minier pour pouvoir organiser le projet\u00bb<\/em>, a-t-elle rench\u00e9ri.<\/p>\n\n\n\n<p>Aussit\u00f4t l\u2019addendum sur le contrat sign\u00e9, le rythme des travaux va s\u2019acc\u00e9l\u00e9rer pour \u00eatre en mesure de faire du d\u00e9veloppement au b\u00e9n\u00e9fice de tous, rassure le staff de FFI.<\/p>\n\n\n\n<p>Tout en gardant le leadership du projet Grand Inga qui englobe Inga 3 et p\u00e8se plus de 40 milliards de dollars am\u00e9ricains, FFI reste ouvert aux autres partenaires qui peuvent respecter les m\u00eames principes que lui, c\u2019est-\u00e0-dire, travailler avec int\u00e9grit\u00e9, et employer des Congolais, ne pas amener des ouvriers des autres pays, former les Congolais et respecter les lois du pays.<\/p>\n\n\n\n<p>Jo\u00ebl Diawa<\/p>\n","protected":false},"excerpt":{"rendered":"<p>R\u00e9daction :+243817406088 Le Premier Ministre, Jean-Michel Sama Lukonde Kyenge, a re\u00e7u, ce lundi 30 mai,&#8230;<\/p>\n","protected":false},"author":2,"featured_media":3953,"comment_status":"open","ping_status":"open","sticky":false,"template":"","format":"standard","meta":{"_jetpack_memberships_contains_paid_content":false,"footnotes":""},"categories":[3],"tags":[],"class_list":["post-3949","post","type-post","status-publish","format-standard","has-post-thumbnail","hentry","category-politique"],"yoast_head":"<!-- This site is optimized with the Yoast SEO plugin v27.5 - https:\/\/yoast.com\/product\/yoast-seo-wordpress\/ -->\n<title>Production de l\u2019hydrog\u00e8ne vert \u00e0 partir du projet Grand Inga: Le Premier Ministre Sama Lukonde favorable \u00e0 la signature d\u2019un accord de coop\u00e9ration entre la RDC et le groupe australien FFI - Infos Droits Humains<\/title>\n<meta name=\"robots\" content=\"index, follow, max-snippet:-1, max-image-preview:large, max-video-preview:-1\" \/>\n<link rel=\"canonical\" href=\"https:\/\/infos-droitshumains.net\/?p=3949\" \/>\n<meta property=\"og:locale\" content=\"fr_FR\" \/>\n<meta property=\"og:type\" content=\"article\" \/>\n<meta property=\"og:title\" content=\"Production de l\u2019hydrog\u00e8ne vert \u00e0 partir du projet Grand Inga: Le Premier Ministre Sama Lukonde favorable \u00e0 la signature d\u2019un accord de coop\u00e9ration entre la RDC et le groupe australien FFI - Infos Droits Humains\" \/>\n<meta property=\"og:description\" content=\"R\u00e9daction :+243817406088 Le Premier Ministre, Jean-Michel Sama Lukonde Kyenge, a re\u00e7u, ce lundi 30 mai,...\" \/>\n<meta property=\"og:url\" content=\"https:\/\/infos-droitshumains.net\/?p=3949\" \/>\n<meta property=\"og:site_name\" content=\"Infos Droits Humains\" \/>\n<meta property=\"article:published_time\" content=\"2022-05-31T00:13:05+00:00\" \/>\n<meta property=\"article:modified_time\" content=\"2022-05-31T00:22:20+00:00\" \/>\n<meta property=\"og:image\" content=\"https:\/\/infos-droitshumains.net\/wp-content\/uploads\/2022\/05\/20220530_232736.jpg\" \/>\n\t<meta property=\"og:image:width\" content=\"1080\" \/>\n\t<meta property=\"og:image:height\" content=\"810\" \/>\n\t<meta property=\"og:image:type\" content=\"image\/jpeg\" \/>\n<meta name=\"author\" content=\"Jo\u00ebl Diawa\" \/>\n<meta name=\"twitter:card\" content=\"summary_large_image\" \/>\n<meta name=\"twitter:label1\" content=\"\u00c9crit par\" \/>\n\t<meta name=\"twitter:data1\" content=\"Jo\u00ebl Diawa\" \/>\n\t<meta name=\"twitter:label2\" content=\"Dur\u00e9e de lecture estim\u00e9e\" \/>\n\t<meta name=\"twitter:data2\" content=\"3 minutes\" \/>\n<script type=\"application\/ld+json\" class=\"yoast-schema-graph\">{\"@context\":\"https:\\\/\\\/schema.org\",\"@graph\":[{\"@type\":\"Article\",\"@id\":\"https:\\\/\\\/infos-droitshumains.net\\\/?p=3949#article\",\"isPartOf\":{\"@id\":\"https:\\\/\\\/infos-droitshumains.net\\\/?p=3949\"},\"author\":{\"name\":\"Jo\u00ebl Diawa\",\"@id\":\"https:\\\/\\\/infos-droitshumains.net\\\/#\\\/schema\\\/person\\\/3dc5e921c3302172e0ed4362f96faab7\"},\"headline\":\"Production de l\u2019hydrog\u00e8ne vert \u00e0 partir du projet Grand Inga: Le Premier Ministre Sama Lukonde favorable \u00e0 la signature d\u2019un accord de coop\u00e9ration entre la RDC et le groupe australien FFI\",\"datePublished\":\"2022-05-31T00:13:05+00:00\",\"dateModified\":\"2022-05-31T00:22:20+00:00\",\"mainEntityOfPage\":{\"@id\":\"https:\\\/\\\/infos-droitshumains.net\\\/?p=3949\"},\"wordCount\":562,\"commentCount\":0,\"publisher\":{\"@id\":\"https:\\\/\\\/infos-droitshumains.net\\\/#organization\"},\"image\":{\"@id\":\"https:\\\/\\\/infos-droitshumains.net\\\/?p=3949#primaryimage\"},\"thumbnailUrl\":\"https:\\\/\\\/i0.wp.com\\\/infos-droitshumains.net\\\/wp-content\\\/uploads\\\/2022\\\/05\\\/20220530_232736.jpg?fit=1080%2C810&ssl=1\",\"articleSection\":[\"Politique\"],\"inLanguage\":\"fr-FR\",\"potentialAction\":[{\"@type\":\"CommentAction\",\"name\":\"Comment\",\"target\":[\"https:\\\/\\\/infos-droitshumains.net\\\/?p=3949#respond\"]}]},{\"@type\":\"WebPage\",\"@id\":\"https:\\\/\\\/infos-droitshumains.net\\\/?p=3949\",\"url\":\"https:\\\/\\\/infos-droitshumains.net\\\/?p=3949\",\"name\":\"Production de l\u2019hydrog\u00e8ne vert \u00e0 partir du projet Grand Inga: Le Premier Ministre Sama Lukonde favorable \u00e0 la signature d\u2019un accord de coop\u00e9ration entre la RDC et le groupe australien FFI - Infos Droits Humains\",\"isPartOf\":{\"@id\":\"https:\\\/\\\/infos-droitshumains.net\\\/#website\"},\"primaryImageOfPage\":{\"@id\":\"https:\\\/\\\/infos-droitshumains.net\\\/?p=3949#primaryimage\"},\"image\":{\"@id\":\"https:\\\/\\\/infos-droitshumains.net\\\/?p=3949#primaryimage\"},\"thumbnailUrl\":\"https:\\\/\\\/i0.wp.com\\\/infos-droitshumains.net\\\/wp-content\\\/uploads\\\/2022\\\/05\\\/20220530_232736.jpg?fit=1080%2C810&ssl=1\",\"datePublished\":\"2022-05-31T00:13:05+00:00\",\"dateModified\":\"2022-05-31T00:22:20+00:00\",\"breadcrumb\":{\"@id\":\"https:\\\/\\\/infos-droitshumains.net\\\/?p=3949#breadcrumb\"},\"inLanguage\":\"fr-FR\",\"potentialAction\":[{\"@type\":\"ReadAction\",\"target\":[\"https:\\\/\\\/infos-droitshumains.net\\\/?p=3949\"]}]},{\"@type\":\"ImageObject\",\"inLanguage\":\"fr-FR\",\"@id\":\"https:\\\/\\\/infos-droitshumains.net\\\/?p=3949#primaryimage\",\"url\":\"https:\\\/\\\/i0.wp.com\\\/infos-droitshumains.net\\\/wp-content\\\/uploads\\\/2022\\\/05\\\/20220530_232736.jpg?fit=1080%2C810&ssl=1\",\"contentUrl\":\"https:\\\/\\\/i0.wp.com\\\/infos-droitshumains.net\\\/wp-content\\\/uploads\\\/2022\\\/05\\\/20220530_232736.jpg?fit=1080%2C810&ssl=1\",\"width\":1080,\"height\":810},{\"@type\":\"BreadcrumbList\",\"@id\":\"https:\\\/\\\/infos-droitshumains.net\\\/?p=3949#breadcrumb\",\"itemListElement\":[{\"@type\":\"ListItem\",\"position\":1,\"name\":\"Accueil\",\"item\":\"https:\\\/\\\/infos-droitshumains.net\\\/\"},{\"@type\":\"ListItem\",\"position\":2,\"name\":\"Production de l\u2019hydrog\u00e8ne vert \u00e0 partir du projet Grand Inga: Le Premier Ministre Sama Lukonde favorable \u00e0 la signature d\u2019un accord de coop\u00e9ration entre la RDC et le groupe australien FFI\"}]},{\"@type\":\"WebSite\",\"@id\":\"https:\\\/\\\/infos-droitshumains.net\\\/#website\",\"url\":\"https:\\\/\\\/infos-droitshumains.net\\\/\",\"name\":\"Infos Droits Humains\",\"description\":\"S&#039;informer est un droit\",\"publisher\":{\"@id\":\"https:\\\/\\\/infos-droitshumains.net\\\/#organization\"},\"potentialAction\":[{\"@type\":\"SearchAction\",\"target\":{\"@type\":\"EntryPoint\",\"urlTemplate\":\"https:\\\/\\\/infos-droitshumains.net\\\/?s={search_term_string}\"},\"query-input\":{\"@type\":\"PropertyValueSpecification\",\"valueRequired\":true,\"valueName\":\"search_term_string\"}}],\"inLanguage\":\"fr-FR\"},{\"@type\":\"Organization\",\"@id\":\"https:\\\/\\\/infos-droitshumains.net\\\/#organization\",\"name\":\"Infos Droits Humains\",\"url\":\"https:\\\/\\\/infos-droitshumains.net\\\/\",\"logo\":{\"@type\":\"ImageObject\",\"inLanguage\":\"fr-FR\",\"@id\":\"https:\\\/\\\/infos-droitshumains.net\\\/#\\\/schema\\\/logo\\\/image\\\/\",\"url\":\"https:\\\/\\\/i0.wp.com\\\/infos-droitshumains.net\\\/wp-content\\\/uploads\\\/2022\\\/05\\\/Logo.png?fit=333%2C129&ssl=1\",\"contentUrl\":\"https:\\\/\\\/i0.wp.com\\\/infos-droitshumains.net\\\/wp-content\\\/uploads\\\/2022\\\/05\\\/Logo.png?fit=333%2C129&ssl=1\",\"width\":333,\"height\":129,\"caption\":\"Infos Droits Humains\"},\"image\":{\"@id\":\"https:\\\/\\\/infos-droitshumains.net\\\/#\\\/schema\\\/logo\\\/image\\\/\"}},{\"@type\":\"Person\",\"@id\":\"https:\\\/\\\/infos-droitshumains.net\\\/#\\\/schema\\\/person\\\/3dc5e921c3302172e0ed4362f96faab7\",\"name\":\"Jo\u00ebl Diawa\",\"image\":{\"@type\":\"ImageObject\",\"inLanguage\":\"fr-FR\",\"@id\":\"https:\\\/\\\/secure.gravatar.com\\\/avatar\\\/729bea6ff4604c624417803c477363be8e3c7186deaa65713313f9b4b820f41c?s=96&d=mm&r=g\",\"url\":\"https:\\\/\\\/secure.gravatar.com\\\/avatar\\\/729bea6ff4604c624417803c477363be8e3c7186deaa65713313f9b4b820f41c?s=96&d=mm&r=g\",\"contentUrl\":\"https:\\\/\\\/secure.gravatar.com\\\/avatar\\\/729bea6ff4604c624417803c477363be8e3c7186deaa65713313f9b4b820f41c?s=96&d=mm&r=g\",\"caption\":\"Jo\u00ebl Diawa\"},\"sameAs\":[\"https:\\\/\\\/www.infos-droitshumains.net\"],\"url\":\"https:\\\/\\\/infos-droitshumains.net\\\/?author=2\"}]}<\/script>\n<!-- \/ Yoast SEO plugin. -->","yoast_head_json":{"title":"Production de l\u2019hydrog\u00e8ne vert \u00e0 partir du projet Grand Inga: Le Premier Ministre Sama Lukonde favorable \u00e0 la signature d\u2019un accord de coop\u00e9ration entre la RDC et le groupe australien FFI - Infos Droits Humains","robots":{"index":"index","follow":"follow","max-snippet":"max-snippet:-1","max-image-preview":"max-image-preview:large","max-video-preview":"max-video-preview:-1"},"canonical":"https:\/\/infos-droitshumains.net\/?p=3949","og_locale":"fr_FR","og_type":"article","og_title":"Production de l\u2019hydrog\u00e8ne vert \u00e0 partir du projet Grand Inga: Le Premier Ministre Sama Lukonde favorable \u00e0 la signature d\u2019un accord de coop\u00e9ration entre la RDC et le groupe australien FFI - Infos Droits Humains","og_description":"R\u00e9daction :+243817406088 Le Premier Ministre, Jean-Michel Sama Lukonde Kyenge, a re\u00e7u, ce lundi 30 mai,...","og_url":"https:\/\/infos-droitshumains.net\/?p=3949","og_site_name":"Infos Droits Humains","article_published_time":"2022-05-31T00:13:05+00:00","article_modified_time":"2022-05-31T00:22:20+00:00","og_image":[{"width":1080,"height":810,"url":"https:\/\/infos-droitshumains.net\/wp-content\/uploads\/2022\/05\/20220530_232736.jpg","type":"image\/jpeg"}],"author":"Jo\u00ebl Diawa","twitter_card":"summary_large_image","twitter_misc":{"\u00c9crit par":"Jo\u00ebl Diawa","Dur\u00e9e de lecture estim\u00e9e":"3 minutes"},"schema":{"@context":"https:\/\/schema.org","@graph":[{"@type":"Article","@id":"https:\/\/infos-droitshumains.net\/?p=3949#article","isPartOf":{"@id":"https:\/\/infos-droitshumains.net\/?p=3949"},"author":{"name":"Jo\u00ebl Diawa","@id":"https:\/\/infos-droitshumains.net\/#\/schema\/person\/3dc5e921c3302172e0ed4362f96faab7"},"headline":"Production de l\u2019hydrog\u00e8ne vert \u00e0 partir du projet Grand Inga: Le Premier Ministre Sama Lukonde favorable \u00e0 la signature d\u2019un accord de coop\u00e9ration entre la RDC et le groupe australien FFI","datePublished":"2022-05-31T00:13:05+00:00","dateModified":"2022-05-31T00:22:20+00:00","mainEntityOfPage":{"@id":"https:\/\/infos-droitshumains.net\/?p=3949"},"wordCount":562,"commentCount":0,"publisher":{"@id":"https:\/\/infos-droitshumains.net\/#organization"},"image":{"@id":"https:\/\/infos-droitshumains.net\/?p=3949#primaryimage"},"thumbnailUrl":"https:\/\/i0.wp.com\/infos-droitshumains.net\/wp-content\/uploads\/2022\/05\/20220530_232736.jpg?fit=1080%2C810&ssl=1","articleSection":["Politique"],"inLanguage":"fr-FR","potentialAction":[{"@type":"CommentAction","name":"Comment","target":["https:\/\/infos-droitshumains.net\/?p=3949#respond"]}]},{"@type":"WebPage","@id":"https:\/\/infos-droitshumains.net\/?p=3949","url":"https:\/\/infos-droitshumains.net\/?p=3949","name":"Production de l\u2019hydrog\u00e8ne vert \u00e0 partir du projet Grand Inga: Le Premier Ministre Sama Lukonde favorable \u00e0 la signature d\u2019un accord de coop\u00e9ration entre la RDC et le groupe australien FFI - Infos Droits Humains","isPartOf":{"@id":"https:\/\/infos-droitshumains.net\/#website"},"primaryImageOfPage":{"@id":"https:\/\/infos-droitshumains.net\/?p=3949#primaryimage"},"image":{"@id":"https:\/\/infos-droitshumains.net\/?p=3949#primaryimage"},"thumbnailUrl":"https:\/\/i0.wp.com\/infos-droitshumains.net\/wp-content\/uploads\/2022\/05\/20220530_232736.jpg?fit=1080%2C810&ssl=1","datePublished":"2022-05-31T00:13:05+00:00","dateModified":"2022-05-31T00:22:20+00:00","breadcrumb":{"@id":"https:\/\/infos-droitshumains.net\/?p=3949#breadcrumb"},"inLanguage":"fr-FR","potentialAction":[{"@type":"ReadAction","target":["https:\/\/infos-droitshumains.net\/?p=3949"]}]},{"@type":"ImageObject","inLanguage":"fr-FR","@id":"https:\/\/infos-droitshumains.net\/?p=3949#primaryimage","url":"https:\/\/i0.wp.com\/infos-droitshumains.net\/wp-content\/uploads\/2022\/05\/20220530_232736.jpg?fit=1080%2C810&ssl=1","contentUrl":"https:\/\/i0.wp.com\/infos-droitshumains.net\/wp-content\/uploads\/2022\/05\/20220530_232736.jpg?fit=1080%2C810&ssl=1","width":1080,"height":810},{"@type":"BreadcrumbList","@id":"https:\/\/infos-droitshumains.net\/?p=3949#breadcrumb","itemListElement":[{"@type":"ListItem","position":1,"name":"Accueil","item":"https:\/\/infos-droitshumains.net\/"},{"@type":"ListItem","position":2,"name":"Production de l\u2019hydrog\u00e8ne vert \u00e0 partir du projet Grand Inga: Le Premier Ministre Sama Lukonde favorable \u00e0 la signature d\u2019un accord de coop\u00e9ration entre la RDC et le groupe australien FFI"}]},{"@type":"WebSite","@id":"https:\/\/infos-droitshumains.net\/#website","url":"https:\/\/infos-droitshumains.net\/","name":"Infos Droits Humains","description":"S&#039;informer est un droit","publisher":{"@id":"https:\/\/infos-droitshumains.net\/#organization"},"potentialAction":[{"@type":"SearchAction","target":{"@type":"EntryPoint","urlTemplate":"https:\/\/infos-droitshumains.net\/?s={search_term_string}"},"query-input":{"@type":"PropertyValueSpecification","valueRequired":true,"valueName":"search_term_string"}}],"inLanguage":"fr-FR"},{"@type":"Organization","@id":"https:\/\/infos-droitshumains.net\/#organization","name":"Infos Droits Humains","url":"https:\/\/infos-droitshumains.net\/","logo":{"@type":"ImageObject","inLanguage":"fr-FR","@id":"https:\/\/infos-droitshumains.net\/#\/schema\/logo\/image\/","url":"https:\/\/i0.wp.com\/infos-droitshumains.net\/wp-content\/uploads\/2022\/05\/Logo.png?fit=333%2C129&ssl=1","contentUrl":"https:\/\/i0.wp.com\/infos-droitshumains.net\/wp-content\/uploads\/2022\/05\/Logo.png?fit=333%2C129&ssl=1","width":333,"height":129,"caption":"Infos Droits Humains"},"image":{"@id":"https:\/\/infos-droitshumains.net\/#\/schema\/logo\/image\/"}},{"@type":"Person","@id":"https:\/\/infos-droitshumains.net\/#\/schema\/person\/3dc5e921c3302172e0ed4362f96faab7","name":"Jo\u00ebl Diawa","image":{"@type":"ImageObject","inLanguage":"fr-FR","@id":"https:\/\/secure.gravatar.com\/avatar\/729bea6ff4604c624417803c477363be8e3c7186deaa65713313f9b4b820f41c?s=96&d=mm&r=g","url":"https:\/\/secure.gravatar.com\/avatar\/729bea6ff4604c624417803c477363be8e3c7186deaa65713313f9b4b820f41c?s=96&d=mm&r=g","contentUrl":"https:\/\/secure.gravatar.com\/avatar\/729bea6ff4604c624417803c477363be8e3c7186deaa65713313f9b4b820f41c?s=96&d=mm&r=g","caption":"Jo\u00ebl Diawa"},"sameAs":["https:\/\/www.infos-droitshumains.net"],"url":"https:\/\/infos-droitshumains.net\/?author=2"}]}},"featured_image_urls":{"full":["https:\/\/i0.wp.com\/infos-droitshumains.net\/wp-content\/uploads\/2022\/05\/20220530_232736.jpg?fit=1080%2C810&ssl=1",1080,810,false],"thumbnail":["https:\/\/i0.wp.com\/infos-droitshumains.net\/wp-content\/uploads\/2022\/05\/20220530_232736.jpg?resize=150%2C150&ssl=1",150,150,true],"medium":["https:\/\/i0.wp.com\/infos-droitshumains.net\/wp-content\/uploads\/2022\/05\/20220530_232736.jpg?fit=300%2C225&ssl=1",300,225,true],"medium_large":["https:\/\/i0.wp.com\/infos-droitshumains.net\/wp-content\/uploads\/2022\/05\/20220530_232736.jpg?fit=640%2C480&ssl=1",640,480,true],"large":["https:\/\/i0.wp.com\/infos-droitshumains.net\/wp-content\/uploads\/2022\/05\/20220530_232736.jpg?fit=640%2C480&ssl=1",640,480,true],"1536x1536":["https:\/\/i0.wp.com\/infos-droitshumains.net\/wp-content\/uploads\/2022\/05\/20220530_232736.jpg?fit=1080%2C810&ssl=1",1080,810,true],"2048x2048":["https:\/\/i0.wp.com\/infos-droitshumains.net\/wp-content\/uploads\/2022\/05\/20220530_232736.jpg?fit=1080%2C810&ssl=1",1080,810,true],"covernews-slider-full":["https:\/\/i0.wp.com\/infos-droitshumains.net\/wp-content\/uploads\/2022\/05\/20220530_232736.jpg?resize=1080%2C715&ssl=1",1080,715,true],"covernews-slider-center":["https:\/\/i0.wp.com\/infos-droitshumains.net\/wp-content\/uploads\/2022\/05\/20220530_232736.jpg?resize=800%2C500&ssl=1",800,500,true],"covernews-featured":["https:\/\/i0.wp.com\/infos-droitshumains.net\/wp-content\/uploads\/2022\/05\/20220530_232736.jpg?fit=1024%2C768&ssl=1",1024,768,true],"covernews-medium":["https:\/\/i0.wp.com\/infos-droitshumains.net\/wp-content\/uploads\/2022\/05\/20220530_232736.jpg?resize=540%2C340&ssl=1",540,340,true],"covernews-medium-square":["https:\/\/i0.wp.com\/infos-droitshumains.net\/wp-content\/uploads\/2022\/05\/20220530_232736.jpg?resize=400%2C250&ssl=1",400,250,true]},"author_info":{"display_name":"Jo\u00ebl Diawa","author_link":"https:\/\/infos-droitshumains.net\/?author=2"},"category_info":"<a href=\"https:\/\/infos-droitshumains.net\/?cat=3\" rel=\"category\">Politique<\/a>","tag_info":"Politique","comment_count":"0","jetpack_featured_media_url":"https:\/\/i0.wp.com\/infos-droitshumains.net\/wp-content\/uploads\/2022\/05\/20220530_232736.jpg?fit=1080%2C810&ssl=1","jetpack-related-posts":[],"jetpack_sharing_enabled":true,"_links":{"self":[{"href":"https:\/\/infos-droitshumains.net\/index.php?rest_route=\/wp\/v2\/posts\/3949","targetHints":{"allow":["GET"]}}],"collection":[{"href":"https:\/\/infos-droitshumains.net\/index.php?rest_route=\/wp\/v2\/posts"}],"about":[{"href":"https:\/\/infos-droitshumains.net\/index.php?rest_route=\/wp\/v2\/types\/post"}],"author":[{"embeddable":true,"href":"https:\/\/infos-droitshumains.net\/index.php?rest_route=\/wp\/v2\/users\/2"}],"replies":[{"embeddable":true,"href":"https:\/\/infos-droitshumains.net\/index.php?rest_route=%2Fwp%2Fv2%2Fcomments&post=3949"}],"version-history":[{"count":3,"href":"https:\/\/infos-droitshumains.net\/index.php?rest_route=\/wp\/v2\/posts\/3949\/revisions"}],"predecessor-version":[{"id":3954,"href":"https:\/\/infos-droitshumains.net\/index.php?rest_route=\/wp\/v2\/posts\/3949\/revisions\/3954"}],"wp:featuredmedia":[{"embeddable":true,"href":"https:\/\/infos-droitshumains.net\/index.php?rest_route=\/wp\/v2\/media\/3953"}],"wp:attachment":[{"href":"https:\/\/infos-droitshumains.net\/index.php?rest_route=%2Fwp%2Fv2%2Fmedia&parent=3949"}],"wp:term":[{"taxonomy":"category","embeddable":true,"href":"https:\/\/infos-droitshumains.net\/index.php?rest_route=%2Fwp%2Fv2%2Fcategories&post=3949"},{"taxonomy":"post_tag","embeddable":true,"href":"https:\/\/infos-droitshumains.net\/index.php?rest_route=%2Fwp%2Fv2%2Ftags&post=3949"}],"curies":[{"name":"wp","href":"https:\/\/api.w.org\/{rel}","templated":true}]}}