{"id":3922,"date":"2022-05-27T20:26:36","date_gmt":"2022-05-27T18:26:36","guid":{"rendered":"https:\/\/infos-droitshumains.net\/?p=3922"},"modified":"2022-05-27T20:38:46","modified_gmt":"2022-05-27T18:38:46","slug":"rdc-rose-mutombo-annonce-la-liberation-de-pres-de-2-000-pensionnaires-de-la-prison-de-makala","status":"publish","type":"post","link":"https:\/\/infos-droitshumains.net\/?p=3922","title":{"rendered":"RDC : Rose Mutombo annonce la lib\u00e9ration de pr\u00e8s de 2.000 pensionnaires de la prison de Makala"},"content":{"rendered":"\n<p><strong>R\u00e9daction :+243817406088<\/strong><\/p>\n\n\n\n<p>La ministre d\u2019Etat, Ministre de la justice et garde des sceaux a annonc\u00e9 la lib\u00e9ration conditionnelle et par la gr\u00e2ce pr\u00e9sidentielle de pr\u00e8s de 2.000 condamn\u00e9es, dans les jours \u00e0 venir.<\/p>\n\n\n\n<p>Cette annonce a \u00e9t\u00e9 faite au cours de la c\u00e9r\u00e9monie qu\u2019elle a pr\u00e9sid\u00e9 \u00e0 l\u2019occasion de l\u2019inauguration du forage d\u2019eau financ\u00e9 par la Fondation Widal, le d\u00e9marrage d\u2019un g\u00e9n\u00e9rateur de 500 KVA, la remise 3 ambulances une Jeep pour la Prison centrale de Makala et celle de Luzumu et une pour le personnel p\u00e9nitencier et un bus avec les normes internationales pour le transfert de d\u00e9tenus de la Prison centrale de Makala vers le Centre de D\u00e9tention de Luzumu au Kongo Central.<\/p>\n\n\n\n<p>Rose Mutombo Kiese a commenc\u00e9 sa visite \u00e0 la prison centrale de Makala au Pavillon 10 r\u00e9serv\u00e9 aux enfants en conflit avec la loi, l\u2019un des enfants a devant elle, demand\u00e9 pardon pour tous les tords qu\u2019ils ont fait subir \u00e0 la soci\u00e9t\u00e9.<\/p>\n\n\n\n<p><em>\u00ab Nous avons besoin de continuer nos \u00e9tudes ou d\u2019apprendre un m\u00e9tier afin d\u2019\u00eatre utiles \u00e0 la soci\u00e9t\u00e9 pour ne plus rentrer dans la rue. Nous avons aussi besoin de nous divertir. Il nous manque des lits et des matelas. Nous croyons que votre passage dans ce quartier n\u2019aura pas \u00e9t\u00e9 vain \u00bb<\/em>, d\u00e9clar\u00e9 ce prisonnier<\/p>\n\n\n\n<p>En r\u00e9action, Rose Mutombo Kiese a annonc\u00e9 aux enfants qu\u2019elle leur amenait des vareuses, des ballons.<\/p>\n\n\n\n<p><em>\u00ab Je sais que vous avez besoin des loisirs mais ce n\u2019est que le d\u00e9but. Concernant le besoin que vous exprimez des lits et des matelas, dans les jours \u00e0 venir, nous rentrerons pour vous donner la suite \u00bb.<\/em><\/p>\n\n\n\n<p>Quant \u00e0 leur libert\u00e9, la ministre les a invit\u00e9s au respect de la loi pour y parvenir.<\/p>\n\n\n\n<p><em>\u00ab Je vous demande de respecter les lois du pays. C\u2019est le respect des lois qui va vous permettre de quitter cette prison. La prison n\u2019est pas un bon endroit pour vous. Il est difficile pour nos prisons que vous puissiez \u00e9tudier. Mon souhait est que vous sortiez tous de cet endroit pour que vous poursuiviez vos \u00e9tudes \u00bb.<\/em><\/p>\n\n\n\n<p>En inaugurant le forage d\u2019eau et en d\u00e9marrant ce g\u00e9n\u00e9rateur, la ministre d\u2019Etat, ministre de la Justice Rose Mutombo Kiese estime que cela vient corroborer la vision du Chef de l\u2019Etat.<\/p>\n\n\n\n<p><em>\u00abC&rsquo;est un jour exceptionnel et une date exceptionnelle. C\u2019est la concr\u00e9tisation d\u2019une vision qui nous a \u00e9t\u00e9 offerte par le Pr\u00e9sident de la R\u00e9publique en nous confiant ce grand minist\u00e8re. En arrivant au minist\u00e8re de la Justice, nous avons trouv\u00e9 beaucoup de d\u00e9fis \u00e0 relever. Nous avons commenc\u00e9 par l\u2019alimentation et les soins m\u00e9dicaux. Nous venons de donner \u00e0 la population carc\u00e9rale de l\u2019eau et l\u2019\u00e9lectricit\u00e9\u00bb.<\/em><\/p>\n\n\n\n<p>Rose Mutombo a, en outre, rendu hommage aux diff\u00e9rents partenaires qui accompagnent le minist\u00e8re de la Justice dans sa mission.<\/p>\n\n\n\n<p>Chantal Kabasua<\/p>\n","protected":false},"excerpt":{"rendered":"<p>R\u00e9daction :+243817406088 La ministre d\u2019Etat, Ministre de la justice et garde des sceaux a annonc\u00e9&#8230;<\/p>\n","protected":false},"author":2,"featured_media":3924,"comment_status":"open","ping_status":"open","sticky":false,"template":"","format":"standard","meta":{"_jetpack_memberships_contains_paid_content":false,"footnotes":""},"categories":[6],"tags":[],"class_list":["post-3922","post","type-post","status-publish","format-standard","has-post-thumbnail","hentry","category-justice"],"yoast_head":"<!-- This site is optimized with the Yoast SEO plugin v27.5 - https:\/\/yoast.com\/product\/yoast-seo-wordpress\/ -->\n<title>RDC : Rose Mutombo annonce la lib\u00e9ration de pr\u00e8s de 2.000 pensionnaires de la prison de Makala - Infos Droits Humains<\/title>\n<meta name=\"robots\" content=\"index, follow, max-snippet:-1, max-image-preview:large, max-video-preview:-1\" \/>\n<link rel=\"canonical\" href=\"https:\/\/infos-droitshumains.net\/?p=3922\" \/>\n<meta property=\"og:locale\" content=\"fr_FR\" \/>\n<meta property=\"og:type\" content=\"article\" \/>\n<meta property=\"og:title\" content=\"RDC : Rose Mutombo annonce la lib\u00e9ration de pr\u00e8s de 2.000 pensionnaires de la prison de Makala - Infos Droits Humains\" \/>\n<meta property=\"og:description\" content=\"R\u00e9daction :+243817406088 La ministre d\u2019Etat, Ministre de la justice et garde des sceaux a annonc\u00e9...\" \/>\n<meta property=\"og:url\" content=\"https:\/\/infos-droitshumains.net\/?p=3922\" \/>\n<meta property=\"og:site_name\" content=\"Infos Droits Humains\" \/>\n<meta property=\"article:published_time\" content=\"2022-05-27T18:26:36+00:00\" \/>\n<meta property=\"article:modified_time\" content=\"2022-05-27T18:38:46+00:00\" \/>\n<meta property=\"og:image\" content=\"https:\/\/infos-droitshumains.net\/wp-content\/uploads\/2022\/05\/IMG-20220526-WA0033_1.jpg\" \/>\n\t<meta property=\"og:image:width\" content=\"1080\" \/>\n\t<meta property=\"og:image:height\" content=\"605\" \/>\n\t<meta property=\"og:image:type\" content=\"image\/jpeg\" \/>\n<meta name=\"author\" content=\"Jo\u00ebl Diawa\" \/>\n<meta name=\"twitter:card\" content=\"summary_large_image\" \/>\n<meta name=\"twitter:label1\" content=\"\u00c9crit par\" \/>\n\t<meta name=\"twitter:data1\" content=\"Jo\u00ebl Diawa\" \/>\n\t<meta name=\"twitter:label2\" content=\"Dur\u00e9e de lecture estim\u00e9e\" \/>\n\t<meta name=\"twitter:data2\" content=\"3 minutes\" \/>\n<script type=\"application\/ld+json\" class=\"yoast-schema-graph\">{\"@context\":\"https:\\\/\\\/schema.org\",\"@graph\":[{\"@type\":\"Article\",\"@id\":\"https:\\\/\\\/infos-droitshumains.net\\\/?p=3922#article\",\"isPartOf\":{\"@id\":\"https:\\\/\\\/infos-droitshumains.net\\\/?p=3922\"},\"author\":{\"name\":\"Jo\u00ebl Diawa\",\"@id\":\"https:\\\/\\\/infos-droitshumains.net\\\/#\\\/schema\\\/person\\\/3dc5e921c3302172e0ed4362f96faab7\"},\"headline\":\"RDC : Rose Mutombo annonce la lib\u00e9ration de pr\u00e8s de 2.000 pensionnaires de la prison de Makala\",\"datePublished\":\"2022-05-27T18:26:36+00:00\",\"dateModified\":\"2022-05-27T18:38:46+00:00\",\"mainEntityOfPage\":{\"@id\":\"https:\\\/\\\/infos-droitshumains.net\\\/?p=3922\"},\"wordCount\":520,\"commentCount\":0,\"publisher\":{\"@id\":\"https:\\\/\\\/infos-droitshumains.net\\\/#organization\"},\"image\":{\"@id\":\"https:\\\/\\\/infos-droitshumains.net\\\/?p=3922#primaryimage\"},\"thumbnailUrl\":\"https:\\\/\\\/i0.wp.com\\\/infos-droitshumains.net\\\/wp-content\\\/uploads\\\/2022\\\/05\\\/IMG-20220526-WA0033_1.jpg?fit=1080%2C605&ssl=1\",\"articleSection\":[\"Justice\"],\"inLanguage\":\"fr-FR\",\"potentialAction\":[{\"@type\":\"CommentAction\",\"name\":\"Comment\",\"target\":[\"https:\\\/\\\/infos-droitshumains.net\\\/?p=3922#respond\"]}]},{\"@type\":\"WebPage\",\"@id\":\"https:\\\/\\\/infos-droitshumains.net\\\/?p=3922\",\"url\":\"https:\\\/\\\/infos-droitshumains.net\\\/?p=3922\",\"name\":\"RDC : Rose Mutombo annonce la lib\u00e9ration de pr\u00e8s de 2.000 pensionnaires de la prison de Makala - Infos Droits Humains\",\"isPartOf\":{\"@id\":\"https:\\\/\\\/infos-droitshumains.net\\\/#website\"},\"primaryImageOfPage\":{\"@id\":\"https:\\\/\\\/infos-droitshumains.net\\\/?p=3922#primaryimage\"},\"image\":{\"@id\":\"https:\\\/\\\/infos-droitshumains.net\\\/?p=3922#primaryimage\"},\"thumbnailUrl\":\"https:\\\/\\\/i0.wp.com\\\/infos-droitshumains.net\\\/wp-content\\\/uploads\\\/2022\\\/05\\\/IMG-20220526-WA0033_1.jpg?fit=1080%2C605&ssl=1\",\"datePublished\":\"2022-05-27T18:26:36+00:00\",\"dateModified\":\"2022-05-27T18:38:46+00:00\",\"breadcrumb\":{\"@id\":\"https:\\\/\\\/infos-droitshumains.net\\\/?p=3922#breadcrumb\"},\"inLanguage\":\"fr-FR\",\"potentialAction\":[{\"@type\":\"ReadAction\",\"target\":[\"https:\\\/\\\/infos-droitshumains.net\\\/?p=3922\"]}]},{\"@type\":\"ImageObject\",\"inLanguage\":\"fr-FR\",\"@id\":\"https:\\\/\\\/infos-droitshumains.net\\\/?p=3922#primaryimage\",\"url\":\"https:\\\/\\\/i0.wp.com\\\/infos-droitshumains.net\\\/wp-content\\\/uploads\\\/2022\\\/05\\\/IMG-20220526-WA0033_1.jpg?fit=1080%2C605&ssl=1\",\"contentUrl\":\"https:\\\/\\\/i0.wp.com\\\/infos-droitshumains.net\\\/wp-content\\\/uploads\\\/2022\\\/05\\\/IMG-20220526-WA0033_1.jpg?fit=1080%2C605&ssl=1\",\"width\":1080,\"height\":605},{\"@type\":\"BreadcrumbList\",\"@id\":\"https:\\\/\\\/infos-droitshumains.net\\\/?p=3922#breadcrumb\",\"itemListElement\":[{\"@type\":\"ListItem\",\"position\":1,\"name\":\"Accueil\",\"item\":\"https:\\\/\\\/infos-droitshumains.net\\\/\"},{\"@type\":\"ListItem\",\"position\":2,\"name\":\"RDC : Rose Mutombo annonce la lib\u00e9ration de pr\u00e8s de 2.000 pensionnaires de la prison de Makala\"}]},{\"@type\":\"WebSite\",\"@id\":\"https:\\\/\\\/infos-droitshumains.net\\\/#website\",\"url\":\"https:\\\/\\\/infos-droitshumains.net\\\/\",\"name\":\"Infos Droits Humains\",\"description\":\"S&#039;informer est un droit\",\"publisher\":{\"@id\":\"https:\\\/\\\/infos-droitshumains.net\\\/#organization\"},\"potentialAction\":[{\"@type\":\"SearchAction\",\"target\":{\"@type\":\"EntryPoint\",\"urlTemplate\":\"https:\\\/\\\/infos-droitshumains.net\\\/?s={search_term_string}\"},\"query-input\":{\"@type\":\"PropertyValueSpecification\",\"valueRequired\":true,\"valueName\":\"search_term_string\"}}],\"inLanguage\":\"fr-FR\"},{\"@type\":\"Organization\",\"@id\":\"https:\\\/\\\/infos-droitshumains.net\\\/#organization\",\"name\":\"Infos Droits Humains\",\"url\":\"https:\\\/\\\/infos-droitshumains.net\\\/\",\"logo\":{\"@type\":\"ImageObject\",\"inLanguage\":\"fr-FR\",\"@id\":\"https:\\\/\\\/infos-droitshumains.net\\\/#\\\/schema\\\/logo\\\/image\\\/\",\"url\":\"https:\\\/\\\/i0.wp.com\\\/infos-droitshumains.net\\\/wp-content\\\/uploads\\\/2022\\\/05\\\/Logo.png?fit=333%2C129&ssl=1\",\"contentUrl\":\"https:\\\/\\\/i0.wp.com\\\/infos-droitshumains.net\\\/wp-content\\\/uploads\\\/2022\\\/05\\\/Logo.png?fit=333%2C129&ssl=1\",\"width\":333,\"height\":129,\"caption\":\"Infos Droits Humains\"},\"image\":{\"@id\":\"https:\\\/\\\/infos-droitshumains.net\\\/#\\\/schema\\\/logo\\\/image\\\/\"}},{\"@type\":\"Person\",\"@id\":\"https:\\\/\\\/infos-droitshumains.net\\\/#\\\/schema\\\/person\\\/3dc5e921c3302172e0ed4362f96faab7\",\"name\":\"Jo\u00ebl Diawa\",\"image\":{\"@type\":\"ImageObject\",\"inLanguage\":\"fr-FR\",\"@id\":\"https:\\\/\\\/secure.gravatar.com\\\/avatar\\\/729bea6ff4604c624417803c477363be8e3c7186deaa65713313f9b4b820f41c?s=96&d=mm&r=g\",\"url\":\"https:\\\/\\\/secure.gravatar.com\\\/avatar\\\/729bea6ff4604c624417803c477363be8e3c7186deaa65713313f9b4b820f41c?s=96&d=mm&r=g\",\"contentUrl\":\"https:\\\/\\\/secure.gravatar.com\\\/avatar\\\/729bea6ff4604c624417803c477363be8e3c7186deaa65713313f9b4b820f41c?s=96&d=mm&r=g\",\"caption\":\"Jo\u00ebl Diawa\"},\"sameAs\":[\"https:\\\/\\\/www.infos-droitshumains.net\"],\"url\":\"https:\\\/\\\/infos-droitshumains.net\\\/?author=2\"}]}<\/script>\n<!-- \/ Yoast SEO plugin. -->","yoast_head_json":{"title":"RDC : Rose Mutombo annonce la lib\u00e9ration de pr\u00e8s de 2.000 pensionnaires de la prison de Makala - Infos Droits Humains","robots":{"index":"index","follow":"follow","max-snippet":"max-snippet:-1","max-image-preview":"max-image-preview:large","max-video-preview":"max-video-preview:-1"},"canonical":"https:\/\/infos-droitshumains.net\/?p=3922","og_locale":"fr_FR","og_type":"article","og_title":"RDC : Rose Mutombo annonce la lib\u00e9ration de pr\u00e8s de 2.000 pensionnaires de la prison de Makala - Infos Droits Humains","og_description":"R\u00e9daction :+243817406088 La ministre d\u2019Etat, Ministre de la justice et garde des sceaux a annonc\u00e9...","og_url":"https:\/\/infos-droitshumains.net\/?p=3922","og_site_name":"Infos Droits Humains","article_published_time":"2022-05-27T18:26:36+00:00","article_modified_time":"2022-05-27T18:38:46+00:00","og_image":[{"width":1080,"height":605,"url":"https:\/\/infos-droitshumains.net\/wp-content\/uploads\/2022\/05\/IMG-20220526-WA0033_1.jpg","type":"image\/jpeg"}],"author":"Jo\u00ebl Diawa","twitter_card":"summary_large_image","twitter_misc":{"\u00c9crit par":"Jo\u00ebl Diawa","Dur\u00e9e de lecture estim\u00e9e":"3 minutes"},"schema":{"@context":"https:\/\/schema.org","@graph":[{"@type":"Article","@id":"https:\/\/infos-droitshumains.net\/?p=3922#article","isPartOf":{"@id":"https:\/\/infos-droitshumains.net\/?p=3922"},"author":{"name":"Jo\u00ebl Diawa","@id":"https:\/\/infos-droitshumains.net\/#\/schema\/person\/3dc5e921c3302172e0ed4362f96faab7"},"headline":"RDC : Rose Mutombo annonce la lib\u00e9ration de pr\u00e8s de 2.000 pensionnaires de la prison de Makala","datePublished":"2022-05-27T18:26:36+00:00","dateModified":"2022-05-27T18:38:46+00:00","mainEntityOfPage":{"@id":"https:\/\/infos-droitshumains.net\/?p=3922"},"wordCount":520,"commentCount":0,"publisher":{"@id":"https:\/\/infos-droitshumains.net\/#organization"},"image":{"@id":"https:\/\/infos-droitshumains.net\/?p=3922#primaryimage"},"thumbnailUrl":"https:\/\/i0.wp.com\/infos-droitshumains.net\/wp-content\/uploads\/2022\/05\/IMG-20220526-WA0033_1.jpg?fit=1080%2C605&ssl=1","articleSection":["Justice"],"inLanguage":"fr-FR","potentialAction":[{"@type":"CommentAction","name":"Comment","target":["https:\/\/infos-droitshumains.net\/?p=3922#respond"]}]},{"@type":"WebPage","@id":"https:\/\/infos-droitshumains.net\/?p=3922","url":"https:\/\/infos-droitshumains.net\/?p=3922","name":"RDC : Rose Mutombo annonce la lib\u00e9ration de pr\u00e8s de 2.000 pensionnaires de la prison de Makala - Infos Droits Humains","isPartOf":{"@id":"https:\/\/infos-droitshumains.net\/#website"},"primaryImageOfPage":{"@id":"https:\/\/infos-droitshumains.net\/?p=3922#primaryimage"},"image":{"@id":"https:\/\/infos-droitshumains.net\/?p=3922#primaryimage"},"thumbnailUrl":"https:\/\/i0.wp.com\/infos-droitshumains.net\/wp-content\/uploads\/2022\/05\/IMG-20220526-WA0033_1.jpg?fit=1080%2C605&ssl=1","datePublished":"2022-05-27T18:26:36+00:00","dateModified":"2022-05-27T18:38:46+00:00","breadcrumb":{"@id":"https:\/\/infos-droitshumains.net\/?p=3922#breadcrumb"},"inLanguage":"fr-FR","potentialAction":[{"@type":"ReadAction","target":["https:\/\/infos-droitshumains.net\/?p=3922"]}]},{"@type":"ImageObject","inLanguage":"fr-FR","@id":"https:\/\/infos-droitshumains.net\/?p=3922#primaryimage","url":"https:\/\/i0.wp.com\/infos-droitshumains.net\/wp-content\/uploads\/2022\/05\/IMG-20220526-WA0033_1.jpg?fit=1080%2C605&ssl=1","contentUrl":"https:\/\/i0.wp.com\/infos-droitshumains.net\/wp-content\/uploads\/2022\/05\/IMG-20220526-WA0033_1.jpg?fit=1080%2C605&ssl=1","width":1080,"height":605},{"@type":"BreadcrumbList","@id":"https:\/\/infos-droitshumains.net\/?p=3922#breadcrumb","itemListElement":[{"@type":"ListItem","position":1,"name":"Accueil","item":"https:\/\/infos-droitshumains.net\/"},{"@type":"ListItem","position":2,"name":"RDC : Rose Mutombo annonce la lib\u00e9ration de pr\u00e8s de 2.000 pensionnaires de la prison de Makala"}]},{"@type":"WebSite","@id":"https:\/\/infos-droitshumains.net\/#website","url":"https:\/\/infos-droitshumains.net\/","name":"Infos Droits Humains","description":"S&#039;informer est un droit","publisher":{"@id":"https:\/\/infos-droitshumains.net\/#organization"},"potentialAction":[{"@type":"SearchAction","target":{"@type":"EntryPoint","urlTemplate":"https:\/\/infos-droitshumains.net\/?s={search_term_string}"},"query-input":{"@type":"PropertyValueSpecification","valueRequired":true,"valueName":"search_term_string"}}],"inLanguage":"fr-FR"},{"@type":"Organization","@id":"https:\/\/infos-droitshumains.net\/#organization","name":"Infos Droits Humains","url":"https:\/\/infos-droitshumains.net\/","logo":{"@type":"ImageObject","inLanguage":"fr-FR","@id":"https:\/\/infos-droitshumains.net\/#\/schema\/logo\/image\/","url":"https:\/\/i0.wp.com\/infos-droitshumains.net\/wp-content\/uploads\/2022\/05\/Logo.png?fit=333%2C129&ssl=1","contentUrl":"https:\/\/i0.wp.com\/infos-droitshumains.net\/wp-content\/uploads\/2022\/05\/Logo.png?fit=333%2C129&ssl=1","width":333,"height":129,"caption":"Infos Droits Humains"},"image":{"@id":"https:\/\/infos-droitshumains.net\/#\/schema\/logo\/image\/"}},{"@type":"Person","@id":"https:\/\/infos-droitshumains.net\/#\/schema\/person\/3dc5e921c3302172e0ed4362f96faab7","name":"Jo\u00ebl Diawa","image":{"@type":"ImageObject","inLanguage":"fr-FR","@id":"https:\/\/secure.gravatar.com\/avatar\/729bea6ff4604c624417803c477363be8e3c7186deaa65713313f9b4b820f41c?s=96&d=mm&r=g","url":"https:\/\/secure.gravatar.com\/avatar\/729bea6ff4604c624417803c477363be8e3c7186deaa65713313f9b4b820f41c?s=96&d=mm&r=g","contentUrl":"https:\/\/secure.gravatar.com\/avatar\/729bea6ff4604c624417803c477363be8e3c7186deaa65713313f9b4b820f41c?s=96&d=mm&r=g","caption":"Jo\u00ebl Diawa"},"sameAs":["https:\/\/www.infos-droitshumains.net"],"url":"https:\/\/infos-droitshumains.net\/?author=2"}]}},"featured_image_urls":{"full":["https:\/\/i0.wp.com\/infos-droitshumains.net\/wp-content\/uploads\/2022\/05\/IMG-20220526-WA0033_1.jpg?fit=1080%2C605&ssl=1",1080,605,false],"thumbnail":["https:\/\/i0.wp.com\/infos-droitshumains.net\/wp-content\/uploads\/2022\/05\/IMG-20220526-WA0033_1.jpg?resize=150%2C150&ssl=1",150,150,true],"medium":["https:\/\/i0.wp.com\/infos-droitshumains.net\/wp-content\/uploads\/2022\/05\/IMG-20220526-WA0033_1.jpg?fit=300%2C168&ssl=1",300,168,true],"medium_large":["https:\/\/i0.wp.com\/infos-droitshumains.net\/wp-content\/uploads\/2022\/05\/IMG-20220526-WA0033_1.jpg?fit=640%2C358&ssl=1",640,358,true],"large":["https:\/\/i0.wp.com\/infos-droitshumains.net\/wp-content\/uploads\/2022\/05\/IMG-20220526-WA0033_1.jpg?fit=640%2C359&ssl=1",640,359,true],"1536x1536":["https:\/\/i0.wp.com\/infos-droitshumains.net\/wp-content\/uploads\/2022\/05\/IMG-20220526-WA0033_1.jpg?fit=1080%2C605&ssl=1",1080,605,true],"2048x2048":["https:\/\/i0.wp.com\/infos-droitshumains.net\/wp-content\/uploads\/2022\/05\/IMG-20220526-WA0033_1.jpg?fit=1080%2C605&ssl=1",1080,605,true],"covernews-slider-full":["https:\/\/i0.wp.com\/infos-droitshumains.net\/wp-content\/uploads\/2022\/05\/IMG-20220526-WA0033_1.jpg?resize=1080%2C605&ssl=1",1080,605,true],"covernews-slider-center":["https:\/\/i0.wp.com\/infos-droitshumains.net\/wp-content\/uploads\/2022\/05\/IMG-20220526-WA0033_1.jpg?resize=800%2C500&ssl=1",800,500,true],"covernews-featured":["https:\/\/i0.wp.com\/infos-droitshumains.net\/wp-content\/uploads\/2022\/05\/IMG-20220526-WA0033_1.jpg?fit=1024%2C574&ssl=1",1024,574,true],"covernews-medium":["https:\/\/i0.wp.com\/infos-droitshumains.net\/wp-content\/uploads\/2022\/05\/IMG-20220526-WA0033_1.jpg?resize=540%2C340&ssl=1",540,340,true],"covernews-medium-square":["https:\/\/i0.wp.com\/infos-droitshumains.net\/wp-content\/uploads\/2022\/05\/IMG-20220526-WA0033_1.jpg?resize=400%2C250&ssl=1",400,250,true]},"author_info":{"display_name":"Jo\u00ebl Diawa","author_link":"https:\/\/infos-droitshumains.net\/?author=2"},"category_info":"<a href=\"https:\/\/infos-droitshumains.net\/?cat=6\" rel=\"category\">Justice<\/a>","tag_info":"Justice","comment_count":"0","jetpack_featured_media_url":"https:\/\/i0.wp.com\/infos-droitshumains.net\/wp-content\/uploads\/2022\/05\/IMG-20220526-WA0033_1.jpg?fit=1080%2C605&ssl=1","jetpack-related-posts":[],"jetpack_sharing_enabled":true,"_links":{"self":[{"href":"https:\/\/infos-droitshumains.net\/index.php?rest_route=\/wp\/v2\/posts\/3922","targetHints":{"allow":["GET"]}}],"collection":[{"href":"https:\/\/infos-droitshumains.net\/index.php?rest_route=\/wp\/v2\/posts"}],"about":[{"href":"https:\/\/infos-droitshumains.net\/index.php?rest_route=\/wp\/v2\/types\/post"}],"author":[{"embeddable":true,"href":"https:\/\/infos-droitshumains.net\/index.php?rest_route=\/wp\/v2\/users\/2"}],"replies":[{"embeddable":true,"href":"https:\/\/infos-droitshumains.net\/index.php?rest_route=%2Fwp%2Fv2%2Fcomments&post=3922"}],"version-history":[{"count":2,"href":"https:\/\/infos-droitshumains.net\/index.php?rest_route=\/wp\/v2\/posts\/3922\/revisions"}],"predecessor-version":[{"id":3926,"href":"https:\/\/infos-droitshumains.net\/index.php?rest_route=\/wp\/v2\/posts\/3922\/revisions\/3926"}],"wp:featuredmedia":[{"embeddable":true,"href":"https:\/\/infos-droitshumains.net\/index.php?rest_route=\/wp\/v2\/media\/3924"}],"wp:attachment":[{"href":"https:\/\/infos-droitshumains.net\/index.php?rest_route=%2Fwp%2Fv2%2Fmedia&parent=3922"}],"wp:term":[{"taxonomy":"category","embeddable":true,"href":"https:\/\/infos-droitshumains.net\/index.php?rest_route=%2Fwp%2Fv2%2Fcategories&post=3922"},{"taxonomy":"post_tag","embeddable":true,"href":"https:\/\/infos-droitshumains.net\/index.php?rest_route=%2Fwp%2Fv2%2Ftags&post=3922"}],"curies":[{"name":"wp","href":"https:\/\/api.w.org\/{rel}","templated":true}]}}