{"id":3896,"date":"2022-05-26T17:30:00","date_gmt":"2022-05-26T15:30:00","guid":{"rendered":"https:\/\/infos-droitshumains.net\/?p=3896"},"modified":"2022-05-26T19:21:08","modified_gmt":"2022-05-26T17:21:08","slug":"rdc-eddy-mundela-contribue-a-lautonomisation-des-femmes-de-ludps","status":"publish","type":"post","link":"https:\/\/infos-droitshumains.net\/?p=3896","title":{"rendered":"RDC: Eddy Mundela contribue \u00e0 l&rsquo;autonomisation des femmes de l&rsquo;UDPS"},"content":{"rendered":"\n<p><strong>R\u00e9daction :+243817406088<\/strong><\/p>\n\n\n\n<p>La ligue des femmes de l&rsquo;Union pour la D\u00e9mocratie et le Progr\u00e8s Social a organis\u00e9e ce jeudi, une journ\u00e9e sp\u00e9ciale d&rsquo;\u00e9changes. Il \u00e9tait question de r\u00e9fl\u00e9chir sur les initiatives de d\u00e9veloppement susceptible de permettre l&rsquo;autonomisation de cette cat\u00e9gorie de personnes constituant une force consid\u00e9rable au sein du parti pr\u00e9sidentiel.<\/p>\n\n\n\n<figure class=\"wp-block-image alignfull size-large is-resized\"><img data-recalc-dims=\"1\" fetchpriority=\"high\" decoding=\"async\" src=\"https:\/\/i0.wp.com\/infos-droitshumains.net\/wp-content\/uploads\/2022\/05\/IMG-20220526-WA0005_1.jpg?resize=360%2C240&#038;ssl=1\" alt=\"\" class=\"wp-image-3901\" width=\"360\" height=\"240\" srcset=\"https:\/\/i0.wp.com\/infos-droitshumains.net\/wp-content\/uploads\/2022\/05\/IMG-20220526-WA0005_1.jpg?resize=1024%2C683&amp;ssl=1 1024w, https:\/\/i0.wp.com\/infos-droitshumains.net\/wp-content\/uploads\/2022\/05\/IMG-20220526-WA0005_1.jpg?resize=300%2C200&amp;ssl=1 300w, https:\/\/i0.wp.com\/infos-droitshumains.net\/wp-content\/uploads\/2022\/05\/IMG-20220526-WA0005_1.jpg?resize=768%2C512&amp;ssl=1 768w, https:\/\/i0.wp.com\/infos-droitshumains.net\/wp-content\/uploads\/2022\/05\/IMG-20220526-WA0005_1.jpg?w=1080&amp;ssl=1 1080w\" sizes=\"(max-width: 360px) 100vw, 360px\" \/><\/figure>\n\n\n\n<p>Le premier Vice-pr\u00e9sident du S\u00e9nat a rehauss\u00e9 de sa pr\u00e9sence cette journ\u00e9e. Pour Eddy Mundela Kanku qui est \u00e9galement cadre au sein de l\u2019UDPS, le d\u00e9veloppement passe notamment par l&rsquo;implication active des femmes dans les initiatives de l&rsquo;entrepreneuriat qui r\u00e9pondent au b\u00e9n\u00e9fice de la communaut\u00e9 et non des individus. C&rsquo;est dans cette optique que la deuxi\u00e8me personnalit\u00e9 du S\u00e9nat, se r\u00e9f\u00e9rant \u00e0 sa promesse faite le 15 janvier dernier lors de la c\u00e9r\u00e9monie d&rsquo;\u00e9changes des v\u0153ux, a proc\u00e9d\u00e9 \u00e0 la remise d&rsquo;une enveloppe consid\u00e9rable et quelques machines \u00e0 coudre. L\u2019objectif est d&rsquo;encourager les femmes de son parti \u00e0 r\u00e9aliser des projets faisables et rentables en vue de leur autonomisation.<\/p>\n\n\n\n<figure class=\"wp-block-image size-large is-resized\"><img data-recalc-dims=\"1\" decoding=\"async\" src=\"https:\/\/i0.wp.com\/infos-droitshumains.net\/wp-content\/uploads\/2022\/05\/IMG-20220526-WA0003_2.jpg?resize=551%2C322&#038;ssl=1\" alt=\"\" class=\"wp-image-3913\" width=\"551\" height=\"322\" srcset=\"https:\/\/i0.wp.com\/infos-droitshumains.net\/wp-content\/uploads\/2022\/05\/IMG-20220526-WA0003_2.jpg?resize=1024%2C600&amp;ssl=1 1024w, https:\/\/i0.wp.com\/infos-droitshumains.net\/wp-content\/uploads\/2022\/05\/IMG-20220526-WA0003_2.jpg?resize=300%2C176&amp;ssl=1 300w, https:\/\/i0.wp.com\/infos-droitshumains.net\/wp-content\/uploads\/2022\/05\/IMG-20220526-WA0003_2.jpg?resize=768%2C450&amp;ssl=1 768w, https:\/\/i0.wp.com\/infos-droitshumains.net\/wp-content\/uploads\/2022\/05\/IMG-20220526-WA0003_2.jpg?w=1080&amp;ssl=1 1080w\" sizes=\"(max-width: 551px) 100vw, 551px\" \/><\/figure>\n\n\n\n<p><em>\u00abOn commence ce projet aujourd&rsquo;hui mais il y a aussi un temps d&rsquo;\u00e9valuation. Je donne aujourd&rsquo;hui, mais la prochaine fois, vous allez venir me faire compte pour que je puisse aussi donner encore et pour que nous puissions aller de l&rsquo;avant, pour soutenir les mamans de notre parti qui font diverses activit\u00e9s. Je vous remets cette enveloppe et faites-en bon usage et essayer de cr\u00e9er une activit\u00e9 qui rende nos mamans du parti autonomes \u00bb<\/em>, a-t-il d\u00e9clar\u00e9.<\/p>\n\n\n\n<figure class=\"wp-block-image alignfull size-large\"><img data-recalc-dims=\"1\" decoding=\"async\" width=\"640\" height=\"323\" src=\"https:\/\/i0.wp.com\/infos-droitshumains.net\/wp-content\/uploads\/2022\/05\/IMG-20220526-WA0006_2.jpg?resize=640%2C323&#038;ssl=1\" alt=\"\" class=\"wp-image-3910\" srcset=\"https:\/\/i0.wp.com\/infos-droitshumains.net\/wp-content\/uploads\/2022\/05\/IMG-20220526-WA0006_2.jpg?resize=1024%2C517&amp;ssl=1 1024w, https:\/\/i0.wp.com\/infos-droitshumains.net\/wp-content\/uploads\/2022\/05\/IMG-20220526-WA0006_2.jpg?resize=300%2C151&amp;ssl=1 300w, https:\/\/i0.wp.com\/infos-droitshumains.net\/wp-content\/uploads\/2022\/05\/IMG-20220526-WA0006_2.jpg?resize=768%2C388&amp;ssl=1 768w, https:\/\/i0.wp.com\/infos-droitshumains.net\/wp-content\/uploads\/2022\/05\/IMG-20220526-WA0006_2.jpg?w=1080&amp;ssl=1 1080w\" sizes=\"(max-width: 640px) 100vw, 640px\" \/><\/figure>\n\n\n\n<p>Ce geste si louable a \u00e9t\u00e9 salu\u00e9 par toutes les femmes pr\u00e9sentes qui n&rsquo;ont pas manqu\u00e9 de remercier leur bienfaiteur. Au nom de la ligue des femmes, la pr\u00e9sidente, Christine Mansoni a conscientis\u00e9 les femmes de l&rsquo;UDPS tout en les appelant au sens \u00e9lev\u00e9 de responsabilit\u00e9 dans la gestion de ces fonds re\u00e7us.<\/p>\n\n\n\n<figure class=\"wp-block-image size-large\"><img data-recalc-dims=\"1\" loading=\"lazy\" decoding=\"async\" width=\"640\" height=\"427\" src=\"https:\/\/i0.wp.com\/infos-droitshumains.net\/wp-content\/uploads\/2022\/05\/IMG-20220526-WA0007_1.jpg?resize=640%2C427&#038;ssl=1\" alt=\"\" class=\"wp-image-3916\" srcset=\"https:\/\/i0.wp.com\/infos-droitshumains.net\/wp-content\/uploads\/2022\/05\/IMG-20220526-WA0007_1.jpg?resize=1024%2C683&amp;ssl=1 1024w, https:\/\/i0.wp.com\/infos-droitshumains.net\/wp-content\/uploads\/2022\/05\/IMG-20220526-WA0007_1.jpg?resize=300%2C200&amp;ssl=1 300w, https:\/\/i0.wp.com\/infos-droitshumains.net\/wp-content\/uploads\/2022\/05\/IMG-20220526-WA0007_1.jpg?resize=768%2C512&amp;ssl=1 768w, https:\/\/i0.wp.com\/infos-droitshumains.net\/wp-content\/uploads\/2022\/05\/IMG-20220526-WA0007_1.jpg?w=1080&amp;ssl=1 1080w\" sizes=\"(max-width: 640px) 100vw, 640px\" \/><\/figure>\n\n\n\n<p><em>\u00ab\u00a0C&rsquo;est une surprise pour nous. On ne savait pas. Il a aussi offert 10 machines \u00e0 coudre aux mamans couturi\u00e8res parce que dans la ligue des femmes nous avons aussi des femmes couturi\u00e8res. Nous allons nous organiser pour voir comment nous allons essayer de mettre sur pied cet atelier l\u00e0 pour que les mamans puissent se prendre en charge surtout pour l&rsquo;autonomisation et l&rsquo;entrepreneuriat f\u00e9minin. Les mamans vont travailler et dans tout cela, nous voulons qu\u2019elles apportent aussi quelque chose en retour. On va commencer petit \u00e0 petit avec le groupe de mamans pour qu&rsquo;elles sachent que ce n&rsquo;est pas un don qui doit \u00eatre jet\u00e9 comme \u00e7a. Elles doivent travailler\u00bb,<\/em> a-t-elle conscientis\u00e9 ses paires.<\/p>\n\n\n\n<p>La r\u00e9ussite dans ce premier don va sans nul doute ouvrir les portes aux micros finances et autres bailleurs des fonds pour les femmes porteuses des projets banquables. Par ce geste, Eddy Mundela Kanku, Premier Vice-Pr\u00e9sident du S\u00e9nat a d\u00e9montr\u00e9 combien il est respectueux de sa parole.<\/p>\n\n\n\n<p>Jo\u00ebl Diawa<\/p>\n","protected":false},"excerpt":{"rendered":"<p>R\u00e9daction :+243817406088 La ligue des femmes de l&rsquo;Union pour la D\u00e9mocratie et le Progr\u00e8s Social&#8230;<\/p>\n","protected":false},"author":2,"featured_media":3900,"comment_status":"open","ping_status":"open","sticky":false,"template":"","format":"standard","meta":{"_jetpack_memberships_contains_paid_content":false,"footnotes":""},"categories":[3],"tags":[],"class_list":["post-3896","post","type-post","status-publish","format-standard","has-post-thumbnail","hentry","category-politique"],"yoast_head":"<!-- This site is optimized with the Yoast SEO plugin v27.5 - https:\/\/yoast.com\/product\/yoast-seo-wordpress\/ -->\n<title>RDC: Eddy Mundela contribue \u00e0 l&#039;autonomisation des femmes de l&#039;UDPS - Infos Droits Humains<\/title>\n<meta name=\"robots\" content=\"index, follow, max-snippet:-1, max-image-preview:large, max-video-preview:-1\" \/>\n<link rel=\"canonical\" href=\"https:\/\/infos-droitshumains.net\/?p=3896\" \/>\n<meta property=\"og:locale\" content=\"fr_FR\" \/>\n<meta property=\"og:type\" content=\"article\" \/>\n<meta property=\"og:title\" content=\"RDC: Eddy Mundela contribue \u00e0 l&#039;autonomisation des femmes de l&#039;UDPS - Infos Droits Humains\" \/>\n<meta property=\"og:description\" content=\"R\u00e9daction :+243817406088 La ligue des femmes de l&rsquo;Union pour la D\u00e9mocratie et le Progr\u00e8s Social...\" \/>\n<meta property=\"og:url\" content=\"https:\/\/infos-droitshumains.net\/?p=3896\" \/>\n<meta property=\"og:site_name\" content=\"Infos Droits Humains\" \/>\n<meta property=\"article:published_time\" content=\"2022-05-26T15:30:00+00:00\" \/>\n<meta property=\"article:modified_time\" content=\"2022-05-26T17:21:08+00:00\" \/>\n<meta property=\"og:image\" content=\"https:\/\/infos-droitshumains.net\/wp-content\/uploads\/2022\/05\/IMG-20220526-WA0004_1.jpg\" \/>\n\t<meta property=\"og:image:width\" content=\"1080\" \/>\n\t<meta property=\"og:image:height\" content=\"666\" \/>\n\t<meta property=\"og:image:type\" content=\"image\/jpeg\" \/>\n<meta name=\"author\" content=\"Jo\u00ebl Diawa\" \/>\n<meta name=\"twitter:card\" content=\"summary_large_image\" \/>\n<meta name=\"twitter:label1\" content=\"\u00c9crit par\" \/>\n\t<meta name=\"twitter:data1\" content=\"Jo\u00ebl Diawa\" \/>\n\t<meta name=\"twitter:label2\" content=\"Dur\u00e9e de lecture estim\u00e9e\" \/>\n\t<meta name=\"twitter:data2\" content=\"4 minutes\" \/>\n<script type=\"application\/ld+json\" class=\"yoast-schema-graph\">{\"@context\":\"https:\\\/\\\/schema.org\",\"@graph\":[{\"@type\":\"Article\",\"@id\":\"https:\\\/\\\/infos-droitshumains.net\\\/?p=3896#article\",\"isPartOf\":{\"@id\":\"https:\\\/\\\/infos-droitshumains.net\\\/?p=3896\"},\"author\":{\"name\":\"Jo\u00ebl Diawa\",\"@id\":\"https:\\\/\\\/infos-droitshumains.net\\\/#\\\/schema\\\/person\\\/3dc5e921c3302172e0ed4362f96faab7\"},\"headline\":\"RDC: Eddy Mundela contribue \u00e0 l&rsquo;autonomisation des femmes de l&rsquo;UDPS\",\"datePublished\":\"2022-05-26T15:30:00+00:00\",\"dateModified\":\"2022-05-26T17:21:08+00:00\",\"mainEntityOfPage\":{\"@id\":\"https:\\\/\\\/infos-droitshumains.net\\\/?p=3896\"},\"wordCount\":503,\"commentCount\":0,\"publisher\":{\"@id\":\"https:\\\/\\\/infos-droitshumains.net\\\/#organization\"},\"image\":{\"@id\":\"https:\\\/\\\/infos-droitshumains.net\\\/?p=3896#primaryimage\"},\"thumbnailUrl\":\"https:\\\/\\\/i0.wp.com\\\/infos-droitshumains.net\\\/wp-content\\\/uploads\\\/2022\\\/05\\\/IMG-20220526-WA0004_1.jpg?fit=1080%2C666&ssl=1\",\"articleSection\":[\"Politique\"],\"inLanguage\":\"fr-FR\",\"potentialAction\":[{\"@type\":\"CommentAction\",\"name\":\"Comment\",\"target\":[\"https:\\\/\\\/infos-droitshumains.net\\\/?p=3896#respond\"]}]},{\"@type\":\"WebPage\",\"@id\":\"https:\\\/\\\/infos-droitshumains.net\\\/?p=3896\",\"url\":\"https:\\\/\\\/infos-droitshumains.net\\\/?p=3896\",\"name\":\"RDC: Eddy Mundela contribue \u00e0 l'autonomisation des femmes de l'UDPS - Infos Droits Humains\",\"isPartOf\":{\"@id\":\"https:\\\/\\\/infos-droitshumains.net\\\/#website\"},\"primaryImageOfPage\":{\"@id\":\"https:\\\/\\\/infos-droitshumains.net\\\/?p=3896#primaryimage\"},\"image\":{\"@id\":\"https:\\\/\\\/infos-droitshumains.net\\\/?p=3896#primaryimage\"},\"thumbnailUrl\":\"https:\\\/\\\/i0.wp.com\\\/infos-droitshumains.net\\\/wp-content\\\/uploads\\\/2022\\\/05\\\/IMG-20220526-WA0004_1.jpg?fit=1080%2C666&ssl=1\",\"datePublished\":\"2022-05-26T15:30:00+00:00\",\"dateModified\":\"2022-05-26T17:21:08+00:00\",\"breadcrumb\":{\"@id\":\"https:\\\/\\\/infos-droitshumains.net\\\/?p=3896#breadcrumb\"},\"inLanguage\":\"fr-FR\",\"potentialAction\":[{\"@type\":\"ReadAction\",\"target\":[\"https:\\\/\\\/infos-droitshumains.net\\\/?p=3896\"]}]},{\"@type\":\"ImageObject\",\"inLanguage\":\"fr-FR\",\"@id\":\"https:\\\/\\\/infos-droitshumains.net\\\/?p=3896#primaryimage\",\"url\":\"https:\\\/\\\/i0.wp.com\\\/infos-droitshumains.net\\\/wp-content\\\/uploads\\\/2022\\\/05\\\/IMG-20220526-WA0004_1.jpg?fit=1080%2C666&ssl=1\",\"contentUrl\":\"https:\\\/\\\/i0.wp.com\\\/infos-droitshumains.net\\\/wp-content\\\/uploads\\\/2022\\\/05\\\/IMG-20220526-WA0004_1.jpg?fit=1080%2C666&ssl=1\",\"width\":1080,\"height\":666},{\"@type\":\"BreadcrumbList\",\"@id\":\"https:\\\/\\\/infos-droitshumains.net\\\/?p=3896#breadcrumb\",\"itemListElement\":[{\"@type\":\"ListItem\",\"position\":1,\"name\":\"Accueil\",\"item\":\"https:\\\/\\\/infos-droitshumains.net\\\/\"},{\"@type\":\"ListItem\",\"position\":2,\"name\":\"RDC: Eddy Mundela contribue \u00e0 l&rsquo;autonomisation des femmes de l&rsquo;UDPS\"}]},{\"@type\":\"WebSite\",\"@id\":\"https:\\\/\\\/infos-droitshumains.net\\\/#website\",\"url\":\"https:\\\/\\\/infos-droitshumains.net\\\/\",\"name\":\"Infos Droits Humains\",\"description\":\"S&#039;informer est un droit\",\"publisher\":{\"@id\":\"https:\\\/\\\/infos-droitshumains.net\\\/#organization\"},\"potentialAction\":[{\"@type\":\"SearchAction\",\"target\":{\"@type\":\"EntryPoint\",\"urlTemplate\":\"https:\\\/\\\/infos-droitshumains.net\\\/?s={search_term_string}\"},\"query-input\":{\"@type\":\"PropertyValueSpecification\",\"valueRequired\":true,\"valueName\":\"search_term_string\"}}],\"inLanguage\":\"fr-FR\"},{\"@type\":\"Organization\",\"@id\":\"https:\\\/\\\/infos-droitshumains.net\\\/#organization\",\"name\":\"Infos Droits Humains\",\"url\":\"https:\\\/\\\/infos-droitshumains.net\\\/\",\"logo\":{\"@type\":\"ImageObject\",\"inLanguage\":\"fr-FR\",\"@id\":\"https:\\\/\\\/infos-droitshumains.net\\\/#\\\/schema\\\/logo\\\/image\\\/\",\"url\":\"https:\\\/\\\/i0.wp.com\\\/infos-droitshumains.net\\\/wp-content\\\/uploads\\\/2022\\\/05\\\/Logo.png?fit=333%2C129&ssl=1\",\"contentUrl\":\"https:\\\/\\\/i0.wp.com\\\/infos-droitshumains.net\\\/wp-content\\\/uploads\\\/2022\\\/05\\\/Logo.png?fit=333%2C129&ssl=1\",\"width\":333,\"height\":129,\"caption\":\"Infos Droits Humains\"},\"image\":{\"@id\":\"https:\\\/\\\/infos-droitshumains.net\\\/#\\\/schema\\\/logo\\\/image\\\/\"}},{\"@type\":\"Person\",\"@id\":\"https:\\\/\\\/infos-droitshumains.net\\\/#\\\/schema\\\/person\\\/3dc5e921c3302172e0ed4362f96faab7\",\"name\":\"Jo\u00ebl Diawa\",\"image\":{\"@type\":\"ImageObject\",\"inLanguage\":\"fr-FR\",\"@id\":\"https:\\\/\\\/secure.gravatar.com\\\/avatar\\\/729bea6ff4604c624417803c477363be8e3c7186deaa65713313f9b4b820f41c?s=96&d=mm&r=g\",\"url\":\"https:\\\/\\\/secure.gravatar.com\\\/avatar\\\/729bea6ff4604c624417803c477363be8e3c7186deaa65713313f9b4b820f41c?s=96&d=mm&r=g\",\"contentUrl\":\"https:\\\/\\\/secure.gravatar.com\\\/avatar\\\/729bea6ff4604c624417803c477363be8e3c7186deaa65713313f9b4b820f41c?s=96&d=mm&r=g\",\"caption\":\"Jo\u00ebl Diawa\"},\"sameAs\":[\"https:\\\/\\\/www.infos-droitshumains.net\"],\"url\":\"https:\\\/\\\/infos-droitshumains.net\\\/?author=2\"}]}<\/script>\n<!-- \/ Yoast SEO plugin. -->","yoast_head_json":{"title":"RDC: Eddy Mundela contribue \u00e0 l'autonomisation des femmes de l'UDPS - Infos Droits Humains","robots":{"index":"index","follow":"follow","max-snippet":"max-snippet:-1","max-image-preview":"max-image-preview:large","max-video-preview":"max-video-preview:-1"},"canonical":"https:\/\/infos-droitshumains.net\/?p=3896","og_locale":"fr_FR","og_type":"article","og_title":"RDC: Eddy Mundela contribue \u00e0 l'autonomisation des femmes de l'UDPS - Infos Droits Humains","og_description":"R\u00e9daction :+243817406088 La ligue des femmes de l&rsquo;Union pour la D\u00e9mocratie et le Progr\u00e8s Social...","og_url":"https:\/\/infos-droitshumains.net\/?p=3896","og_site_name":"Infos Droits Humains","article_published_time":"2022-05-26T15:30:00+00:00","article_modified_time":"2022-05-26T17:21:08+00:00","og_image":[{"width":1080,"height":666,"url":"https:\/\/infos-droitshumains.net\/wp-content\/uploads\/2022\/05\/IMG-20220526-WA0004_1.jpg","type":"image\/jpeg"}],"author":"Jo\u00ebl Diawa","twitter_card":"summary_large_image","twitter_misc":{"\u00c9crit par":"Jo\u00ebl Diawa","Dur\u00e9e de lecture estim\u00e9e":"4 minutes"},"schema":{"@context":"https:\/\/schema.org","@graph":[{"@type":"Article","@id":"https:\/\/infos-droitshumains.net\/?p=3896#article","isPartOf":{"@id":"https:\/\/infos-droitshumains.net\/?p=3896"},"author":{"name":"Jo\u00ebl Diawa","@id":"https:\/\/infos-droitshumains.net\/#\/schema\/person\/3dc5e921c3302172e0ed4362f96faab7"},"headline":"RDC: Eddy Mundela contribue \u00e0 l&rsquo;autonomisation des femmes de l&rsquo;UDPS","datePublished":"2022-05-26T15:30:00+00:00","dateModified":"2022-05-26T17:21:08+00:00","mainEntityOfPage":{"@id":"https:\/\/infos-droitshumains.net\/?p=3896"},"wordCount":503,"commentCount":0,"publisher":{"@id":"https:\/\/infos-droitshumains.net\/#organization"},"image":{"@id":"https:\/\/infos-droitshumains.net\/?p=3896#primaryimage"},"thumbnailUrl":"https:\/\/i0.wp.com\/infos-droitshumains.net\/wp-content\/uploads\/2022\/05\/IMG-20220526-WA0004_1.jpg?fit=1080%2C666&ssl=1","articleSection":["Politique"],"inLanguage":"fr-FR","potentialAction":[{"@type":"CommentAction","name":"Comment","target":["https:\/\/infos-droitshumains.net\/?p=3896#respond"]}]},{"@type":"WebPage","@id":"https:\/\/infos-droitshumains.net\/?p=3896","url":"https:\/\/infos-droitshumains.net\/?p=3896","name":"RDC: Eddy Mundela contribue \u00e0 l'autonomisation des femmes de l'UDPS - Infos Droits Humains","isPartOf":{"@id":"https:\/\/infos-droitshumains.net\/#website"},"primaryImageOfPage":{"@id":"https:\/\/infos-droitshumains.net\/?p=3896#primaryimage"},"image":{"@id":"https:\/\/infos-droitshumains.net\/?p=3896#primaryimage"},"thumbnailUrl":"https:\/\/i0.wp.com\/infos-droitshumains.net\/wp-content\/uploads\/2022\/05\/IMG-20220526-WA0004_1.jpg?fit=1080%2C666&ssl=1","datePublished":"2022-05-26T15:30:00+00:00","dateModified":"2022-05-26T17:21:08+00:00","breadcrumb":{"@id":"https:\/\/infos-droitshumains.net\/?p=3896#breadcrumb"},"inLanguage":"fr-FR","potentialAction":[{"@type":"ReadAction","target":["https:\/\/infos-droitshumains.net\/?p=3896"]}]},{"@type":"ImageObject","inLanguage":"fr-FR","@id":"https:\/\/infos-droitshumains.net\/?p=3896#primaryimage","url":"https:\/\/i0.wp.com\/infos-droitshumains.net\/wp-content\/uploads\/2022\/05\/IMG-20220526-WA0004_1.jpg?fit=1080%2C666&ssl=1","contentUrl":"https:\/\/i0.wp.com\/infos-droitshumains.net\/wp-content\/uploads\/2022\/05\/IMG-20220526-WA0004_1.jpg?fit=1080%2C666&ssl=1","width":1080,"height":666},{"@type":"BreadcrumbList","@id":"https:\/\/infos-droitshumains.net\/?p=3896#breadcrumb","itemListElement":[{"@type":"ListItem","position":1,"name":"Accueil","item":"https:\/\/infos-droitshumains.net\/"},{"@type":"ListItem","position":2,"name":"RDC: Eddy Mundela contribue \u00e0 l&rsquo;autonomisation des femmes de l&rsquo;UDPS"}]},{"@type":"WebSite","@id":"https:\/\/infos-droitshumains.net\/#website","url":"https:\/\/infos-droitshumains.net\/","name":"Infos Droits Humains","description":"S&#039;informer est un droit","publisher":{"@id":"https:\/\/infos-droitshumains.net\/#organization"},"potentialAction":[{"@type":"SearchAction","target":{"@type":"EntryPoint","urlTemplate":"https:\/\/infos-droitshumains.net\/?s={search_term_string}"},"query-input":{"@type":"PropertyValueSpecification","valueRequired":true,"valueName":"search_term_string"}}],"inLanguage":"fr-FR"},{"@type":"Organization","@id":"https:\/\/infos-droitshumains.net\/#organization","name":"Infos Droits Humains","url":"https:\/\/infos-droitshumains.net\/","logo":{"@type":"ImageObject","inLanguage":"fr-FR","@id":"https:\/\/infos-droitshumains.net\/#\/schema\/logo\/image\/","url":"https:\/\/i0.wp.com\/infos-droitshumains.net\/wp-content\/uploads\/2022\/05\/Logo.png?fit=333%2C129&ssl=1","contentUrl":"https:\/\/i0.wp.com\/infos-droitshumains.net\/wp-content\/uploads\/2022\/05\/Logo.png?fit=333%2C129&ssl=1","width":333,"height":129,"caption":"Infos Droits Humains"},"image":{"@id":"https:\/\/infos-droitshumains.net\/#\/schema\/logo\/image\/"}},{"@type":"Person","@id":"https:\/\/infos-droitshumains.net\/#\/schema\/person\/3dc5e921c3302172e0ed4362f96faab7","name":"Jo\u00ebl Diawa","image":{"@type":"ImageObject","inLanguage":"fr-FR","@id":"https:\/\/secure.gravatar.com\/avatar\/729bea6ff4604c624417803c477363be8e3c7186deaa65713313f9b4b820f41c?s=96&d=mm&r=g","url":"https:\/\/secure.gravatar.com\/avatar\/729bea6ff4604c624417803c477363be8e3c7186deaa65713313f9b4b820f41c?s=96&d=mm&r=g","contentUrl":"https:\/\/secure.gravatar.com\/avatar\/729bea6ff4604c624417803c477363be8e3c7186deaa65713313f9b4b820f41c?s=96&d=mm&r=g","caption":"Jo\u00ebl Diawa"},"sameAs":["https:\/\/www.infos-droitshumains.net"],"url":"https:\/\/infos-droitshumains.net\/?author=2"}]}},"featured_image_urls":{"full":["https:\/\/i0.wp.com\/infos-droitshumains.net\/wp-content\/uploads\/2022\/05\/IMG-20220526-WA0004_1.jpg?fit=1080%2C666&ssl=1",1080,666,false],"thumbnail":["https:\/\/i0.wp.com\/infos-droitshumains.net\/wp-content\/uploads\/2022\/05\/IMG-20220526-WA0004_1.jpg?resize=150%2C150&ssl=1",150,150,true],"medium":["https:\/\/i0.wp.com\/infos-droitshumains.net\/wp-content\/uploads\/2022\/05\/IMG-20220526-WA0004_1.jpg?fit=300%2C185&ssl=1",300,185,true],"medium_large":["https:\/\/i0.wp.com\/infos-droitshumains.net\/wp-content\/uploads\/2022\/05\/IMG-20220526-WA0004_1.jpg?fit=640%2C395&ssl=1",640,395,true],"large":["https:\/\/i0.wp.com\/infos-droitshumains.net\/wp-content\/uploads\/2022\/05\/IMG-20220526-WA0004_1.jpg?fit=640%2C394&ssl=1",640,394,true],"1536x1536":["https:\/\/i0.wp.com\/infos-droitshumains.net\/wp-content\/uploads\/2022\/05\/IMG-20220526-WA0004_1.jpg?fit=1080%2C666&ssl=1",1080,666,true],"2048x2048":["https:\/\/i0.wp.com\/infos-droitshumains.net\/wp-content\/uploads\/2022\/05\/IMG-20220526-WA0004_1.jpg?fit=1080%2C666&ssl=1",1080,666,true],"covernews-slider-full":["https:\/\/i0.wp.com\/infos-droitshumains.net\/wp-content\/uploads\/2022\/05\/IMG-20220526-WA0004_1.jpg?resize=1080%2C666&ssl=1",1080,666,true],"covernews-slider-center":["https:\/\/i0.wp.com\/infos-droitshumains.net\/wp-content\/uploads\/2022\/05\/IMG-20220526-WA0004_1.jpg?resize=800%2C500&ssl=1",800,500,true],"covernews-featured":["https:\/\/i0.wp.com\/infos-droitshumains.net\/wp-content\/uploads\/2022\/05\/IMG-20220526-WA0004_1.jpg?fit=1024%2C631&ssl=1",1024,631,true],"covernews-medium":["https:\/\/i0.wp.com\/infos-droitshumains.net\/wp-content\/uploads\/2022\/05\/IMG-20220526-WA0004_1.jpg?resize=540%2C340&ssl=1",540,340,true],"covernews-medium-square":["https:\/\/i0.wp.com\/infos-droitshumains.net\/wp-content\/uploads\/2022\/05\/IMG-20220526-WA0004_1.jpg?resize=400%2C250&ssl=1",400,250,true]},"author_info":{"display_name":"Jo\u00ebl Diawa","author_link":"https:\/\/infos-droitshumains.net\/?author=2"},"category_info":"<a href=\"https:\/\/infos-droitshumains.net\/?cat=3\" rel=\"category\">Politique<\/a>","tag_info":"Politique","comment_count":"0","jetpack_featured_media_url":"https:\/\/i0.wp.com\/infos-droitshumains.net\/wp-content\/uploads\/2022\/05\/IMG-20220526-WA0004_1.jpg?fit=1080%2C666&ssl=1","jetpack-related-posts":[],"jetpack_sharing_enabled":true,"_links":{"self":[{"href":"https:\/\/infos-droitshumains.net\/index.php?rest_route=\/wp\/v2\/posts\/3896","targetHints":{"allow":["GET"]}}],"collection":[{"href":"https:\/\/infos-droitshumains.net\/index.php?rest_route=\/wp\/v2\/posts"}],"about":[{"href":"https:\/\/infos-droitshumains.net\/index.php?rest_route=\/wp\/v2\/types\/post"}],"author":[{"embeddable":true,"href":"https:\/\/infos-droitshumains.net\/index.php?rest_route=\/wp\/v2\/users\/2"}],"replies":[{"embeddable":true,"href":"https:\/\/infos-droitshumains.net\/index.php?rest_route=%2Fwp%2Fv2%2Fcomments&post=3896"}],"version-history":[{"count":9,"href":"https:\/\/infos-droitshumains.net\/index.php?rest_route=\/wp\/v2\/posts\/3896\/revisions"}],"predecessor-version":[{"id":3920,"href":"https:\/\/infos-droitshumains.net\/index.php?rest_route=\/wp\/v2\/posts\/3896\/revisions\/3920"}],"wp:featuredmedia":[{"embeddable":true,"href":"https:\/\/infos-droitshumains.net\/index.php?rest_route=\/wp\/v2\/media\/3900"}],"wp:attachment":[{"href":"https:\/\/infos-droitshumains.net\/index.php?rest_route=%2Fwp%2Fv2%2Fmedia&parent=3896"}],"wp:term":[{"taxonomy":"category","embeddable":true,"href":"https:\/\/infos-droitshumains.net\/index.php?rest_route=%2Fwp%2Fv2%2Fcategories&post=3896"},{"taxonomy":"post_tag","embeddable":true,"href":"https:\/\/infos-droitshumains.net\/index.php?rest_route=%2Fwp%2Fv2%2Ftags&post=3896"}],"curies":[{"name":"wp","href":"https:\/\/api.w.org\/{rel}","templated":true}]}}