{"id":3891,"date":"2022-05-26T20:00:00","date_gmt":"2022-05-26T18:00:00","guid":{"rendered":"https:\/\/infos-droitshumains.net\/?p=3891"},"modified":"2022-05-26T17:23:42","modified_gmt":"2022-05-26T15:23:42","slug":"en-rdc-des-mesures-ont-ete-prises-en-vue-de-la-revalorisation-et-de-lamelioration-de-lenseignement-superieur-et-universitaire-jean-michel-sama-lukonde-rassure-les-ministres-membres","status":"publish","type":"post","link":"https:\/\/infos-droitshumains.net\/?p=3891","title":{"rendered":"En RDC, des mesures ont \u00e9t\u00e9 prises en vue de la revalorisation et de l\u2019am\u00e9lioration de l\u2019enseignement sup\u00e9rieur et universitaire. Jean-Michel Sama Lukonde rassure les ministres membres de la CAMES"},"content":{"rendered":"\n<p><strong>R\u00e9daction :+243817406088<\/strong><\/p>\n\n\n\n<p>Le Premier Ministre Jean-Michel Sama Lukonde a pr\u00e9sid\u00e9, ce jeudi 26 mai la c\u00e9r\u00e9monie d\u2019ouverture solennelle des travaux de la 39\u00e8me session du Conseil des ministres du Conseil africain et malgache pour l\u2019enseignement sup\u00e9rieur, CAMES.<\/p>\n\n\n\n<p>Sama Lukonde a salu\u00e9 la tenue de ces assises \u00e0 Kinshasa et a soulign\u00e9 que le Gouvernement de la R\u00e9publique a inscrit le secteur social et culturel au sein duquel se trouve l\u2019\u00e9ducation dans l\u2019ordre des actions prioritaires tout en rassurant que des mesures ont \u00e9t\u00e9 prises en vue de la revalorisation et de l\u2019am\u00e9lioration de l\u2019enseignement sup\u00e9rieur et universitaire.<\/p>\n\n\n\n<p><em>\u00ab Le but de notre action est d\u2019atteindre des objectifs du d\u00e9veloppement. Ce d\u00e9veloppement ne peut se r\u00e9aliser que si nous accordions une attention particuli\u00e8re dans le domaine de la formation de l\u2019homme et de la valorisation du capital humain. C\u2019est pour cette raison que le Gouvernement de la R\u00e9publique a inscrit le secteur social et culturel au sein duquel se trouve l\u2019\u00e9ducation dans l\u2019ordre des actions prioritaires. Ainsi, outre les mesures prises au niveau interne, le rayonnement international et r\u00e9gional d\u2019universit\u00e9s, Instituts sup\u00e9rieurs et d\u2019autres \u00e9coles, passent par le d\u00e9veloppement de la coop\u00e9ration dans le cadre bilat\u00e9ral avec d\u2019autres \u00c9tats et multi lat\u00e9ral au sein des organisations internationales dont le Conseil Africain et Malgache pour l\u2019Enseignement Sup\u00e9rieur et Universitaire. C\u2019est pour cette raison que les pr\u00e9sentes assises sont plac\u00e9es sous le haut patronage du Pr\u00e9sident de\u00bb, <\/em>a d\u00e9clar\u00e9 Jean-Michel Sama Lukonde \u00e0 l\u2019ouverture des travaux.<\/p>\n\n\n\n<p>Le Premier Ministre a fait savoir que la tenue de la 39\u00e8me session ordinaire du Conseil du Cames dans la ville province de Kinshasa donne l\u2019occasion de rappeler les orientations gouvernementales en lien avec l\u2019am\u00e9lioration de la qualit\u00e9 de la formation dans ce secteur. Orientations qui corroborent avec les visions, missions et actions du CAMES.<\/p>\n\n\n\n<p>Pour le Chef du Gouvernement congolais, les r\u00e9solutions de ces travaux contribueront non seulement \u00e0 porter toujours plus haut les couleurs de la formation tertiaire en Afrique mais permettront au CAMES de continuer \u00e0 jouer son r\u00f4le d\u2019espace culturel d\u2019int\u00e9gration continentale.<\/p>\n\n\n\n<p>Ces assises s\u2019organisent chaque ann\u00e9e et regroupent les ministres de la Recherche Scientifique et de l\u2019Enseignement Sup\u00e9rieur et Universitaire des pays membres du CAMES et des experts. Pour cette 39\u00e8me session, il sera question de pr\u00e9senter le bilan des activit\u00e9s par le secr\u00e9tariat int\u00e9rimaire du CAMES, la mise en \u0153uvre du LMD dans l\u2019espace CAMES, l\u2019\u00e9lection du secr\u00e9taire g\u00e9n\u00e9ral et de deux directeurs de programme du CAMES.<\/p>\n\n\n\n<p>Jo\u00ebl Diawa<\/p>\n","protected":false},"excerpt":{"rendered":"<p>R\u00e9daction :+243817406088 Le Premier Ministre Jean-Michel Sama Lukonde a pr\u00e9sid\u00e9, ce jeudi 26 mai la&#8230;<\/p>\n","protected":false},"author":2,"featured_media":3893,"comment_status":"open","ping_status":"open","sticky":false,"template":"","format":"standard","meta":{"_jetpack_memberships_contains_paid_content":false,"footnotes":""},"categories":[3],"tags":[],"class_list":["post-3891","post","type-post","status-publish","format-standard","has-post-thumbnail","hentry","category-politique"],"yoast_head":"<!-- This site is optimized with the Yoast SEO plugin v27.5 - https:\/\/yoast.com\/product\/yoast-seo-wordpress\/ -->\n<title>En RDC, des mesures ont \u00e9t\u00e9 prises en vue de la revalorisation et de l\u2019am\u00e9lioration de l\u2019enseignement sup\u00e9rieur et universitaire. Jean-Michel Sama Lukonde rassure les ministres membres de la CAMES - Infos Droits Humains<\/title>\n<meta name=\"robots\" content=\"index, follow, max-snippet:-1, max-image-preview:large, max-video-preview:-1\" \/>\n<link rel=\"canonical\" href=\"https:\/\/infos-droitshumains.net\/?p=3891\" \/>\n<meta property=\"og:locale\" content=\"fr_FR\" \/>\n<meta property=\"og:type\" content=\"article\" \/>\n<meta property=\"og:title\" content=\"En RDC, des mesures ont \u00e9t\u00e9 prises en vue de la revalorisation et de l\u2019am\u00e9lioration de l\u2019enseignement sup\u00e9rieur et universitaire. Jean-Michel Sama Lukonde rassure les ministres membres de la CAMES - Infos Droits Humains\" \/>\n<meta property=\"og:description\" content=\"R\u00e9daction :+243817406088 Le Premier Ministre Jean-Michel Sama Lukonde a pr\u00e9sid\u00e9, ce jeudi 26 mai la...\" \/>\n<meta property=\"og:url\" content=\"https:\/\/infos-droitshumains.net\/?p=3891\" \/>\n<meta property=\"og:site_name\" content=\"Infos Droits Humains\" \/>\n<meta property=\"article:published_time\" content=\"2022-05-26T18:00:00+00:00\" \/>\n<meta property=\"og:image\" content=\"https:\/\/i0.wp.com\/infos-droitshumains.net\/wp-content\/uploads\/2022\/05\/20220526_153437.jpg?fit=1080%2C692&ssl=1\" \/>\n\t<meta property=\"og:image:width\" content=\"1080\" \/>\n\t<meta property=\"og:image:height\" content=\"692\" \/>\n\t<meta property=\"og:image:type\" content=\"image\/jpeg\" \/>\n<meta name=\"author\" content=\"Jo\u00ebl Diawa\" \/>\n<meta name=\"twitter:card\" content=\"summary_large_image\" \/>\n<meta name=\"twitter:label1\" content=\"\u00c9crit par\" \/>\n\t<meta name=\"twitter:data1\" content=\"Jo\u00ebl Diawa\" \/>\n\t<meta name=\"twitter:label2\" content=\"Dur\u00e9e de lecture estim\u00e9e\" \/>\n\t<meta name=\"twitter:data2\" content=\"3 minutes\" \/>\n<script type=\"application\/ld+json\" class=\"yoast-schema-graph\">{\"@context\":\"https:\\\/\\\/schema.org\",\"@graph\":[{\"@type\":\"Article\",\"@id\":\"https:\\\/\\\/infos-droitshumains.net\\\/?p=3891#article\",\"isPartOf\":{\"@id\":\"https:\\\/\\\/infos-droitshumains.net\\\/?p=3891\"},\"author\":{\"name\":\"Jo\u00ebl Diawa\",\"@id\":\"https:\\\/\\\/infos-droitshumains.net\\\/#\\\/schema\\\/person\\\/3dc5e921c3302172e0ed4362f96faab7\"},\"headline\":\"En RDC, des mesures ont \u00e9t\u00e9 prises en vue de la revalorisation et de l\u2019am\u00e9lioration de l\u2019enseignement sup\u00e9rieur et universitaire. Jean-Michel Sama Lukonde rassure les ministres membres de la CAMES\",\"datePublished\":\"2022-05-26T18:00:00+00:00\",\"mainEntityOfPage\":{\"@id\":\"https:\\\/\\\/infos-droitshumains.net\\\/?p=3891\"},\"wordCount\":499,\"commentCount\":0,\"publisher\":{\"@id\":\"https:\\\/\\\/infos-droitshumains.net\\\/#organization\"},\"image\":{\"@id\":\"https:\\\/\\\/infos-droitshumains.net\\\/?p=3891#primaryimage\"},\"thumbnailUrl\":\"https:\\\/\\\/i0.wp.com\\\/infos-droitshumains.net\\\/wp-content\\\/uploads\\\/2022\\\/05\\\/20220526_153437.jpg?fit=1080%2C692&ssl=1\",\"articleSection\":[\"Politique\"],\"inLanguage\":\"fr-FR\",\"potentialAction\":[{\"@type\":\"CommentAction\",\"name\":\"Comment\",\"target\":[\"https:\\\/\\\/infos-droitshumains.net\\\/?p=3891#respond\"]}]},{\"@type\":\"WebPage\",\"@id\":\"https:\\\/\\\/infos-droitshumains.net\\\/?p=3891\",\"url\":\"https:\\\/\\\/infos-droitshumains.net\\\/?p=3891\",\"name\":\"En RDC, des mesures ont \u00e9t\u00e9 prises en vue de la revalorisation et de l\u2019am\u00e9lioration de l\u2019enseignement sup\u00e9rieur et universitaire. Jean-Michel Sama Lukonde rassure les ministres membres de la CAMES - Infos Droits Humains\",\"isPartOf\":{\"@id\":\"https:\\\/\\\/infos-droitshumains.net\\\/#website\"},\"primaryImageOfPage\":{\"@id\":\"https:\\\/\\\/infos-droitshumains.net\\\/?p=3891#primaryimage\"},\"image\":{\"@id\":\"https:\\\/\\\/infos-droitshumains.net\\\/?p=3891#primaryimage\"},\"thumbnailUrl\":\"https:\\\/\\\/i0.wp.com\\\/infos-droitshumains.net\\\/wp-content\\\/uploads\\\/2022\\\/05\\\/20220526_153437.jpg?fit=1080%2C692&ssl=1\",\"datePublished\":\"2022-05-26T18:00:00+00:00\",\"breadcrumb\":{\"@id\":\"https:\\\/\\\/infos-droitshumains.net\\\/?p=3891#breadcrumb\"},\"inLanguage\":\"fr-FR\",\"potentialAction\":[{\"@type\":\"ReadAction\",\"target\":[\"https:\\\/\\\/infos-droitshumains.net\\\/?p=3891\"]}]},{\"@type\":\"ImageObject\",\"inLanguage\":\"fr-FR\",\"@id\":\"https:\\\/\\\/infos-droitshumains.net\\\/?p=3891#primaryimage\",\"url\":\"https:\\\/\\\/i0.wp.com\\\/infos-droitshumains.net\\\/wp-content\\\/uploads\\\/2022\\\/05\\\/20220526_153437.jpg?fit=1080%2C692&ssl=1\",\"contentUrl\":\"https:\\\/\\\/i0.wp.com\\\/infos-droitshumains.net\\\/wp-content\\\/uploads\\\/2022\\\/05\\\/20220526_153437.jpg?fit=1080%2C692&ssl=1\",\"width\":1080,\"height\":692},{\"@type\":\"BreadcrumbList\",\"@id\":\"https:\\\/\\\/infos-droitshumains.net\\\/?p=3891#breadcrumb\",\"itemListElement\":[{\"@type\":\"ListItem\",\"position\":1,\"name\":\"Accueil\",\"item\":\"https:\\\/\\\/infos-droitshumains.net\\\/\"},{\"@type\":\"ListItem\",\"position\":2,\"name\":\"En RDC, des mesures ont \u00e9t\u00e9 prises en vue de la revalorisation et de l\u2019am\u00e9lioration de l\u2019enseignement sup\u00e9rieur et universitaire. Jean-Michel Sama Lukonde rassure les ministres membres de la CAMES\"}]},{\"@type\":\"WebSite\",\"@id\":\"https:\\\/\\\/infos-droitshumains.net\\\/#website\",\"url\":\"https:\\\/\\\/infos-droitshumains.net\\\/\",\"name\":\"Infos Droits Humains\",\"description\":\"S&#039;informer est un droit\",\"publisher\":{\"@id\":\"https:\\\/\\\/infos-droitshumains.net\\\/#organization\"},\"potentialAction\":[{\"@type\":\"SearchAction\",\"target\":{\"@type\":\"EntryPoint\",\"urlTemplate\":\"https:\\\/\\\/infos-droitshumains.net\\\/?s={search_term_string}\"},\"query-input\":{\"@type\":\"PropertyValueSpecification\",\"valueRequired\":true,\"valueName\":\"search_term_string\"}}],\"inLanguage\":\"fr-FR\"},{\"@type\":\"Organization\",\"@id\":\"https:\\\/\\\/infos-droitshumains.net\\\/#organization\",\"name\":\"Infos Droits Humains\",\"url\":\"https:\\\/\\\/infos-droitshumains.net\\\/\",\"logo\":{\"@type\":\"ImageObject\",\"inLanguage\":\"fr-FR\",\"@id\":\"https:\\\/\\\/infos-droitshumains.net\\\/#\\\/schema\\\/logo\\\/image\\\/\",\"url\":\"https:\\\/\\\/i0.wp.com\\\/infos-droitshumains.net\\\/wp-content\\\/uploads\\\/2022\\\/05\\\/Logo.png?fit=333%2C129&ssl=1\",\"contentUrl\":\"https:\\\/\\\/i0.wp.com\\\/infos-droitshumains.net\\\/wp-content\\\/uploads\\\/2022\\\/05\\\/Logo.png?fit=333%2C129&ssl=1\",\"width\":333,\"height\":129,\"caption\":\"Infos Droits Humains\"},\"image\":{\"@id\":\"https:\\\/\\\/infos-droitshumains.net\\\/#\\\/schema\\\/logo\\\/image\\\/\"}},{\"@type\":\"Person\",\"@id\":\"https:\\\/\\\/infos-droitshumains.net\\\/#\\\/schema\\\/person\\\/3dc5e921c3302172e0ed4362f96faab7\",\"name\":\"Jo\u00ebl Diawa\",\"image\":{\"@type\":\"ImageObject\",\"inLanguage\":\"fr-FR\",\"@id\":\"https:\\\/\\\/secure.gravatar.com\\\/avatar\\\/729bea6ff4604c624417803c477363be8e3c7186deaa65713313f9b4b820f41c?s=96&d=mm&r=g\",\"url\":\"https:\\\/\\\/secure.gravatar.com\\\/avatar\\\/729bea6ff4604c624417803c477363be8e3c7186deaa65713313f9b4b820f41c?s=96&d=mm&r=g\",\"contentUrl\":\"https:\\\/\\\/secure.gravatar.com\\\/avatar\\\/729bea6ff4604c624417803c477363be8e3c7186deaa65713313f9b4b820f41c?s=96&d=mm&r=g\",\"caption\":\"Jo\u00ebl Diawa\"},\"sameAs\":[\"https:\\\/\\\/www.infos-droitshumains.net\"],\"url\":\"https:\\\/\\\/infos-droitshumains.net\\\/?author=2\"}]}<\/script>\n<!-- \/ Yoast SEO plugin. -->","yoast_head_json":{"title":"En RDC, des mesures ont \u00e9t\u00e9 prises en vue de la revalorisation et de l\u2019am\u00e9lioration de l\u2019enseignement sup\u00e9rieur et universitaire. Jean-Michel Sama Lukonde rassure les ministres membres de la CAMES - Infos Droits Humains","robots":{"index":"index","follow":"follow","max-snippet":"max-snippet:-1","max-image-preview":"max-image-preview:large","max-video-preview":"max-video-preview:-1"},"canonical":"https:\/\/infos-droitshumains.net\/?p=3891","og_locale":"fr_FR","og_type":"article","og_title":"En RDC, des mesures ont \u00e9t\u00e9 prises en vue de la revalorisation et de l\u2019am\u00e9lioration de l\u2019enseignement sup\u00e9rieur et universitaire. Jean-Michel Sama Lukonde rassure les ministres membres de la CAMES - Infos Droits Humains","og_description":"R\u00e9daction :+243817406088 Le Premier Ministre Jean-Michel Sama Lukonde a pr\u00e9sid\u00e9, ce jeudi 26 mai la...","og_url":"https:\/\/infos-droitshumains.net\/?p=3891","og_site_name":"Infos Droits Humains","article_published_time":"2022-05-26T18:00:00+00:00","og_image":[{"width":1080,"height":692,"url":"https:\/\/i0.wp.com\/infos-droitshumains.net\/wp-content\/uploads\/2022\/05\/20220526_153437.jpg?fit=1080%2C692&ssl=1","type":"image\/jpeg"}],"author":"Jo\u00ebl Diawa","twitter_card":"summary_large_image","twitter_misc":{"\u00c9crit par":"Jo\u00ebl Diawa","Dur\u00e9e de lecture estim\u00e9e":"3 minutes"},"schema":{"@context":"https:\/\/schema.org","@graph":[{"@type":"Article","@id":"https:\/\/infos-droitshumains.net\/?p=3891#article","isPartOf":{"@id":"https:\/\/infos-droitshumains.net\/?p=3891"},"author":{"name":"Jo\u00ebl Diawa","@id":"https:\/\/infos-droitshumains.net\/#\/schema\/person\/3dc5e921c3302172e0ed4362f96faab7"},"headline":"En RDC, des mesures ont \u00e9t\u00e9 prises en vue de la revalorisation et de l\u2019am\u00e9lioration de l\u2019enseignement sup\u00e9rieur et universitaire. Jean-Michel Sama Lukonde rassure les ministres membres de la CAMES","datePublished":"2022-05-26T18:00:00+00:00","mainEntityOfPage":{"@id":"https:\/\/infos-droitshumains.net\/?p=3891"},"wordCount":499,"commentCount":0,"publisher":{"@id":"https:\/\/infos-droitshumains.net\/#organization"},"image":{"@id":"https:\/\/infos-droitshumains.net\/?p=3891#primaryimage"},"thumbnailUrl":"https:\/\/i0.wp.com\/infos-droitshumains.net\/wp-content\/uploads\/2022\/05\/20220526_153437.jpg?fit=1080%2C692&ssl=1","articleSection":["Politique"],"inLanguage":"fr-FR","potentialAction":[{"@type":"CommentAction","name":"Comment","target":["https:\/\/infos-droitshumains.net\/?p=3891#respond"]}]},{"@type":"WebPage","@id":"https:\/\/infos-droitshumains.net\/?p=3891","url":"https:\/\/infos-droitshumains.net\/?p=3891","name":"En RDC, des mesures ont \u00e9t\u00e9 prises en vue de la revalorisation et de l\u2019am\u00e9lioration de l\u2019enseignement sup\u00e9rieur et universitaire. Jean-Michel Sama Lukonde rassure les ministres membres de la CAMES - Infos Droits Humains","isPartOf":{"@id":"https:\/\/infos-droitshumains.net\/#website"},"primaryImageOfPage":{"@id":"https:\/\/infos-droitshumains.net\/?p=3891#primaryimage"},"image":{"@id":"https:\/\/infos-droitshumains.net\/?p=3891#primaryimage"},"thumbnailUrl":"https:\/\/i0.wp.com\/infos-droitshumains.net\/wp-content\/uploads\/2022\/05\/20220526_153437.jpg?fit=1080%2C692&ssl=1","datePublished":"2022-05-26T18:00:00+00:00","breadcrumb":{"@id":"https:\/\/infos-droitshumains.net\/?p=3891#breadcrumb"},"inLanguage":"fr-FR","potentialAction":[{"@type":"ReadAction","target":["https:\/\/infos-droitshumains.net\/?p=3891"]}]},{"@type":"ImageObject","inLanguage":"fr-FR","@id":"https:\/\/infos-droitshumains.net\/?p=3891#primaryimage","url":"https:\/\/i0.wp.com\/infos-droitshumains.net\/wp-content\/uploads\/2022\/05\/20220526_153437.jpg?fit=1080%2C692&ssl=1","contentUrl":"https:\/\/i0.wp.com\/infos-droitshumains.net\/wp-content\/uploads\/2022\/05\/20220526_153437.jpg?fit=1080%2C692&ssl=1","width":1080,"height":692},{"@type":"BreadcrumbList","@id":"https:\/\/infos-droitshumains.net\/?p=3891#breadcrumb","itemListElement":[{"@type":"ListItem","position":1,"name":"Accueil","item":"https:\/\/infos-droitshumains.net\/"},{"@type":"ListItem","position":2,"name":"En RDC, des mesures ont \u00e9t\u00e9 prises en vue de la revalorisation et de l\u2019am\u00e9lioration de l\u2019enseignement sup\u00e9rieur et universitaire. Jean-Michel Sama Lukonde rassure les ministres membres de la CAMES"}]},{"@type":"WebSite","@id":"https:\/\/infos-droitshumains.net\/#website","url":"https:\/\/infos-droitshumains.net\/","name":"Infos Droits Humains","description":"S&#039;informer est un droit","publisher":{"@id":"https:\/\/infos-droitshumains.net\/#organization"},"potentialAction":[{"@type":"SearchAction","target":{"@type":"EntryPoint","urlTemplate":"https:\/\/infos-droitshumains.net\/?s={search_term_string}"},"query-input":{"@type":"PropertyValueSpecification","valueRequired":true,"valueName":"search_term_string"}}],"inLanguage":"fr-FR"},{"@type":"Organization","@id":"https:\/\/infos-droitshumains.net\/#organization","name":"Infos Droits Humains","url":"https:\/\/infos-droitshumains.net\/","logo":{"@type":"ImageObject","inLanguage":"fr-FR","@id":"https:\/\/infos-droitshumains.net\/#\/schema\/logo\/image\/","url":"https:\/\/i0.wp.com\/infos-droitshumains.net\/wp-content\/uploads\/2022\/05\/Logo.png?fit=333%2C129&ssl=1","contentUrl":"https:\/\/i0.wp.com\/infos-droitshumains.net\/wp-content\/uploads\/2022\/05\/Logo.png?fit=333%2C129&ssl=1","width":333,"height":129,"caption":"Infos Droits Humains"},"image":{"@id":"https:\/\/infos-droitshumains.net\/#\/schema\/logo\/image\/"}},{"@type":"Person","@id":"https:\/\/infos-droitshumains.net\/#\/schema\/person\/3dc5e921c3302172e0ed4362f96faab7","name":"Jo\u00ebl Diawa","image":{"@type":"ImageObject","inLanguage":"fr-FR","@id":"https:\/\/secure.gravatar.com\/avatar\/729bea6ff4604c624417803c477363be8e3c7186deaa65713313f9b4b820f41c?s=96&d=mm&r=g","url":"https:\/\/secure.gravatar.com\/avatar\/729bea6ff4604c624417803c477363be8e3c7186deaa65713313f9b4b820f41c?s=96&d=mm&r=g","contentUrl":"https:\/\/secure.gravatar.com\/avatar\/729bea6ff4604c624417803c477363be8e3c7186deaa65713313f9b4b820f41c?s=96&d=mm&r=g","caption":"Jo\u00ebl Diawa"},"sameAs":["https:\/\/www.infos-droitshumains.net"],"url":"https:\/\/infos-droitshumains.net\/?author=2"}]}},"featured_image_urls":{"full":["https:\/\/i0.wp.com\/infos-droitshumains.net\/wp-content\/uploads\/2022\/05\/20220526_153437.jpg?fit=1080%2C692&ssl=1",1080,692,false],"thumbnail":["https:\/\/i0.wp.com\/infos-droitshumains.net\/wp-content\/uploads\/2022\/05\/20220526_153437.jpg?resize=150%2C150&ssl=1",150,150,true],"medium":["https:\/\/i0.wp.com\/infos-droitshumains.net\/wp-content\/uploads\/2022\/05\/20220526_153437.jpg?fit=300%2C192&ssl=1",300,192,true],"medium_large":["https:\/\/i0.wp.com\/infos-droitshumains.net\/wp-content\/uploads\/2022\/05\/20220526_153437.jpg?fit=640%2C410&ssl=1",640,410,true],"large":["https:\/\/i0.wp.com\/infos-droitshumains.net\/wp-content\/uploads\/2022\/05\/20220526_153437.jpg?fit=640%2C410&ssl=1",640,410,true],"1536x1536":["https:\/\/i0.wp.com\/infos-droitshumains.net\/wp-content\/uploads\/2022\/05\/20220526_153437.jpg?fit=1080%2C692&ssl=1",1080,692,true],"2048x2048":["https:\/\/i0.wp.com\/infos-droitshumains.net\/wp-content\/uploads\/2022\/05\/20220526_153437.jpg?fit=1080%2C692&ssl=1",1080,692,true],"covernews-slider-full":["https:\/\/i0.wp.com\/infos-droitshumains.net\/wp-content\/uploads\/2022\/05\/20220526_153437.jpg?resize=1080%2C692&ssl=1",1080,692,true],"covernews-slider-center":["https:\/\/i0.wp.com\/infos-droitshumains.net\/wp-content\/uploads\/2022\/05\/20220526_153437.jpg?resize=800%2C500&ssl=1",800,500,true],"covernews-featured":["https:\/\/i0.wp.com\/infos-droitshumains.net\/wp-content\/uploads\/2022\/05\/20220526_153437.jpg?fit=1024%2C656&ssl=1",1024,656,true],"covernews-medium":["https:\/\/i0.wp.com\/infos-droitshumains.net\/wp-content\/uploads\/2022\/05\/20220526_153437.jpg?resize=540%2C340&ssl=1",540,340,true],"covernews-medium-square":["https:\/\/i0.wp.com\/infos-droitshumains.net\/wp-content\/uploads\/2022\/05\/20220526_153437.jpg?resize=400%2C250&ssl=1",400,250,true]},"author_info":{"display_name":"Jo\u00ebl Diawa","author_link":"https:\/\/infos-droitshumains.net\/?author=2"},"category_info":"<a href=\"https:\/\/infos-droitshumains.net\/?cat=3\" rel=\"category\">Politique<\/a>","tag_info":"Politique","comment_count":"0","jetpack_featured_media_url":"https:\/\/i0.wp.com\/infos-droitshumains.net\/wp-content\/uploads\/2022\/05\/20220526_153437.jpg?fit=1080%2C692&ssl=1","jetpack-related-posts":[],"jetpack_sharing_enabled":true,"_links":{"self":[{"href":"https:\/\/infos-droitshumains.net\/index.php?rest_route=\/wp\/v2\/posts\/3891","targetHints":{"allow":["GET"]}}],"collection":[{"href":"https:\/\/infos-droitshumains.net\/index.php?rest_route=\/wp\/v2\/posts"}],"about":[{"href":"https:\/\/infos-droitshumains.net\/index.php?rest_route=\/wp\/v2\/types\/post"}],"author":[{"embeddable":true,"href":"https:\/\/infos-droitshumains.net\/index.php?rest_route=\/wp\/v2\/users\/2"}],"replies":[{"embeddable":true,"href":"https:\/\/infos-droitshumains.net\/index.php?rest_route=%2Fwp%2Fv2%2Fcomments&post=3891"}],"version-history":[{"count":2,"href":"https:\/\/infos-droitshumains.net\/index.php?rest_route=\/wp\/v2\/posts\/3891\/revisions"}],"predecessor-version":[{"id":3895,"href":"https:\/\/infos-droitshumains.net\/index.php?rest_route=\/wp\/v2\/posts\/3891\/revisions\/3895"}],"wp:featuredmedia":[{"embeddable":true,"href":"https:\/\/infos-droitshumains.net\/index.php?rest_route=\/wp\/v2\/media\/3893"}],"wp:attachment":[{"href":"https:\/\/infos-droitshumains.net\/index.php?rest_route=%2Fwp%2Fv2%2Fmedia&parent=3891"}],"wp:term":[{"taxonomy":"category","embeddable":true,"href":"https:\/\/infos-droitshumains.net\/index.php?rest_route=%2Fwp%2Fv2%2Fcategories&post=3891"},{"taxonomy":"post_tag","embeddable":true,"href":"https:\/\/infos-droitshumains.net\/index.php?rest_route=%2Fwp%2Fv2%2Ftags&post=3891"}],"curies":[{"name":"wp","href":"https:\/\/api.w.org\/{rel}","templated":true}]}}