{"id":385,"date":"2021-05-20T00:01:45","date_gmt":"2021-05-19T22:01:45","guid":{"rendered":"https:\/\/www.infos-droitshumains.net\/?p=385"},"modified":"2023-04-06T12:11:46","modified_gmt":"2023-04-06T10:11:46","slug":"je-nai-pas-a-polemiquer-avec-le-president-kagame-reponse-de-felix-tshisekedi-aux-propos-negationnistes-du-president-rwandais","status":"publish","type":"post","link":"https:\/\/infos-droitshumains.net\/?p=385","title":{"rendered":"Je n&rsquo;ai pas \u00e0 pol\u00e9miquer avec le pr\u00e9sident Kagame :  r\u00e9ponse de F\u00e9lix Tshisekedi aux propos n\u00e9gationnistes du pr\u00e9sident rwandais."},"content":{"rendered":"\n<p><\/p>\n\n\n\n<p>Dans une interview accord\u00e9e ce mercredi \u00e0 la radio Top Congo fm, le pr\u00e9sident de la R\u00e9publique D\u00e9mocratique du Congo \u00e0 r\u00e9pondu aux all\u00e9gations de son homologue rwandais sur la question des massacres commis \u00e0 l&rsquo;Est de la RDC, dont le Rwanda est cit\u00e9 comme instigateur.<\/p>\n\n\n\n<p>\u00a0\u00bb <em>Je n&rsquo;ai pas de pol\u00e9mique \u00e0 faire avec le pr\u00e9sident Kagame, je n&rsquo;ai pas \u00e0 utiliser les m\u00e9dias pour le r\u00e9pondre. J&rsquo;ai d&rsquo;autres voies, je les utiliserai pour lui parler. Moi je m&rsquo;inscris plut\u00f4t dans la logique de la paix dans mon pays, avec mes voisins et je ne fais pas attention \u00e0 ces genres des d\u00e9clarations qui peuvent mettre le feu \u00e0 la r\u00e9gion. Je n&rsquo;ai pas l&rsquo;intention de r\u00e9pliquer \u00e0 cela<\/em> \u00a0\u00bb a r\u00e9pondu F\u00e9lix Tshisekedi aux propos n\u00e9gationnistes de son homologue.<\/p>\n\n\n\n<p>Suite \u00e0 son combat pour que la v\u00e9rit\u00e9 sur les massacres de l&rsquo;Est soit \u00e9clat\u00e9e, le docteur Denis Mukwege est peint par Paul Kagame comme quelqu&rsquo;un manipul\u00e9, un instrument au service de la communaut\u00e9 internationale, F\u00e9lix Tshisekedi s&rsquo;inscrit en faux et place sa confiance au prix Nobel de la paix : <\/p>\n\n\n\n<p>\u00a0\u00bb <em>Le docteur Mukwege, j&rsquo;insiste, il a toute ma confiance, ma consid\u00e9ration et mon soutien. Ce n&rsquo;est certainement pas quelqu&rsquo;un qu&rsquo;on peut manipuler. Il est originaire de ce coin l\u00e0, il vit pr\u00eat des victimes, c&rsquo;est quelqu&rsquo;un qui est mieux plac\u00e9 pour parler de nos populations<\/em> \u00ab\u00a0.<\/p>\n\n\n\n<p>Selon Paul Kagame, le rapport Mapping \u00e9tait contest\u00e9 m\u00eame par les congolais, comme pour dire que c&rsquo;est un rapport biais\u00e9. Pour le chef d&rsquo;\u00c9tat congolais, il y aura bel et bien une justice transitionnelle : <\/p>\n\n\n\n<p>\u00a0\u00bb <em>J&rsquo;insiste ici sur le fait que le rapport mapping n&rsquo;est pas fait par des congolais, mais plut\u00f4t par des experts onusiens. Ce que nous avons \u00e0 faire, c&rsquo;est de ramener l&rsquo;ordre, la s\u00e9curit\u00e9 et la paix \u00e0 l&rsquo;Est du pays. De mettre fin \u00e0 ce cycle des morts de nos compatriotes, et aussi d&rsquo;ouvrir une page de justice transitionnelle ou p\u00e9nale, peu importe. Le but, c&rsquo;est de rendre hommage \u00e0 toutes ces victimes abattues<\/em> \u00ab\u00a0.<\/p>\n\n\n\n<p>En mettant de l&rsquo;eau dans son vin, le pr\u00e9sident F\u00e9lix Tshisekedi n&rsquo;a visiblement pas rencontr\u00e9 les attentes des congolais qui s&rsquo;attendaient \u00e0 une r\u00e9action muscl\u00e9e de Kinshasa.<\/p>\n","protected":false},"excerpt":{"rendered":"<p>Dans une interview accord\u00e9e ce mercredi \u00e0 la radio Top Congo fm, le pr\u00e9sident de&#8230;<\/p>\n","protected":false},"author":2,"featured_media":0,"comment_status":"open","ping_status":"open","sticky":false,"template":"","format":"standard","meta":{"_jetpack_memberships_contains_paid_content":false,"footnotes":""},"categories":[1],"tags":[],"class_list":["post-385","post","type-post","status-publish","format-standard","hentry","category-non-classe"],"yoast_head":"<!-- This site is optimized with the Yoast SEO plugin v27.5 - https:\/\/yoast.com\/product\/yoast-seo-wordpress\/ -->\n<title>Je n&#039;ai pas \u00e0 pol\u00e9miquer avec le pr\u00e9sident Kagame : r\u00e9ponse de F\u00e9lix Tshisekedi aux propos n\u00e9gationnistes du pr\u00e9sident rwandais. - Infos Droits Humains<\/title>\n<meta name=\"robots\" content=\"index, follow, max-snippet:-1, max-image-preview:large, max-video-preview:-1\" \/>\n<link rel=\"canonical\" href=\"https:\/\/infos-droitshumains.net\/?p=385\" \/>\n<meta property=\"og:locale\" content=\"fr_FR\" \/>\n<meta property=\"og:type\" content=\"article\" \/>\n<meta property=\"og:title\" content=\"Je n&#039;ai pas \u00e0 pol\u00e9miquer avec le pr\u00e9sident Kagame : r\u00e9ponse de F\u00e9lix Tshisekedi aux propos n\u00e9gationnistes du pr\u00e9sident rwandais. - Infos Droits Humains\" \/>\n<meta property=\"og:description\" content=\"Dans une interview accord\u00e9e ce mercredi \u00e0 la radio Top Congo fm, le pr\u00e9sident de...\" \/>\n<meta property=\"og:url\" content=\"https:\/\/infos-droitshumains.net\/?p=385\" \/>\n<meta property=\"og:site_name\" content=\"Infos Droits Humains\" \/>\n<meta property=\"article:published_time\" content=\"2021-05-19T22:01:45+00:00\" \/>\n<meta property=\"article:modified_time\" content=\"2023-04-06T10:11:46+00:00\" \/>\n<meta name=\"author\" content=\"Jo\u00ebl Diawa\" \/>\n<meta name=\"twitter:card\" content=\"summary_large_image\" \/>\n<meta name=\"twitter:label1\" content=\"\u00c9crit par\" \/>\n\t<meta name=\"twitter:data1\" content=\"Jo\u00ebl Diawa\" \/>\n\t<meta name=\"twitter:label2\" content=\"Dur\u00e9e de lecture estim\u00e9e\" \/>\n\t<meta name=\"twitter:data2\" content=\"2 minutes\" \/>\n<script type=\"application\/ld+json\" class=\"yoast-schema-graph\">{\"@context\":\"https:\\\/\\\/schema.org\",\"@graph\":[{\"@type\":\"Article\",\"@id\":\"https:\\\/\\\/infos-droitshumains.net\\\/?p=385#article\",\"isPartOf\":{\"@id\":\"https:\\\/\\\/infos-droitshumains.net\\\/?p=385\"},\"author\":{\"name\":\"Jo\u00ebl Diawa\",\"@id\":\"https:\\\/\\\/infos-droitshumains.net\\\/#\\\/schema\\\/person\\\/3dc5e921c3302172e0ed4362f96faab7\"},\"headline\":\"Je n&rsquo;ai pas \u00e0 pol\u00e9miquer avec le pr\u00e9sident Kagame : r\u00e9ponse de F\u00e9lix Tshisekedi aux propos n\u00e9gationnistes du pr\u00e9sident rwandais.\",\"datePublished\":\"2021-05-19T22:01:45+00:00\",\"dateModified\":\"2023-04-06T10:11:46+00:00\",\"mainEntityOfPage\":{\"@id\":\"https:\\\/\\\/infos-droitshumains.net\\\/?p=385\"},\"wordCount\":400,\"commentCount\":0,\"publisher\":{\"@id\":\"https:\\\/\\\/infos-droitshumains.net\\\/#organization\"},\"inLanguage\":\"fr-FR\",\"potentialAction\":[{\"@type\":\"CommentAction\",\"name\":\"Comment\",\"target\":[\"https:\\\/\\\/infos-droitshumains.net\\\/?p=385#respond\"]}]},{\"@type\":\"WebPage\",\"@id\":\"https:\\\/\\\/infos-droitshumains.net\\\/?p=385\",\"url\":\"https:\\\/\\\/infos-droitshumains.net\\\/?p=385\",\"name\":\"Je n'ai pas \u00e0 pol\u00e9miquer avec le pr\u00e9sident Kagame : r\u00e9ponse de F\u00e9lix Tshisekedi aux propos n\u00e9gationnistes du pr\u00e9sident rwandais. - Infos Droits Humains\",\"isPartOf\":{\"@id\":\"https:\\\/\\\/infos-droitshumains.net\\\/#website\"},\"datePublished\":\"2021-05-19T22:01:45+00:00\",\"dateModified\":\"2023-04-06T10:11:46+00:00\",\"breadcrumb\":{\"@id\":\"https:\\\/\\\/infos-droitshumains.net\\\/?p=385#breadcrumb\"},\"inLanguage\":\"fr-FR\",\"potentialAction\":[{\"@type\":\"ReadAction\",\"target\":[\"https:\\\/\\\/infos-droitshumains.net\\\/?p=385\"]}]},{\"@type\":\"BreadcrumbList\",\"@id\":\"https:\\\/\\\/infos-droitshumains.net\\\/?p=385#breadcrumb\",\"itemListElement\":[{\"@type\":\"ListItem\",\"position\":1,\"name\":\"Accueil\",\"item\":\"https:\\\/\\\/infos-droitshumains.net\\\/\"},{\"@type\":\"ListItem\",\"position\":2,\"name\":\"Je n&rsquo;ai pas \u00e0 pol\u00e9miquer avec le pr\u00e9sident Kagame : r\u00e9ponse de F\u00e9lix Tshisekedi aux propos n\u00e9gationnistes du pr\u00e9sident rwandais.\"}]},{\"@type\":\"WebSite\",\"@id\":\"https:\\\/\\\/infos-droitshumains.net\\\/#website\",\"url\":\"https:\\\/\\\/infos-droitshumains.net\\\/\",\"name\":\"Infos Droits Humains\",\"description\":\"S&#039;informer est un droit\",\"publisher\":{\"@id\":\"https:\\\/\\\/infos-droitshumains.net\\\/#organization\"},\"potentialAction\":[{\"@type\":\"SearchAction\",\"target\":{\"@type\":\"EntryPoint\",\"urlTemplate\":\"https:\\\/\\\/infos-droitshumains.net\\\/?s={search_term_string}\"},\"query-input\":{\"@type\":\"PropertyValueSpecification\",\"valueRequired\":true,\"valueName\":\"search_term_string\"}}],\"inLanguage\":\"fr-FR\"},{\"@type\":\"Organization\",\"@id\":\"https:\\\/\\\/infos-droitshumains.net\\\/#organization\",\"name\":\"Infos Droits Humains\",\"url\":\"https:\\\/\\\/infos-droitshumains.net\\\/\",\"logo\":{\"@type\":\"ImageObject\",\"inLanguage\":\"fr-FR\",\"@id\":\"https:\\\/\\\/infos-droitshumains.net\\\/#\\\/schema\\\/logo\\\/image\\\/\",\"url\":\"https:\\\/\\\/i0.wp.com\\\/infos-droitshumains.net\\\/wp-content\\\/uploads\\\/2022\\\/05\\\/Logo.png?fit=333%2C129&ssl=1\",\"contentUrl\":\"https:\\\/\\\/i0.wp.com\\\/infos-droitshumains.net\\\/wp-content\\\/uploads\\\/2022\\\/05\\\/Logo.png?fit=333%2C129&ssl=1\",\"width\":333,\"height\":129,\"caption\":\"Infos Droits Humains\"},\"image\":{\"@id\":\"https:\\\/\\\/infos-droitshumains.net\\\/#\\\/schema\\\/logo\\\/image\\\/\"}},{\"@type\":\"Person\",\"@id\":\"https:\\\/\\\/infos-droitshumains.net\\\/#\\\/schema\\\/person\\\/3dc5e921c3302172e0ed4362f96faab7\",\"name\":\"Jo\u00ebl Diawa\",\"image\":{\"@type\":\"ImageObject\",\"inLanguage\":\"fr-FR\",\"@id\":\"https:\\\/\\\/secure.gravatar.com\\\/avatar\\\/729bea6ff4604c624417803c477363be8e3c7186deaa65713313f9b4b820f41c?s=96&d=mm&r=g\",\"url\":\"https:\\\/\\\/secure.gravatar.com\\\/avatar\\\/729bea6ff4604c624417803c477363be8e3c7186deaa65713313f9b4b820f41c?s=96&d=mm&r=g\",\"contentUrl\":\"https:\\\/\\\/secure.gravatar.com\\\/avatar\\\/729bea6ff4604c624417803c477363be8e3c7186deaa65713313f9b4b820f41c?s=96&d=mm&r=g\",\"caption\":\"Jo\u00ebl Diawa\"},\"sameAs\":[\"https:\\\/\\\/www.infos-droitshumains.net\"],\"url\":\"https:\\\/\\\/infos-droitshumains.net\\\/?author=2\"}]}<\/script>\n<!-- \/ Yoast SEO plugin. -->","yoast_head_json":{"title":"Je n'ai pas \u00e0 pol\u00e9miquer avec le pr\u00e9sident Kagame : r\u00e9ponse de F\u00e9lix Tshisekedi aux propos n\u00e9gationnistes du pr\u00e9sident rwandais. - Infos Droits Humains","robots":{"index":"index","follow":"follow","max-snippet":"max-snippet:-1","max-image-preview":"max-image-preview:large","max-video-preview":"max-video-preview:-1"},"canonical":"https:\/\/infos-droitshumains.net\/?p=385","og_locale":"fr_FR","og_type":"article","og_title":"Je n'ai pas \u00e0 pol\u00e9miquer avec le pr\u00e9sident Kagame : r\u00e9ponse de F\u00e9lix Tshisekedi aux propos n\u00e9gationnistes du pr\u00e9sident rwandais. - Infos Droits Humains","og_description":"Dans une interview accord\u00e9e ce mercredi \u00e0 la radio Top Congo fm, le pr\u00e9sident de...","og_url":"https:\/\/infos-droitshumains.net\/?p=385","og_site_name":"Infos Droits Humains","article_published_time":"2021-05-19T22:01:45+00:00","article_modified_time":"2023-04-06T10:11:46+00:00","author":"Jo\u00ebl Diawa","twitter_card":"summary_large_image","twitter_misc":{"\u00c9crit par":"Jo\u00ebl Diawa","Dur\u00e9e de lecture estim\u00e9e":"2 minutes"},"schema":{"@context":"https:\/\/schema.org","@graph":[{"@type":"Article","@id":"https:\/\/infos-droitshumains.net\/?p=385#article","isPartOf":{"@id":"https:\/\/infos-droitshumains.net\/?p=385"},"author":{"name":"Jo\u00ebl Diawa","@id":"https:\/\/infos-droitshumains.net\/#\/schema\/person\/3dc5e921c3302172e0ed4362f96faab7"},"headline":"Je n&rsquo;ai pas \u00e0 pol\u00e9miquer avec le pr\u00e9sident Kagame : r\u00e9ponse de F\u00e9lix Tshisekedi aux propos n\u00e9gationnistes du pr\u00e9sident rwandais.","datePublished":"2021-05-19T22:01:45+00:00","dateModified":"2023-04-06T10:11:46+00:00","mainEntityOfPage":{"@id":"https:\/\/infos-droitshumains.net\/?p=385"},"wordCount":400,"commentCount":0,"publisher":{"@id":"https:\/\/infos-droitshumains.net\/#organization"},"inLanguage":"fr-FR","potentialAction":[{"@type":"CommentAction","name":"Comment","target":["https:\/\/infos-droitshumains.net\/?p=385#respond"]}]},{"@type":"WebPage","@id":"https:\/\/infos-droitshumains.net\/?p=385","url":"https:\/\/infos-droitshumains.net\/?p=385","name":"Je n'ai pas \u00e0 pol\u00e9miquer avec le pr\u00e9sident Kagame : r\u00e9ponse de F\u00e9lix Tshisekedi aux propos n\u00e9gationnistes du pr\u00e9sident rwandais. - Infos Droits Humains","isPartOf":{"@id":"https:\/\/infos-droitshumains.net\/#website"},"datePublished":"2021-05-19T22:01:45+00:00","dateModified":"2023-04-06T10:11:46+00:00","breadcrumb":{"@id":"https:\/\/infos-droitshumains.net\/?p=385#breadcrumb"},"inLanguage":"fr-FR","potentialAction":[{"@type":"ReadAction","target":["https:\/\/infos-droitshumains.net\/?p=385"]}]},{"@type":"BreadcrumbList","@id":"https:\/\/infos-droitshumains.net\/?p=385#breadcrumb","itemListElement":[{"@type":"ListItem","position":1,"name":"Accueil","item":"https:\/\/infos-droitshumains.net\/"},{"@type":"ListItem","position":2,"name":"Je n&rsquo;ai pas \u00e0 pol\u00e9miquer avec le pr\u00e9sident Kagame : r\u00e9ponse de F\u00e9lix Tshisekedi aux propos n\u00e9gationnistes du pr\u00e9sident rwandais."}]},{"@type":"WebSite","@id":"https:\/\/infos-droitshumains.net\/#website","url":"https:\/\/infos-droitshumains.net\/","name":"Infos Droits Humains","description":"S&#039;informer est un droit","publisher":{"@id":"https:\/\/infos-droitshumains.net\/#organization"},"potentialAction":[{"@type":"SearchAction","target":{"@type":"EntryPoint","urlTemplate":"https:\/\/infos-droitshumains.net\/?s={search_term_string}"},"query-input":{"@type":"PropertyValueSpecification","valueRequired":true,"valueName":"search_term_string"}}],"inLanguage":"fr-FR"},{"@type":"Organization","@id":"https:\/\/infos-droitshumains.net\/#organization","name":"Infos Droits Humains","url":"https:\/\/infos-droitshumains.net\/","logo":{"@type":"ImageObject","inLanguage":"fr-FR","@id":"https:\/\/infos-droitshumains.net\/#\/schema\/logo\/image\/","url":"https:\/\/i0.wp.com\/infos-droitshumains.net\/wp-content\/uploads\/2022\/05\/Logo.png?fit=333%2C129&ssl=1","contentUrl":"https:\/\/i0.wp.com\/infos-droitshumains.net\/wp-content\/uploads\/2022\/05\/Logo.png?fit=333%2C129&ssl=1","width":333,"height":129,"caption":"Infos Droits Humains"},"image":{"@id":"https:\/\/infos-droitshumains.net\/#\/schema\/logo\/image\/"}},{"@type":"Person","@id":"https:\/\/infos-droitshumains.net\/#\/schema\/person\/3dc5e921c3302172e0ed4362f96faab7","name":"Jo\u00ebl Diawa","image":{"@type":"ImageObject","inLanguage":"fr-FR","@id":"https:\/\/secure.gravatar.com\/avatar\/729bea6ff4604c624417803c477363be8e3c7186deaa65713313f9b4b820f41c?s=96&d=mm&r=g","url":"https:\/\/secure.gravatar.com\/avatar\/729bea6ff4604c624417803c477363be8e3c7186deaa65713313f9b4b820f41c?s=96&d=mm&r=g","contentUrl":"https:\/\/secure.gravatar.com\/avatar\/729bea6ff4604c624417803c477363be8e3c7186deaa65713313f9b4b820f41c?s=96&d=mm&r=g","caption":"Jo\u00ebl Diawa"},"sameAs":["https:\/\/www.infos-droitshumains.net"],"url":"https:\/\/infos-droitshumains.net\/?author=2"}]}},"featured_image_urls":{"full":"","thumbnail":"","medium":"","medium_large":"","large":"","1536x1536":"","2048x2048":"","covernews-slider-full":"","covernews-slider-center":"","covernews-featured":"","covernews-medium":"","covernews-medium-square":""},"author_info":{"display_name":"Jo\u00ebl Diawa","author_link":"https:\/\/infos-droitshumains.net\/?author=2"},"category_info":"<a href=\"https:\/\/infos-droitshumains.net\/?cat=1\" rel=\"category\">Non class\u00e9<\/a>","tag_info":"Non class\u00e9","comment_count":"0","jetpack_featured_media_url":"","jetpack-related-posts":[],"jetpack_sharing_enabled":true,"_links":{"self":[{"href":"https:\/\/infos-droitshumains.net\/index.php?rest_route=\/wp\/v2\/posts\/385","targetHints":{"allow":["GET"]}}],"collection":[{"href":"https:\/\/infos-droitshumains.net\/index.php?rest_route=\/wp\/v2\/posts"}],"about":[{"href":"https:\/\/infos-droitshumains.net\/index.php?rest_route=\/wp\/v2\/types\/post"}],"author":[{"embeddable":true,"href":"https:\/\/infos-droitshumains.net\/index.php?rest_route=\/wp\/v2\/users\/2"}],"replies":[{"embeddable":true,"href":"https:\/\/infos-droitshumains.net\/index.php?rest_route=%2Fwp%2Fv2%2Fcomments&post=385"}],"version-history":[{"count":3,"href":"https:\/\/infos-droitshumains.net\/index.php?rest_route=\/wp\/v2\/posts\/385\/revisions"}],"predecessor-version":[{"id":389,"href":"https:\/\/infos-droitshumains.net\/index.php?rest_route=\/wp\/v2\/posts\/385\/revisions\/389"}],"wp:attachment":[{"href":"https:\/\/infos-droitshumains.net\/index.php?rest_route=%2Fwp%2Fv2%2Fmedia&parent=385"}],"wp:term":[{"taxonomy":"category","embeddable":true,"href":"https:\/\/infos-droitshumains.net\/index.php?rest_route=%2Fwp%2Fv2%2Fcategories&post=385"},{"taxonomy":"post_tag","embeddable":true,"href":"https:\/\/infos-droitshumains.net\/index.php?rest_route=%2Fwp%2Fv2%2Ftags&post=385"}],"curies":[{"name":"wp","href":"https:\/\/api.w.org\/{rel}","templated":true}]}}