{"id":3769,"date":"2022-05-26T06:00:00","date_gmt":"2022-05-26T04:00:00","guid":{"rendered":"https:\/\/infos-droitshumains.net\/?p=3769"},"modified":"2022-05-26T14:04:33","modified_gmt":"2022-05-26T12:04:33","slug":"creation-dun-nouveau-diocese-a-lomamiune-delegation-des-deputes-nationaux-et-provinciaux-chez-le-premier-ministre-jean-michel-sama-lukonde-pour-lui-en-faire-part","status":"publish","type":"post","link":"https:\/\/infos-droitshumains.net\/?p=3769","title":{"rendered":"Cr\u00e9ation d\u2019un nouveau dioc\u00e8se \u00e0 Lomami:Une d\u00e9l\u00e9gation des d\u00e9put\u00e9s nationaux et provinciaux chez le Premier-Ministre Jean-Michel Sama Lukonde pour lui en faire part"},"content":{"rendered":"\n<p><strong>R\u00e9daction :+243817406088<\/strong><\/p>\n\n\n\n<p>Le Premier Ministre Jean-Michel Sama Lukonde Kyenge, a re\u00e7u ce mardi 24 mai, une d\u00e9l\u00e9gation des d\u00e9put\u00e9s nationaux et provinciaux de la province de la Lomami. Conduite par le d\u00e9put\u00e9 national Martin Tshimpama, cette d\u00e9l\u00e9gation est d\u2019abord venue faire part au Chef du Gouvernement, de la cr\u00e9ation par le Pape Fran\u00e7ois d\u2019un nouveau Dioc\u00e8se dans leur province et lui transmettre une invitation pour sa participation \u00e0 la c\u00e9r\u00e9monie d\u2019ordination de l\u2019\u00e9v\u00eaque de ce tout nouveau Dioc\u00e8se.<\/p>\n\n\n\n<p>Ces \u00e9lus sont sortis tr\u00e8s satisfait de l\u2019ouverture d\u2019esprit de Jean-Michel Sama Lukonde qui les a promis d\u2019organiser son agenda pour participer \u00e0 cette c\u00e9l\u00e9bration.<\/p>\n\n\n\n<p><em>\u00ab On est venu pour apporter au Premier Ministre la bonne nouvelle. Le Pape Fran\u00e7ois a cr\u00e9\u00e9 un nouveau Dioc\u00e8se dans notre province de Lomami, dans le territoire de Lwilu. Ce Dioc\u00e8se a pour si\u00e8ge Tshilomba. L\u2019abb\u00e9 Cur\u00e9 qui est devenu Monseigneur de ce Dioc\u00e8se sera ordonn\u00e9 le 05 Juin. Il fallait donc qu\u2019on informe le Premier Ministre pour qu\u2019il sache officiellement. Surtout nous lui avons apport\u00e9 son invitation. Le Premier Ministre promis de voir ce qu\u2019il peut faire si son agenda lui permet de se d\u00e9placer, il va le faire. Mais il y a d\u00e9j\u00e0 la visite du couple royal belge qui profile \u00e0 l\u2019horizon parce que l\u2019ordination et les festivit\u00e9s chez nous c\u2019est le 05 juin. Le couple royal belge arrive le 07. S\u2019il trouve le moyen, il viendra et nous serons tr\u00e8s heureux de l\u2019accueillir\u00bb,<\/em> a indiqu\u00e9 ven substance le d\u00e9put\u00e9 national Martin Tshimpama.<\/p>\n\n\n\n<p>Le dioc\u00e8se de Tshilomba, cette nouvelle circonscription eccl\u00e9siastique a \u00e9t\u00e9 cr\u00e9\u00e9e en mars par le Pape Fran\u00e7ois. Ce nouveau dioc\u00e8se sera dirig\u00e9 par l\u2019abb\u00e9 S\u00e9bastien Kenda Ntumba qui de ce fait, a \u00e9t\u00e9 nomm\u00e9 \u00e9v\u00eaque par le Saint si\u00e8ge.<\/p>\n\n\n\n<p>D\u2019une superficie de 11.747 km carr\u00e9 pour 792 000 croyants catholiques, le dioc\u00e8se de Tshilomba est la cons\u00e9quence logique du d\u00e9membrement du dioc\u00e8se de Luiza dont le territoire s\u2019\u00e9tendait de la province administrative du Kasa\u00ef-Central jusqu\u2019\u00e0 la province administrative de Lomami.<\/p>\n\n\n\n<p>Jo\u00ebl Diawa<\/p>\n","protected":false},"excerpt":{"rendered":"<p>R\u00e9daction :+243817406088 Le Premier Ministre Jean-Michel Sama Lukonde Kyenge, a re\u00e7u ce mardi 24 mai,&#8230;<\/p>\n","protected":false},"author":2,"featured_media":3771,"comment_status":"open","ping_status":"open","sticky":false,"template":"","format":"standard","meta":{"_jetpack_memberships_contains_paid_content":false,"footnotes":""},"categories":[8],"tags":[],"class_list":["post-3769","post","type-post","status-publish","format-standard","has-post-thumbnail","hentry","category-societe"],"yoast_head":"<!-- This site is optimized with the Yoast SEO plugin v27.5 - https:\/\/yoast.com\/product\/yoast-seo-wordpress\/ -->\n<title>Cr\u00e9ation d\u2019un nouveau dioc\u00e8se \u00e0 Lomami:Une d\u00e9l\u00e9gation des d\u00e9put\u00e9s nationaux et provinciaux chez le Premier-Ministre Jean-Michel Sama Lukonde pour lui en faire part - Infos Droits Humains<\/title>\n<meta name=\"robots\" content=\"index, follow, max-snippet:-1, max-image-preview:large, max-video-preview:-1\" \/>\n<link rel=\"canonical\" href=\"https:\/\/infos-droitshumains.net\/?p=3769\" \/>\n<meta property=\"og:locale\" content=\"fr_FR\" \/>\n<meta property=\"og:type\" content=\"article\" \/>\n<meta property=\"og:title\" content=\"Cr\u00e9ation d\u2019un nouveau dioc\u00e8se \u00e0 Lomami:Une d\u00e9l\u00e9gation des d\u00e9put\u00e9s nationaux et provinciaux chez le Premier-Ministre Jean-Michel Sama Lukonde pour lui en faire part - Infos Droits Humains\" \/>\n<meta property=\"og:description\" content=\"R\u00e9daction :+243817406088 Le Premier Ministre Jean-Michel Sama Lukonde Kyenge, a re\u00e7u ce mardi 24 mai,...\" \/>\n<meta property=\"og:url\" content=\"https:\/\/infos-droitshumains.net\/?p=3769\" \/>\n<meta property=\"og:site_name\" content=\"Infos Droits Humains\" \/>\n<meta property=\"article:published_time\" content=\"2022-05-26T04:00:00+00:00\" \/>\n<meta property=\"article:modified_time\" content=\"2022-05-26T12:04:33+00:00\" \/>\n<meta property=\"og:image\" content=\"https:\/\/infos-droitshumains.net\/wp-content\/uploads\/2022\/05\/20220525_195724.jpg\" \/>\n\t<meta property=\"og:image:width\" content=\"1074\" \/>\n\t<meta property=\"og:image:height\" content=\"587\" \/>\n\t<meta property=\"og:image:type\" content=\"image\/jpeg\" \/>\n<meta name=\"author\" content=\"Jo\u00ebl Diawa\" \/>\n<meta name=\"twitter:card\" content=\"summary_large_image\" \/>\n<meta name=\"twitter:label1\" content=\"\u00c9crit par\" \/>\n\t<meta name=\"twitter:data1\" content=\"Jo\u00ebl Diawa\" \/>\n\t<meta name=\"twitter:label2\" content=\"Dur\u00e9e de lecture estim\u00e9e\" \/>\n\t<meta name=\"twitter:data2\" content=\"2 minutes\" \/>\n<script type=\"application\/ld+json\" class=\"yoast-schema-graph\">{\"@context\":\"https:\\\/\\\/schema.org\",\"@graph\":[{\"@type\":\"Article\",\"@id\":\"https:\\\/\\\/infos-droitshumains.net\\\/?p=3769#article\",\"isPartOf\":{\"@id\":\"https:\\\/\\\/infos-droitshumains.net\\\/?p=3769\"},\"author\":{\"name\":\"Jo\u00ebl Diawa\",\"@id\":\"https:\\\/\\\/infos-droitshumains.net\\\/#\\\/schema\\\/person\\\/3dc5e921c3302172e0ed4362f96faab7\"},\"headline\":\"Cr\u00e9ation d\u2019un nouveau dioc\u00e8se \u00e0 Lomami:Une d\u00e9l\u00e9gation des d\u00e9put\u00e9s nationaux et provinciaux chez le Premier-Ministre Jean-Michel Sama Lukonde pour lui en faire part\",\"datePublished\":\"2022-05-26T04:00:00+00:00\",\"dateModified\":\"2022-05-26T12:04:33+00:00\",\"mainEntityOfPage\":{\"@id\":\"https:\\\/\\\/infos-droitshumains.net\\\/?p=3769\"},\"wordCount\":412,\"commentCount\":0,\"publisher\":{\"@id\":\"https:\\\/\\\/infos-droitshumains.net\\\/#organization\"},\"image\":{\"@id\":\"https:\\\/\\\/infos-droitshumains.net\\\/?p=3769#primaryimage\"},\"thumbnailUrl\":\"https:\\\/\\\/i0.wp.com\\\/infos-droitshumains.net\\\/wp-content\\\/uploads\\\/2022\\\/05\\\/20220525_195724.jpg?fit=1074%2C587&ssl=1\",\"articleSection\":[\"Soci\u00e9t\u00e9\"],\"inLanguage\":\"fr-FR\",\"potentialAction\":[{\"@type\":\"CommentAction\",\"name\":\"Comment\",\"target\":[\"https:\\\/\\\/infos-droitshumains.net\\\/?p=3769#respond\"]}]},{\"@type\":\"WebPage\",\"@id\":\"https:\\\/\\\/infos-droitshumains.net\\\/?p=3769\",\"url\":\"https:\\\/\\\/infos-droitshumains.net\\\/?p=3769\",\"name\":\"Cr\u00e9ation d\u2019un nouveau dioc\u00e8se \u00e0 Lomami:Une d\u00e9l\u00e9gation des d\u00e9put\u00e9s nationaux et provinciaux chez le Premier-Ministre Jean-Michel Sama Lukonde pour lui en faire part - Infos Droits Humains\",\"isPartOf\":{\"@id\":\"https:\\\/\\\/infos-droitshumains.net\\\/#website\"},\"primaryImageOfPage\":{\"@id\":\"https:\\\/\\\/infos-droitshumains.net\\\/?p=3769#primaryimage\"},\"image\":{\"@id\":\"https:\\\/\\\/infos-droitshumains.net\\\/?p=3769#primaryimage\"},\"thumbnailUrl\":\"https:\\\/\\\/i0.wp.com\\\/infos-droitshumains.net\\\/wp-content\\\/uploads\\\/2022\\\/05\\\/20220525_195724.jpg?fit=1074%2C587&ssl=1\",\"datePublished\":\"2022-05-26T04:00:00+00:00\",\"dateModified\":\"2022-05-26T12:04:33+00:00\",\"breadcrumb\":{\"@id\":\"https:\\\/\\\/infos-droitshumains.net\\\/?p=3769#breadcrumb\"},\"inLanguage\":\"fr-FR\",\"potentialAction\":[{\"@type\":\"ReadAction\",\"target\":[\"https:\\\/\\\/infos-droitshumains.net\\\/?p=3769\"]}]},{\"@type\":\"ImageObject\",\"inLanguage\":\"fr-FR\",\"@id\":\"https:\\\/\\\/infos-droitshumains.net\\\/?p=3769#primaryimage\",\"url\":\"https:\\\/\\\/i0.wp.com\\\/infos-droitshumains.net\\\/wp-content\\\/uploads\\\/2022\\\/05\\\/20220525_195724.jpg?fit=1074%2C587&ssl=1\",\"contentUrl\":\"https:\\\/\\\/i0.wp.com\\\/infos-droitshumains.net\\\/wp-content\\\/uploads\\\/2022\\\/05\\\/20220525_195724.jpg?fit=1074%2C587&ssl=1\",\"width\":1074,\"height\":587},{\"@type\":\"BreadcrumbList\",\"@id\":\"https:\\\/\\\/infos-droitshumains.net\\\/?p=3769#breadcrumb\",\"itemListElement\":[{\"@type\":\"ListItem\",\"position\":1,\"name\":\"Accueil\",\"item\":\"https:\\\/\\\/infos-droitshumains.net\\\/\"},{\"@type\":\"ListItem\",\"position\":2,\"name\":\"Cr\u00e9ation d\u2019un nouveau dioc\u00e8se \u00e0 Lomami:Une d\u00e9l\u00e9gation des d\u00e9put\u00e9s nationaux et provinciaux chez le Premier-Ministre Jean-Michel Sama Lukonde pour lui en faire part\"}]},{\"@type\":\"WebSite\",\"@id\":\"https:\\\/\\\/infos-droitshumains.net\\\/#website\",\"url\":\"https:\\\/\\\/infos-droitshumains.net\\\/\",\"name\":\"Infos Droits Humains\",\"description\":\"S&#039;informer est un droit\",\"publisher\":{\"@id\":\"https:\\\/\\\/infos-droitshumains.net\\\/#organization\"},\"potentialAction\":[{\"@type\":\"SearchAction\",\"target\":{\"@type\":\"EntryPoint\",\"urlTemplate\":\"https:\\\/\\\/infos-droitshumains.net\\\/?s={search_term_string}\"},\"query-input\":{\"@type\":\"PropertyValueSpecification\",\"valueRequired\":true,\"valueName\":\"search_term_string\"}}],\"inLanguage\":\"fr-FR\"},{\"@type\":\"Organization\",\"@id\":\"https:\\\/\\\/infos-droitshumains.net\\\/#organization\",\"name\":\"Infos Droits Humains\",\"url\":\"https:\\\/\\\/infos-droitshumains.net\\\/\",\"logo\":{\"@type\":\"ImageObject\",\"inLanguage\":\"fr-FR\",\"@id\":\"https:\\\/\\\/infos-droitshumains.net\\\/#\\\/schema\\\/logo\\\/image\\\/\",\"url\":\"https:\\\/\\\/i0.wp.com\\\/infos-droitshumains.net\\\/wp-content\\\/uploads\\\/2022\\\/05\\\/Logo.png?fit=333%2C129&ssl=1\",\"contentUrl\":\"https:\\\/\\\/i0.wp.com\\\/infos-droitshumains.net\\\/wp-content\\\/uploads\\\/2022\\\/05\\\/Logo.png?fit=333%2C129&ssl=1\",\"width\":333,\"height\":129,\"caption\":\"Infos Droits Humains\"},\"image\":{\"@id\":\"https:\\\/\\\/infos-droitshumains.net\\\/#\\\/schema\\\/logo\\\/image\\\/\"}},{\"@type\":\"Person\",\"@id\":\"https:\\\/\\\/infos-droitshumains.net\\\/#\\\/schema\\\/person\\\/3dc5e921c3302172e0ed4362f96faab7\",\"name\":\"Jo\u00ebl Diawa\",\"image\":{\"@type\":\"ImageObject\",\"inLanguage\":\"fr-FR\",\"@id\":\"https:\\\/\\\/secure.gravatar.com\\\/avatar\\\/729bea6ff4604c624417803c477363be8e3c7186deaa65713313f9b4b820f41c?s=96&d=mm&r=g\",\"url\":\"https:\\\/\\\/secure.gravatar.com\\\/avatar\\\/729bea6ff4604c624417803c477363be8e3c7186deaa65713313f9b4b820f41c?s=96&d=mm&r=g\",\"contentUrl\":\"https:\\\/\\\/secure.gravatar.com\\\/avatar\\\/729bea6ff4604c624417803c477363be8e3c7186deaa65713313f9b4b820f41c?s=96&d=mm&r=g\",\"caption\":\"Jo\u00ebl Diawa\"},\"sameAs\":[\"https:\\\/\\\/www.infos-droitshumains.net\"],\"url\":\"https:\\\/\\\/infos-droitshumains.net\\\/?author=2\"}]}<\/script>\n<!-- \/ Yoast SEO plugin. -->","yoast_head_json":{"title":"Cr\u00e9ation d\u2019un nouveau dioc\u00e8se \u00e0 Lomami:Une d\u00e9l\u00e9gation des d\u00e9put\u00e9s nationaux et provinciaux chez le Premier-Ministre Jean-Michel Sama Lukonde pour lui en faire part - Infos Droits Humains","robots":{"index":"index","follow":"follow","max-snippet":"max-snippet:-1","max-image-preview":"max-image-preview:large","max-video-preview":"max-video-preview:-1"},"canonical":"https:\/\/infos-droitshumains.net\/?p=3769","og_locale":"fr_FR","og_type":"article","og_title":"Cr\u00e9ation d\u2019un nouveau dioc\u00e8se \u00e0 Lomami:Une d\u00e9l\u00e9gation des d\u00e9put\u00e9s nationaux et provinciaux chez le Premier-Ministre Jean-Michel Sama Lukonde pour lui en faire part - Infos Droits Humains","og_description":"R\u00e9daction :+243817406088 Le Premier Ministre Jean-Michel Sama Lukonde Kyenge, a re\u00e7u ce mardi 24 mai,...","og_url":"https:\/\/infos-droitshumains.net\/?p=3769","og_site_name":"Infos Droits Humains","article_published_time":"2022-05-26T04:00:00+00:00","article_modified_time":"2022-05-26T12:04:33+00:00","og_image":[{"width":1074,"height":587,"url":"https:\/\/infos-droitshumains.net\/wp-content\/uploads\/2022\/05\/20220525_195724.jpg","type":"image\/jpeg"}],"author":"Jo\u00ebl Diawa","twitter_card":"summary_large_image","twitter_misc":{"\u00c9crit par":"Jo\u00ebl Diawa","Dur\u00e9e de lecture estim\u00e9e":"2 minutes"},"schema":{"@context":"https:\/\/schema.org","@graph":[{"@type":"Article","@id":"https:\/\/infos-droitshumains.net\/?p=3769#article","isPartOf":{"@id":"https:\/\/infos-droitshumains.net\/?p=3769"},"author":{"name":"Jo\u00ebl Diawa","@id":"https:\/\/infos-droitshumains.net\/#\/schema\/person\/3dc5e921c3302172e0ed4362f96faab7"},"headline":"Cr\u00e9ation d\u2019un nouveau dioc\u00e8se \u00e0 Lomami:Une d\u00e9l\u00e9gation des d\u00e9put\u00e9s nationaux et provinciaux chez le Premier-Ministre Jean-Michel Sama Lukonde pour lui en faire part","datePublished":"2022-05-26T04:00:00+00:00","dateModified":"2022-05-26T12:04:33+00:00","mainEntityOfPage":{"@id":"https:\/\/infos-droitshumains.net\/?p=3769"},"wordCount":412,"commentCount":0,"publisher":{"@id":"https:\/\/infos-droitshumains.net\/#organization"},"image":{"@id":"https:\/\/infos-droitshumains.net\/?p=3769#primaryimage"},"thumbnailUrl":"https:\/\/i0.wp.com\/infos-droitshumains.net\/wp-content\/uploads\/2022\/05\/20220525_195724.jpg?fit=1074%2C587&ssl=1","articleSection":["Soci\u00e9t\u00e9"],"inLanguage":"fr-FR","potentialAction":[{"@type":"CommentAction","name":"Comment","target":["https:\/\/infos-droitshumains.net\/?p=3769#respond"]}]},{"@type":"WebPage","@id":"https:\/\/infos-droitshumains.net\/?p=3769","url":"https:\/\/infos-droitshumains.net\/?p=3769","name":"Cr\u00e9ation d\u2019un nouveau dioc\u00e8se \u00e0 Lomami:Une d\u00e9l\u00e9gation des d\u00e9put\u00e9s nationaux et provinciaux chez le Premier-Ministre Jean-Michel Sama Lukonde pour lui en faire part - Infos Droits Humains","isPartOf":{"@id":"https:\/\/infos-droitshumains.net\/#website"},"primaryImageOfPage":{"@id":"https:\/\/infos-droitshumains.net\/?p=3769#primaryimage"},"image":{"@id":"https:\/\/infos-droitshumains.net\/?p=3769#primaryimage"},"thumbnailUrl":"https:\/\/i0.wp.com\/infos-droitshumains.net\/wp-content\/uploads\/2022\/05\/20220525_195724.jpg?fit=1074%2C587&ssl=1","datePublished":"2022-05-26T04:00:00+00:00","dateModified":"2022-05-26T12:04:33+00:00","breadcrumb":{"@id":"https:\/\/infos-droitshumains.net\/?p=3769#breadcrumb"},"inLanguage":"fr-FR","potentialAction":[{"@type":"ReadAction","target":["https:\/\/infos-droitshumains.net\/?p=3769"]}]},{"@type":"ImageObject","inLanguage":"fr-FR","@id":"https:\/\/infos-droitshumains.net\/?p=3769#primaryimage","url":"https:\/\/i0.wp.com\/infos-droitshumains.net\/wp-content\/uploads\/2022\/05\/20220525_195724.jpg?fit=1074%2C587&ssl=1","contentUrl":"https:\/\/i0.wp.com\/infos-droitshumains.net\/wp-content\/uploads\/2022\/05\/20220525_195724.jpg?fit=1074%2C587&ssl=1","width":1074,"height":587},{"@type":"BreadcrumbList","@id":"https:\/\/infos-droitshumains.net\/?p=3769#breadcrumb","itemListElement":[{"@type":"ListItem","position":1,"name":"Accueil","item":"https:\/\/infos-droitshumains.net\/"},{"@type":"ListItem","position":2,"name":"Cr\u00e9ation d\u2019un nouveau dioc\u00e8se \u00e0 Lomami:Une d\u00e9l\u00e9gation des d\u00e9put\u00e9s nationaux et provinciaux chez le Premier-Ministre Jean-Michel Sama Lukonde pour lui en faire part"}]},{"@type":"WebSite","@id":"https:\/\/infos-droitshumains.net\/#website","url":"https:\/\/infos-droitshumains.net\/","name":"Infos Droits Humains","description":"S&#039;informer est un droit","publisher":{"@id":"https:\/\/infos-droitshumains.net\/#organization"},"potentialAction":[{"@type":"SearchAction","target":{"@type":"EntryPoint","urlTemplate":"https:\/\/infos-droitshumains.net\/?s={search_term_string}"},"query-input":{"@type":"PropertyValueSpecification","valueRequired":true,"valueName":"search_term_string"}}],"inLanguage":"fr-FR"},{"@type":"Organization","@id":"https:\/\/infos-droitshumains.net\/#organization","name":"Infos Droits Humains","url":"https:\/\/infos-droitshumains.net\/","logo":{"@type":"ImageObject","inLanguage":"fr-FR","@id":"https:\/\/infos-droitshumains.net\/#\/schema\/logo\/image\/","url":"https:\/\/i0.wp.com\/infos-droitshumains.net\/wp-content\/uploads\/2022\/05\/Logo.png?fit=333%2C129&ssl=1","contentUrl":"https:\/\/i0.wp.com\/infos-droitshumains.net\/wp-content\/uploads\/2022\/05\/Logo.png?fit=333%2C129&ssl=1","width":333,"height":129,"caption":"Infos Droits Humains"},"image":{"@id":"https:\/\/infos-droitshumains.net\/#\/schema\/logo\/image\/"}},{"@type":"Person","@id":"https:\/\/infos-droitshumains.net\/#\/schema\/person\/3dc5e921c3302172e0ed4362f96faab7","name":"Jo\u00ebl Diawa","image":{"@type":"ImageObject","inLanguage":"fr-FR","@id":"https:\/\/secure.gravatar.com\/avatar\/729bea6ff4604c624417803c477363be8e3c7186deaa65713313f9b4b820f41c?s=96&d=mm&r=g","url":"https:\/\/secure.gravatar.com\/avatar\/729bea6ff4604c624417803c477363be8e3c7186deaa65713313f9b4b820f41c?s=96&d=mm&r=g","contentUrl":"https:\/\/secure.gravatar.com\/avatar\/729bea6ff4604c624417803c477363be8e3c7186deaa65713313f9b4b820f41c?s=96&d=mm&r=g","caption":"Jo\u00ebl Diawa"},"sameAs":["https:\/\/www.infos-droitshumains.net"],"url":"https:\/\/infos-droitshumains.net\/?author=2"}]}},"featured_image_urls":{"full":["https:\/\/i0.wp.com\/infos-droitshumains.net\/wp-content\/uploads\/2022\/05\/20220525_195724.jpg?fit=1074%2C587&ssl=1",1074,587,false],"thumbnail":["https:\/\/i0.wp.com\/infos-droitshumains.net\/wp-content\/uploads\/2022\/05\/20220525_195724.jpg?resize=150%2C150&ssl=1",150,150,true],"medium":["https:\/\/i0.wp.com\/infos-droitshumains.net\/wp-content\/uploads\/2022\/05\/20220525_195724.jpg?fit=300%2C164&ssl=1",300,164,true],"medium_large":["https:\/\/i0.wp.com\/infos-droitshumains.net\/wp-content\/uploads\/2022\/05\/20220525_195724.jpg?fit=640%2C350&ssl=1",640,350,true],"large":["https:\/\/i0.wp.com\/infos-droitshumains.net\/wp-content\/uploads\/2022\/05\/20220525_195724.jpg?fit=640%2C350&ssl=1",640,350,true],"1536x1536":["https:\/\/i0.wp.com\/infos-droitshumains.net\/wp-content\/uploads\/2022\/05\/20220525_195724.jpg?fit=1074%2C587&ssl=1",1074,587,true],"2048x2048":["https:\/\/i0.wp.com\/infos-droitshumains.net\/wp-content\/uploads\/2022\/05\/20220525_195724.jpg?fit=1074%2C587&ssl=1",1074,587,true],"covernews-slider-full":["https:\/\/i0.wp.com\/infos-droitshumains.net\/wp-content\/uploads\/2022\/05\/20220525_195724.jpg?resize=1074%2C587&ssl=1",1074,587,true],"covernews-slider-center":["https:\/\/i0.wp.com\/infos-droitshumains.net\/wp-content\/uploads\/2022\/05\/20220525_195724.jpg?resize=800%2C500&ssl=1",800,500,true],"covernews-featured":["https:\/\/i0.wp.com\/infos-droitshumains.net\/wp-content\/uploads\/2022\/05\/20220525_195724.jpg?fit=1024%2C560&ssl=1",1024,560,true],"covernews-medium":["https:\/\/i0.wp.com\/infos-droitshumains.net\/wp-content\/uploads\/2022\/05\/20220525_195724.jpg?resize=540%2C340&ssl=1",540,340,true],"covernews-medium-square":["https:\/\/i0.wp.com\/infos-droitshumains.net\/wp-content\/uploads\/2022\/05\/20220525_195724.jpg?resize=400%2C250&ssl=1",400,250,true]},"author_info":{"display_name":"Jo\u00ebl Diawa","author_link":"https:\/\/infos-droitshumains.net\/?author=2"},"category_info":"<a href=\"https:\/\/infos-droitshumains.net\/?cat=8\" rel=\"category\">Soci\u00e9t\u00e9<\/a>","tag_info":"Soci\u00e9t\u00e9","comment_count":"0","jetpack_featured_media_url":"https:\/\/i0.wp.com\/infos-droitshumains.net\/wp-content\/uploads\/2022\/05\/20220525_195724.jpg?fit=1074%2C587&ssl=1","jetpack-related-posts":[],"jetpack_sharing_enabled":true,"_links":{"self":[{"href":"https:\/\/infos-droitshumains.net\/index.php?rest_route=\/wp\/v2\/posts\/3769","targetHints":{"allow":["GET"]}}],"collection":[{"href":"https:\/\/infos-droitshumains.net\/index.php?rest_route=\/wp\/v2\/posts"}],"about":[{"href":"https:\/\/infos-droitshumains.net\/index.php?rest_route=\/wp\/v2\/types\/post"}],"author":[{"embeddable":true,"href":"https:\/\/infos-droitshumains.net\/index.php?rest_route=\/wp\/v2\/users\/2"}],"replies":[{"embeddable":true,"href":"https:\/\/infos-droitshumains.net\/index.php?rest_route=%2Fwp%2Fv2%2Fcomments&post=3769"}],"version-history":[{"count":2,"href":"https:\/\/infos-droitshumains.net\/index.php?rest_route=\/wp\/v2\/posts\/3769\/revisions"}],"predecessor-version":[{"id":3886,"href":"https:\/\/infos-droitshumains.net\/index.php?rest_route=\/wp\/v2\/posts\/3769\/revisions\/3886"}],"wp:featuredmedia":[{"embeddable":true,"href":"https:\/\/infos-droitshumains.net\/index.php?rest_route=\/wp\/v2\/media\/3771"}],"wp:attachment":[{"href":"https:\/\/infos-droitshumains.net\/index.php?rest_route=%2Fwp%2Fv2%2Fmedia&parent=3769"}],"wp:term":[{"taxonomy":"category","embeddable":true,"href":"https:\/\/infos-droitshumains.net\/index.php?rest_route=%2Fwp%2Fv2%2Fcategories&post=3769"},{"taxonomy":"post_tag","embeddable":true,"href":"https:\/\/infos-droitshumains.net\/index.php?rest_route=%2Fwp%2Fv2%2Ftags&post=3769"}],"curies":[{"name":"wp","href":"https:\/\/api.w.org\/{rel}","templated":true}]}}