{"id":3763,"date":"2022-05-25T19:52:52","date_gmt":"2022-05-25T17:52:52","guid":{"rendered":"https:\/\/infos-droitshumains.net\/?p=3763"},"modified":"2022-05-25T19:57:25","modified_gmt":"2022-05-25T17:57:25","slug":"comment-traiter-les-entreprises-en-difficulte-le-cabinet-mavinga-et-litm-donnent-la-recette-aux-cadres-des-entreprises","status":"publish","type":"post","link":"https:\/\/infos-droitshumains.net\/?p=3763","title":{"rendered":"Comment traiter les entreprises en difficult\u00e9 ? Le cabinet Mavinga et l\u2019ITM donnent la recette aux cadres des entreprises"},"content":{"rendered":"\n<p><strong>R\u00e9daction:+243817406088<\/strong><\/p>\n\n\n\n<p>La formation des cadres des entreprises organis\u00e9es par le cabinet Mavinga Declerc et Partners en collaboration avec la soci\u00e9t\u00e9 ITM Sarl s\u2019est poursuivi ce mercredi au si\u00e8ge de la F\u00e9d\u00e9ration des Entreprises du Congo. Pour cette deuxi\u00e8me journ\u00e9e, il a \u00e9t\u00e9 question d\u2019apprendre aux participants le droit des entreprises en difficult\u00e9s sous l\u2019\u00e8re Ohada. Me. Beaugars Mpembi Lema, orateur du jour a expliqu\u00e9 qu\u2019il existe deux proc\u00e9dures pour traiter les entreprises en difficult\u00e9. Il y a d\u2019abord,<strong> <em>\u00ab les proc\u00e9dures pr\u00e9ventives, qui sont, la conciliation et le R\u00e8glement pr\u00e9ventif \u00bb<\/em><\/strong>, et <em><strong>\u00ab les proc\u00e9dures curatives constitu\u00e9es du redressement judiciaire et de la liquidation \u00bb<\/strong><\/em>.<\/p>\n\n\n\n<p><em>\u00abLe terme entreprise ce n\u2019est pas seulement la soci\u00e9t\u00e9, mais toute structure qui peut se retrouver dans des difficult\u00e9s avec les probl\u00e8mes pour le remboursement de ses cr\u00e9ances. A ce moment-l\u00e0, il y a des proc\u00e9dures qui sont mises \u00e0 la disposition de ces structures pour leur permettre de gagner du temps et de continuer de travailler pour que \u00e0 la fin, elle puisse rembourser leurs cr\u00e9ances. Mais il peut y arriver que la survivance de la soci\u00e9t\u00e9 devienne impossible, \u00e0 ce moment, on n\u2019a pas le choix que de liquider la soci\u00e9t\u00e9, parce que dans ce cas-l\u00e0, le produit de la liquidation servira au remboursement de la dette. La maladie pour la soci\u00e9t\u00e9, c\u2019est le fait d\u2019\u00eatre en incapacit\u00e9 de payer la dette \u00e0 l\u2019\u00e9ch\u00e9ance \u00bb.<\/em><\/p>\n\n\n\n<p>Toutes ces proc\u00e9dures pr\u00e9vues par l\u2019acte uniforme ont pour finalit\u00e9 <em><strong>\u00ab la possibilit\u00e9 d\u2019apurer le passif \u00bb<\/strong><\/em>, a-t-il poursuivi.<\/p>\n\n\n\n<p><em>\u00ab C\u2019est comme \u00e7a que vous constaterez qu\u2019il s\u2019agisse de la conciliation, du r\u00e8glement pr\u00e9ventif, du redressement judiciaire ou encore de la liquidation, tout ce qui est recherch\u00e9, c\u2019est d\u2019abord de rembourser la cr\u00e9ance \u00bb.<\/em><\/p>\n\n\n\n<p>Le Droit Ohada, une nouvelle discipline qui n\u2019est pas encore tr\u00e8s bien assimil\u00e9e par une couche de la population congolaise. A mi-parcours de cette formation, les participants se r\u00e9jouissent d\u00e9j\u00e0 d\u2019avoir \u00e9t\u00e9 suffisamment instruits quant \u00e0 ce.<\/p>\n\n\n\n<p>Pour Jo\u00ebl Gantshua, l\u2019un des participants et conseil juridique \u00e0 la F\u00e9d\u00e9ration des Entreprises du Congo, le cabinet Mavinga qui est <em>\u00abdot\u00e9 des experts av\u00e9r\u00e9s en la mati\u00e8re \u00bb<\/em>, est un formateur id\u00e9al. Pour lui, cette formation est un socle lui permettant de bien accompagner les entreprises en difficult\u00e9 du point de vue juridique.<\/p>\n\n\n\n<p><em>\u00ab C\u2019est tout \u00e0 fait appr\u00e9ciable au niveau de l\u2019objet et au niveau de l\u2019objectif poursuivi. Sur le plan personnel, nous sommes une organisation professionnelle, nous encadrons les entreprises, nous leur apportons un accompagnement juridique en terme d\u2019avis et des conseils. Je suis plac\u00e9 dans une position telle que, je peux parler \u00e0 beaucoup d\u2019entreprises sur cette question. Comment s\u2019y prendre, comment g\u00e9rer les entreprises en difficult\u00e9s pour \u00e9viter la faillite. Il est important que nous juristes, nous cadres d\u2019entreprises, nous puissions maitriser ces mati\u00e8res en pr\u00e9vention des diff\u00e9rents risques \u00bb<\/em>, a d\u00e9clar\u00e9 Jo\u00ebl Gantshua.<\/p>\n\n\n\n<p>Ayant appris cela, les cadres des entreprises ici pr\u00e9sent sont d\u00e9sormais \u00e0 mesure d\u2019\u00e9viter des proc\u00e9dures administratives et judiciaires qui sont pr\u00e9judiciables pour le d\u00e9veloppement de leurs structures.<\/p>\n\n\n\n<p>Jo\u00ebl Diawa<\/p>\n","protected":false},"excerpt":{"rendered":"<p>R\u00e9daction:+243817406088 La formation des cadres des entreprises organis\u00e9es par le cabinet Mavinga Declerc et Partners&#8230;<\/p>\n","protected":false},"author":2,"featured_media":3765,"comment_status":"open","ping_status":"open","sticky":false,"template":"","format":"standard","meta":{"_jetpack_memberships_contains_paid_content":false,"footnotes":""},"categories":[6],"tags":[],"class_list":["post-3763","post","type-post","status-publish","format-standard","has-post-thumbnail","hentry","category-justice"],"yoast_head":"<!-- This site is optimized with the Yoast SEO plugin v27.5 - https:\/\/yoast.com\/product\/yoast-seo-wordpress\/ -->\n<title>Comment traiter les entreprises en difficult\u00e9 ? Le cabinet Mavinga et l\u2019ITM donnent la recette aux cadres des entreprises - Infos Droits Humains<\/title>\n<meta name=\"robots\" content=\"index, follow, max-snippet:-1, max-image-preview:large, max-video-preview:-1\" \/>\n<link rel=\"canonical\" href=\"https:\/\/infos-droitshumains.net\/?p=3763\" \/>\n<meta property=\"og:locale\" content=\"fr_FR\" \/>\n<meta property=\"og:type\" content=\"article\" \/>\n<meta property=\"og:title\" content=\"Comment traiter les entreprises en difficult\u00e9 ? Le cabinet Mavinga et l\u2019ITM donnent la recette aux cadres des entreprises - Infos Droits Humains\" \/>\n<meta property=\"og:description\" content=\"R\u00e9daction:+243817406088 La formation des cadres des entreprises organis\u00e9es par le cabinet Mavinga Declerc et Partners...\" \/>\n<meta property=\"og:url\" content=\"https:\/\/infos-droitshumains.net\/?p=3763\" \/>\n<meta property=\"og:site_name\" content=\"Infos Droits Humains\" \/>\n<meta property=\"article:published_time\" content=\"2022-05-25T17:52:52+00:00\" \/>\n<meta property=\"article:modified_time\" content=\"2022-05-25T17:57:25+00:00\" \/>\n<meta property=\"og:image\" content=\"https:\/\/infos-droitshumains.net\/wp-content\/uploads\/2022\/05\/IMG_20220525_093108_785.jpg\" \/>\n\t<meta property=\"og:image:width\" content=\"1040\" \/>\n\t<meta property=\"og:image:height\" content=\"621\" \/>\n\t<meta property=\"og:image:type\" content=\"image\/jpeg\" \/>\n<meta name=\"author\" content=\"Jo\u00ebl Diawa\" \/>\n<meta name=\"twitter:card\" content=\"summary_large_image\" \/>\n<meta name=\"twitter:label1\" content=\"\u00c9crit par\" \/>\n\t<meta name=\"twitter:data1\" content=\"Jo\u00ebl Diawa\" \/>\n\t<meta name=\"twitter:label2\" content=\"Dur\u00e9e de lecture estim\u00e9e\" \/>\n\t<meta name=\"twitter:data2\" content=\"3 minutes\" \/>\n<script type=\"application\/ld+json\" class=\"yoast-schema-graph\">{\"@context\":\"https:\\\/\\\/schema.org\",\"@graph\":[{\"@type\":\"Article\",\"@id\":\"https:\\\/\\\/infos-droitshumains.net\\\/?p=3763#article\",\"isPartOf\":{\"@id\":\"https:\\\/\\\/infos-droitshumains.net\\\/?p=3763\"},\"author\":{\"name\":\"Jo\u00ebl Diawa\",\"@id\":\"https:\\\/\\\/infos-droitshumains.net\\\/#\\\/schema\\\/person\\\/3dc5e921c3302172e0ed4362f96faab7\"},\"headline\":\"Comment traiter les entreprises en difficult\u00e9 ? Le cabinet Mavinga et l\u2019ITM donnent la recette aux cadres des entreprises\",\"datePublished\":\"2022-05-25T17:52:52+00:00\",\"dateModified\":\"2022-05-25T17:57:25+00:00\",\"mainEntityOfPage\":{\"@id\":\"https:\\\/\\\/infos-droitshumains.net\\\/?p=3763\"},\"wordCount\":584,\"commentCount\":0,\"publisher\":{\"@id\":\"https:\\\/\\\/infos-droitshumains.net\\\/#organization\"},\"image\":{\"@id\":\"https:\\\/\\\/infos-droitshumains.net\\\/?p=3763#primaryimage\"},\"thumbnailUrl\":\"https:\\\/\\\/i0.wp.com\\\/infos-droitshumains.net\\\/wp-content\\\/uploads\\\/2022\\\/05\\\/IMG_20220525_093108_785.jpg?fit=1040%2C621&ssl=1\",\"articleSection\":[\"Justice\"],\"inLanguage\":\"fr-FR\",\"potentialAction\":[{\"@type\":\"CommentAction\",\"name\":\"Comment\",\"target\":[\"https:\\\/\\\/infos-droitshumains.net\\\/?p=3763#respond\"]}]},{\"@type\":\"WebPage\",\"@id\":\"https:\\\/\\\/infos-droitshumains.net\\\/?p=3763\",\"url\":\"https:\\\/\\\/infos-droitshumains.net\\\/?p=3763\",\"name\":\"Comment traiter les entreprises en difficult\u00e9 ? Le cabinet Mavinga et l\u2019ITM donnent la recette aux cadres des entreprises - Infos Droits Humains\",\"isPartOf\":{\"@id\":\"https:\\\/\\\/infos-droitshumains.net\\\/#website\"},\"primaryImageOfPage\":{\"@id\":\"https:\\\/\\\/infos-droitshumains.net\\\/?p=3763#primaryimage\"},\"image\":{\"@id\":\"https:\\\/\\\/infos-droitshumains.net\\\/?p=3763#primaryimage\"},\"thumbnailUrl\":\"https:\\\/\\\/i0.wp.com\\\/infos-droitshumains.net\\\/wp-content\\\/uploads\\\/2022\\\/05\\\/IMG_20220525_093108_785.jpg?fit=1040%2C621&ssl=1\",\"datePublished\":\"2022-05-25T17:52:52+00:00\",\"dateModified\":\"2022-05-25T17:57:25+00:00\",\"breadcrumb\":{\"@id\":\"https:\\\/\\\/infos-droitshumains.net\\\/?p=3763#breadcrumb\"},\"inLanguage\":\"fr-FR\",\"potentialAction\":[{\"@type\":\"ReadAction\",\"target\":[\"https:\\\/\\\/infos-droitshumains.net\\\/?p=3763\"]}]},{\"@type\":\"ImageObject\",\"inLanguage\":\"fr-FR\",\"@id\":\"https:\\\/\\\/infos-droitshumains.net\\\/?p=3763#primaryimage\",\"url\":\"https:\\\/\\\/i0.wp.com\\\/infos-droitshumains.net\\\/wp-content\\\/uploads\\\/2022\\\/05\\\/IMG_20220525_093108_785.jpg?fit=1040%2C621&ssl=1\",\"contentUrl\":\"https:\\\/\\\/i0.wp.com\\\/infos-droitshumains.net\\\/wp-content\\\/uploads\\\/2022\\\/05\\\/IMG_20220525_093108_785.jpg?fit=1040%2C621&ssl=1\",\"width\":1040,\"height\":621},{\"@type\":\"BreadcrumbList\",\"@id\":\"https:\\\/\\\/infos-droitshumains.net\\\/?p=3763#breadcrumb\",\"itemListElement\":[{\"@type\":\"ListItem\",\"position\":1,\"name\":\"Accueil\",\"item\":\"https:\\\/\\\/infos-droitshumains.net\\\/\"},{\"@type\":\"ListItem\",\"position\":2,\"name\":\"Comment traiter les entreprises en difficult\u00e9 ? Le cabinet Mavinga et l\u2019ITM donnent la recette aux cadres des entreprises\"}]},{\"@type\":\"WebSite\",\"@id\":\"https:\\\/\\\/infos-droitshumains.net\\\/#website\",\"url\":\"https:\\\/\\\/infos-droitshumains.net\\\/\",\"name\":\"Infos Droits Humains\",\"description\":\"S&#039;informer est un droit\",\"publisher\":{\"@id\":\"https:\\\/\\\/infos-droitshumains.net\\\/#organization\"},\"potentialAction\":[{\"@type\":\"SearchAction\",\"target\":{\"@type\":\"EntryPoint\",\"urlTemplate\":\"https:\\\/\\\/infos-droitshumains.net\\\/?s={search_term_string}\"},\"query-input\":{\"@type\":\"PropertyValueSpecification\",\"valueRequired\":true,\"valueName\":\"search_term_string\"}}],\"inLanguage\":\"fr-FR\"},{\"@type\":\"Organization\",\"@id\":\"https:\\\/\\\/infos-droitshumains.net\\\/#organization\",\"name\":\"Infos Droits Humains\",\"url\":\"https:\\\/\\\/infos-droitshumains.net\\\/\",\"logo\":{\"@type\":\"ImageObject\",\"inLanguage\":\"fr-FR\",\"@id\":\"https:\\\/\\\/infos-droitshumains.net\\\/#\\\/schema\\\/logo\\\/image\\\/\",\"url\":\"https:\\\/\\\/i0.wp.com\\\/infos-droitshumains.net\\\/wp-content\\\/uploads\\\/2022\\\/05\\\/Logo.png?fit=333%2C129&ssl=1\",\"contentUrl\":\"https:\\\/\\\/i0.wp.com\\\/infos-droitshumains.net\\\/wp-content\\\/uploads\\\/2022\\\/05\\\/Logo.png?fit=333%2C129&ssl=1\",\"width\":333,\"height\":129,\"caption\":\"Infos Droits Humains\"},\"image\":{\"@id\":\"https:\\\/\\\/infos-droitshumains.net\\\/#\\\/schema\\\/logo\\\/image\\\/\"}},{\"@type\":\"Person\",\"@id\":\"https:\\\/\\\/infos-droitshumains.net\\\/#\\\/schema\\\/person\\\/3dc5e921c3302172e0ed4362f96faab7\",\"name\":\"Jo\u00ebl Diawa\",\"image\":{\"@type\":\"ImageObject\",\"inLanguage\":\"fr-FR\",\"@id\":\"https:\\\/\\\/secure.gravatar.com\\\/avatar\\\/729bea6ff4604c624417803c477363be8e3c7186deaa65713313f9b4b820f41c?s=96&d=mm&r=g\",\"url\":\"https:\\\/\\\/secure.gravatar.com\\\/avatar\\\/729bea6ff4604c624417803c477363be8e3c7186deaa65713313f9b4b820f41c?s=96&d=mm&r=g\",\"contentUrl\":\"https:\\\/\\\/secure.gravatar.com\\\/avatar\\\/729bea6ff4604c624417803c477363be8e3c7186deaa65713313f9b4b820f41c?s=96&d=mm&r=g\",\"caption\":\"Jo\u00ebl Diawa\"},\"sameAs\":[\"https:\\\/\\\/www.infos-droitshumains.net\"],\"url\":\"https:\\\/\\\/infos-droitshumains.net\\\/?author=2\"}]}<\/script>\n<!-- \/ Yoast SEO plugin. -->","yoast_head_json":{"title":"Comment traiter les entreprises en difficult\u00e9 ? Le cabinet Mavinga et l\u2019ITM donnent la recette aux cadres des entreprises - Infos Droits Humains","robots":{"index":"index","follow":"follow","max-snippet":"max-snippet:-1","max-image-preview":"max-image-preview:large","max-video-preview":"max-video-preview:-1"},"canonical":"https:\/\/infos-droitshumains.net\/?p=3763","og_locale":"fr_FR","og_type":"article","og_title":"Comment traiter les entreprises en difficult\u00e9 ? Le cabinet Mavinga et l\u2019ITM donnent la recette aux cadres des entreprises - Infos Droits Humains","og_description":"R\u00e9daction:+243817406088 La formation des cadres des entreprises organis\u00e9es par le cabinet Mavinga Declerc et Partners...","og_url":"https:\/\/infos-droitshumains.net\/?p=3763","og_site_name":"Infos Droits Humains","article_published_time":"2022-05-25T17:52:52+00:00","article_modified_time":"2022-05-25T17:57:25+00:00","og_image":[{"width":1040,"height":621,"url":"https:\/\/infos-droitshumains.net\/wp-content\/uploads\/2022\/05\/IMG_20220525_093108_785.jpg","type":"image\/jpeg"}],"author":"Jo\u00ebl Diawa","twitter_card":"summary_large_image","twitter_misc":{"\u00c9crit par":"Jo\u00ebl Diawa","Dur\u00e9e de lecture estim\u00e9e":"3 minutes"},"schema":{"@context":"https:\/\/schema.org","@graph":[{"@type":"Article","@id":"https:\/\/infos-droitshumains.net\/?p=3763#article","isPartOf":{"@id":"https:\/\/infos-droitshumains.net\/?p=3763"},"author":{"name":"Jo\u00ebl Diawa","@id":"https:\/\/infos-droitshumains.net\/#\/schema\/person\/3dc5e921c3302172e0ed4362f96faab7"},"headline":"Comment traiter les entreprises en difficult\u00e9 ? Le cabinet Mavinga et l\u2019ITM donnent la recette aux cadres des entreprises","datePublished":"2022-05-25T17:52:52+00:00","dateModified":"2022-05-25T17:57:25+00:00","mainEntityOfPage":{"@id":"https:\/\/infos-droitshumains.net\/?p=3763"},"wordCount":584,"commentCount":0,"publisher":{"@id":"https:\/\/infos-droitshumains.net\/#organization"},"image":{"@id":"https:\/\/infos-droitshumains.net\/?p=3763#primaryimage"},"thumbnailUrl":"https:\/\/i0.wp.com\/infos-droitshumains.net\/wp-content\/uploads\/2022\/05\/IMG_20220525_093108_785.jpg?fit=1040%2C621&ssl=1","articleSection":["Justice"],"inLanguage":"fr-FR","potentialAction":[{"@type":"CommentAction","name":"Comment","target":["https:\/\/infos-droitshumains.net\/?p=3763#respond"]}]},{"@type":"WebPage","@id":"https:\/\/infos-droitshumains.net\/?p=3763","url":"https:\/\/infos-droitshumains.net\/?p=3763","name":"Comment traiter les entreprises en difficult\u00e9 ? Le cabinet Mavinga et l\u2019ITM donnent la recette aux cadres des entreprises - Infos Droits Humains","isPartOf":{"@id":"https:\/\/infos-droitshumains.net\/#website"},"primaryImageOfPage":{"@id":"https:\/\/infos-droitshumains.net\/?p=3763#primaryimage"},"image":{"@id":"https:\/\/infos-droitshumains.net\/?p=3763#primaryimage"},"thumbnailUrl":"https:\/\/i0.wp.com\/infos-droitshumains.net\/wp-content\/uploads\/2022\/05\/IMG_20220525_093108_785.jpg?fit=1040%2C621&ssl=1","datePublished":"2022-05-25T17:52:52+00:00","dateModified":"2022-05-25T17:57:25+00:00","breadcrumb":{"@id":"https:\/\/infos-droitshumains.net\/?p=3763#breadcrumb"},"inLanguage":"fr-FR","potentialAction":[{"@type":"ReadAction","target":["https:\/\/infos-droitshumains.net\/?p=3763"]}]},{"@type":"ImageObject","inLanguage":"fr-FR","@id":"https:\/\/infos-droitshumains.net\/?p=3763#primaryimage","url":"https:\/\/i0.wp.com\/infos-droitshumains.net\/wp-content\/uploads\/2022\/05\/IMG_20220525_093108_785.jpg?fit=1040%2C621&ssl=1","contentUrl":"https:\/\/i0.wp.com\/infos-droitshumains.net\/wp-content\/uploads\/2022\/05\/IMG_20220525_093108_785.jpg?fit=1040%2C621&ssl=1","width":1040,"height":621},{"@type":"BreadcrumbList","@id":"https:\/\/infos-droitshumains.net\/?p=3763#breadcrumb","itemListElement":[{"@type":"ListItem","position":1,"name":"Accueil","item":"https:\/\/infos-droitshumains.net\/"},{"@type":"ListItem","position":2,"name":"Comment traiter les entreprises en difficult\u00e9 ? Le cabinet Mavinga et l\u2019ITM donnent la recette aux cadres des entreprises"}]},{"@type":"WebSite","@id":"https:\/\/infos-droitshumains.net\/#website","url":"https:\/\/infos-droitshumains.net\/","name":"Infos Droits Humains","description":"S&#039;informer est un droit","publisher":{"@id":"https:\/\/infos-droitshumains.net\/#organization"},"potentialAction":[{"@type":"SearchAction","target":{"@type":"EntryPoint","urlTemplate":"https:\/\/infos-droitshumains.net\/?s={search_term_string}"},"query-input":{"@type":"PropertyValueSpecification","valueRequired":true,"valueName":"search_term_string"}}],"inLanguage":"fr-FR"},{"@type":"Organization","@id":"https:\/\/infos-droitshumains.net\/#organization","name":"Infos Droits Humains","url":"https:\/\/infos-droitshumains.net\/","logo":{"@type":"ImageObject","inLanguage":"fr-FR","@id":"https:\/\/infos-droitshumains.net\/#\/schema\/logo\/image\/","url":"https:\/\/i0.wp.com\/infos-droitshumains.net\/wp-content\/uploads\/2022\/05\/Logo.png?fit=333%2C129&ssl=1","contentUrl":"https:\/\/i0.wp.com\/infos-droitshumains.net\/wp-content\/uploads\/2022\/05\/Logo.png?fit=333%2C129&ssl=1","width":333,"height":129,"caption":"Infos Droits Humains"},"image":{"@id":"https:\/\/infos-droitshumains.net\/#\/schema\/logo\/image\/"}},{"@type":"Person","@id":"https:\/\/infos-droitshumains.net\/#\/schema\/person\/3dc5e921c3302172e0ed4362f96faab7","name":"Jo\u00ebl Diawa","image":{"@type":"ImageObject","inLanguage":"fr-FR","@id":"https:\/\/secure.gravatar.com\/avatar\/729bea6ff4604c624417803c477363be8e3c7186deaa65713313f9b4b820f41c?s=96&d=mm&r=g","url":"https:\/\/secure.gravatar.com\/avatar\/729bea6ff4604c624417803c477363be8e3c7186deaa65713313f9b4b820f41c?s=96&d=mm&r=g","contentUrl":"https:\/\/secure.gravatar.com\/avatar\/729bea6ff4604c624417803c477363be8e3c7186deaa65713313f9b4b820f41c?s=96&d=mm&r=g","caption":"Jo\u00ebl Diawa"},"sameAs":["https:\/\/www.infos-droitshumains.net"],"url":"https:\/\/infos-droitshumains.net\/?author=2"}]}},"featured_image_urls":{"full":["https:\/\/i0.wp.com\/infos-droitshumains.net\/wp-content\/uploads\/2022\/05\/IMG_20220525_093108_785.jpg?fit=1040%2C621&ssl=1",1040,621,false],"thumbnail":["https:\/\/i0.wp.com\/infos-droitshumains.net\/wp-content\/uploads\/2022\/05\/IMG_20220525_093108_785.jpg?resize=150%2C150&ssl=1",150,150,true],"medium":["https:\/\/i0.wp.com\/infos-droitshumains.net\/wp-content\/uploads\/2022\/05\/IMG_20220525_093108_785.jpg?fit=300%2C179&ssl=1",300,179,true],"medium_large":["https:\/\/i0.wp.com\/infos-droitshumains.net\/wp-content\/uploads\/2022\/05\/IMG_20220525_093108_785.jpg?fit=640%2C383&ssl=1",640,383,true],"large":["https:\/\/i0.wp.com\/infos-droitshumains.net\/wp-content\/uploads\/2022\/05\/IMG_20220525_093108_785.jpg?fit=640%2C382&ssl=1",640,382,true],"1536x1536":["https:\/\/i0.wp.com\/infos-droitshumains.net\/wp-content\/uploads\/2022\/05\/IMG_20220525_093108_785.jpg?fit=1040%2C621&ssl=1",1040,621,true],"2048x2048":["https:\/\/i0.wp.com\/infos-droitshumains.net\/wp-content\/uploads\/2022\/05\/IMG_20220525_093108_785.jpg?fit=1040%2C621&ssl=1",1040,621,true],"covernews-slider-full":["https:\/\/i0.wp.com\/infos-droitshumains.net\/wp-content\/uploads\/2022\/05\/IMG_20220525_093108_785.jpg?resize=1040%2C621&ssl=1",1040,621,true],"covernews-slider-center":["https:\/\/i0.wp.com\/infos-droitshumains.net\/wp-content\/uploads\/2022\/05\/IMG_20220525_093108_785.jpg?resize=800%2C500&ssl=1",800,500,true],"covernews-featured":["https:\/\/i0.wp.com\/infos-droitshumains.net\/wp-content\/uploads\/2022\/05\/IMG_20220525_093108_785.jpg?fit=1024%2C611&ssl=1",1024,611,true],"covernews-medium":["https:\/\/i0.wp.com\/infos-droitshumains.net\/wp-content\/uploads\/2022\/05\/IMG_20220525_093108_785.jpg?resize=540%2C340&ssl=1",540,340,true],"covernews-medium-square":["https:\/\/i0.wp.com\/infos-droitshumains.net\/wp-content\/uploads\/2022\/05\/IMG_20220525_093108_785.jpg?resize=400%2C250&ssl=1",400,250,true]},"author_info":{"display_name":"Jo\u00ebl Diawa","author_link":"https:\/\/infos-droitshumains.net\/?author=2"},"category_info":"<a href=\"https:\/\/infos-droitshumains.net\/?cat=6\" rel=\"category\">Justice<\/a>","tag_info":"Justice","comment_count":"0","jetpack_featured_media_url":"https:\/\/i0.wp.com\/infos-droitshumains.net\/wp-content\/uploads\/2022\/05\/IMG_20220525_093108_785.jpg?fit=1040%2C621&ssl=1","jetpack-related-posts":[],"jetpack_sharing_enabled":true,"_links":{"self":[{"href":"https:\/\/infos-droitshumains.net\/index.php?rest_route=\/wp\/v2\/posts\/3763","targetHints":{"allow":["GET"]}}],"collection":[{"href":"https:\/\/infos-droitshumains.net\/index.php?rest_route=\/wp\/v2\/posts"}],"about":[{"href":"https:\/\/infos-droitshumains.net\/index.php?rest_route=\/wp\/v2\/types\/post"}],"author":[{"embeddable":true,"href":"https:\/\/infos-droitshumains.net\/index.php?rest_route=\/wp\/v2\/users\/2"}],"replies":[{"embeddable":true,"href":"https:\/\/infos-droitshumains.net\/index.php?rest_route=%2Fwp%2Fv2%2Fcomments&post=3763"}],"version-history":[{"count":2,"href":"https:\/\/infos-droitshumains.net\/index.php?rest_route=\/wp\/v2\/posts\/3763\/revisions"}],"predecessor-version":[{"id":3768,"href":"https:\/\/infos-droitshumains.net\/index.php?rest_route=\/wp\/v2\/posts\/3763\/revisions\/3768"}],"wp:featuredmedia":[{"embeddable":true,"href":"https:\/\/infos-droitshumains.net\/index.php?rest_route=\/wp\/v2\/media\/3765"}],"wp:attachment":[{"href":"https:\/\/infos-droitshumains.net\/index.php?rest_route=%2Fwp%2Fv2%2Fmedia&parent=3763"}],"wp:term":[{"taxonomy":"category","embeddable":true,"href":"https:\/\/infos-droitshumains.net\/index.php?rest_route=%2Fwp%2Fv2%2Fcategories&post=3763"},{"taxonomy":"post_tag","embeddable":true,"href":"https:\/\/infos-droitshumains.net\/index.php?rest_route=%2Fwp%2Fv2%2Ftags&post=3763"}],"curies":[{"name":"wp","href":"https:\/\/api.w.org\/{rel}","templated":true}]}}