{"id":3748,"date":"2022-05-24T18:01:00","date_gmt":"2022-05-24T16:01:00","guid":{"rendered":"https:\/\/infos-droitshumains.net\/?p=3748"},"modified":"2022-05-24T18:05:33","modified_gmt":"2022-05-24T16:05:33","slug":"numerisation-de-la-fonction-publique-pari-gagne-par-le-premier-ministre-sama-lukonde-avec-le-lancement-du-processus-didentification-biometrique-des-agents","status":"publish","type":"post","link":"https:\/\/infos-droitshumains.net\/?p=3748","title":{"rendered":"Num\u00e9risation de l&rsquo;administration publique : Pari gagn\u00e9 par le Premier-Ministre Sama Lukonde avec le lancement du Processus d\u2019identification biom\u00e9trique des agents"},"content":{"rendered":"\n<p><strong>R\u00e9daction :+243817406088<\/strong><\/p>\n\n\n\n<p><strong>En R\u00e9publique D\u00e9mocratique du Congo, le processus d\u2019identification biom\u00e9trique des agents certifi\u00e9s r\u00e9guliers des services centraux dans le fichier de r\u00e9f\u00e9rence de l\u2019Administration Publique devient, FAP, devient de plus en plus une r\u00e9alit\u00e9. Initi\u00e9 par le Vice-Premier Ministre, Ministre de la Fonction Publique. Ce lundi 23 mai, le Premier Ministre, Jean-Michel Sama Lukonde a pr\u00e9sid\u00e9 la c\u00e9r\u00e9monie du lancement de cette identification.<\/strong><\/p>\n\n\n\n<p>Le Chef du Gouvernement a f\u00e9licit\u00e9 tous les agents qui ont pris part \u00e0 ce travail participatif d\u2019une importance capitale dans la maitrise des effectifs de l\u2019Administration Publique.<\/p>\n\n\n\n<p><em>\u00ab Nous avons voulu lui (VPM, ministre de la fonction publique) donner une autre mission plus pr\u00e9cise, notamment celle de la modernisation de la Fonction Publique. Et comment parler de modernisation si on ne parle pas de num\u00e9risation, si on ne parle pas de digitalisation ? Et donc, ici une mat\u00e9rialisation de ce v\u0153u tel qu\u2019inscrit dans notre programme du Gouvernement. Je voudrais f\u00e9liciter non seulement tous les agents qui ont particip\u00e9 \u00e0 ce travail participatif qui demande l\u2019adh\u00e9sion de tous pour que nous puissions r\u00e9ussir. Je voudrais vous remercier vous les agents publics qui permettez que nous puissions accomplir cette mission. Je vais aussi, au-del\u00e0 de \u00e7a, remercier et f\u00e9liciter Monsieur le Vice-Premier Ministre, Ministre de la Fonction Publique pour cette mat\u00e9rialisation \u00bb<\/em>, a dit le Premier Ministre.<\/p>\n\n\n\n<p>Cette op\u00e9ration devra dans les jours avenirs, s\u2019\u00e9tendre \u00e0 travers toutes les 26 provinces du pays. Pour y parvenir, Jean-Michel Sama Lukonde a rappel\u00e9 aux agents de la fonction publique, les missions qui sont les siennes.<br><em>\u00ab\u2026Ne l\u2019oublions pas, toute la structure de l\u2019Etat repose sur vous. C\u2019est vous la s\u00e8ve de cet arbre qui est l\u2019administration de la R\u00e9publique D\u00e9mocratique du Congo. Nous devons nous appuyer sur vous, non seulement de vos conditions mais surtout de votre gestion. Et par-del\u00e0 bien-s\u00fbr, comme vous le savez dans tout le processus de num\u00e9risation et de digitalisation, il y aura au bout du compte de ce num\u00e9ro unique, cet identifiant unique, cette mutualisation que nous voulons. Donc ici je voudrais encore f\u00e9liciter le travail qui a \u00e9t\u00e9 fait, encourager qu\u2019il puisse se poursuivre et finalement, \u00eatre boucl\u00e9. Cela permettra aussi de faire des \u00e9pargnes au pays au moment o\u00f9 nous somme \u00e0 l\u2019\u00e8re o\u00f9 nous nous battons pour la maximisation de nos recettes \u00bb<\/em>, a-t-il conclu.<\/p>\n\n\n\n<p>A l\u2019av\u00e8nement de l\u2019\u00e9quipe des Warriors, tableau de l\u2019administration \u00e9tait tr\u00e8s sombre. Jean-Pierre Lihau, Vice Premier-Ministre, Ministre de la Fonction publique a bien avant, dress\u00e9 a indiqu\u00e9 que pour la mise en place d\u2019une administration publique efficace, int\u00e8gre, moderne, du service du citoyen, il faut envoyer pr\u00e8s de 350 mille agents en retraite. Il faut \u00e9galement ma\u00eetriser les effectifs en rationalisant les recrutements avec une consid\u00e9ration pr\u00e9alable des vacances des postes.<\/p>\n\n\n\n<p>A la fin de la c\u00e9r\u00e9monie, le premier des Warriors a remis de mani\u00e8re symbolique la carte d\u2019indentification \u00e0 deux secr\u00e9taires g\u00e9n\u00e9raux de l\u2019Administration Publique avant de cl\u00f4turer sa journ\u00e9e \u00e0 la Fonction Publique par la visite des bureaux o\u00f9 se trouvent les services d\u2019identification biom\u00e9trique des agents.<\/p>\n\n\n\n<p>Jo\u00ebl Diawa<\/p>\n","protected":false},"excerpt":{"rendered":"<p>R\u00e9daction :+243817406088 En R\u00e9publique D\u00e9mocratique du Congo, le processus d\u2019identification biom\u00e9trique des agents certifi\u00e9s r\u00e9guliers&#8230;<\/p>\n","protected":false},"author":2,"featured_media":3751,"comment_status":"open","ping_status":"open","sticky":false,"template":"","format":"standard","meta":{"_jetpack_memberships_contains_paid_content":false,"footnotes":""},"categories":[3],"tags":[],"class_list":["post-3748","post","type-post","status-publish","format-standard","has-post-thumbnail","hentry","category-politique"],"yoast_head":"<!-- This site is optimized with the Yoast SEO plugin v27.5 - https:\/\/yoast.com\/product\/yoast-seo-wordpress\/ -->\n<title>Num\u00e9risation de l&#039;administration publique : Pari gagn\u00e9 par le Premier-Ministre Sama Lukonde avec le lancement du Processus d\u2019identification biom\u00e9trique des agents - Infos Droits Humains<\/title>\n<meta name=\"robots\" content=\"index, follow, max-snippet:-1, max-image-preview:large, max-video-preview:-1\" \/>\n<link rel=\"canonical\" href=\"https:\/\/infos-droitshumains.net\/?p=3748\" \/>\n<meta property=\"og:locale\" content=\"fr_FR\" \/>\n<meta property=\"og:type\" content=\"article\" \/>\n<meta property=\"og:title\" content=\"Num\u00e9risation de l&#039;administration publique : Pari gagn\u00e9 par le Premier-Ministre Sama Lukonde avec le lancement du Processus d\u2019identification biom\u00e9trique des agents - Infos Droits Humains\" \/>\n<meta property=\"og:description\" content=\"R\u00e9daction :+243817406088 En R\u00e9publique D\u00e9mocratique du Congo, le processus d\u2019identification biom\u00e9trique des agents certifi\u00e9s r\u00e9guliers...\" \/>\n<meta property=\"og:url\" content=\"https:\/\/infos-droitshumains.net\/?p=3748\" \/>\n<meta property=\"og:site_name\" content=\"Infos Droits Humains\" \/>\n<meta property=\"article:published_time\" content=\"2022-05-24T16:01:00+00:00\" \/>\n<meta property=\"article:modified_time\" content=\"2022-05-24T16:05:33+00:00\" \/>\n<meta property=\"og:image\" content=\"https:\/\/infos-droitshumains.net\/wp-content\/uploads\/2022\/05\/WhatsApp-Image-2022-05-23-at-20.04.51-768x576_1.jpeg\" \/>\n\t<meta property=\"og:image:width\" content=\"768\" \/>\n\t<meta property=\"og:image:height\" content=\"576\" \/>\n\t<meta property=\"og:image:type\" content=\"image\/jpeg\" \/>\n<meta name=\"author\" content=\"Jo\u00ebl Diawa\" \/>\n<meta name=\"twitter:card\" content=\"summary_large_image\" \/>\n<meta name=\"twitter:label1\" content=\"\u00c9crit par\" \/>\n\t<meta name=\"twitter:data1\" content=\"Jo\u00ebl Diawa\" \/>\n\t<meta name=\"twitter:label2\" content=\"Dur\u00e9e de lecture estim\u00e9e\" \/>\n\t<meta name=\"twitter:data2\" content=\"3 minutes\" \/>\n<script type=\"application\/ld+json\" class=\"yoast-schema-graph\">{\"@context\":\"https:\\\/\\\/schema.org\",\"@graph\":[{\"@type\":\"Article\",\"@id\":\"https:\\\/\\\/infos-droitshumains.net\\\/?p=3748#article\",\"isPartOf\":{\"@id\":\"https:\\\/\\\/infos-droitshumains.net\\\/?p=3748\"},\"author\":{\"name\":\"Jo\u00ebl Diawa\",\"@id\":\"https:\\\/\\\/infos-droitshumains.net\\\/#\\\/schema\\\/person\\\/3dc5e921c3302172e0ed4362f96faab7\"},\"headline\":\"Num\u00e9risation de l&rsquo;administration publique : Pari gagn\u00e9 par le Premier-Ministre Sama Lukonde avec le lancement du Processus d\u2019identification biom\u00e9trique des agents\",\"datePublished\":\"2022-05-24T16:01:00+00:00\",\"dateModified\":\"2022-05-24T16:05:33+00:00\",\"mainEntityOfPage\":{\"@id\":\"https:\\\/\\\/infos-droitshumains.net\\\/?p=3748\"},\"wordCount\":582,\"commentCount\":0,\"publisher\":{\"@id\":\"https:\\\/\\\/infos-droitshumains.net\\\/#organization\"},\"image\":{\"@id\":\"https:\\\/\\\/infos-droitshumains.net\\\/?p=3748#primaryimage\"},\"thumbnailUrl\":\"https:\\\/\\\/i0.wp.com\\\/infos-droitshumains.net\\\/wp-content\\\/uploads\\\/2022\\\/05\\\/WhatsApp-Image-2022-05-23-at-20.04.51-768x576_1.jpeg?fit=768%2C576&ssl=1\",\"articleSection\":[\"Politique\"],\"inLanguage\":\"fr-FR\",\"potentialAction\":[{\"@type\":\"CommentAction\",\"name\":\"Comment\",\"target\":[\"https:\\\/\\\/infos-droitshumains.net\\\/?p=3748#respond\"]}]},{\"@type\":\"WebPage\",\"@id\":\"https:\\\/\\\/infos-droitshumains.net\\\/?p=3748\",\"url\":\"https:\\\/\\\/infos-droitshumains.net\\\/?p=3748\",\"name\":\"Num\u00e9risation de l'administration publique : Pari gagn\u00e9 par le Premier-Ministre Sama Lukonde avec le lancement du Processus d\u2019identification biom\u00e9trique des agents - Infos Droits Humains\",\"isPartOf\":{\"@id\":\"https:\\\/\\\/infos-droitshumains.net\\\/#website\"},\"primaryImageOfPage\":{\"@id\":\"https:\\\/\\\/infos-droitshumains.net\\\/?p=3748#primaryimage\"},\"image\":{\"@id\":\"https:\\\/\\\/infos-droitshumains.net\\\/?p=3748#primaryimage\"},\"thumbnailUrl\":\"https:\\\/\\\/i0.wp.com\\\/infos-droitshumains.net\\\/wp-content\\\/uploads\\\/2022\\\/05\\\/WhatsApp-Image-2022-05-23-at-20.04.51-768x576_1.jpeg?fit=768%2C576&ssl=1\",\"datePublished\":\"2022-05-24T16:01:00+00:00\",\"dateModified\":\"2022-05-24T16:05:33+00:00\",\"breadcrumb\":{\"@id\":\"https:\\\/\\\/infos-droitshumains.net\\\/?p=3748#breadcrumb\"},\"inLanguage\":\"fr-FR\",\"potentialAction\":[{\"@type\":\"ReadAction\",\"target\":[\"https:\\\/\\\/infos-droitshumains.net\\\/?p=3748\"]}]},{\"@type\":\"ImageObject\",\"inLanguage\":\"fr-FR\",\"@id\":\"https:\\\/\\\/infos-droitshumains.net\\\/?p=3748#primaryimage\",\"url\":\"https:\\\/\\\/i0.wp.com\\\/infos-droitshumains.net\\\/wp-content\\\/uploads\\\/2022\\\/05\\\/WhatsApp-Image-2022-05-23-at-20.04.51-768x576_1.jpeg?fit=768%2C576&ssl=1\",\"contentUrl\":\"https:\\\/\\\/i0.wp.com\\\/infos-droitshumains.net\\\/wp-content\\\/uploads\\\/2022\\\/05\\\/WhatsApp-Image-2022-05-23-at-20.04.51-768x576_1.jpeg?fit=768%2C576&ssl=1\",\"width\":768,\"height\":576},{\"@type\":\"BreadcrumbList\",\"@id\":\"https:\\\/\\\/infos-droitshumains.net\\\/?p=3748#breadcrumb\",\"itemListElement\":[{\"@type\":\"ListItem\",\"position\":1,\"name\":\"Accueil\",\"item\":\"https:\\\/\\\/infos-droitshumains.net\\\/\"},{\"@type\":\"ListItem\",\"position\":2,\"name\":\"Num\u00e9risation de l&rsquo;administration publique : Pari gagn\u00e9 par le Premier-Ministre Sama Lukonde avec le lancement du Processus d\u2019identification biom\u00e9trique des agents\"}]},{\"@type\":\"WebSite\",\"@id\":\"https:\\\/\\\/infos-droitshumains.net\\\/#website\",\"url\":\"https:\\\/\\\/infos-droitshumains.net\\\/\",\"name\":\"Infos Droits Humains\",\"description\":\"S&#039;informer est un droit\",\"publisher\":{\"@id\":\"https:\\\/\\\/infos-droitshumains.net\\\/#organization\"},\"potentialAction\":[{\"@type\":\"SearchAction\",\"target\":{\"@type\":\"EntryPoint\",\"urlTemplate\":\"https:\\\/\\\/infos-droitshumains.net\\\/?s={search_term_string}\"},\"query-input\":{\"@type\":\"PropertyValueSpecification\",\"valueRequired\":true,\"valueName\":\"search_term_string\"}}],\"inLanguage\":\"fr-FR\"},{\"@type\":\"Organization\",\"@id\":\"https:\\\/\\\/infos-droitshumains.net\\\/#organization\",\"name\":\"Infos Droits Humains\",\"url\":\"https:\\\/\\\/infos-droitshumains.net\\\/\",\"logo\":{\"@type\":\"ImageObject\",\"inLanguage\":\"fr-FR\",\"@id\":\"https:\\\/\\\/infos-droitshumains.net\\\/#\\\/schema\\\/logo\\\/image\\\/\",\"url\":\"https:\\\/\\\/i0.wp.com\\\/infos-droitshumains.net\\\/wp-content\\\/uploads\\\/2022\\\/05\\\/Logo.png?fit=333%2C129&ssl=1\",\"contentUrl\":\"https:\\\/\\\/i0.wp.com\\\/infos-droitshumains.net\\\/wp-content\\\/uploads\\\/2022\\\/05\\\/Logo.png?fit=333%2C129&ssl=1\",\"width\":333,\"height\":129,\"caption\":\"Infos Droits Humains\"},\"image\":{\"@id\":\"https:\\\/\\\/infos-droitshumains.net\\\/#\\\/schema\\\/logo\\\/image\\\/\"}},{\"@type\":\"Person\",\"@id\":\"https:\\\/\\\/infos-droitshumains.net\\\/#\\\/schema\\\/person\\\/3dc5e921c3302172e0ed4362f96faab7\",\"name\":\"Jo\u00ebl Diawa\",\"image\":{\"@type\":\"ImageObject\",\"inLanguage\":\"fr-FR\",\"@id\":\"https:\\\/\\\/secure.gravatar.com\\\/avatar\\\/729bea6ff4604c624417803c477363be8e3c7186deaa65713313f9b4b820f41c?s=96&d=mm&r=g\",\"url\":\"https:\\\/\\\/secure.gravatar.com\\\/avatar\\\/729bea6ff4604c624417803c477363be8e3c7186deaa65713313f9b4b820f41c?s=96&d=mm&r=g\",\"contentUrl\":\"https:\\\/\\\/secure.gravatar.com\\\/avatar\\\/729bea6ff4604c624417803c477363be8e3c7186deaa65713313f9b4b820f41c?s=96&d=mm&r=g\",\"caption\":\"Jo\u00ebl Diawa\"},\"sameAs\":[\"https:\\\/\\\/www.infos-droitshumains.net\"],\"url\":\"https:\\\/\\\/infos-droitshumains.net\\\/?author=2\"}]}<\/script>\n<!-- \/ Yoast SEO plugin. -->","yoast_head_json":{"title":"Num\u00e9risation de l'administration publique : Pari gagn\u00e9 par le Premier-Ministre Sama Lukonde avec le lancement du Processus d\u2019identification biom\u00e9trique des agents - Infos Droits Humains","robots":{"index":"index","follow":"follow","max-snippet":"max-snippet:-1","max-image-preview":"max-image-preview:large","max-video-preview":"max-video-preview:-1"},"canonical":"https:\/\/infos-droitshumains.net\/?p=3748","og_locale":"fr_FR","og_type":"article","og_title":"Num\u00e9risation de l'administration publique : Pari gagn\u00e9 par le Premier-Ministre Sama Lukonde avec le lancement du Processus d\u2019identification biom\u00e9trique des agents - Infos Droits Humains","og_description":"R\u00e9daction :+243817406088 En R\u00e9publique D\u00e9mocratique du Congo, le processus d\u2019identification biom\u00e9trique des agents certifi\u00e9s r\u00e9guliers...","og_url":"https:\/\/infos-droitshumains.net\/?p=3748","og_site_name":"Infos Droits Humains","article_published_time":"2022-05-24T16:01:00+00:00","article_modified_time":"2022-05-24T16:05:33+00:00","og_image":[{"width":768,"height":576,"url":"https:\/\/infos-droitshumains.net\/wp-content\/uploads\/2022\/05\/WhatsApp-Image-2022-05-23-at-20.04.51-768x576_1.jpeg","type":"image\/jpeg"}],"author":"Jo\u00ebl Diawa","twitter_card":"summary_large_image","twitter_misc":{"\u00c9crit par":"Jo\u00ebl Diawa","Dur\u00e9e de lecture estim\u00e9e":"3 minutes"},"schema":{"@context":"https:\/\/schema.org","@graph":[{"@type":"Article","@id":"https:\/\/infos-droitshumains.net\/?p=3748#article","isPartOf":{"@id":"https:\/\/infos-droitshumains.net\/?p=3748"},"author":{"name":"Jo\u00ebl Diawa","@id":"https:\/\/infos-droitshumains.net\/#\/schema\/person\/3dc5e921c3302172e0ed4362f96faab7"},"headline":"Num\u00e9risation de l&rsquo;administration publique : Pari gagn\u00e9 par le Premier-Ministre Sama Lukonde avec le lancement du Processus d\u2019identification biom\u00e9trique des agents","datePublished":"2022-05-24T16:01:00+00:00","dateModified":"2022-05-24T16:05:33+00:00","mainEntityOfPage":{"@id":"https:\/\/infos-droitshumains.net\/?p=3748"},"wordCount":582,"commentCount":0,"publisher":{"@id":"https:\/\/infos-droitshumains.net\/#organization"},"image":{"@id":"https:\/\/infos-droitshumains.net\/?p=3748#primaryimage"},"thumbnailUrl":"https:\/\/i0.wp.com\/infos-droitshumains.net\/wp-content\/uploads\/2022\/05\/WhatsApp-Image-2022-05-23-at-20.04.51-768x576_1.jpeg?fit=768%2C576&ssl=1","articleSection":["Politique"],"inLanguage":"fr-FR","potentialAction":[{"@type":"CommentAction","name":"Comment","target":["https:\/\/infos-droitshumains.net\/?p=3748#respond"]}]},{"@type":"WebPage","@id":"https:\/\/infos-droitshumains.net\/?p=3748","url":"https:\/\/infos-droitshumains.net\/?p=3748","name":"Num\u00e9risation de l'administration publique : Pari gagn\u00e9 par le Premier-Ministre Sama Lukonde avec le lancement du Processus d\u2019identification biom\u00e9trique des agents - Infos Droits Humains","isPartOf":{"@id":"https:\/\/infos-droitshumains.net\/#website"},"primaryImageOfPage":{"@id":"https:\/\/infos-droitshumains.net\/?p=3748#primaryimage"},"image":{"@id":"https:\/\/infos-droitshumains.net\/?p=3748#primaryimage"},"thumbnailUrl":"https:\/\/i0.wp.com\/infos-droitshumains.net\/wp-content\/uploads\/2022\/05\/WhatsApp-Image-2022-05-23-at-20.04.51-768x576_1.jpeg?fit=768%2C576&ssl=1","datePublished":"2022-05-24T16:01:00+00:00","dateModified":"2022-05-24T16:05:33+00:00","breadcrumb":{"@id":"https:\/\/infos-droitshumains.net\/?p=3748#breadcrumb"},"inLanguage":"fr-FR","potentialAction":[{"@type":"ReadAction","target":["https:\/\/infos-droitshumains.net\/?p=3748"]}]},{"@type":"ImageObject","inLanguage":"fr-FR","@id":"https:\/\/infos-droitshumains.net\/?p=3748#primaryimage","url":"https:\/\/i0.wp.com\/infos-droitshumains.net\/wp-content\/uploads\/2022\/05\/WhatsApp-Image-2022-05-23-at-20.04.51-768x576_1.jpeg?fit=768%2C576&ssl=1","contentUrl":"https:\/\/i0.wp.com\/infos-droitshumains.net\/wp-content\/uploads\/2022\/05\/WhatsApp-Image-2022-05-23-at-20.04.51-768x576_1.jpeg?fit=768%2C576&ssl=1","width":768,"height":576},{"@type":"BreadcrumbList","@id":"https:\/\/infos-droitshumains.net\/?p=3748#breadcrumb","itemListElement":[{"@type":"ListItem","position":1,"name":"Accueil","item":"https:\/\/infos-droitshumains.net\/"},{"@type":"ListItem","position":2,"name":"Num\u00e9risation de l&rsquo;administration publique : Pari gagn\u00e9 par le Premier-Ministre Sama Lukonde avec le lancement du Processus d\u2019identification biom\u00e9trique des agents"}]},{"@type":"WebSite","@id":"https:\/\/infos-droitshumains.net\/#website","url":"https:\/\/infos-droitshumains.net\/","name":"Infos Droits Humains","description":"S&#039;informer est un droit","publisher":{"@id":"https:\/\/infos-droitshumains.net\/#organization"},"potentialAction":[{"@type":"SearchAction","target":{"@type":"EntryPoint","urlTemplate":"https:\/\/infos-droitshumains.net\/?s={search_term_string}"},"query-input":{"@type":"PropertyValueSpecification","valueRequired":true,"valueName":"search_term_string"}}],"inLanguage":"fr-FR"},{"@type":"Organization","@id":"https:\/\/infos-droitshumains.net\/#organization","name":"Infos Droits Humains","url":"https:\/\/infos-droitshumains.net\/","logo":{"@type":"ImageObject","inLanguage":"fr-FR","@id":"https:\/\/infos-droitshumains.net\/#\/schema\/logo\/image\/","url":"https:\/\/i0.wp.com\/infos-droitshumains.net\/wp-content\/uploads\/2022\/05\/Logo.png?fit=333%2C129&ssl=1","contentUrl":"https:\/\/i0.wp.com\/infos-droitshumains.net\/wp-content\/uploads\/2022\/05\/Logo.png?fit=333%2C129&ssl=1","width":333,"height":129,"caption":"Infos Droits Humains"},"image":{"@id":"https:\/\/infos-droitshumains.net\/#\/schema\/logo\/image\/"}},{"@type":"Person","@id":"https:\/\/infos-droitshumains.net\/#\/schema\/person\/3dc5e921c3302172e0ed4362f96faab7","name":"Jo\u00ebl Diawa","image":{"@type":"ImageObject","inLanguage":"fr-FR","@id":"https:\/\/secure.gravatar.com\/avatar\/729bea6ff4604c624417803c477363be8e3c7186deaa65713313f9b4b820f41c?s=96&d=mm&r=g","url":"https:\/\/secure.gravatar.com\/avatar\/729bea6ff4604c624417803c477363be8e3c7186deaa65713313f9b4b820f41c?s=96&d=mm&r=g","contentUrl":"https:\/\/secure.gravatar.com\/avatar\/729bea6ff4604c624417803c477363be8e3c7186deaa65713313f9b4b820f41c?s=96&d=mm&r=g","caption":"Jo\u00ebl Diawa"},"sameAs":["https:\/\/www.infos-droitshumains.net"],"url":"https:\/\/infos-droitshumains.net\/?author=2"}]}},"featured_image_urls":{"full":["https:\/\/i0.wp.com\/infos-droitshumains.net\/wp-content\/uploads\/2022\/05\/WhatsApp-Image-2022-05-23-at-20.04.51-768x576_1.jpeg?fit=768%2C576&ssl=1",768,576,false],"thumbnail":["https:\/\/i0.wp.com\/infos-droitshumains.net\/wp-content\/uploads\/2022\/05\/WhatsApp-Image-2022-05-23-at-20.04.51-768x576_1.jpeg?resize=150%2C150&ssl=1",150,150,true],"medium":["https:\/\/i0.wp.com\/infos-droitshumains.net\/wp-content\/uploads\/2022\/05\/WhatsApp-Image-2022-05-23-at-20.04.51-768x576_1.jpeg?fit=300%2C225&ssl=1",300,225,true],"medium_large":["https:\/\/i0.wp.com\/infos-droitshumains.net\/wp-content\/uploads\/2022\/05\/WhatsApp-Image-2022-05-23-at-20.04.51-768x576_1.jpeg?fit=640%2C480&ssl=1",640,480,true],"large":["https:\/\/i0.wp.com\/infos-droitshumains.net\/wp-content\/uploads\/2022\/05\/WhatsApp-Image-2022-05-23-at-20.04.51-768x576_1.jpeg?fit=640%2C480&ssl=1",640,480,true],"1536x1536":["https:\/\/i0.wp.com\/infos-droitshumains.net\/wp-content\/uploads\/2022\/05\/WhatsApp-Image-2022-05-23-at-20.04.51-768x576_1.jpeg?fit=768%2C576&ssl=1",768,576,true],"2048x2048":["https:\/\/i0.wp.com\/infos-droitshumains.net\/wp-content\/uploads\/2022\/05\/WhatsApp-Image-2022-05-23-at-20.04.51-768x576_1.jpeg?fit=768%2C576&ssl=1",768,576,true],"covernews-slider-full":["https:\/\/i0.wp.com\/infos-droitshumains.net\/wp-content\/uploads\/2022\/05\/WhatsApp-Image-2022-05-23-at-20.04.51-768x576_1.jpeg?resize=768%2C576&ssl=1",768,576,true],"covernews-slider-center":["https:\/\/i0.wp.com\/infos-droitshumains.net\/wp-content\/uploads\/2022\/05\/WhatsApp-Image-2022-05-23-at-20.04.51-768x576_1.jpeg?resize=768%2C500&ssl=1",768,500,true],"covernews-featured":["https:\/\/i0.wp.com\/infos-droitshumains.net\/wp-content\/uploads\/2022\/05\/WhatsApp-Image-2022-05-23-at-20.04.51-768x576_1.jpeg?fit=768%2C576&ssl=1",768,576,true],"covernews-medium":["https:\/\/i0.wp.com\/infos-droitshumains.net\/wp-content\/uploads\/2022\/05\/WhatsApp-Image-2022-05-23-at-20.04.51-768x576_1.jpeg?resize=540%2C340&ssl=1",540,340,true],"covernews-medium-square":["https:\/\/i0.wp.com\/infos-droitshumains.net\/wp-content\/uploads\/2022\/05\/WhatsApp-Image-2022-05-23-at-20.04.51-768x576_1.jpeg?resize=400%2C250&ssl=1",400,250,true]},"author_info":{"display_name":"Jo\u00ebl Diawa","author_link":"https:\/\/infos-droitshumains.net\/?author=2"},"category_info":"<a href=\"https:\/\/infos-droitshumains.net\/?cat=3\" rel=\"category\">Politique<\/a>","tag_info":"Politique","comment_count":"0","jetpack_featured_media_url":"https:\/\/i0.wp.com\/infos-droitshumains.net\/wp-content\/uploads\/2022\/05\/WhatsApp-Image-2022-05-23-at-20.04.51-768x576_1.jpeg?fit=768%2C576&ssl=1","jetpack-related-posts":[],"jetpack_sharing_enabled":true,"_links":{"self":[{"href":"https:\/\/infos-droitshumains.net\/index.php?rest_route=\/wp\/v2\/posts\/3748","targetHints":{"allow":["GET"]}}],"collection":[{"href":"https:\/\/infos-droitshumains.net\/index.php?rest_route=\/wp\/v2\/posts"}],"about":[{"href":"https:\/\/infos-droitshumains.net\/index.php?rest_route=\/wp\/v2\/types\/post"}],"author":[{"embeddable":true,"href":"https:\/\/infos-droitshumains.net\/index.php?rest_route=\/wp\/v2\/users\/2"}],"replies":[{"embeddable":true,"href":"https:\/\/infos-droitshumains.net\/index.php?rest_route=%2Fwp%2Fv2%2Fcomments&post=3748"}],"version-history":[{"count":4,"href":"https:\/\/infos-droitshumains.net\/index.php?rest_route=\/wp\/v2\/posts\/3748\/revisions"}],"predecessor-version":[{"id":3754,"href":"https:\/\/infos-droitshumains.net\/index.php?rest_route=\/wp\/v2\/posts\/3748\/revisions\/3754"}],"wp:featuredmedia":[{"embeddable":true,"href":"https:\/\/infos-droitshumains.net\/index.php?rest_route=\/wp\/v2\/media\/3751"}],"wp:attachment":[{"href":"https:\/\/infos-droitshumains.net\/index.php?rest_route=%2Fwp%2Fv2%2Fmedia&parent=3748"}],"wp:term":[{"taxonomy":"category","embeddable":true,"href":"https:\/\/infos-droitshumains.net\/index.php?rest_route=%2Fwp%2Fv2%2Fcategories&post=3748"},{"taxonomy":"post_tag","embeddable":true,"href":"https:\/\/infos-droitshumains.net\/index.php?rest_route=%2Fwp%2Fv2%2Ftags&post=3748"}],"curies":[{"name":"wp","href":"https:\/\/api.w.org\/{rel}","templated":true}]}}