{"id":3734,"date":"2022-05-24T16:05:50","date_gmt":"2022-05-24T14:05:50","guid":{"rendered":"https:\/\/infos-droitshumains.net\/?p=3734"},"modified":"2022-05-24T16:41:25","modified_gmt":"2022-05-24T14:41:25","slug":"rdc-a-travers-une-formation-le-cabinet-mavinga-declerc-et-partners-et-litm-sarl-invitent-les-cadres-des-entreprises-a-comprendre-limportance-des-assurances","status":"publish","type":"post","link":"https:\/\/infos-droitshumains.net\/?p=3734","title":{"rendered":"RDC : A travers une formation, le cabinet Mavinga Declerc et Partners et l\u2019ITM Sarl invitent les cadres des entreprises \u00e0 comprendre l\u2019importance des assurances"},"content":{"rendered":"\n<p><strong>R\u00e9daction: +243817406088<\/strong><\/p>\n\n\n\n<p>C\u2019est ce mardi 24 que s\u2019est ouvert \u00e0 Kinshasa, la formation des cadres des entreprises publiques et priv\u00e9es qui exercent en R\u00e9publique D\u00e9mocratique du Congo. Cette formation est organis\u00e9e par le cabinet Mavinga Declerc et Partners, en collaboration avec la soci\u00e9t\u00e9 ITM sarl.<\/p>\n\n\n\n<figure class=\"wp-block-image size-large\"><img data-recalc-dims=\"1\" fetchpriority=\"high\" decoding=\"async\" width=\"640\" height=\"480\" src=\"https:\/\/i0.wp.com\/infos-droitshumains.net\/wp-content\/uploads\/2022\/05\/IMG_20220524_093303_109.jpg?resize=640%2C480&#038;ssl=1\" alt=\"\" class=\"wp-image-3742\" srcset=\"https:\/\/i0.wp.com\/infos-droitshumains.net\/wp-content\/uploads\/2022\/05\/IMG_20220524_093303_109.jpg?resize=1024%2C768&amp;ssl=1 1024w, https:\/\/i0.wp.com\/infos-droitshumains.net\/wp-content\/uploads\/2022\/05\/IMG_20220524_093303_109.jpg?resize=300%2C225&amp;ssl=1 300w, https:\/\/i0.wp.com\/infos-droitshumains.net\/wp-content\/uploads\/2022\/05\/IMG_20220524_093303_109.jpg?resize=768%2C576&amp;ssl=1 768w, https:\/\/i0.wp.com\/infos-droitshumains.net\/wp-content\/uploads\/2022\/05\/IMG_20220524_093303_109.jpg?w=1040&amp;ssl=1 1040w\" sizes=\"(max-width: 640px) 100vw, 640px\" \/><figcaption>vue d&rsquo;ensemble des participants \u00e0 la formation du 24 mai 2022<\/figcaption><\/figure>\n\n\n\n<p>L\u2019objectif poursuivi par ces deux partenaires est de former les cadres des entreprises priv\u00e9es en vue de les rendre performants dans leur travail et renforcer leurs capacit\u00e9s \u00e0 contribuer \u00e0 l\u2019atteinte des objectifs de leurs soci\u00e9t\u00e9s. En plus de cet objectif principal, la dite formation vise \u00e9galement \u00e0 aporter aux cadres de l\u2019entreprise des informations utiles \u00e0 la loi des finances 2022 et sur les mati\u00e8res s\u00e9lectionn\u00e9es pour une meilleure gestion des questions principales li\u00e9es aux difficult\u00e9s que rencontrent l\u2019entreprise dans ces secteurs ; leur assurer une formation sur la pratique des contentieux y relatifs pour \u00e9viter des proc\u00e9dures administratives et judiciaires qui sont pr\u00e9judiciables pour le d\u00e9veloppement de l\u2019entreprise.<\/p>\n\n\n\n<p><em>\u00ab Nous sommes partis d\u2019un constat que le besoin de formation est immense dans notre pays pour plusieurs mati\u00e8res juridiques ou il y a un vide. C\u2019est comme \u00e7a que nous nous sommes donn\u00e9s la peine d\u2019organiser cette session de formation \u00bb,<\/em> a laiss\u00e9 entendre Maitre Beaugars Mpembi Lema, membre du cabinet Mavinga<\/p>\n\n\n\n<p>Pour cette premi\u00e8re journ\u00e9e, les participants ont \u00e9t\u00e9 entretenus sur le droit des assurances. Malachie BOGUI, pan\u00e9liste du jour est notamment revenu sur les aspects juridiques et techniques de l\u2019op\u00e9ration d\u2019assurances, apr\u00e8s avoir brosser l\u2019aper\u00e7u historique du secteur des assurances. Il a \u00e9galement expliqu\u00e9 pourquoi les assurances doivent \u00eatre consid\u00e9r\u00e9s comme le vecteur du d\u00e9veloppement.<\/p>\n\n\n\n<figure class=\"wp-block-image size-large\"><img data-recalc-dims=\"1\" decoding=\"async\" width=\"640\" height=\"480\" src=\"https:\/\/i0.wp.com\/infos-droitshumains.net\/wp-content\/uploads\/2022\/05\/IMG_20220524_092945_17.jpg?resize=640%2C480&#038;ssl=1\" alt=\"\" class=\"wp-image-3746\" srcset=\"https:\/\/i0.wp.com\/infos-droitshumains.net\/wp-content\/uploads\/2022\/05\/IMG_20220524_092945_17.jpg?resize=1024%2C768&amp;ssl=1 1024w, https:\/\/i0.wp.com\/infos-droitshumains.net\/wp-content\/uploads\/2022\/05\/IMG_20220524_092945_17.jpg?resize=300%2C225&amp;ssl=1 300w, https:\/\/i0.wp.com\/infos-droitshumains.net\/wp-content\/uploads\/2022\/05\/IMG_20220524_092945_17.jpg?resize=768%2C576&amp;ssl=1 768w, https:\/\/i0.wp.com\/infos-droitshumains.net\/wp-content\/uploads\/2022\/05\/IMG_20220524_092945_17.jpg?w=1040&amp;ssl=1 1040w\" sizes=\"(max-width: 640px) 100vw, 640px\" \/><figcaption>Malachie Bangui entrain de dispenser la formation sur le droit des assurances<\/figcaption><\/figure>\n\n\n\n<p><em>\u00ab L\u2019assurance aujourd\u2019hui est une science nouvelle qui en RDC, est en pleine expansion dans le secteur financier. Nous avons expliqu\u00e9 aux participants comment les assurances est un moyen de s\u00e9curisation des investissements. On le n\u00e9glige, certes, mais le cadre-l\u00e0, est id\u00e9al pour pr\u00e9senter le bien fond\u00e9 et tout ce que l\u2019assurance peut procurer \u00e0 la RDC\u00bb.<\/em><\/p>\n\n\n\n<figure class=\"wp-block-image size-full\"><img data-recalc-dims=\"1\" decoding=\"async\" width=\"640\" height=\"483\" src=\"https:\/\/i0.wp.com\/infos-droitshumains.net\/wp-content\/uploads\/2022\/05\/IMG_20220524_094411_144.jpg?resize=640%2C483&#038;ssl=1\" alt=\"\" class=\"wp-image-3738\" srcset=\"https:\/\/i0.wp.com\/infos-droitshumains.net\/wp-content\/uploads\/2022\/05\/IMG_20220524_094411_144.jpg?w=883&amp;ssl=1 883w, https:\/\/i0.wp.com\/infos-droitshumains.net\/wp-content\/uploads\/2022\/05\/IMG_20220524_094411_144.jpg?resize=300%2C226&amp;ssl=1 300w, https:\/\/i0.wp.com\/infos-droitshumains.net\/wp-content\/uploads\/2022\/05\/IMG_20220524_094411_144.jpg?resize=768%2C579&amp;ssl=1 768w\" sizes=\"(max-width: 640px) 100vw, 640px\" \/><\/figure>\n\n\n\n<p><em>\u00abLes assurances sont incontournables lorsqu\u2019on veut se lancer dans le monde des affaires, parce qu\u2019il faut pr\u00e9venir les arri\u00e8res gardes. On voit tr\u00e8s mal comment le pays peut se d\u00e9velopper si on ne met pas en application les r\u00e8gles qui sont \u00e9dict\u00e9es par les codes des assurances. Vous voyez ce que les assurances peuvent g\u00e9n\u00e9rer comme affaire\u2026 mais pour arriver \u00e0 les utiliser, il faut connaitre la loi C\u2019est dans ce sens-l\u00e0 que nous avons lancer cette formation. L\u2019une des plus grandes difficult\u00e9s dans notre pays, c\u2019est l\u2019ignorance. On connait tr\u00e8s peu les dispositions l\u00e9gales alors qu\u2019il y a plusieurs potentialit\u00e9s qui nous sont offertes, mais par ignorance, n\u2019atteint pas ces potentialit\u00e9s, et finalement, on risque de regretter \u00bb<\/em>, a rench\u00e9rit Maitre Beaugars Mpembi Lema.<\/p>\n\n\n\n<p>Cette session de formation n\u2019est pas la premi\u00e8re organis\u00e9e par le cabinet Mavinga Declerc et Parters en partenariat avec soci\u00e9t\u00e9 ITM sarl. Cette derni\u00e8re trouve en ce cabinet, un partenaire id\u00e9al.<\/p>\n\n\n\n<p><em>\u00ab Nos cadres d\u2019entreprises ont besoin d\u2019avoir une connaissance parfaite sur les sujets qui seront abord\u00e9s ici durant quatre jours. C\u2019est des questions que nos cadres se poses et ils ont besoin des r\u00e9ponses qui sortes des experts en la mati\u00e8re. Le partenariat avec le cabinet Mavinga existe depuis il y a 11 ans, et pourquoi le cabinet Mavinga, c\u2019est simplement parce que c\u2019est l\u2019un des plus grands cabinets du pays et sp\u00e9cialis\u00e9 dans plusieurs domaines. Pour tous les th\u00e8mes qui y sont abord\u00e9s, c\u2019est le partenaire id\u00e9al parce que tous les experts en la mati\u00e8re se trouve dans ce cabinet. Nous en tant que soci\u00e9t\u00e9 sp\u00e9cialis\u00e9e dans la gestion des sources humains, dont la formation, nous avons la m\u00e9thodologie, \u00e7a donn\u00e9 cette belle association \u00bb, <\/em>encense Lyse Mualuke, Directrice R\u00e9gionale Kinshasa chez ITM.<\/p>\n\n\n\n<p>Cette formation de quatre jour s\u2019inscrit aussi dans le cadrede la formation continue qu\u2019organise le cabinet Mavinga Declerc et Partners depuis maintenant plusieurs ann\u00e9es.<\/p>\n\n\n\n<p>Jo\u00ebl Diawa<\/p>\n","protected":false},"excerpt":{"rendered":"<p>R\u00e9daction: +243817406088 C\u2019est ce mardi 24 que s\u2019est ouvert \u00e0 Kinshasa, la formation des cadres&#8230;<\/p>\n","protected":false},"author":2,"featured_media":3736,"comment_status":"open","ping_status":"open","sticky":false,"template":"","format":"standard","meta":{"_jetpack_memberships_contains_paid_content":false,"footnotes":""},"categories":[6],"tags":[],"class_list":["post-3734","post","type-post","status-publish","format-standard","has-post-thumbnail","hentry","category-justice"],"yoast_head":"<!-- This site is optimized with the Yoast SEO plugin v27.5 - https:\/\/yoast.com\/product\/yoast-seo-wordpress\/ -->\n<title>RDC : A travers une formation, le cabinet Mavinga Declerc et Partners et l\u2019ITM Sarl invitent les cadres des entreprises \u00e0 comprendre l\u2019importance des assurances - Infos Droits Humains<\/title>\n<meta name=\"robots\" content=\"index, follow, max-snippet:-1, max-image-preview:large, max-video-preview:-1\" \/>\n<link rel=\"canonical\" href=\"https:\/\/infos-droitshumains.net\/?p=3734\" \/>\n<meta property=\"og:locale\" content=\"fr_FR\" \/>\n<meta property=\"og:type\" content=\"article\" \/>\n<meta property=\"og:title\" content=\"RDC : A travers une formation, le cabinet Mavinga Declerc et Partners et l\u2019ITM Sarl invitent les cadres des entreprises \u00e0 comprendre l\u2019importance des assurances - Infos Droits Humains\" \/>\n<meta property=\"og:description\" content=\"R\u00e9daction: +243817406088 C\u2019est ce mardi 24 que s\u2019est ouvert \u00e0 Kinshasa, la formation des cadres...\" \/>\n<meta property=\"og:url\" content=\"https:\/\/infos-droitshumains.net\/?p=3734\" \/>\n<meta property=\"og:site_name\" content=\"Infos Droits Humains\" \/>\n<meta property=\"article:published_time\" content=\"2022-05-24T14:05:50+00:00\" \/>\n<meta property=\"article:modified_time\" content=\"2022-05-24T14:41:25+00:00\" \/>\n<meta property=\"og:image\" content=\"https:\/\/infos-droitshumains.net\/wp-content\/uploads\/2022\/05\/02_1.jpg\" \/>\n\t<meta property=\"og:image:width\" content=\"1080\" \/>\n\t<meta property=\"og:image:height\" content=\"606\" \/>\n\t<meta property=\"og:image:type\" content=\"image\/jpeg\" \/>\n<meta name=\"author\" content=\"Jo\u00ebl Diawa\" \/>\n<meta name=\"twitter:card\" content=\"summary_large_image\" \/>\n<meta name=\"twitter:label1\" content=\"\u00c9crit par\" \/>\n\t<meta name=\"twitter:data1\" content=\"Jo\u00ebl Diawa\" \/>\n\t<meta name=\"twitter:label2\" content=\"Dur\u00e9e de lecture estim\u00e9e\" \/>\n\t<meta name=\"twitter:data2\" content=\"4 minutes\" \/>\n<script type=\"application\/ld+json\" class=\"yoast-schema-graph\">{\"@context\":\"https:\\\/\\\/schema.org\",\"@graph\":[{\"@type\":\"Article\",\"@id\":\"https:\\\/\\\/infos-droitshumains.net\\\/?p=3734#article\",\"isPartOf\":{\"@id\":\"https:\\\/\\\/infos-droitshumains.net\\\/?p=3734\"},\"author\":{\"name\":\"Jo\u00ebl Diawa\",\"@id\":\"https:\\\/\\\/infos-droitshumains.net\\\/#\\\/schema\\\/person\\\/3dc5e921c3302172e0ed4362f96faab7\"},\"headline\":\"RDC : A travers une formation, le cabinet Mavinga Declerc et Partners et l\u2019ITM Sarl invitent les cadres des entreprises \u00e0 comprendre l\u2019importance des assurances\",\"datePublished\":\"2022-05-24T14:05:50+00:00\",\"dateModified\":\"2022-05-24T14:41:25+00:00\",\"mainEntityOfPage\":{\"@id\":\"https:\\\/\\\/infos-droitshumains.net\\\/?p=3734\"},\"wordCount\":764,\"commentCount\":0,\"publisher\":{\"@id\":\"https:\\\/\\\/infos-droitshumains.net\\\/#organization\"},\"image\":{\"@id\":\"https:\\\/\\\/infos-droitshumains.net\\\/?p=3734#primaryimage\"},\"thumbnailUrl\":\"https:\\\/\\\/i0.wp.com\\\/infos-droitshumains.net\\\/wp-content\\\/uploads\\\/2022\\\/05\\\/02_1.jpg?fit=1080%2C606&ssl=1\",\"articleSection\":[\"Justice\"],\"inLanguage\":\"fr-FR\",\"potentialAction\":[{\"@type\":\"CommentAction\",\"name\":\"Comment\",\"target\":[\"https:\\\/\\\/infos-droitshumains.net\\\/?p=3734#respond\"]}]},{\"@type\":\"WebPage\",\"@id\":\"https:\\\/\\\/infos-droitshumains.net\\\/?p=3734\",\"url\":\"https:\\\/\\\/infos-droitshumains.net\\\/?p=3734\",\"name\":\"RDC : A travers une formation, le cabinet Mavinga Declerc et Partners et l\u2019ITM Sarl invitent les cadres des entreprises \u00e0 comprendre l\u2019importance des assurances - Infos Droits Humains\",\"isPartOf\":{\"@id\":\"https:\\\/\\\/infos-droitshumains.net\\\/#website\"},\"primaryImageOfPage\":{\"@id\":\"https:\\\/\\\/infos-droitshumains.net\\\/?p=3734#primaryimage\"},\"image\":{\"@id\":\"https:\\\/\\\/infos-droitshumains.net\\\/?p=3734#primaryimage\"},\"thumbnailUrl\":\"https:\\\/\\\/i0.wp.com\\\/infos-droitshumains.net\\\/wp-content\\\/uploads\\\/2022\\\/05\\\/02_1.jpg?fit=1080%2C606&ssl=1\",\"datePublished\":\"2022-05-24T14:05:50+00:00\",\"dateModified\":\"2022-05-24T14:41:25+00:00\",\"breadcrumb\":{\"@id\":\"https:\\\/\\\/infos-droitshumains.net\\\/?p=3734#breadcrumb\"},\"inLanguage\":\"fr-FR\",\"potentialAction\":[{\"@type\":\"ReadAction\",\"target\":[\"https:\\\/\\\/infos-droitshumains.net\\\/?p=3734\"]}]},{\"@type\":\"ImageObject\",\"inLanguage\":\"fr-FR\",\"@id\":\"https:\\\/\\\/infos-droitshumains.net\\\/?p=3734#primaryimage\",\"url\":\"https:\\\/\\\/i0.wp.com\\\/infos-droitshumains.net\\\/wp-content\\\/uploads\\\/2022\\\/05\\\/02_1.jpg?fit=1080%2C606&ssl=1\",\"contentUrl\":\"https:\\\/\\\/i0.wp.com\\\/infos-droitshumains.net\\\/wp-content\\\/uploads\\\/2022\\\/05\\\/02_1.jpg?fit=1080%2C606&ssl=1\",\"width\":1080,\"height\":606},{\"@type\":\"BreadcrumbList\",\"@id\":\"https:\\\/\\\/infos-droitshumains.net\\\/?p=3734#breadcrumb\",\"itemListElement\":[{\"@type\":\"ListItem\",\"position\":1,\"name\":\"Accueil\",\"item\":\"https:\\\/\\\/infos-droitshumains.net\\\/\"},{\"@type\":\"ListItem\",\"position\":2,\"name\":\"RDC : A travers une formation, le cabinet Mavinga Declerc et Partners et l\u2019ITM Sarl invitent les cadres des entreprises \u00e0 comprendre l\u2019importance des assurances\"}]},{\"@type\":\"WebSite\",\"@id\":\"https:\\\/\\\/infos-droitshumains.net\\\/#website\",\"url\":\"https:\\\/\\\/infos-droitshumains.net\\\/\",\"name\":\"Infos Droits Humains\",\"description\":\"S&#039;informer est un droit\",\"publisher\":{\"@id\":\"https:\\\/\\\/infos-droitshumains.net\\\/#organization\"},\"potentialAction\":[{\"@type\":\"SearchAction\",\"target\":{\"@type\":\"EntryPoint\",\"urlTemplate\":\"https:\\\/\\\/infos-droitshumains.net\\\/?s={search_term_string}\"},\"query-input\":{\"@type\":\"PropertyValueSpecification\",\"valueRequired\":true,\"valueName\":\"search_term_string\"}}],\"inLanguage\":\"fr-FR\"},{\"@type\":\"Organization\",\"@id\":\"https:\\\/\\\/infos-droitshumains.net\\\/#organization\",\"name\":\"Infos Droits Humains\",\"url\":\"https:\\\/\\\/infos-droitshumains.net\\\/\",\"logo\":{\"@type\":\"ImageObject\",\"inLanguage\":\"fr-FR\",\"@id\":\"https:\\\/\\\/infos-droitshumains.net\\\/#\\\/schema\\\/logo\\\/image\\\/\",\"url\":\"https:\\\/\\\/i0.wp.com\\\/infos-droitshumains.net\\\/wp-content\\\/uploads\\\/2022\\\/05\\\/Logo.png?fit=333%2C129&ssl=1\",\"contentUrl\":\"https:\\\/\\\/i0.wp.com\\\/infos-droitshumains.net\\\/wp-content\\\/uploads\\\/2022\\\/05\\\/Logo.png?fit=333%2C129&ssl=1\",\"width\":333,\"height\":129,\"caption\":\"Infos Droits Humains\"},\"image\":{\"@id\":\"https:\\\/\\\/infos-droitshumains.net\\\/#\\\/schema\\\/logo\\\/image\\\/\"}},{\"@type\":\"Person\",\"@id\":\"https:\\\/\\\/infos-droitshumains.net\\\/#\\\/schema\\\/person\\\/3dc5e921c3302172e0ed4362f96faab7\",\"name\":\"Jo\u00ebl Diawa\",\"image\":{\"@type\":\"ImageObject\",\"inLanguage\":\"fr-FR\",\"@id\":\"https:\\\/\\\/secure.gravatar.com\\\/avatar\\\/729bea6ff4604c624417803c477363be8e3c7186deaa65713313f9b4b820f41c?s=96&d=mm&r=g\",\"url\":\"https:\\\/\\\/secure.gravatar.com\\\/avatar\\\/729bea6ff4604c624417803c477363be8e3c7186deaa65713313f9b4b820f41c?s=96&d=mm&r=g\",\"contentUrl\":\"https:\\\/\\\/secure.gravatar.com\\\/avatar\\\/729bea6ff4604c624417803c477363be8e3c7186deaa65713313f9b4b820f41c?s=96&d=mm&r=g\",\"caption\":\"Jo\u00ebl Diawa\"},\"sameAs\":[\"https:\\\/\\\/www.infos-droitshumains.net\"],\"url\":\"https:\\\/\\\/infos-droitshumains.net\\\/?author=2\"}]}<\/script>\n<!-- \/ Yoast SEO plugin. -->","yoast_head_json":{"title":"RDC : A travers une formation, le cabinet Mavinga Declerc et Partners et l\u2019ITM Sarl invitent les cadres des entreprises \u00e0 comprendre l\u2019importance des assurances - Infos Droits Humains","robots":{"index":"index","follow":"follow","max-snippet":"max-snippet:-1","max-image-preview":"max-image-preview:large","max-video-preview":"max-video-preview:-1"},"canonical":"https:\/\/infos-droitshumains.net\/?p=3734","og_locale":"fr_FR","og_type":"article","og_title":"RDC : A travers une formation, le cabinet Mavinga Declerc et Partners et l\u2019ITM Sarl invitent les cadres des entreprises \u00e0 comprendre l\u2019importance des assurances - Infos Droits Humains","og_description":"R\u00e9daction: +243817406088 C\u2019est ce mardi 24 que s\u2019est ouvert \u00e0 Kinshasa, la formation des cadres...","og_url":"https:\/\/infos-droitshumains.net\/?p=3734","og_site_name":"Infos Droits Humains","article_published_time":"2022-05-24T14:05:50+00:00","article_modified_time":"2022-05-24T14:41:25+00:00","og_image":[{"width":1080,"height":606,"url":"https:\/\/infos-droitshumains.net\/wp-content\/uploads\/2022\/05\/02_1.jpg","type":"image\/jpeg"}],"author":"Jo\u00ebl Diawa","twitter_card":"summary_large_image","twitter_misc":{"\u00c9crit par":"Jo\u00ebl Diawa","Dur\u00e9e de lecture estim\u00e9e":"4 minutes"},"schema":{"@context":"https:\/\/schema.org","@graph":[{"@type":"Article","@id":"https:\/\/infos-droitshumains.net\/?p=3734#article","isPartOf":{"@id":"https:\/\/infos-droitshumains.net\/?p=3734"},"author":{"name":"Jo\u00ebl Diawa","@id":"https:\/\/infos-droitshumains.net\/#\/schema\/person\/3dc5e921c3302172e0ed4362f96faab7"},"headline":"RDC : A travers une formation, le cabinet Mavinga Declerc et Partners et l\u2019ITM Sarl invitent les cadres des entreprises \u00e0 comprendre l\u2019importance des assurances","datePublished":"2022-05-24T14:05:50+00:00","dateModified":"2022-05-24T14:41:25+00:00","mainEntityOfPage":{"@id":"https:\/\/infos-droitshumains.net\/?p=3734"},"wordCount":764,"commentCount":0,"publisher":{"@id":"https:\/\/infos-droitshumains.net\/#organization"},"image":{"@id":"https:\/\/infos-droitshumains.net\/?p=3734#primaryimage"},"thumbnailUrl":"https:\/\/i0.wp.com\/infos-droitshumains.net\/wp-content\/uploads\/2022\/05\/02_1.jpg?fit=1080%2C606&ssl=1","articleSection":["Justice"],"inLanguage":"fr-FR","potentialAction":[{"@type":"CommentAction","name":"Comment","target":["https:\/\/infos-droitshumains.net\/?p=3734#respond"]}]},{"@type":"WebPage","@id":"https:\/\/infos-droitshumains.net\/?p=3734","url":"https:\/\/infos-droitshumains.net\/?p=3734","name":"RDC : A travers une formation, le cabinet Mavinga Declerc et Partners et l\u2019ITM Sarl invitent les cadres des entreprises \u00e0 comprendre l\u2019importance des assurances - Infos Droits Humains","isPartOf":{"@id":"https:\/\/infos-droitshumains.net\/#website"},"primaryImageOfPage":{"@id":"https:\/\/infos-droitshumains.net\/?p=3734#primaryimage"},"image":{"@id":"https:\/\/infos-droitshumains.net\/?p=3734#primaryimage"},"thumbnailUrl":"https:\/\/i0.wp.com\/infos-droitshumains.net\/wp-content\/uploads\/2022\/05\/02_1.jpg?fit=1080%2C606&ssl=1","datePublished":"2022-05-24T14:05:50+00:00","dateModified":"2022-05-24T14:41:25+00:00","breadcrumb":{"@id":"https:\/\/infos-droitshumains.net\/?p=3734#breadcrumb"},"inLanguage":"fr-FR","potentialAction":[{"@type":"ReadAction","target":["https:\/\/infos-droitshumains.net\/?p=3734"]}]},{"@type":"ImageObject","inLanguage":"fr-FR","@id":"https:\/\/infos-droitshumains.net\/?p=3734#primaryimage","url":"https:\/\/i0.wp.com\/infos-droitshumains.net\/wp-content\/uploads\/2022\/05\/02_1.jpg?fit=1080%2C606&ssl=1","contentUrl":"https:\/\/i0.wp.com\/infos-droitshumains.net\/wp-content\/uploads\/2022\/05\/02_1.jpg?fit=1080%2C606&ssl=1","width":1080,"height":606},{"@type":"BreadcrumbList","@id":"https:\/\/infos-droitshumains.net\/?p=3734#breadcrumb","itemListElement":[{"@type":"ListItem","position":1,"name":"Accueil","item":"https:\/\/infos-droitshumains.net\/"},{"@type":"ListItem","position":2,"name":"RDC : A travers une formation, le cabinet Mavinga Declerc et Partners et l\u2019ITM Sarl invitent les cadres des entreprises \u00e0 comprendre l\u2019importance des assurances"}]},{"@type":"WebSite","@id":"https:\/\/infos-droitshumains.net\/#website","url":"https:\/\/infos-droitshumains.net\/","name":"Infos Droits Humains","description":"S&#039;informer est un droit","publisher":{"@id":"https:\/\/infos-droitshumains.net\/#organization"},"potentialAction":[{"@type":"SearchAction","target":{"@type":"EntryPoint","urlTemplate":"https:\/\/infos-droitshumains.net\/?s={search_term_string}"},"query-input":{"@type":"PropertyValueSpecification","valueRequired":true,"valueName":"search_term_string"}}],"inLanguage":"fr-FR"},{"@type":"Organization","@id":"https:\/\/infos-droitshumains.net\/#organization","name":"Infos Droits Humains","url":"https:\/\/infos-droitshumains.net\/","logo":{"@type":"ImageObject","inLanguage":"fr-FR","@id":"https:\/\/infos-droitshumains.net\/#\/schema\/logo\/image\/","url":"https:\/\/i0.wp.com\/infos-droitshumains.net\/wp-content\/uploads\/2022\/05\/Logo.png?fit=333%2C129&ssl=1","contentUrl":"https:\/\/i0.wp.com\/infos-droitshumains.net\/wp-content\/uploads\/2022\/05\/Logo.png?fit=333%2C129&ssl=1","width":333,"height":129,"caption":"Infos Droits Humains"},"image":{"@id":"https:\/\/infos-droitshumains.net\/#\/schema\/logo\/image\/"}},{"@type":"Person","@id":"https:\/\/infos-droitshumains.net\/#\/schema\/person\/3dc5e921c3302172e0ed4362f96faab7","name":"Jo\u00ebl Diawa","image":{"@type":"ImageObject","inLanguage":"fr-FR","@id":"https:\/\/secure.gravatar.com\/avatar\/729bea6ff4604c624417803c477363be8e3c7186deaa65713313f9b4b820f41c?s=96&d=mm&r=g","url":"https:\/\/secure.gravatar.com\/avatar\/729bea6ff4604c624417803c477363be8e3c7186deaa65713313f9b4b820f41c?s=96&d=mm&r=g","contentUrl":"https:\/\/secure.gravatar.com\/avatar\/729bea6ff4604c624417803c477363be8e3c7186deaa65713313f9b4b820f41c?s=96&d=mm&r=g","caption":"Jo\u00ebl Diawa"},"sameAs":["https:\/\/www.infos-droitshumains.net"],"url":"https:\/\/infos-droitshumains.net\/?author=2"}]}},"featured_image_urls":{"full":["https:\/\/i0.wp.com\/infos-droitshumains.net\/wp-content\/uploads\/2022\/05\/02_1.jpg?fit=1080%2C606&ssl=1",1080,606,false],"thumbnail":["https:\/\/i0.wp.com\/infos-droitshumains.net\/wp-content\/uploads\/2022\/05\/02_1.jpg?resize=150%2C150&ssl=1",150,150,true],"medium":["https:\/\/i0.wp.com\/infos-droitshumains.net\/wp-content\/uploads\/2022\/05\/02_1.jpg?fit=300%2C168&ssl=1",300,168,true],"medium_large":["https:\/\/i0.wp.com\/infos-droitshumains.net\/wp-content\/uploads\/2022\/05\/02_1.jpg?fit=640%2C359&ssl=1",640,359,true],"large":["https:\/\/i0.wp.com\/infos-droitshumains.net\/wp-content\/uploads\/2022\/05\/02_1.jpg?fit=640%2C359&ssl=1",640,359,true],"1536x1536":["https:\/\/i0.wp.com\/infos-droitshumains.net\/wp-content\/uploads\/2022\/05\/02_1.jpg?fit=1080%2C606&ssl=1",1080,606,true],"2048x2048":["https:\/\/i0.wp.com\/infos-droitshumains.net\/wp-content\/uploads\/2022\/05\/02_1.jpg?fit=1080%2C606&ssl=1",1080,606,true],"covernews-slider-full":["https:\/\/i0.wp.com\/infos-droitshumains.net\/wp-content\/uploads\/2022\/05\/02_1.jpg?resize=1080%2C606&ssl=1",1080,606,true],"covernews-slider-center":["https:\/\/i0.wp.com\/infos-droitshumains.net\/wp-content\/uploads\/2022\/05\/02_1.jpg?resize=800%2C500&ssl=1",800,500,true],"covernews-featured":["https:\/\/i0.wp.com\/infos-droitshumains.net\/wp-content\/uploads\/2022\/05\/02_1.jpg?fit=1024%2C575&ssl=1",1024,575,true],"covernews-medium":["https:\/\/i0.wp.com\/infos-droitshumains.net\/wp-content\/uploads\/2022\/05\/02_1.jpg?resize=540%2C340&ssl=1",540,340,true],"covernews-medium-square":["https:\/\/i0.wp.com\/infos-droitshumains.net\/wp-content\/uploads\/2022\/05\/02_1.jpg?resize=400%2C250&ssl=1",400,250,true]},"author_info":{"display_name":"Jo\u00ebl Diawa","author_link":"https:\/\/infos-droitshumains.net\/?author=2"},"category_info":"<a href=\"https:\/\/infos-droitshumains.net\/?cat=6\" rel=\"category\">Justice<\/a>","tag_info":"Justice","comment_count":"0","jetpack_featured_media_url":"https:\/\/i0.wp.com\/infos-droitshumains.net\/wp-content\/uploads\/2022\/05\/02_1.jpg?fit=1080%2C606&ssl=1","jetpack-related-posts":[],"jetpack_sharing_enabled":true,"_links":{"self":[{"href":"https:\/\/infos-droitshumains.net\/index.php?rest_route=\/wp\/v2\/posts\/3734","targetHints":{"allow":["GET"]}}],"collection":[{"href":"https:\/\/infos-droitshumains.net\/index.php?rest_route=\/wp\/v2\/posts"}],"about":[{"href":"https:\/\/infos-droitshumains.net\/index.php?rest_route=\/wp\/v2\/types\/post"}],"author":[{"embeddable":true,"href":"https:\/\/infos-droitshumains.net\/index.php?rest_route=\/wp\/v2\/users\/2"}],"replies":[{"embeddable":true,"href":"https:\/\/infos-droitshumains.net\/index.php?rest_route=%2Fwp%2Fv2%2Fcomments&post=3734"}],"version-history":[{"count":7,"href":"https:\/\/infos-droitshumains.net\/index.php?rest_route=\/wp\/v2\/posts\/3734\/revisions"}],"predecessor-version":[{"id":3757,"href":"https:\/\/infos-droitshumains.net\/index.php?rest_route=\/wp\/v2\/posts\/3734\/revisions\/3757"}],"wp:featuredmedia":[{"embeddable":true,"href":"https:\/\/infos-droitshumains.net\/index.php?rest_route=\/wp\/v2\/media\/3736"}],"wp:attachment":[{"href":"https:\/\/infos-droitshumains.net\/index.php?rest_route=%2Fwp%2Fv2%2Fmedia&parent=3734"}],"wp:term":[{"taxonomy":"category","embeddable":true,"href":"https:\/\/infos-droitshumains.net\/index.php?rest_route=%2Fwp%2Fv2%2Fcategories&post=3734"},{"taxonomy":"post_tag","embeddable":true,"href":"https:\/\/infos-droitshumains.net\/index.php?rest_route=%2Fwp%2Fv2%2Ftags&post=3734"}],"curies":[{"name":"wp","href":"https:\/\/api.w.org\/{rel}","templated":true}]}}