{"id":3711,"date":"2022-05-05T13:25:29","date_gmt":"2022-05-05T11:25:29","guid":{"rendered":"https:\/\/infos-droitshumains.net\/?p=3711"},"modified":"2023-04-06T12:09:08","modified_gmt":"2023-04-06T10:09:08","slug":"enjeux-politique-jean-marc-kabund-promet-de-se-prononcer-bientot-et-sil-devoilait-des-verites","status":"publish","type":"post","link":"https:\/\/infos-droitshumains.net\/?p=3711","title":{"rendered":"Enjeux politique: Jean-Marc Kabund promet de se prononcer bient\u00f4t. Et s\u2019il d\u00e9voilait des v\u00e9rit\u00e9s?"},"content":{"rendered":"\n<p><strong>R\u00e9daction :+243817406088<\/strong><\/p>\n\n\n\n<p>Depuis sa d\u00e9mission du bureau de l\u2019Assembl\u00e9e Nationale et son \u00e9viction de la Pr\u00e9sidence de l\u2019Union pour la D\u00e9mocratie et le Progr\u00e8s Social, Jean-Marc Kabund ne s\u2019est plus prononc\u00e9 ni sur sa situation, moins encore sur les questions politiques de l\u2019heure.<\/p>\n\n\n\n<p>La seule fois que celui qui est surnomm\u00e9 520 Gigas s\u2019est exprim\u00e9, c\u2019est quand il demandait \u00e0 Christophe Mbosso, Pr\u00e9sident de la chambre basse du parlement de l\u2019autoriser \u00e0 aller se faire soigner en Europe.<\/p>\n\n\n\n<p>Depuis son retour de la Grande Bretagne o\u00f9 il a b\u00e9n\u00e9fici\u00e9 des soins m\u00e9dicaux, il est rest\u00e9 totalement muet, laissant perplexe les observateurs, avant de faire une apparition en public le mardi 03 mai, pour la premi\u00e8re dans une mosqu\u00e9e du Quartier Kingambwa dans la commune de Limete ou il a \u00e9t\u00e9 invit\u00e9 dans le cadre de la cl\u00f4ture de Ramadan.<\/p>\n\n\n\n<figure class=\"wp-block-image alignfull size-large\"><img data-recalc-dims=\"1\" decoding=\"async\" src=\"https:\/\/i0.wp.com\/infos-droitshumains.net\/wp-content\/uploads\/2022\/05\/1651746865062_1.jpg?w=640&#038;ssl=1\" alt=\"\" class=\"wp-image-3715\"\/><\/figure>\n\n\n\n<figure class=\"wp-block-image alignfull size-large\"><img data-recalc-dims=\"1\" decoding=\"async\" src=\"https:\/\/i0.wp.com\/infos-droitshumains.net\/wp-content\/uploads\/2022\/05\/1651746869158_1.jpg?w=640&#038;ssl=1\" alt=\"\" class=\"wp-image-3718\"\/><\/figure>\n\n\n\n<figure class=\"wp-block-image alignfull size-large\"><img data-recalc-dims=\"1\" decoding=\"async\" src=\"https:\/\/i0.wp.com\/infos-droitshumains.net\/wp-content\/uploads\/2022\/05\/1651746873285_1.jpg?w=640&#038;ssl=1\" alt=\"\" class=\"wp-image-3719\"\/><\/figure>\n\n\n\n<figure class=\"wp-block-image alignfull size-large\"><img data-recalc-dims=\"1\" decoding=\"async\" src=\"https:\/\/i0.wp.com\/infos-droitshumains.net\/wp-content\/uploads\/2022\/05\/1651746877720_1.jpg?w=640&#038;ssl=1\" alt=\"\" class=\"wp-image-3721\"\/><\/figure>\n\n\n\n<p>Un rempli strat\u00e9gique ? Un silence de vaincu ? Difficile de le savoir pour le moment.<\/p>\n\n\n\n<p>Mais une chose est vrai, ce d\u00e9put\u00e9 \u00e9lu de la circonscription du Mont-Amba promet de se prononcer bient\u00f4t sur son avenir politique.<\/p>\n\n\n\n<p><em>\u00abIl reste quelques secondes, quelques minutes, quelques heures, quelques jours et quelques semaines, pour vous faire conna\u00eetre ma r\u00e9elle position et mon ambition pour le Congo\u00bb,<\/em> a r\u00e9v\u00e9l\u00e9 l\u2019ancien Pr\u00e9sident ai de l\u2019UDPS.<\/p>\n\n\n\n<p>A ce stade, personne ne sait encore ce qu\u2019entrevoit Jean-Marc Kabund, mais il devrait selon toute vraisemblance, annoncer la cr\u00e9ation de son parti politique pour faire opposition \u00e0 Felix Tshisekedi aux c\u00f4t\u00e9s de Jospeh Kabila, Martin Fayulu ou encore, Augustin Matata Ponyo. A moins d\u2019une ann\u00e9e et demi des \u00e9lections g\u00e9n\u00e9rales en RDC, cette option est plus que plausible au regard des enjeux politique de l\u2019heure.<\/p>\n\n\n\n<p>Artisan majeur de la victoire de F\u00e9lix Tshisekedi \u00e0 la pr\u00e9sidentielle de 2018, Jean-Marc Kabund connait mieux que quiconque les secrets de la cuisine, faire opposition \u00e0 F\u00e9lix Tshisekedi pourrait r\u00e9v\u00e9ler plusieurs v\u00e9rit\u00e9s. Les jours avenirs s\u2019annoncent tr\u00e8s palpitants.<\/p>\n\n\n\n<p>Jo\u00ebl Diawa<\/p>\n","protected":false},"excerpt":{"rendered":"<p>R\u00e9daction :+243817406088 Depuis sa d\u00e9mission du bureau de l\u2019Assembl\u00e9e Nationale et son \u00e9viction de la&#8230;<\/p>\n","protected":false},"author":2,"featured_media":3756,"comment_status":"closed","ping_status":"open","sticky":false,"template":"","format":"standard","meta":{"_jetpack_memberships_contains_paid_content":false,"footnotes":""},"categories":[3],"tags":[],"class_list":["post-3711","post","type-post","status-publish","format-standard","has-post-thumbnail","hentry","category-politique"],"yoast_head":"<!-- This site is optimized with the Yoast SEO plugin v27.5 - https:\/\/yoast.com\/product\/yoast-seo-wordpress\/ -->\n<title>Enjeux politique: Jean-Marc Kabund promet de se prononcer bient\u00f4t. Et s\u2019il d\u00e9voilait des v\u00e9rit\u00e9s? - Infos Droits Humains<\/title>\n<meta name=\"robots\" content=\"index, follow, max-snippet:-1, max-image-preview:large, max-video-preview:-1\" \/>\n<link rel=\"canonical\" href=\"https:\/\/infos-droitshumains.net\/?p=3711\" \/>\n<meta property=\"og:locale\" content=\"fr_FR\" \/>\n<meta property=\"og:type\" content=\"article\" \/>\n<meta property=\"og:title\" content=\"Enjeux politique: Jean-Marc Kabund promet de se prononcer bient\u00f4t. Et s\u2019il d\u00e9voilait des v\u00e9rit\u00e9s? - Infos Droits Humains\" \/>\n<meta property=\"og:description\" content=\"R\u00e9daction :+243817406088 Depuis sa d\u00e9mission du bureau de l\u2019Assembl\u00e9e Nationale et son \u00e9viction de la...\" \/>\n<meta property=\"og:url\" content=\"https:\/\/infos-droitshumains.net\/?p=3711\" \/>\n<meta property=\"og:site_name\" content=\"Infos Droits Humains\" \/>\n<meta property=\"article:published_time\" content=\"2022-05-05T11:25:29+00:00\" \/>\n<meta property=\"article:modified_time\" content=\"2023-04-06T10:09:08+00:00\" \/>\n<meta property=\"og:image\" content=\"https:\/\/infos-droitshumains.net\/wp-content\/uploads\/2022\/05\/20211122_210530.jpg\" \/>\n\t<meta property=\"og:image:width\" content=\"1080\" \/>\n\t<meta property=\"og:image:height\" content=\"976\" \/>\n\t<meta property=\"og:image:type\" content=\"image\/jpeg\" \/>\n<meta name=\"author\" content=\"Jo\u00ebl Diawa\" \/>\n<meta name=\"twitter:card\" content=\"summary_large_image\" \/>\n<meta name=\"twitter:label1\" content=\"\u00c9crit par\" \/>\n\t<meta name=\"twitter:data1\" content=\"Jo\u00ebl Diawa\" \/>\n\t<meta name=\"twitter:label2\" content=\"Dur\u00e9e de lecture estim\u00e9e\" \/>\n\t<meta name=\"twitter:data2\" content=\"3 minutes\" \/>\n<script type=\"application\/ld+json\" class=\"yoast-schema-graph\">{\"@context\":\"https:\\\/\\\/schema.org\",\"@graph\":[{\"@type\":\"Article\",\"@id\":\"https:\\\/\\\/infos-droitshumains.net\\\/?p=3711#article\",\"isPartOf\":{\"@id\":\"https:\\\/\\\/infos-droitshumains.net\\\/?p=3711\"},\"author\":{\"name\":\"Jo\u00ebl Diawa\",\"@id\":\"https:\\\/\\\/infos-droitshumains.net\\\/#\\\/schema\\\/person\\\/3dc5e921c3302172e0ed4362f96faab7\"},\"headline\":\"Enjeux politique: Jean-Marc Kabund promet de se prononcer bient\u00f4t. Et s\u2019il d\u00e9voilait des v\u00e9rit\u00e9s?\",\"datePublished\":\"2022-05-05T11:25:29+00:00\",\"dateModified\":\"2023-04-06T10:09:08+00:00\",\"mainEntityOfPage\":{\"@id\":\"https:\\\/\\\/infos-droitshumains.net\\\/?p=3711\"},\"wordCount\":374,\"publisher\":{\"@id\":\"https:\\\/\\\/infos-droitshumains.net\\\/#organization\"},\"image\":{\"@id\":\"https:\\\/\\\/infos-droitshumains.net\\\/?p=3711#primaryimage\"},\"thumbnailUrl\":\"https:\\\/\\\/i0.wp.com\\\/infos-droitshumains.net\\\/wp-content\\\/uploads\\\/2022\\\/05\\\/20211122_210530.jpg?fit=1080%2C976&ssl=1\",\"articleSection\":[\"Politique\"],\"inLanguage\":\"fr-FR\"},{\"@type\":\"WebPage\",\"@id\":\"https:\\\/\\\/infos-droitshumains.net\\\/?p=3711\",\"url\":\"https:\\\/\\\/infos-droitshumains.net\\\/?p=3711\",\"name\":\"Enjeux politique: Jean-Marc Kabund promet de se prononcer bient\u00f4t. Et s\u2019il d\u00e9voilait des v\u00e9rit\u00e9s? - Infos Droits Humains\",\"isPartOf\":{\"@id\":\"https:\\\/\\\/infos-droitshumains.net\\\/#website\"},\"primaryImageOfPage\":{\"@id\":\"https:\\\/\\\/infos-droitshumains.net\\\/?p=3711#primaryimage\"},\"image\":{\"@id\":\"https:\\\/\\\/infos-droitshumains.net\\\/?p=3711#primaryimage\"},\"thumbnailUrl\":\"https:\\\/\\\/i0.wp.com\\\/infos-droitshumains.net\\\/wp-content\\\/uploads\\\/2022\\\/05\\\/20211122_210530.jpg?fit=1080%2C976&ssl=1\",\"datePublished\":\"2022-05-05T11:25:29+00:00\",\"dateModified\":\"2023-04-06T10:09:08+00:00\",\"breadcrumb\":{\"@id\":\"https:\\\/\\\/infos-droitshumains.net\\\/?p=3711#breadcrumb\"},\"inLanguage\":\"fr-FR\",\"potentialAction\":[{\"@type\":\"ReadAction\",\"target\":[\"https:\\\/\\\/infos-droitshumains.net\\\/?p=3711\"]}]},{\"@type\":\"ImageObject\",\"inLanguage\":\"fr-FR\",\"@id\":\"https:\\\/\\\/infos-droitshumains.net\\\/?p=3711#primaryimage\",\"url\":\"https:\\\/\\\/i0.wp.com\\\/infos-droitshumains.net\\\/wp-content\\\/uploads\\\/2022\\\/05\\\/20211122_210530.jpg?fit=1080%2C976&ssl=1\",\"contentUrl\":\"https:\\\/\\\/i0.wp.com\\\/infos-droitshumains.net\\\/wp-content\\\/uploads\\\/2022\\\/05\\\/20211122_210530.jpg?fit=1080%2C976&ssl=1\",\"width\":1080,\"height\":976},{\"@type\":\"BreadcrumbList\",\"@id\":\"https:\\\/\\\/infos-droitshumains.net\\\/?p=3711#breadcrumb\",\"itemListElement\":[{\"@type\":\"ListItem\",\"position\":1,\"name\":\"Accueil\",\"item\":\"https:\\\/\\\/infos-droitshumains.net\\\/\"},{\"@type\":\"ListItem\",\"position\":2,\"name\":\"Enjeux politique: Jean-Marc Kabund promet de se prononcer bient\u00f4t. Et s\u2019il d\u00e9voilait des v\u00e9rit\u00e9s?\"}]},{\"@type\":\"WebSite\",\"@id\":\"https:\\\/\\\/infos-droitshumains.net\\\/#website\",\"url\":\"https:\\\/\\\/infos-droitshumains.net\\\/\",\"name\":\"Infos Droits Humains\",\"description\":\"S&#039;informer est un droit\",\"publisher\":{\"@id\":\"https:\\\/\\\/infos-droitshumains.net\\\/#organization\"},\"potentialAction\":[{\"@type\":\"SearchAction\",\"target\":{\"@type\":\"EntryPoint\",\"urlTemplate\":\"https:\\\/\\\/infos-droitshumains.net\\\/?s={search_term_string}\"},\"query-input\":{\"@type\":\"PropertyValueSpecification\",\"valueRequired\":true,\"valueName\":\"search_term_string\"}}],\"inLanguage\":\"fr-FR\"},{\"@type\":\"Organization\",\"@id\":\"https:\\\/\\\/infos-droitshumains.net\\\/#organization\",\"name\":\"Infos Droits Humains\",\"url\":\"https:\\\/\\\/infos-droitshumains.net\\\/\",\"logo\":{\"@type\":\"ImageObject\",\"inLanguage\":\"fr-FR\",\"@id\":\"https:\\\/\\\/infos-droitshumains.net\\\/#\\\/schema\\\/logo\\\/image\\\/\",\"url\":\"https:\\\/\\\/i0.wp.com\\\/infos-droitshumains.net\\\/wp-content\\\/uploads\\\/2022\\\/05\\\/Logo.png?fit=333%2C129&ssl=1\",\"contentUrl\":\"https:\\\/\\\/i0.wp.com\\\/infos-droitshumains.net\\\/wp-content\\\/uploads\\\/2022\\\/05\\\/Logo.png?fit=333%2C129&ssl=1\",\"width\":333,\"height\":129,\"caption\":\"Infos Droits Humains\"},\"image\":{\"@id\":\"https:\\\/\\\/infos-droitshumains.net\\\/#\\\/schema\\\/logo\\\/image\\\/\"}},{\"@type\":\"Person\",\"@id\":\"https:\\\/\\\/infos-droitshumains.net\\\/#\\\/schema\\\/person\\\/3dc5e921c3302172e0ed4362f96faab7\",\"name\":\"Jo\u00ebl Diawa\",\"image\":{\"@type\":\"ImageObject\",\"inLanguage\":\"fr-FR\",\"@id\":\"https:\\\/\\\/secure.gravatar.com\\\/avatar\\\/729bea6ff4604c624417803c477363be8e3c7186deaa65713313f9b4b820f41c?s=96&d=mm&r=g\",\"url\":\"https:\\\/\\\/secure.gravatar.com\\\/avatar\\\/729bea6ff4604c624417803c477363be8e3c7186deaa65713313f9b4b820f41c?s=96&d=mm&r=g\",\"contentUrl\":\"https:\\\/\\\/secure.gravatar.com\\\/avatar\\\/729bea6ff4604c624417803c477363be8e3c7186deaa65713313f9b4b820f41c?s=96&d=mm&r=g\",\"caption\":\"Jo\u00ebl Diawa\"},\"sameAs\":[\"https:\\\/\\\/www.infos-droitshumains.net\"],\"url\":\"https:\\\/\\\/infos-droitshumains.net\\\/?author=2\"}]}<\/script>\n<!-- \/ Yoast SEO plugin. -->","yoast_head_json":{"title":"Enjeux politique: Jean-Marc Kabund promet de se prononcer bient\u00f4t. Et s\u2019il d\u00e9voilait des v\u00e9rit\u00e9s? - Infos Droits Humains","robots":{"index":"index","follow":"follow","max-snippet":"max-snippet:-1","max-image-preview":"max-image-preview:large","max-video-preview":"max-video-preview:-1"},"canonical":"https:\/\/infos-droitshumains.net\/?p=3711","og_locale":"fr_FR","og_type":"article","og_title":"Enjeux politique: Jean-Marc Kabund promet de se prononcer bient\u00f4t. Et s\u2019il d\u00e9voilait des v\u00e9rit\u00e9s? - Infos Droits Humains","og_description":"R\u00e9daction :+243817406088 Depuis sa d\u00e9mission du bureau de l\u2019Assembl\u00e9e Nationale et son \u00e9viction de la...","og_url":"https:\/\/infos-droitshumains.net\/?p=3711","og_site_name":"Infos Droits Humains","article_published_time":"2022-05-05T11:25:29+00:00","article_modified_time":"2023-04-06T10:09:08+00:00","og_image":[{"width":1080,"height":976,"url":"https:\/\/infos-droitshumains.net\/wp-content\/uploads\/2022\/05\/20211122_210530.jpg","type":"image\/jpeg"}],"author":"Jo\u00ebl Diawa","twitter_card":"summary_large_image","twitter_misc":{"\u00c9crit par":"Jo\u00ebl Diawa","Dur\u00e9e de lecture estim\u00e9e":"3 minutes"},"schema":{"@context":"https:\/\/schema.org","@graph":[{"@type":"Article","@id":"https:\/\/infos-droitshumains.net\/?p=3711#article","isPartOf":{"@id":"https:\/\/infos-droitshumains.net\/?p=3711"},"author":{"name":"Jo\u00ebl Diawa","@id":"https:\/\/infos-droitshumains.net\/#\/schema\/person\/3dc5e921c3302172e0ed4362f96faab7"},"headline":"Enjeux politique: Jean-Marc Kabund promet de se prononcer bient\u00f4t. Et s\u2019il d\u00e9voilait des v\u00e9rit\u00e9s?","datePublished":"2022-05-05T11:25:29+00:00","dateModified":"2023-04-06T10:09:08+00:00","mainEntityOfPage":{"@id":"https:\/\/infos-droitshumains.net\/?p=3711"},"wordCount":374,"publisher":{"@id":"https:\/\/infos-droitshumains.net\/#organization"},"image":{"@id":"https:\/\/infos-droitshumains.net\/?p=3711#primaryimage"},"thumbnailUrl":"https:\/\/i0.wp.com\/infos-droitshumains.net\/wp-content\/uploads\/2022\/05\/20211122_210530.jpg?fit=1080%2C976&ssl=1","articleSection":["Politique"],"inLanguage":"fr-FR"},{"@type":"WebPage","@id":"https:\/\/infos-droitshumains.net\/?p=3711","url":"https:\/\/infos-droitshumains.net\/?p=3711","name":"Enjeux politique: Jean-Marc Kabund promet de se prononcer bient\u00f4t. Et s\u2019il d\u00e9voilait des v\u00e9rit\u00e9s? - Infos Droits Humains","isPartOf":{"@id":"https:\/\/infos-droitshumains.net\/#website"},"primaryImageOfPage":{"@id":"https:\/\/infos-droitshumains.net\/?p=3711#primaryimage"},"image":{"@id":"https:\/\/infos-droitshumains.net\/?p=3711#primaryimage"},"thumbnailUrl":"https:\/\/i0.wp.com\/infos-droitshumains.net\/wp-content\/uploads\/2022\/05\/20211122_210530.jpg?fit=1080%2C976&ssl=1","datePublished":"2022-05-05T11:25:29+00:00","dateModified":"2023-04-06T10:09:08+00:00","breadcrumb":{"@id":"https:\/\/infos-droitshumains.net\/?p=3711#breadcrumb"},"inLanguage":"fr-FR","potentialAction":[{"@type":"ReadAction","target":["https:\/\/infos-droitshumains.net\/?p=3711"]}]},{"@type":"ImageObject","inLanguage":"fr-FR","@id":"https:\/\/infos-droitshumains.net\/?p=3711#primaryimage","url":"https:\/\/i0.wp.com\/infos-droitshumains.net\/wp-content\/uploads\/2022\/05\/20211122_210530.jpg?fit=1080%2C976&ssl=1","contentUrl":"https:\/\/i0.wp.com\/infos-droitshumains.net\/wp-content\/uploads\/2022\/05\/20211122_210530.jpg?fit=1080%2C976&ssl=1","width":1080,"height":976},{"@type":"BreadcrumbList","@id":"https:\/\/infos-droitshumains.net\/?p=3711#breadcrumb","itemListElement":[{"@type":"ListItem","position":1,"name":"Accueil","item":"https:\/\/infos-droitshumains.net\/"},{"@type":"ListItem","position":2,"name":"Enjeux politique: Jean-Marc Kabund promet de se prononcer bient\u00f4t. Et s\u2019il d\u00e9voilait des v\u00e9rit\u00e9s?"}]},{"@type":"WebSite","@id":"https:\/\/infos-droitshumains.net\/#website","url":"https:\/\/infos-droitshumains.net\/","name":"Infos Droits Humains","description":"S&#039;informer est un droit","publisher":{"@id":"https:\/\/infos-droitshumains.net\/#organization"},"potentialAction":[{"@type":"SearchAction","target":{"@type":"EntryPoint","urlTemplate":"https:\/\/infos-droitshumains.net\/?s={search_term_string}"},"query-input":{"@type":"PropertyValueSpecification","valueRequired":true,"valueName":"search_term_string"}}],"inLanguage":"fr-FR"},{"@type":"Organization","@id":"https:\/\/infos-droitshumains.net\/#organization","name":"Infos Droits Humains","url":"https:\/\/infos-droitshumains.net\/","logo":{"@type":"ImageObject","inLanguage":"fr-FR","@id":"https:\/\/infos-droitshumains.net\/#\/schema\/logo\/image\/","url":"https:\/\/i0.wp.com\/infos-droitshumains.net\/wp-content\/uploads\/2022\/05\/Logo.png?fit=333%2C129&ssl=1","contentUrl":"https:\/\/i0.wp.com\/infos-droitshumains.net\/wp-content\/uploads\/2022\/05\/Logo.png?fit=333%2C129&ssl=1","width":333,"height":129,"caption":"Infos Droits Humains"},"image":{"@id":"https:\/\/infos-droitshumains.net\/#\/schema\/logo\/image\/"}},{"@type":"Person","@id":"https:\/\/infos-droitshumains.net\/#\/schema\/person\/3dc5e921c3302172e0ed4362f96faab7","name":"Jo\u00ebl Diawa","image":{"@type":"ImageObject","inLanguage":"fr-FR","@id":"https:\/\/secure.gravatar.com\/avatar\/729bea6ff4604c624417803c477363be8e3c7186deaa65713313f9b4b820f41c?s=96&d=mm&r=g","url":"https:\/\/secure.gravatar.com\/avatar\/729bea6ff4604c624417803c477363be8e3c7186deaa65713313f9b4b820f41c?s=96&d=mm&r=g","contentUrl":"https:\/\/secure.gravatar.com\/avatar\/729bea6ff4604c624417803c477363be8e3c7186deaa65713313f9b4b820f41c?s=96&d=mm&r=g","caption":"Jo\u00ebl Diawa"},"sameAs":["https:\/\/www.infos-droitshumains.net"],"url":"https:\/\/infos-droitshumains.net\/?author=2"}]}},"featured_image_urls":{"full":["https:\/\/i0.wp.com\/infos-droitshumains.net\/wp-content\/uploads\/2022\/05\/20211122_210530.jpg?fit=1080%2C976&ssl=1",1080,976,false],"thumbnail":["https:\/\/i0.wp.com\/infos-droitshumains.net\/wp-content\/uploads\/2022\/05\/20211122_210530.jpg?resize=150%2C150&ssl=1",150,150,true],"medium":["https:\/\/i0.wp.com\/infos-droitshumains.net\/wp-content\/uploads\/2022\/05\/20211122_210530.jpg?fit=300%2C271&ssl=1",300,271,true],"medium_large":["https:\/\/i0.wp.com\/infos-droitshumains.net\/wp-content\/uploads\/2022\/05\/20211122_210530.jpg?fit=640%2C578&ssl=1",640,578,true],"large":["https:\/\/i0.wp.com\/infos-droitshumains.net\/wp-content\/uploads\/2022\/05\/20211122_210530.jpg?fit=640%2C578&ssl=1",640,578,true],"1536x1536":["https:\/\/i0.wp.com\/infos-droitshumains.net\/wp-content\/uploads\/2022\/05\/20211122_210530.jpg?fit=1080%2C976&ssl=1",1080,976,true],"2048x2048":["https:\/\/i0.wp.com\/infos-droitshumains.net\/wp-content\/uploads\/2022\/05\/20211122_210530.jpg?fit=1080%2C976&ssl=1",1080,976,true],"covernews-slider-full":["https:\/\/i0.wp.com\/infos-droitshumains.net\/wp-content\/uploads\/2022\/05\/20211122_210530.jpg?resize=1080%2C715&ssl=1",1080,715,true],"covernews-slider-center":["https:\/\/i0.wp.com\/infos-droitshumains.net\/wp-content\/uploads\/2022\/05\/20211122_210530.jpg?resize=800%2C500&ssl=1",800,500,true],"covernews-featured":["https:\/\/i0.wp.com\/infos-droitshumains.net\/wp-content\/uploads\/2022\/05\/20211122_210530.jpg?fit=1024%2C925&ssl=1",1024,925,true],"covernews-medium":["https:\/\/i0.wp.com\/infos-droitshumains.net\/wp-content\/uploads\/2022\/05\/20211122_210530.jpg?resize=540%2C340&ssl=1",540,340,true],"covernews-medium-square":["https:\/\/i0.wp.com\/infos-droitshumains.net\/wp-content\/uploads\/2022\/05\/20211122_210530.jpg?resize=400%2C250&ssl=1",400,250,true]},"author_info":{"display_name":"Jo\u00ebl Diawa","author_link":"https:\/\/infos-droitshumains.net\/?author=2"},"category_info":"<a href=\"https:\/\/infos-droitshumains.net\/?cat=3\" rel=\"category\">Politique<\/a>","tag_info":"Politique","comment_count":"0","jetpack_featured_media_url":"https:\/\/i0.wp.com\/infos-droitshumains.net\/wp-content\/uploads\/2022\/05\/20211122_210530.jpg?fit=1080%2C976&ssl=1","jetpack-related-posts":[],"jetpack_sharing_enabled":true,"_links":{"self":[{"href":"https:\/\/infos-droitshumains.net\/index.php?rest_route=\/wp\/v2\/posts\/3711","targetHints":{"allow":["GET"]}}],"collection":[{"href":"https:\/\/infos-droitshumains.net\/index.php?rest_route=\/wp\/v2\/posts"}],"about":[{"href":"https:\/\/infos-droitshumains.net\/index.php?rest_route=\/wp\/v2\/types\/post"}],"author":[{"embeddable":true,"href":"https:\/\/infos-droitshumains.net\/index.php?rest_route=\/wp\/v2\/users\/2"}],"replies":[{"embeddable":true,"href":"https:\/\/infos-droitshumains.net\/index.php?rest_route=%2Fwp%2Fv2%2Fcomments&post=3711"}],"version-history":[{"count":7,"href":"https:\/\/infos-droitshumains.net\/index.php?rest_route=\/wp\/v2\/posts\/3711\/revisions"}],"predecessor-version":[{"id":3723,"href":"https:\/\/infos-droitshumains.net\/index.php?rest_route=\/wp\/v2\/posts\/3711\/revisions\/3723"}],"wp:featuredmedia":[{"embeddable":true,"href":"https:\/\/infos-droitshumains.net\/index.php?rest_route=\/wp\/v2\/media\/3756"}],"wp:attachment":[{"href":"https:\/\/infos-droitshumains.net\/index.php?rest_route=%2Fwp%2Fv2%2Fmedia&parent=3711"}],"wp:term":[{"taxonomy":"category","embeddable":true,"href":"https:\/\/infos-droitshumains.net\/index.php?rest_route=%2Fwp%2Fv2%2Fcategories&post=3711"},{"taxonomy":"post_tag","embeddable":true,"href":"https:\/\/infos-droitshumains.net\/index.php?rest_route=%2Fwp%2Fv2%2Ftags&post=3711"}],"curies":[{"name":"wp","href":"https:\/\/api.w.org\/{rel}","templated":true}]}}