{"id":3703,"date":"2022-05-05T13:15:11","date_gmt":"2022-05-05T11:15:11","guid":{"rendered":"https:\/\/infos-droitshumains.net\/?p=3703"},"modified":"2023-04-06T12:09:08","modified_gmt":"2023-04-06T10:09:08","slug":"rdc-le-bcnudh-renforce-les-capacites-des-membres-de-la-societe-civile-congolaise-sur-les-droits-economiques-sociaux-et-culturels-et-laudit-social","status":"publish","type":"post","link":"https:\/\/infos-droitshumains.net\/?p=3703","title":{"rendered":"RDC : Le BCNUDH renforce les capacit\u00e9s des membres de la soci\u00e9t\u00e9 civile congolaise sur les droits \u00e9conomiques, sociaux et culturels et l&rsquo;audit social"},"content":{"rendered":"\n<p><strong>R\u00e9daction:+243817406088<\/strong><\/p>\n\n\n\n<p>Le Bureau Conjoint des Nations Unies aux Droits de l&rsquo;Homme (BCNUDH) organise du 4 au 6 mai 2022, un atelier de formation sur les droits \u00e9conomiques, sociaux et culturels et l&rsquo;audit social, \u00e0 l&rsquo;intention des membres des ONG, associations et mouvements citoyens de la ville province de Kinshasa.<\/p>\n\n\n\n<p><em>\u00abCet atelier n\u2019a pas pour but de vous transformer en des instruments politiques mais de renforcer vos capacit\u00e9s techniques et op\u00e9rationnelles afin que vous puissiez jouer pleinement vos fonctions de participation, de proposition, d\u2019\u00e9ducation des citoyens et de surveillance et de contr\u00f4le des politiques publiques dans les diff\u00e9rents services de l\u2019Etat\u00bb<\/em>, a indiqu\u00e9 Erica Bussey, directrice adjointe du BCNUDH \u00e0 l&rsquo;ouverture de cet atelier de formation.<\/p>\n\n\n\n<figure class=\"wp-block-image alignfull size-large\"><img data-recalc-dims=\"1\" height=\"360\" width=\"640\" decoding=\"async\" src=\"https:\/\/i0.wp.com\/infos-droitshumains.net\/wp-content\/uploads\/2022\/05\/IMG-20220504-WA0097_1-1024x576.jpg?resize=640%2C360&#038;ssl=1\" alt=\"\" class=\"wp-image-3707\"\/><\/figure>\n\n\n\n<p>Un atelier de formation organis\u00e9 apr\u00e8s un constat alarmant de la situation des droits \u00e9conomiques, sociaux et culturels   en RDC. Une r\u00e9alit\u00e9 qui tarde et d\u00e9savantage le d\u00e9veloppement, la stabilit\u00e9 et la paix en RDC.<\/p>\n\n\n\n<p><em>\u00abLe niveau alarmant des indicateurs de d\u00e9veloppement de la RDC et les imp\u00e9ratifs de stabilisation et de consolidation de la paix passent n\u00e9cessairement par la satisfaction progressive des droits \u00e9conomiques sociaux et culturels (ECOSOC) notamment les droits \u00e0 la sant\u00e9, \u00e0 l\u2019eau potable, \u00e0 l\u2019alimentation, \u00e0 l\u2019\u00e9ducation, au travail, au logement et \u00e0 un niveau de vie suffisant, etc\u2026\u00bb<\/em>, a relev\u00e9 Erica Bussey.<\/p>\n\n\n\n<p>La directrice adjointe du BCNUDH est aussi revenue sur le choix des participants \u00e0 cet atelier de formation.<\/p>\n\n\n\n<p><em>\u00abLes mouvements associatifs constituent un cadre d\u2019action qui offre aux adh\u00e9rents, membres et sympathisants, l\u2019opportunit\u00e9 de contribuer \u00e0 l\u2019\u00e9mergence et\/ou \u00e0 la consolidation de l\u2019Etat de droit, de la d\u00e9mocratie ainsi qu\u2019\u00e0 la d\u00e9fense des droits de l\u2019homme dans un pays\u00bb.<\/em><\/p>\n\n\n\n<p>Et de rench\u00e9rir : <em>\u00abIl s\u2019av\u00e8re donc n\u00e9cessaire que les organisations de la soci\u00e9t\u00e9 civile et les  mouvements citoyens, qui ont jou\u00e9 un r\u00f4le important dans la lutte pour une alternance politique pacifique en RDC,  soient dot\u00e9s de connaissances ad\u00e9quates sur les th\u00e9matiques y relatives afin de pouvoir mener des plaidoyers n\u00e9cessaires et d\u2019initier des actions pour leur effectivit\u00e9\u00bb.<\/em><\/p>\n\n\n\n<p>Les participants louent cette initiative du BCNUDH et promettent de mettre en pratique les enseignements appris.<\/p>\n\n\n\n<figure class=\"wp-block-image alignfull size-large\"><img data-recalc-dims=\"1\" height=\"480\" width=\"640\" decoding=\"async\" src=\"https:\/\/i0.wp.com\/infos-droitshumains.net\/wp-content\/uploads\/2022\/05\/IMG-20220504-WA0099_1-1024x768.jpg?resize=640%2C480&#038;ssl=1\" alt=\"\" class=\"wp-image-3709\"\/><\/figure>\n\n\n\n<p>Cet atelier de formation s&rsquo;inscrit dans le cadre du mandat du Bureau Conjoint des Nations Unies aux Droits de l\u2019Homme pour l&rsquo;assistance technique, le renforcement des capacit\u00e9s des organisations de la soci\u00e9t\u00e9 civile et des institutions \u00e9tatiques sur diverses th\u00e9matiques telles que le monitoring des droits \u00e9conomiques, sociaux et culturels, les obligations de l\u2019Etat.<\/p>\n\n\n\n<p>AM<\/p>\n","protected":false},"excerpt":{"rendered":"<p>R\u00e9daction:+243817406088 Le Bureau Conjoint des Nations Unies aux Droits de l&rsquo;Homme (BCNUDH) organise du 4&#8230;<\/p>\n","protected":false},"author":2,"featured_media":0,"comment_status":"closed","ping_status":"open","sticky":false,"template":"","format":"standard","meta":{"_jetpack_memberships_contains_paid_content":false,"footnotes":""},"categories":[8],"tags":[],"class_list":["post-3703","post","type-post","status-publish","format-standard","hentry","category-societe"],"yoast_head":"<!-- This site is optimized with the Yoast SEO plugin v27.5 - https:\/\/yoast.com\/product\/yoast-seo-wordpress\/ -->\n<title>RDC : Le BCNUDH renforce les capacit\u00e9s des membres de la soci\u00e9t\u00e9 civile congolaise sur les droits \u00e9conomiques, sociaux et culturels et l&#039;audit social - Infos Droits Humains<\/title>\n<meta name=\"robots\" content=\"index, follow, max-snippet:-1, max-image-preview:large, max-video-preview:-1\" \/>\n<link rel=\"canonical\" href=\"https:\/\/infos-droitshumains.net\/?p=3703\" \/>\n<meta property=\"og:locale\" content=\"fr_FR\" \/>\n<meta property=\"og:type\" content=\"article\" \/>\n<meta property=\"og:title\" content=\"RDC : Le BCNUDH renforce les capacit\u00e9s des membres de la soci\u00e9t\u00e9 civile congolaise sur les droits \u00e9conomiques, sociaux et culturels et l&#039;audit social - Infos Droits Humains\" \/>\n<meta property=\"og:description\" content=\"R\u00e9daction:+243817406088 Le Bureau Conjoint des Nations Unies aux Droits de l&rsquo;Homme (BCNUDH) organise du 4...\" \/>\n<meta property=\"og:url\" content=\"https:\/\/infos-droitshumains.net\/?p=3703\" \/>\n<meta property=\"og:site_name\" content=\"Infos Droits Humains\" \/>\n<meta property=\"article:published_time\" content=\"2022-05-05T11:15:11+00:00\" \/>\n<meta property=\"article:modified_time\" content=\"2023-04-06T10:09:08+00:00\" \/>\n<meta property=\"og:image\" content=\"https:\/\/infos-droitshumains.net\/wp-content\/uploads\/2022\/05\/IMG-20220504-WA0097_1-1024x576.jpg\" \/>\n<meta name=\"author\" content=\"Jo\u00ebl Diawa\" \/>\n<meta name=\"twitter:card\" content=\"summary_large_image\" \/>\n<meta name=\"twitter:label1\" content=\"\u00c9crit par\" \/>\n\t<meta name=\"twitter:data1\" content=\"Jo\u00ebl Diawa\" \/>\n\t<meta name=\"twitter:label2\" content=\"Dur\u00e9e de lecture estim\u00e9e\" \/>\n\t<meta name=\"twitter:data2\" content=\"2 minutes\" \/>\n<script type=\"application\/ld+json\" class=\"yoast-schema-graph\">{\"@context\":\"https:\\\/\\\/schema.org\",\"@graph\":[{\"@type\":\"Article\",\"@id\":\"https:\\\/\\\/infos-droitshumains.net\\\/?p=3703#article\",\"isPartOf\":{\"@id\":\"https:\\\/\\\/infos-droitshumains.net\\\/?p=3703\"},\"author\":{\"name\":\"Jo\u00ebl Diawa\",\"@id\":\"https:\\\/\\\/infos-droitshumains.net\\\/#\\\/schema\\\/person\\\/3dc5e921c3302172e0ed4362f96faab7\"},\"headline\":\"RDC : Le BCNUDH renforce les capacit\u00e9s des membres de la soci\u00e9t\u00e9 civile congolaise sur les droits \u00e9conomiques, sociaux et culturels et l&rsquo;audit social\",\"datePublished\":\"2022-05-05T11:15:11+00:00\",\"dateModified\":\"2023-04-06T10:09:08+00:00\",\"mainEntityOfPage\":{\"@id\":\"https:\\\/\\\/infos-droitshumains.net\\\/?p=3703\"},\"wordCount\":456,\"publisher\":{\"@id\":\"https:\\\/\\\/infos-droitshumains.net\\\/#organization\"},\"image\":{\"@id\":\"https:\\\/\\\/infos-droitshumains.net\\\/?p=3703#primaryimage\"},\"thumbnailUrl\":\"https:\\\/\\\/infos-droitshumains.net\\\/wp-content\\\/uploads\\\/2022\\\/05\\\/IMG-20220504-WA0097_1-1024x576.jpg\",\"articleSection\":[\"Soci\u00e9t\u00e9\"],\"inLanguage\":\"fr-FR\"},{\"@type\":\"WebPage\",\"@id\":\"https:\\\/\\\/infos-droitshumains.net\\\/?p=3703\",\"url\":\"https:\\\/\\\/infos-droitshumains.net\\\/?p=3703\",\"name\":\"RDC : Le BCNUDH renforce les capacit\u00e9s des membres de la soci\u00e9t\u00e9 civile congolaise sur les droits \u00e9conomiques, sociaux et culturels et l'audit social - Infos Droits Humains\",\"isPartOf\":{\"@id\":\"https:\\\/\\\/infos-droitshumains.net\\\/#website\"},\"primaryImageOfPage\":{\"@id\":\"https:\\\/\\\/infos-droitshumains.net\\\/?p=3703#primaryimage\"},\"image\":{\"@id\":\"https:\\\/\\\/infos-droitshumains.net\\\/?p=3703#primaryimage\"},\"thumbnailUrl\":\"https:\\\/\\\/infos-droitshumains.net\\\/wp-content\\\/uploads\\\/2022\\\/05\\\/IMG-20220504-WA0097_1-1024x576.jpg\",\"datePublished\":\"2022-05-05T11:15:11+00:00\",\"dateModified\":\"2023-04-06T10:09:08+00:00\",\"breadcrumb\":{\"@id\":\"https:\\\/\\\/infos-droitshumains.net\\\/?p=3703#breadcrumb\"},\"inLanguage\":\"fr-FR\",\"potentialAction\":[{\"@type\":\"ReadAction\",\"target\":[\"https:\\\/\\\/infos-droitshumains.net\\\/?p=3703\"]}]},{\"@type\":\"ImageObject\",\"inLanguage\":\"fr-FR\",\"@id\":\"https:\\\/\\\/infos-droitshumains.net\\\/?p=3703#primaryimage\",\"url\":\"https:\\\/\\\/infos-droitshumains.net\\\/wp-content\\\/uploads\\\/2022\\\/05\\\/IMG-20220504-WA0097_1-1024x576.jpg\",\"contentUrl\":\"https:\\\/\\\/infos-droitshumains.net\\\/wp-content\\\/uploads\\\/2022\\\/05\\\/IMG-20220504-WA0097_1-1024x576.jpg\"},{\"@type\":\"BreadcrumbList\",\"@id\":\"https:\\\/\\\/infos-droitshumains.net\\\/?p=3703#breadcrumb\",\"itemListElement\":[{\"@type\":\"ListItem\",\"position\":1,\"name\":\"Accueil\",\"item\":\"https:\\\/\\\/infos-droitshumains.net\\\/\"},{\"@type\":\"ListItem\",\"position\":2,\"name\":\"RDC : Le BCNUDH renforce les capacit\u00e9s des membres de la soci\u00e9t\u00e9 civile congolaise sur les droits \u00e9conomiques, sociaux et culturels et l&rsquo;audit social\"}]},{\"@type\":\"WebSite\",\"@id\":\"https:\\\/\\\/infos-droitshumains.net\\\/#website\",\"url\":\"https:\\\/\\\/infos-droitshumains.net\\\/\",\"name\":\"Infos Droits Humains\",\"description\":\"S&#039;informer est un droit\",\"publisher\":{\"@id\":\"https:\\\/\\\/infos-droitshumains.net\\\/#organization\"},\"potentialAction\":[{\"@type\":\"SearchAction\",\"target\":{\"@type\":\"EntryPoint\",\"urlTemplate\":\"https:\\\/\\\/infos-droitshumains.net\\\/?s={search_term_string}\"},\"query-input\":{\"@type\":\"PropertyValueSpecification\",\"valueRequired\":true,\"valueName\":\"search_term_string\"}}],\"inLanguage\":\"fr-FR\"},{\"@type\":\"Organization\",\"@id\":\"https:\\\/\\\/infos-droitshumains.net\\\/#organization\",\"name\":\"Infos Droits Humains\",\"url\":\"https:\\\/\\\/infos-droitshumains.net\\\/\",\"logo\":{\"@type\":\"ImageObject\",\"inLanguage\":\"fr-FR\",\"@id\":\"https:\\\/\\\/infos-droitshumains.net\\\/#\\\/schema\\\/logo\\\/image\\\/\",\"url\":\"https:\\\/\\\/i0.wp.com\\\/infos-droitshumains.net\\\/wp-content\\\/uploads\\\/2022\\\/05\\\/Logo.png?fit=333%2C129&ssl=1\",\"contentUrl\":\"https:\\\/\\\/i0.wp.com\\\/infos-droitshumains.net\\\/wp-content\\\/uploads\\\/2022\\\/05\\\/Logo.png?fit=333%2C129&ssl=1\",\"width\":333,\"height\":129,\"caption\":\"Infos Droits Humains\"},\"image\":{\"@id\":\"https:\\\/\\\/infos-droitshumains.net\\\/#\\\/schema\\\/logo\\\/image\\\/\"}},{\"@type\":\"Person\",\"@id\":\"https:\\\/\\\/infos-droitshumains.net\\\/#\\\/schema\\\/person\\\/3dc5e921c3302172e0ed4362f96faab7\",\"name\":\"Jo\u00ebl Diawa\",\"image\":{\"@type\":\"ImageObject\",\"inLanguage\":\"fr-FR\",\"@id\":\"https:\\\/\\\/secure.gravatar.com\\\/avatar\\\/729bea6ff4604c624417803c477363be8e3c7186deaa65713313f9b4b820f41c?s=96&d=mm&r=g\",\"url\":\"https:\\\/\\\/secure.gravatar.com\\\/avatar\\\/729bea6ff4604c624417803c477363be8e3c7186deaa65713313f9b4b820f41c?s=96&d=mm&r=g\",\"contentUrl\":\"https:\\\/\\\/secure.gravatar.com\\\/avatar\\\/729bea6ff4604c624417803c477363be8e3c7186deaa65713313f9b4b820f41c?s=96&d=mm&r=g\",\"caption\":\"Jo\u00ebl Diawa\"},\"sameAs\":[\"https:\\\/\\\/www.infos-droitshumains.net\"],\"url\":\"https:\\\/\\\/infos-droitshumains.net\\\/?author=2\"}]}<\/script>\n<!-- \/ Yoast SEO plugin. -->","yoast_head_json":{"title":"RDC : Le BCNUDH renforce les capacit\u00e9s des membres de la soci\u00e9t\u00e9 civile congolaise sur les droits \u00e9conomiques, sociaux et culturels et l'audit social - Infos Droits Humains","robots":{"index":"index","follow":"follow","max-snippet":"max-snippet:-1","max-image-preview":"max-image-preview:large","max-video-preview":"max-video-preview:-1"},"canonical":"https:\/\/infos-droitshumains.net\/?p=3703","og_locale":"fr_FR","og_type":"article","og_title":"RDC : Le BCNUDH renforce les capacit\u00e9s des membres de la soci\u00e9t\u00e9 civile congolaise sur les droits \u00e9conomiques, sociaux et culturels et l'audit social - Infos Droits Humains","og_description":"R\u00e9daction:+243817406088 Le Bureau Conjoint des Nations Unies aux Droits de l&rsquo;Homme (BCNUDH) organise du 4...","og_url":"https:\/\/infos-droitshumains.net\/?p=3703","og_site_name":"Infos Droits Humains","article_published_time":"2022-05-05T11:15:11+00:00","article_modified_time":"2023-04-06T10:09:08+00:00","og_image":[{"url":"https:\/\/infos-droitshumains.net\/wp-content\/uploads\/2022\/05\/IMG-20220504-WA0097_1-1024x576.jpg","type":"","width":"","height":""}],"author":"Jo\u00ebl Diawa","twitter_card":"summary_large_image","twitter_misc":{"\u00c9crit par":"Jo\u00ebl Diawa","Dur\u00e9e de lecture estim\u00e9e":"2 minutes"},"schema":{"@context":"https:\/\/schema.org","@graph":[{"@type":"Article","@id":"https:\/\/infos-droitshumains.net\/?p=3703#article","isPartOf":{"@id":"https:\/\/infos-droitshumains.net\/?p=3703"},"author":{"name":"Jo\u00ebl Diawa","@id":"https:\/\/infos-droitshumains.net\/#\/schema\/person\/3dc5e921c3302172e0ed4362f96faab7"},"headline":"RDC : Le BCNUDH renforce les capacit\u00e9s des membres de la soci\u00e9t\u00e9 civile congolaise sur les droits \u00e9conomiques, sociaux et culturels et l&rsquo;audit social","datePublished":"2022-05-05T11:15:11+00:00","dateModified":"2023-04-06T10:09:08+00:00","mainEntityOfPage":{"@id":"https:\/\/infos-droitshumains.net\/?p=3703"},"wordCount":456,"publisher":{"@id":"https:\/\/infos-droitshumains.net\/#organization"},"image":{"@id":"https:\/\/infos-droitshumains.net\/?p=3703#primaryimage"},"thumbnailUrl":"https:\/\/infos-droitshumains.net\/wp-content\/uploads\/2022\/05\/IMG-20220504-WA0097_1-1024x576.jpg","articleSection":["Soci\u00e9t\u00e9"],"inLanguage":"fr-FR"},{"@type":"WebPage","@id":"https:\/\/infos-droitshumains.net\/?p=3703","url":"https:\/\/infos-droitshumains.net\/?p=3703","name":"RDC : Le BCNUDH renforce les capacit\u00e9s des membres de la soci\u00e9t\u00e9 civile congolaise sur les droits \u00e9conomiques, sociaux et culturels et l'audit social - Infos Droits Humains","isPartOf":{"@id":"https:\/\/infos-droitshumains.net\/#website"},"primaryImageOfPage":{"@id":"https:\/\/infos-droitshumains.net\/?p=3703#primaryimage"},"image":{"@id":"https:\/\/infos-droitshumains.net\/?p=3703#primaryimage"},"thumbnailUrl":"https:\/\/infos-droitshumains.net\/wp-content\/uploads\/2022\/05\/IMG-20220504-WA0097_1-1024x576.jpg","datePublished":"2022-05-05T11:15:11+00:00","dateModified":"2023-04-06T10:09:08+00:00","breadcrumb":{"@id":"https:\/\/infos-droitshumains.net\/?p=3703#breadcrumb"},"inLanguage":"fr-FR","potentialAction":[{"@type":"ReadAction","target":["https:\/\/infos-droitshumains.net\/?p=3703"]}]},{"@type":"ImageObject","inLanguage":"fr-FR","@id":"https:\/\/infos-droitshumains.net\/?p=3703#primaryimage","url":"https:\/\/infos-droitshumains.net\/wp-content\/uploads\/2022\/05\/IMG-20220504-WA0097_1-1024x576.jpg","contentUrl":"https:\/\/infos-droitshumains.net\/wp-content\/uploads\/2022\/05\/IMG-20220504-WA0097_1-1024x576.jpg"},{"@type":"BreadcrumbList","@id":"https:\/\/infos-droitshumains.net\/?p=3703#breadcrumb","itemListElement":[{"@type":"ListItem","position":1,"name":"Accueil","item":"https:\/\/infos-droitshumains.net\/"},{"@type":"ListItem","position":2,"name":"RDC : Le BCNUDH renforce les capacit\u00e9s des membres de la soci\u00e9t\u00e9 civile congolaise sur les droits \u00e9conomiques, sociaux et culturels et l&rsquo;audit social"}]},{"@type":"WebSite","@id":"https:\/\/infos-droitshumains.net\/#website","url":"https:\/\/infos-droitshumains.net\/","name":"Infos Droits Humains","description":"S&#039;informer est un droit","publisher":{"@id":"https:\/\/infos-droitshumains.net\/#organization"},"potentialAction":[{"@type":"SearchAction","target":{"@type":"EntryPoint","urlTemplate":"https:\/\/infos-droitshumains.net\/?s={search_term_string}"},"query-input":{"@type":"PropertyValueSpecification","valueRequired":true,"valueName":"search_term_string"}}],"inLanguage":"fr-FR"},{"@type":"Organization","@id":"https:\/\/infos-droitshumains.net\/#organization","name":"Infos Droits Humains","url":"https:\/\/infos-droitshumains.net\/","logo":{"@type":"ImageObject","inLanguage":"fr-FR","@id":"https:\/\/infos-droitshumains.net\/#\/schema\/logo\/image\/","url":"https:\/\/i0.wp.com\/infos-droitshumains.net\/wp-content\/uploads\/2022\/05\/Logo.png?fit=333%2C129&ssl=1","contentUrl":"https:\/\/i0.wp.com\/infos-droitshumains.net\/wp-content\/uploads\/2022\/05\/Logo.png?fit=333%2C129&ssl=1","width":333,"height":129,"caption":"Infos Droits Humains"},"image":{"@id":"https:\/\/infos-droitshumains.net\/#\/schema\/logo\/image\/"}},{"@type":"Person","@id":"https:\/\/infos-droitshumains.net\/#\/schema\/person\/3dc5e921c3302172e0ed4362f96faab7","name":"Jo\u00ebl Diawa","image":{"@type":"ImageObject","inLanguage":"fr-FR","@id":"https:\/\/secure.gravatar.com\/avatar\/729bea6ff4604c624417803c477363be8e3c7186deaa65713313f9b4b820f41c?s=96&d=mm&r=g","url":"https:\/\/secure.gravatar.com\/avatar\/729bea6ff4604c624417803c477363be8e3c7186deaa65713313f9b4b820f41c?s=96&d=mm&r=g","contentUrl":"https:\/\/secure.gravatar.com\/avatar\/729bea6ff4604c624417803c477363be8e3c7186deaa65713313f9b4b820f41c?s=96&d=mm&r=g","caption":"Jo\u00ebl Diawa"},"sameAs":["https:\/\/www.infos-droitshumains.net"],"url":"https:\/\/infos-droitshumains.net\/?author=2"}]}},"featured_image_urls":{"full":"","thumbnail":"","medium":"","medium_large":"","large":"","1536x1536":"","2048x2048":"","covernews-slider-full":"","covernews-slider-center":"","covernews-featured":"","covernews-medium":"","covernews-medium-square":""},"author_info":{"display_name":"Jo\u00ebl Diawa","author_link":"https:\/\/infos-droitshumains.net\/?author=2"},"category_info":"<a href=\"https:\/\/infos-droitshumains.net\/?cat=8\" rel=\"category\">Soci\u00e9t\u00e9<\/a>","tag_info":"Soci\u00e9t\u00e9","comment_count":"0","jetpack_featured_media_url":"","jetpack-related-posts":[],"jetpack_sharing_enabled":true,"_links":{"self":[{"href":"https:\/\/infos-droitshumains.net\/index.php?rest_route=\/wp\/v2\/posts\/3703","targetHints":{"allow":["GET"]}}],"collection":[{"href":"https:\/\/infos-droitshumains.net\/index.php?rest_route=\/wp\/v2\/posts"}],"about":[{"href":"https:\/\/infos-droitshumains.net\/index.php?rest_route=\/wp\/v2\/types\/post"}],"author":[{"embeddable":true,"href":"https:\/\/infos-droitshumains.net\/index.php?rest_route=\/wp\/v2\/users\/2"}],"replies":[{"embeddable":true,"href":"https:\/\/infos-droitshumains.net\/index.php?rest_route=%2Fwp%2Fv2%2Fcomments&post=3703"}],"version-history":[{"count":4,"href":"https:\/\/infos-droitshumains.net\/index.php?rest_route=\/wp\/v2\/posts\/3703\/revisions"}],"predecessor-version":[{"id":3710,"href":"https:\/\/infos-droitshumains.net\/index.php?rest_route=\/wp\/v2\/posts\/3703\/revisions\/3710"}],"wp:attachment":[{"href":"https:\/\/infos-droitshumains.net\/index.php?rest_route=%2Fwp%2Fv2%2Fmedia&parent=3703"}],"wp:term":[{"taxonomy":"category","embeddable":true,"href":"https:\/\/infos-droitshumains.net\/index.php?rest_route=%2Fwp%2Fv2%2Fcategories&post=3703"},{"taxonomy":"post_tag","embeddable":true,"href":"https:\/\/infos-droitshumains.net\/index.php?rest_route=%2Fwp%2Fv2%2Ftags&post=3703"}],"curies":[{"name":"wp","href":"https:\/\/api.w.org\/{rel}","templated":true}]}}