{"id":3680,"date":"2022-05-04T12:38:45","date_gmt":"2022-05-04T10:38:45","guid":{"rendered":"https:\/\/infos-droitshumains.net\/?p=3680"},"modified":"2023-04-06T12:09:08","modified_gmt":"2023-04-06T10:09:08","slug":"rdc-il-ma-ete-demande-dintegrer-lunion-sacree-jai-refuse-il-ma-ete-demande-de-dire-que-je-ne-serai-pas-candidat-president-en-2023-jai-refuse","status":"publish","type":"post","link":"https:\/\/infos-droitshumains.net\/?p=3680","title":{"rendered":"RDC: Il m\u2019a \u00e9t\u00e9 demand\u00e9 d\u2019int\u00e9grer l\u2019Union Sacr\u00e9e, j\u2019ai refus\u00e9. Il m\u2019a \u00e9t\u00e9 demand\u00e9 de dire que je ne serai pas candidat Pr\u00e9sident en 2023, j\u2019ai refus\u00e9. Matata Ponyo explique le fondement de ses ennuis judiciaires."},"content":{"rendered":"\n<p><strong>R\u00e9daction:+243817406088<\/strong><\/p>\n\n\n\n<p>Depuis quelques mois maintenant, Augustin Matata Ponyo fait objet de plusieurs dossiers judiciaires. Du dossier d\u2019indemnisation des biens za\u00efrianis\u00e9s en passant par l\u2019affaire du parc agro-industriel de Bukanga-Lonzo, l\u2019ancien Premier-Ministre (2012-2016) se dit victime d\u2019un acharnement politique. Ce qu\u2019il qualifie d\u2019acharnement se justifie par deux choses a-t-il expliqu\u00e9 :<\/p>\n\n\n\n<p><em>\u00abIl m\u2019a \u00e9t\u00e9 demand\u00e9 d\u2019int\u00e9grer l\u2019Union sacr\u00e9e, j\u2019ai refus\u00e9. Il m\u2019a \u00e9t\u00e9 demand\u00e9 de dire que je ne serai pas candidat Pr\u00e9sident en 2023, j\u2019ai refus\u00e9\u00bb.<\/em><\/p>\n\n\n\n<p>D\u00e9sign\u00e9 candidat aux pr\u00e9sidentielles de 2023 pour le compte de le Leadership et Gouvernance pour le D\u00e9veloppement, son Parti nouvellement cr\u00e9e, Augustin Matata Ponyo a profit\u00e9 de l\u2019occasion pour pr\u00e9venir ses adversaires :<\/p>\n\n\n\n<p><em>\u00abJe serai donc candidat Pr\u00e9sident en 2023. Pour m\u2019abattre politiquement, la machine politico-judiciaire a \u00e9t\u00e9 mise en marche\u2026 Apr\u00e8s avoir \u00e9t\u00e9 victime des plusieurs montages des faux dossiers pour m\u2019emprisonner afin de limiter mes droits \u00e9lectoraux et pour me contraindre d\u2019entrer dans l\u2019union sacr\u00e9e, Dieu m\u2019a soutenu! Je sais que mes ennemis politiques, en col\u00e8re, sont \u00e0 l\u2019aff\u00fbt pour monter d\u2019autres faux dossiers contre moi. Mais je crois en la force de la Justice et en la puissance de la v\u00e9rit\u00e9\u00bb.<\/em><\/p>\n\n\n\n<p>Dans une correspondance qui attribu\u00e9 au Procureur G\u00e9n\u00e9ral pr\u00e8s la Cour de Cassation, mais dont l\u2019authenticit\u00e9 reste douteuse, Victor Mumba informait au pr\u00e9sident de la R\u00e9publique qu\u2019Augustin Matata Ponyo ne pouvait plus \u00eatre poursuivi dans le cadre du dossier Bukanga-Lonzo, car, la Cour Constitutionnelle s\u2019\u00e9tant d\u00e9j\u00e0 prononc\u00e9e sur la question. Aux derni\u00e8res nouvelles, le Procureur G\u00e9n\u00e9ral pr\u00e8s la Cour de Cassation aurait transmis le dossier Bukanga-Lonzo pour fixation.<\/p>\n\n\n\n<p>Jo\u00ebl Diawa<\/p>\n","protected":false},"excerpt":{"rendered":"<p>R\u00e9daction:+243817406088 Depuis quelques mois maintenant, Augustin Matata Ponyo fait objet de plusieurs dossiers judiciaires. Du&#8230;<\/p>\n","protected":false},"author":2,"featured_media":0,"comment_status":"closed","ping_status":"open","sticky":false,"template":"","format":"standard","meta":{"_jetpack_memberships_contains_paid_content":false,"footnotes":""},"categories":[1],"tags":[],"class_list":["post-3680","post","type-post","status-publish","format-standard","hentry","category-non-classe"],"yoast_head":"<!-- This site is optimized with the Yoast SEO plugin v27.5 - https:\/\/yoast.com\/product\/yoast-seo-wordpress\/ -->\n<title>RDC: Il m\u2019a \u00e9t\u00e9 demand\u00e9 d\u2019int\u00e9grer l\u2019Union Sacr\u00e9e, j\u2019ai refus\u00e9. Il m\u2019a \u00e9t\u00e9 demand\u00e9 de dire que je ne serai pas candidat Pr\u00e9sident en 2023, j\u2019ai refus\u00e9. Matata Ponyo explique le fondement de ses ennuis judiciaires. - Infos Droits Humains<\/title>\n<meta name=\"robots\" content=\"index, follow, max-snippet:-1, max-image-preview:large, max-video-preview:-1\" \/>\n<link rel=\"canonical\" href=\"https:\/\/infos-droitshumains.net\/?p=3680\" \/>\n<meta property=\"og:locale\" content=\"fr_FR\" \/>\n<meta property=\"og:type\" content=\"article\" \/>\n<meta property=\"og:title\" content=\"RDC: Il m\u2019a \u00e9t\u00e9 demand\u00e9 d\u2019int\u00e9grer l\u2019Union Sacr\u00e9e, j\u2019ai refus\u00e9. Il m\u2019a \u00e9t\u00e9 demand\u00e9 de dire que je ne serai pas candidat Pr\u00e9sident en 2023, j\u2019ai refus\u00e9. Matata Ponyo explique le fondement de ses ennuis judiciaires. - Infos Droits Humains\" \/>\n<meta property=\"og:description\" content=\"R\u00e9daction:+243817406088 Depuis quelques mois maintenant, Augustin Matata Ponyo fait objet de plusieurs dossiers judiciaires. Du...\" \/>\n<meta property=\"og:url\" content=\"https:\/\/infos-droitshumains.net\/?p=3680\" \/>\n<meta property=\"og:site_name\" content=\"Infos Droits Humains\" \/>\n<meta property=\"article:published_time\" content=\"2022-05-04T10:38:45+00:00\" \/>\n<meta property=\"article:modified_time\" content=\"2023-04-06T10:09:08+00:00\" \/>\n<meta name=\"author\" content=\"Jo\u00ebl Diawa\" \/>\n<meta name=\"twitter:card\" content=\"summary_large_image\" \/>\n<meta name=\"twitter:label1\" content=\"\u00c9crit par\" \/>\n\t<meta name=\"twitter:data1\" content=\"Jo\u00ebl Diawa\" \/>\n\t<meta name=\"twitter:label2\" content=\"Dur\u00e9e de lecture estim\u00e9e\" \/>\n\t<meta name=\"twitter:data2\" content=\"2 minutes\" \/>\n<script type=\"application\/ld+json\" class=\"yoast-schema-graph\">{\"@context\":\"https:\\\/\\\/schema.org\",\"@graph\":[{\"@type\":\"Article\",\"@id\":\"https:\\\/\\\/infos-droitshumains.net\\\/?p=3680#article\",\"isPartOf\":{\"@id\":\"https:\\\/\\\/infos-droitshumains.net\\\/?p=3680\"},\"author\":{\"name\":\"Jo\u00ebl Diawa\",\"@id\":\"https:\\\/\\\/infos-droitshumains.net\\\/#\\\/schema\\\/person\\\/3dc5e921c3302172e0ed4362f96faab7\"},\"headline\":\"RDC: Il m\u2019a \u00e9t\u00e9 demand\u00e9 d\u2019int\u00e9grer l\u2019Union Sacr\u00e9e, j\u2019ai refus\u00e9. Il m\u2019a \u00e9t\u00e9 demand\u00e9 de dire que je ne serai pas candidat Pr\u00e9sident en 2023, j\u2019ai refus\u00e9. Matata Ponyo explique le fondement de ses ennuis judiciaires.\",\"datePublished\":\"2022-05-04T10:38:45+00:00\",\"dateModified\":\"2023-04-06T10:09:08+00:00\",\"mainEntityOfPage\":{\"@id\":\"https:\\\/\\\/infos-droitshumains.net\\\/?p=3680\"},\"wordCount\":350,\"publisher\":{\"@id\":\"https:\\\/\\\/infos-droitshumains.net\\\/#organization\"},\"inLanguage\":\"fr-FR\"},{\"@type\":\"WebPage\",\"@id\":\"https:\\\/\\\/infos-droitshumains.net\\\/?p=3680\",\"url\":\"https:\\\/\\\/infos-droitshumains.net\\\/?p=3680\",\"name\":\"RDC: Il m\u2019a \u00e9t\u00e9 demand\u00e9 d\u2019int\u00e9grer l\u2019Union Sacr\u00e9e, j\u2019ai refus\u00e9. Il m\u2019a \u00e9t\u00e9 demand\u00e9 de dire que je ne serai pas candidat Pr\u00e9sident en 2023, j\u2019ai refus\u00e9. Matata Ponyo explique le fondement de ses ennuis judiciaires. - Infos Droits Humains\",\"isPartOf\":{\"@id\":\"https:\\\/\\\/infos-droitshumains.net\\\/#website\"},\"datePublished\":\"2022-05-04T10:38:45+00:00\",\"dateModified\":\"2023-04-06T10:09:08+00:00\",\"breadcrumb\":{\"@id\":\"https:\\\/\\\/infos-droitshumains.net\\\/?p=3680#breadcrumb\"},\"inLanguage\":\"fr-FR\",\"potentialAction\":[{\"@type\":\"ReadAction\",\"target\":[\"https:\\\/\\\/infos-droitshumains.net\\\/?p=3680\"]}]},{\"@type\":\"BreadcrumbList\",\"@id\":\"https:\\\/\\\/infos-droitshumains.net\\\/?p=3680#breadcrumb\",\"itemListElement\":[{\"@type\":\"ListItem\",\"position\":1,\"name\":\"Accueil\",\"item\":\"https:\\\/\\\/infos-droitshumains.net\\\/\"},{\"@type\":\"ListItem\",\"position\":2,\"name\":\"RDC: Il m\u2019a \u00e9t\u00e9 demand\u00e9 d\u2019int\u00e9grer l\u2019Union Sacr\u00e9e, j\u2019ai refus\u00e9. Il m\u2019a \u00e9t\u00e9 demand\u00e9 de dire que je ne serai pas candidat Pr\u00e9sident en 2023, j\u2019ai refus\u00e9. Matata Ponyo explique le fondement de ses ennuis judiciaires.\"}]},{\"@type\":\"WebSite\",\"@id\":\"https:\\\/\\\/infos-droitshumains.net\\\/#website\",\"url\":\"https:\\\/\\\/infos-droitshumains.net\\\/\",\"name\":\"Infos Droits Humains\",\"description\":\"S&#039;informer est un droit\",\"publisher\":{\"@id\":\"https:\\\/\\\/infos-droitshumains.net\\\/#organization\"},\"potentialAction\":[{\"@type\":\"SearchAction\",\"target\":{\"@type\":\"EntryPoint\",\"urlTemplate\":\"https:\\\/\\\/infos-droitshumains.net\\\/?s={search_term_string}\"},\"query-input\":{\"@type\":\"PropertyValueSpecification\",\"valueRequired\":true,\"valueName\":\"search_term_string\"}}],\"inLanguage\":\"fr-FR\"},{\"@type\":\"Organization\",\"@id\":\"https:\\\/\\\/infos-droitshumains.net\\\/#organization\",\"name\":\"Infos Droits Humains\",\"url\":\"https:\\\/\\\/infos-droitshumains.net\\\/\",\"logo\":{\"@type\":\"ImageObject\",\"inLanguage\":\"fr-FR\",\"@id\":\"https:\\\/\\\/infos-droitshumains.net\\\/#\\\/schema\\\/logo\\\/image\\\/\",\"url\":\"https:\\\/\\\/i0.wp.com\\\/infos-droitshumains.net\\\/wp-content\\\/uploads\\\/2022\\\/05\\\/Logo.png?fit=333%2C129&ssl=1\",\"contentUrl\":\"https:\\\/\\\/i0.wp.com\\\/infos-droitshumains.net\\\/wp-content\\\/uploads\\\/2022\\\/05\\\/Logo.png?fit=333%2C129&ssl=1\",\"width\":333,\"height\":129,\"caption\":\"Infos Droits Humains\"},\"image\":{\"@id\":\"https:\\\/\\\/infos-droitshumains.net\\\/#\\\/schema\\\/logo\\\/image\\\/\"}},{\"@type\":\"Person\",\"@id\":\"https:\\\/\\\/infos-droitshumains.net\\\/#\\\/schema\\\/person\\\/3dc5e921c3302172e0ed4362f96faab7\",\"name\":\"Jo\u00ebl Diawa\",\"image\":{\"@type\":\"ImageObject\",\"inLanguage\":\"fr-FR\",\"@id\":\"https:\\\/\\\/secure.gravatar.com\\\/avatar\\\/729bea6ff4604c624417803c477363be8e3c7186deaa65713313f9b4b820f41c?s=96&d=mm&r=g\",\"url\":\"https:\\\/\\\/secure.gravatar.com\\\/avatar\\\/729bea6ff4604c624417803c477363be8e3c7186deaa65713313f9b4b820f41c?s=96&d=mm&r=g\",\"contentUrl\":\"https:\\\/\\\/secure.gravatar.com\\\/avatar\\\/729bea6ff4604c624417803c477363be8e3c7186deaa65713313f9b4b820f41c?s=96&d=mm&r=g\",\"caption\":\"Jo\u00ebl Diawa\"},\"sameAs\":[\"https:\\\/\\\/www.infos-droitshumains.net\"],\"url\":\"https:\\\/\\\/infos-droitshumains.net\\\/?author=2\"}]}<\/script>\n<!-- \/ Yoast SEO plugin. -->","yoast_head_json":{"title":"RDC: Il m\u2019a \u00e9t\u00e9 demand\u00e9 d\u2019int\u00e9grer l\u2019Union Sacr\u00e9e, j\u2019ai refus\u00e9. Il m\u2019a \u00e9t\u00e9 demand\u00e9 de dire que je ne serai pas candidat Pr\u00e9sident en 2023, j\u2019ai refus\u00e9. Matata Ponyo explique le fondement de ses ennuis judiciaires. - Infos Droits Humains","robots":{"index":"index","follow":"follow","max-snippet":"max-snippet:-1","max-image-preview":"max-image-preview:large","max-video-preview":"max-video-preview:-1"},"canonical":"https:\/\/infos-droitshumains.net\/?p=3680","og_locale":"fr_FR","og_type":"article","og_title":"RDC: Il m\u2019a \u00e9t\u00e9 demand\u00e9 d\u2019int\u00e9grer l\u2019Union Sacr\u00e9e, j\u2019ai refus\u00e9. Il m\u2019a \u00e9t\u00e9 demand\u00e9 de dire que je ne serai pas candidat Pr\u00e9sident en 2023, j\u2019ai refus\u00e9. Matata Ponyo explique le fondement de ses ennuis judiciaires. - Infos Droits Humains","og_description":"R\u00e9daction:+243817406088 Depuis quelques mois maintenant, Augustin Matata Ponyo fait objet de plusieurs dossiers judiciaires. Du...","og_url":"https:\/\/infos-droitshumains.net\/?p=3680","og_site_name":"Infos Droits Humains","article_published_time":"2022-05-04T10:38:45+00:00","article_modified_time":"2023-04-06T10:09:08+00:00","author":"Jo\u00ebl Diawa","twitter_card":"summary_large_image","twitter_misc":{"\u00c9crit par":"Jo\u00ebl Diawa","Dur\u00e9e de lecture estim\u00e9e":"2 minutes"},"schema":{"@context":"https:\/\/schema.org","@graph":[{"@type":"Article","@id":"https:\/\/infos-droitshumains.net\/?p=3680#article","isPartOf":{"@id":"https:\/\/infos-droitshumains.net\/?p=3680"},"author":{"name":"Jo\u00ebl Diawa","@id":"https:\/\/infos-droitshumains.net\/#\/schema\/person\/3dc5e921c3302172e0ed4362f96faab7"},"headline":"RDC: Il m\u2019a \u00e9t\u00e9 demand\u00e9 d\u2019int\u00e9grer l\u2019Union Sacr\u00e9e, j\u2019ai refus\u00e9. Il m\u2019a \u00e9t\u00e9 demand\u00e9 de dire que je ne serai pas candidat Pr\u00e9sident en 2023, j\u2019ai refus\u00e9. Matata Ponyo explique le fondement de ses ennuis judiciaires.","datePublished":"2022-05-04T10:38:45+00:00","dateModified":"2023-04-06T10:09:08+00:00","mainEntityOfPage":{"@id":"https:\/\/infos-droitshumains.net\/?p=3680"},"wordCount":350,"publisher":{"@id":"https:\/\/infos-droitshumains.net\/#organization"},"inLanguage":"fr-FR"},{"@type":"WebPage","@id":"https:\/\/infos-droitshumains.net\/?p=3680","url":"https:\/\/infos-droitshumains.net\/?p=3680","name":"RDC: Il m\u2019a \u00e9t\u00e9 demand\u00e9 d\u2019int\u00e9grer l\u2019Union Sacr\u00e9e, j\u2019ai refus\u00e9. Il m\u2019a \u00e9t\u00e9 demand\u00e9 de dire que je ne serai pas candidat Pr\u00e9sident en 2023, j\u2019ai refus\u00e9. Matata Ponyo explique le fondement de ses ennuis judiciaires. - Infos Droits Humains","isPartOf":{"@id":"https:\/\/infos-droitshumains.net\/#website"},"datePublished":"2022-05-04T10:38:45+00:00","dateModified":"2023-04-06T10:09:08+00:00","breadcrumb":{"@id":"https:\/\/infos-droitshumains.net\/?p=3680#breadcrumb"},"inLanguage":"fr-FR","potentialAction":[{"@type":"ReadAction","target":["https:\/\/infos-droitshumains.net\/?p=3680"]}]},{"@type":"BreadcrumbList","@id":"https:\/\/infos-droitshumains.net\/?p=3680#breadcrumb","itemListElement":[{"@type":"ListItem","position":1,"name":"Accueil","item":"https:\/\/infos-droitshumains.net\/"},{"@type":"ListItem","position":2,"name":"RDC: Il m\u2019a \u00e9t\u00e9 demand\u00e9 d\u2019int\u00e9grer l\u2019Union Sacr\u00e9e, j\u2019ai refus\u00e9. Il m\u2019a \u00e9t\u00e9 demand\u00e9 de dire que je ne serai pas candidat Pr\u00e9sident en 2023, j\u2019ai refus\u00e9. Matata Ponyo explique le fondement de ses ennuis judiciaires."}]},{"@type":"WebSite","@id":"https:\/\/infos-droitshumains.net\/#website","url":"https:\/\/infos-droitshumains.net\/","name":"Infos Droits Humains","description":"S&#039;informer est un droit","publisher":{"@id":"https:\/\/infos-droitshumains.net\/#organization"},"potentialAction":[{"@type":"SearchAction","target":{"@type":"EntryPoint","urlTemplate":"https:\/\/infos-droitshumains.net\/?s={search_term_string}"},"query-input":{"@type":"PropertyValueSpecification","valueRequired":true,"valueName":"search_term_string"}}],"inLanguage":"fr-FR"},{"@type":"Organization","@id":"https:\/\/infos-droitshumains.net\/#organization","name":"Infos Droits Humains","url":"https:\/\/infos-droitshumains.net\/","logo":{"@type":"ImageObject","inLanguage":"fr-FR","@id":"https:\/\/infos-droitshumains.net\/#\/schema\/logo\/image\/","url":"https:\/\/i0.wp.com\/infos-droitshumains.net\/wp-content\/uploads\/2022\/05\/Logo.png?fit=333%2C129&ssl=1","contentUrl":"https:\/\/i0.wp.com\/infos-droitshumains.net\/wp-content\/uploads\/2022\/05\/Logo.png?fit=333%2C129&ssl=1","width":333,"height":129,"caption":"Infos Droits Humains"},"image":{"@id":"https:\/\/infos-droitshumains.net\/#\/schema\/logo\/image\/"}},{"@type":"Person","@id":"https:\/\/infos-droitshumains.net\/#\/schema\/person\/3dc5e921c3302172e0ed4362f96faab7","name":"Jo\u00ebl Diawa","image":{"@type":"ImageObject","inLanguage":"fr-FR","@id":"https:\/\/secure.gravatar.com\/avatar\/729bea6ff4604c624417803c477363be8e3c7186deaa65713313f9b4b820f41c?s=96&d=mm&r=g","url":"https:\/\/secure.gravatar.com\/avatar\/729bea6ff4604c624417803c477363be8e3c7186deaa65713313f9b4b820f41c?s=96&d=mm&r=g","contentUrl":"https:\/\/secure.gravatar.com\/avatar\/729bea6ff4604c624417803c477363be8e3c7186deaa65713313f9b4b820f41c?s=96&d=mm&r=g","caption":"Jo\u00ebl Diawa"},"sameAs":["https:\/\/www.infos-droitshumains.net"],"url":"https:\/\/infos-droitshumains.net\/?author=2"}]}},"featured_image_urls":{"full":"","thumbnail":"","medium":"","medium_large":"","large":"","1536x1536":"","2048x2048":"","covernews-slider-full":"","covernews-slider-center":"","covernews-featured":"","covernews-medium":"","covernews-medium-square":""},"author_info":{"display_name":"Jo\u00ebl Diawa","author_link":"https:\/\/infos-droitshumains.net\/?author=2"},"category_info":"<a href=\"https:\/\/infos-droitshumains.net\/?cat=1\" rel=\"category\">Non class\u00e9<\/a>","tag_info":"Non class\u00e9","comment_count":"0","jetpack_featured_media_url":"","jetpack-related-posts":[],"jetpack_sharing_enabled":true,"_links":{"self":[{"href":"https:\/\/infos-droitshumains.net\/index.php?rest_route=\/wp\/v2\/posts\/3680","targetHints":{"allow":["GET"]}}],"collection":[{"href":"https:\/\/infos-droitshumains.net\/index.php?rest_route=\/wp\/v2\/posts"}],"about":[{"href":"https:\/\/infos-droitshumains.net\/index.php?rest_route=\/wp\/v2\/types\/post"}],"author":[{"embeddable":true,"href":"https:\/\/infos-droitshumains.net\/index.php?rest_route=\/wp\/v2\/users\/2"}],"replies":[{"embeddable":true,"href":"https:\/\/infos-droitshumains.net\/index.php?rest_route=%2Fwp%2Fv2%2Fcomments&post=3680"}],"version-history":[{"count":3,"href":"https:\/\/infos-droitshumains.net\/index.php?rest_route=\/wp\/v2\/posts\/3680\/revisions"}],"predecessor-version":[{"id":3683,"href":"https:\/\/infos-droitshumains.net\/index.php?rest_route=\/wp\/v2\/posts\/3680\/revisions\/3683"}],"wp:attachment":[{"href":"https:\/\/infos-droitshumains.net\/index.php?rest_route=%2Fwp%2Fv2%2Fmedia&parent=3680"}],"wp:term":[{"taxonomy":"category","embeddable":true,"href":"https:\/\/infos-droitshumains.net\/index.php?rest_route=%2Fwp%2Fv2%2Fcategories&post=3680"},{"taxonomy":"post_tag","embeddable":true,"href":"https:\/\/infos-droitshumains.net\/index.php?rest_route=%2Fwp%2Fv2%2Ftags&post=3680"}],"curies":[{"name":"wp","href":"https:\/\/api.w.org\/{rel}","templated":true}]}}