{"id":3674,"date":"2022-05-04T00:55:00","date_gmt":"2022-05-03T22:55:00","guid":{"rendered":"https:\/\/infos-droitshumains.net\/?p=3674"},"modified":"2023-04-06T12:09:08","modified_gmt":"2023-04-06T10:09:08","slug":"affaires-ram-trois-operateurs-de-telecommunication-risquent-des-lourdes-sanctions","status":"publish","type":"post","link":"https:\/\/infos-droitshumains.net\/?p=3674","title":{"rendered":"Affaires RAM: Trois op\u00e9rateurs de t\u00e9l\u00e9communication risquent des lourdes sanctions"},"content":{"rendered":"\n<p><strong>R\u00e9daction :+243817406088<\/strong><\/p>\n\n\n\n<p>Trois soci\u00e9t\u00e9s de t\u00e9l\u00e9communication qui op\u00e8rent en R\u00e9publique D\u00e9mocratique du Congo sont assign\u00e9es en restitution de l\u2019indu et en dommages-int\u00e9r\u00eats par devant le Tribunal de Commerce de Kinshasa\/Gombe.<\/p>\n\n\n\n<p>La premi\u00e8re assignation est celle initi\u00e9e par les requ\u00e9rants Matondo Zola Christian ainsi que ses cinq codemandeurs, tous abonn\u00e9s de la soci\u00e9t\u00e9 Orange Rdc. Il sollicitent du Tribunal, la condamnation d\u2019Orange RDC  \u00e0 payer \u00e0 chaqu\u2019un d\u2019entre eux, l\u2019\u00e9quivalent en franc congolais de deux millions cinq cent mille dollars am\u00e9ricain;<\/p>\n\n\n\n<p>La deuxi\u00e8me assignation est celle diligent\u00e9e par 9 demandeurs notamment MAMBA KATABUA Albert contre la soci\u00e9t\u00e9 Vodacom Congo. Les requ\u00e9rants, tous abonn\u00e9s de cette soci\u00e9t\u00e9 de t\u00e9l\u00e9communication souhaitent voir le tribunal condamn\u00e9 ladite soci\u00e9t\u00e9 \u00e9galement au paiement de l\u2019\u00e9quivalent en franc congolais de deux millions cinq cent mille dollars am\u00e9ricains ;<\/p>\n\n\n\n<p>Enfin le Tribunal a appel\u00e9 la troisi\u00e8me affaire, cette fois-l\u00e0 opposant la soci\u00e9t\u00e9 Airtel Congo \u00e0 MBOMBA BOKUNDI BONKUMU Didier, qui lui sollicite du tribunal, de dire recevable son action, la d\u00e9clarer fond\u00e9e et par cons\u00e9quent de condamn\u00e9 Airtel congo au paiement de deux millions cinq cent mille dollars am\u00e9ricain.<\/p>\n\n\n\n<p>Le n\u0153ud du litige de ces trois actions n\u2019est tout autre que la ponction des frais des registres des appareils mobiles RAM.<\/p>\n\n\n\n<p>En effet, ces requ\u00e9rants justifient leurs actions par le fait de se voir soustraire indument leurs forfaits par ces trois op\u00e9rateurs, contre leur gr\u00e9. Ce pr\u00e9l\u00e8vement n\u2019a consist\u00e9, \u00e0 les en croire, nullement d\u2019une taxe, car, aucun acte r\u00e9glementaire ne soutien son existence. Ils soutiennent \u00e9galement que les fonds indument pr\u00e9lev\u00e9s par les assign\u00e9s n\u2019ont pas \u00e9t\u00e9 localis\u00e9s dans les comptes du tr\u00e9sor public, ni \u00e9taient per\u00e7us par les services taxateurs.<\/p>\n\n\n\n<p>Une th\u00e8se d\u2019ailleurs corrobor\u00e9e par les d\u00e9clarations du ministre des PTNTIC devant la commission \u00e9cofin de l\u2019Assembl\u00e9e Nationale et du S\u00e9nat, qui avait fait savoir aux parlementaires \u00ab qu\u2019il n\u2019existait aucune tra\u00e7abilit\u00e9 de ce dispositif dans la loi\u00bb, que, partant, n\u2019avait un fondement l\u00e9gal. <\/p>\n\n\n\n<p>Au cours de l\u2019audience de ce mardi, le Tribunal, a examin\u00e9 chaqu\u2019une de ces causes de mani\u00e8re s\u00e9par\u00e9e. La soci\u00e9t\u00e9 Orange RDC n\u2019a pas comparu, ni personne pour son compte. Le tribunal apr\u00e8s avoir v\u00e9rifi\u00e9 sa saisine sur la comparution volontaire des demandeurs, s\u2019est d\u00e9clar\u00e9 valablement saisis \u00e0 l\u2019\u00e9gard des toutes les parties et d\u00e9cide de retenir le d\u00e9faut \u00e0 l\u2019\u00e9gard de cette soci\u00e9t\u00e9, sur demande du minist\u00e8re public.<\/p>\n\n\n\n<p>Dans leurs moyens, ces derniers par leur conseil d\u00e9montrent l\u2019ill\u00e9galit\u00e9 du pr\u00e9l\u00e8vement de RAM et de l\u2019absence d\u2019excuses absolutoire de la d\u00e9fenderesse Orange RDC. De ce fait, ils sollicitent la condamnation de la soci\u00e9t\u00e9 Oange Rdc.<\/p>\n\n\n\n<p>Le minist\u00e8re public a, dans son avis, sollicit\u00e9 du tribunal de faire droit \u00e0 la demande des requ\u00e9rants. Quant au dommage-int\u00e9r\u00eats, il s\u2019est remis \u00e0 l\u2019appr\u00e9ciation du tribunal.<\/p>\n\n\n\n<p>Dans la deuxi\u00e8me affaire, Vodacom Congo, repr\u00e9sent\u00e9 par ses conseils, a, \u00e0 son tour, assign\u00e9 en intervention forc\u00e9e la RDC tout en sollicitant du tribunal, la jonction de ces deux affaires. Une demande totalement approuv\u00e9e par les requ\u00e9rants. Le tribunal a pris donc cette affaire en d\u00e9lib\u00e9r\u00e9 pour se prononc\u00e9 dans le d\u00e9lai l\u00e9gal et passe \u00e0 l\u2019examen de la troisi\u00e8me affaire ; ou, Airtel Congo est assign\u00e9 pour la m\u00eame cause.<\/p>\n\n\n\n<p>Apr\u00e8s avoir re\u00e7u l\u2019avis du minist\u00e8re public, le tribunal a d\u00e9cid\u00e9 de joindre les deux causes et sur demande des parties, renvois cette affaire au 31 mai prochain pour la mise en \u00e9tat et \u00e9ventuelle plaidoirie. Affaire \u00e0 suivre\u2026<\/p>\n\n\n\n<p>Merlin Kamalandua<\/p>\n","protected":false},"excerpt":{"rendered":"<p>R\u00e9daction :+243817406088 Trois soci\u00e9t\u00e9s de t\u00e9l\u00e9communication qui op\u00e8rent en R\u00e9publique D\u00e9mocratique du Congo sont assign\u00e9es&#8230;<\/p>\n","protected":false},"author":2,"featured_media":0,"comment_status":"closed","ping_status":"open","sticky":false,"template":"","format":"standard","meta":{"_jetpack_memberships_contains_paid_content":false,"footnotes":""},"categories":[1],"tags":[],"class_list":["post-3674","post","type-post","status-publish","format-standard","hentry","category-non-classe"],"yoast_head":"<!-- This site is optimized with the Yoast SEO plugin v27.5 - https:\/\/yoast.com\/product\/yoast-seo-wordpress\/ -->\n<title>Affaires RAM: Trois op\u00e9rateurs de t\u00e9l\u00e9communication risquent des lourdes sanctions - Infos Droits Humains<\/title>\n<meta name=\"robots\" content=\"index, follow, max-snippet:-1, max-image-preview:large, max-video-preview:-1\" \/>\n<link rel=\"canonical\" href=\"https:\/\/infos-droitshumains.net\/?p=3674\" \/>\n<meta property=\"og:locale\" content=\"fr_FR\" \/>\n<meta property=\"og:type\" content=\"article\" \/>\n<meta property=\"og:title\" content=\"Affaires RAM: Trois op\u00e9rateurs de t\u00e9l\u00e9communication risquent des lourdes sanctions - Infos Droits Humains\" \/>\n<meta property=\"og:description\" content=\"R\u00e9daction :+243817406088 Trois soci\u00e9t\u00e9s de t\u00e9l\u00e9communication qui op\u00e8rent en R\u00e9publique D\u00e9mocratique du Congo sont assign\u00e9es...\" \/>\n<meta property=\"og:url\" content=\"https:\/\/infos-droitshumains.net\/?p=3674\" \/>\n<meta property=\"og:site_name\" content=\"Infos Droits Humains\" \/>\n<meta property=\"article:published_time\" content=\"2022-05-03T22:55:00+00:00\" \/>\n<meta property=\"article:modified_time\" content=\"2023-04-06T10:09:08+00:00\" \/>\n<meta name=\"author\" content=\"Jo\u00ebl Diawa\" \/>\n<meta name=\"twitter:card\" content=\"summary_large_image\" \/>\n<meta name=\"twitter:label1\" content=\"\u00c9crit par\" \/>\n\t<meta name=\"twitter:data1\" content=\"Jo\u00ebl Diawa\" \/>\n\t<meta name=\"twitter:label2\" content=\"Dur\u00e9e de lecture estim\u00e9e\" \/>\n\t<meta name=\"twitter:data2\" content=\"3 minutes\" \/>\n<script type=\"application\/ld+json\" class=\"yoast-schema-graph\">{\"@context\":\"https:\\\/\\\/schema.org\",\"@graph\":[{\"@type\":\"Article\",\"@id\":\"https:\\\/\\\/infos-droitshumains.net\\\/?p=3674#article\",\"isPartOf\":{\"@id\":\"https:\\\/\\\/infos-droitshumains.net\\\/?p=3674\"},\"author\":{\"name\":\"Jo\u00ebl Diawa\",\"@id\":\"https:\\\/\\\/infos-droitshumains.net\\\/#\\\/schema\\\/person\\\/3dc5e921c3302172e0ed4362f96faab7\"},\"headline\":\"Affaires RAM: Trois op\u00e9rateurs de t\u00e9l\u00e9communication risquent des lourdes sanctions\",\"datePublished\":\"2022-05-03T22:55:00+00:00\",\"dateModified\":\"2023-04-06T10:09:08+00:00\",\"mainEntityOfPage\":{\"@id\":\"https:\\\/\\\/infos-droitshumains.net\\\/?p=3674\"},\"wordCount\":678,\"publisher\":{\"@id\":\"https:\\\/\\\/infos-droitshumains.net\\\/#organization\"},\"inLanguage\":\"fr-FR\"},{\"@type\":\"WebPage\",\"@id\":\"https:\\\/\\\/infos-droitshumains.net\\\/?p=3674\",\"url\":\"https:\\\/\\\/infos-droitshumains.net\\\/?p=3674\",\"name\":\"Affaires RAM: Trois op\u00e9rateurs de t\u00e9l\u00e9communication risquent des lourdes sanctions - Infos Droits Humains\",\"isPartOf\":{\"@id\":\"https:\\\/\\\/infos-droitshumains.net\\\/#website\"},\"datePublished\":\"2022-05-03T22:55:00+00:00\",\"dateModified\":\"2023-04-06T10:09:08+00:00\",\"breadcrumb\":{\"@id\":\"https:\\\/\\\/infos-droitshumains.net\\\/?p=3674#breadcrumb\"},\"inLanguage\":\"fr-FR\",\"potentialAction\":[{\"@type\":\"ReadAction\",\"target\":[\"https:\\\/\\\/infos-droitshumains.net\\\/?p=3674\"]}]},{\"@type\":\"BreadcrumbList\",\"@id\":\"https:\\\/\\\/infos-droitshumains.net\\\/?p=3674#breadcrumb\",\"itemListElement\":[{\"@type\":\"ListItem\",\"position\":1,\"name\":\"Accueil\",\"item\":\"https:\\\/\\\/infos-droitshumains.net\\\/\"},{\"@type\":\"ListItem\",\"position\":2,\"name\":\"Affaires RAM: Trois op\u00e9rateurs de t\u00e9l\u00e9communication risquent des lourdes sanctions\"}]},{\"@type\":\"WebSite\",\"@id\":\"https:\\\/\\\/infos-droitshumains.net\\\/#website\",\"url\":\"https:\\\/\\\/infos-droitshumains.net\\\/\",\"name\":\"Infos Droits Humains\",\"description\":\"S&#039;informer est un droit\",\"publisher\":{\"@id\":\"https:\\\/\\\/infos-droitshumains.net\\\/#organization\"},\"potentialAction\":[{\"@type\":\"SearchAction\",\"target\":{\"@type\":\"EntryPoint\",\"urlTemplate\":\"https:\\\/\\\/infos-droitshumains.net\\\/?s={search_term_string}\"},\"query-input\":{\"@type\":\"PropertyValueSpecification\",\"valueRequired\":true,\"valueName\":\"search_term_string\"}}],\"inLanguage\":\"fr-FR\"},{\"@type\":\"Organization\",\"@id\":\"https:\\\/\\\/infos-droitshumains.net\\\/#organization\",\"name\":\"Infos Droits Humains\",\"url\":\"https:\\\/\\\/infos-droitshumains.net\\\/\",\"logo\":{\"@type\":\"ImageObject\",\"inLanguage\":\"fr-FR\",\"@id\":\"https:\\\/\\\/infos-droitshumains.net\\\/#\\\/schema\\\/logo\\\/image\\\/\",\"url\":\"https:\\\/\\\/i0.wp.com\\\/infos-droitshumains.net\\\/wp-content\\\/uploads\\\/2022\\\/05\\\/Logo.png?fit=333%2C129&ssl=1\",\"contentUrl\":\"https:\\\/\\\/i0.wp.com\\\/infos-droitshumains.net\\\/wp-content\\\/uploads\\\/2022\\\/05\\\/Logo.png?fit=333%2C129&ssl=1\",\"width\":333,\"height\":129,\"caption\":\"Infos Droits Humains\"},\"image\":{\"@id\":\"https:\\\/\\\/infos-droitshumains.net\\\/#\\\/schema\\\/logo\\\/image\\\/\"}},{\"@type\":\"Person\",\"@id\":\"https:\\\/\\\/infos-droitshumains.net\\\/#\\\/schema\\\/person\\\/3dc5e921c3302172e0ed4362f96faab7\",\"name\":\"Jo\u00ebl Diawa\",\"image\":{\"@type\":\"ImageObject\",\"inLanguage\":\"fr-FR\",\"@id\":\"https:\\\/\\\/secure.gravatar.com\\\/avatar\\\/729bea6ff4604c624417803c477363be8e3c7186deaa65713313f9b4b820f41c?s=96&d=mm&r=g\",\"url\":\"https:\\\/\\\/secure.gravatar.com\\\/avatar\\\/729bea6ff4604c624417803c477363be8e3c7186deaa65713313f9b4b820f41c?s=96&d=mm&r=g\",\"contentUrl\":\"https:\\\/\\\/secure.gravatar.com\\\/avatar\\\/729bea6ff4604c624417803c477363be8e3c7186deaa65713313f9b4b820f41c?s=96&d=mm&r=g\",\"caption\":\"Jo\u00ebl Diawa\"},\"sameAs\":[\"https:\\\/\\\/www.infos-droitshumains.net\"],\"url\":\"https:\\\/\\\/infos-droitshumains.net\\\/?author=2\"}]}<\/script>\n<!-- \/ Yoast SEO plugin. -->","yoast_head_json":{"title":"Affaires RAM: Trois op\u00e9rateurs de t\u00e9l\u00e9communication risquent des lourdes sanctions - Infos Droits Humains","robots":{"index":"index","follow":"follow","max-snippet":"max-snippet:-1","max-image-preview":"max-image-preview:large","max-video-preview":"max-video-preview:-1"},"canonical":"https:\/\/infos-droitshumains.net\/?p=3674","og_locale":"fr_FR","og_type":"article","og_title":"Affaires RAM: Trois op\u00e9rateurs de t\u00e9l\u00e9communication risquent des lourdes sanctions - Infos Droits Humains","og_description":"R\u00e9daction :+243817406088 Trois soci\u00e9t\u00e9s de t\u00e9l\u00e9communication qui op\u00e8rent en R\u00e9publique D\u00e9mocratique du Congo sont assign\u00e9es...","og_url":"https:\/\/infos-droitshumains.net\/?p=3674","og_site_name":"Infos Droits Humains","article_published_time":"2022-05-03T22:55:00+00:00","article_modified_time":"2023-04-06T10:09:08+00:00","author":"Jo\u00ebl Diawa","twitter_card":"summary_large_image","twitter_misc":{"\u00c9crit par":"Jo\u00ebl Diawa","Dur\u00e9e de lecture estim\u00e9e":"3 minutes"},"schema":{"@context":"https:\/\/schema.org","@graph":[{"@type":"Article","@id":"https:\/\/infos-droitshumains.net\/?p=3674#article","isPartOf":{"@id":"https:\/\/infos-droitshumains.net\/?p=3674"},"author":{"name":"Jo\u00ebl Diawa","@id":"https:\/\/infos-droitshumains.net\/#\/schema\/person\/3dc5e921c3302172e0ed4362f96faab7"},"headline":"Affaires RAM: Trois op\u00e9rateurs de t\u00e9l\u00e9communication risquent des lourdes sanctions","datePublished":"2022-05-03T22:55:00+00:00","dateModified":"2023-04-06T10:09:08+00:00","mainEntityOfPage":{"@id":"https:\/\/infos-droitshumains.net\/?p=3674"},"wordCount":678,"publisher":{"@id":"https:\/\/infos-droitshumains.net\/#organization"},"inLanguage":"fr-FR"},{"@type":"WebPage","@id":"https:\/\/infos-droitshumains.net\/?p=3674","url":"https:\/\/infos-droitshumains.net\/?p=3674","name":"Affaires RAM: Trois op\u00e9rateurs de t\u00e9l\u00e9communication risquent des lourdes sanctions - Infos Droits Humains","isPartOf":{"@id":"https:\/\/infos-droitshumains.net\/#website"},"datePublished":"2022-05-03T22:55:00+00:00","dateModified":"2023-04-06T10:09:08+00:00","breadcrumb":{"@id":"https:\/\/infos-droitshumains.net\/?p=3674#breadcrumb"},"inLanguage":"fr-FR","potentialAction":[{"@type":"ReadAction","target":["https:\/\/infos-droitshumains.net\/?p=3674"]}]},{"@type":"BreadcrumbList","@id":"https:\/\/infos-droitshumains.net\/?p=3674#breadcrumb","itemListElement":[{"@type":"ListItem","position":1,"name":"Accueil","item":"https:\/\/infos-droitshumains.net\/"},{"@type":"ListItem","position":2,"name":"Affaires RAM: Trois op\u00e9rateurs de t\u00e9l\u00e9communication risquent des lourdes sanctions"}]},{"@type":"WebSite","@id":"https:\/\/infos-droitshumains.net\/#website","url":"https:\/\/infos-droitshumains.net\/","name":"Infos Droits Humains","description":"S&#039;informer est un droit","publisher":{"@id":"https:\/\/infos-droitshumains.net\/#organization"},"potentialAction":[{"@type":"SearchAction","target":{"@type":"EntryPoint","urlTemplate":"https:\/\/infos-droitshumains.net\/?s={search_term_string}"},"query-input":{"@type":"PropertyValueSpecification","valueRequired":true,"valueName":"search_term_string"}}],"inLanguage":"fr-FR"},{"@type":"Organization","@id":"https:\/\/infos-droitshumains.net\/#organization","name":"Infos Droits Humains","url":"https:\/\/infos-droitshumains.net\/","logo":{"@type":"ImageObject","inLanguage":"fr-FR","@id":"https:\/\/infos-droitshumains.net\/#\/schema\/logo\/image\/","url":"https:\/\/i0.wp.com\/infos-droitshumains.net\/wp-content\/uploads\/2022\/05\/Logo.png?fit=333%2C129&ssl=1","contentUrl":"https:\/\/i0.wp.com\/infos-droitshumains.net\/wp-content\/uploads\/2022\/05\/Logo.png?fit=333%2C129&ssl=1","width":333,"height":129,"caption":"Infos Droits Humains"},"image":{"@id":"https:\/\/infos-droitshumains.net\/#\/schema\/logo\/image\/"}},{"@type":"Person","@id":"https:\/\/infos-droitshumains.net\/#\/schema\/person\/3dc5e921c3302172e0ed4362f96faab7","name":"Jo\u00ebl Diawa","image":{"@type":"ImageObject","inLanguage":"fr-FR","@id":"https:\/\/secure.gravatar.com\/avatar\/729bea6ff4604c624417803c477363be8e3c7186deaa65713313f9b4b820f41c?s=96&d=mm&r=g","url":"https:\/\/secure.gravatar.com\/avatar\/729bea6ff4604c624417803c477363be8e3c7186deaa65713313f9b4b820f41c?s=96&d=mm&r=g","contentUrl":"https:\/\/secure.gravatar.com\/avatar\/729bea6ff4604c624417803c477363be8e3c7186deaa65713313f9b4b820f41c?s=96&d=mm&r=g","caption":"Jo\u00ebl Diawa"},"sameAs":["https:\/\/www.infos-droitshumains.net"],"url":"https:\/\/infos-droitshumains.net\/?author=2"}]}},"featured_image_urls":{"full":"","thumbnail":"","medium":"","medium_large":"","large":"","1536x1536":"","2048x2048":"","covernews-slider-full":"","covernews-slider-center":"","covernews-featured":"","covernews-medium":"","covernews-medium-square":""},"author_info":{"display_name":"Jo\u00ebl Diawa","author_link":"https:\/\/infos-droitshumains.net\/?author=2"},"category_info":"<a href=\"https:\/\/infos-droitshumains.net\/?cat=1\" rel=\"category\">Non class\u00e9<\/a>","tag_info":"Non class\u00e9","comment_count":"0","jetpack_featured_media_url":"","jetpack-related-posts":[],"jetpack_sharing_enabled":true,"_links":{"self":[{"href":"https:\/\/infos-droitshumains.net\/index.php?rest_route=\/wp\/v2\/posts\/3674","targetHints":{"allow":["GET"]}}],"collection":[{"href":"https:\/\/infos-droitshumains.net\/index.php?rest_route=\/wp\/v2\/posts"}],"about":[{"href":"https:\/\/infos-droitshumains.net\/index.php?rest_route=\/wp\/v2\/types\/post"}],"author":[{"embeddable":true,"href":"https:\/\/infos-droitshumains.net\/index.php?rest_route=\/wp\/v2\/users\/2"}],"replies":[{"embeddable":true,"href":"https:\/\/infos-droitshumains.net\/index.php?rest_route=%2Fwp%2Fv2%2Fcomments&post=3674"}],"version-history":[{"count":2,"href":"https:\/\/infos-droitshumains.net\/index.php?rest_route=\/wp\/v2\/posts\/3674\/revisions"}],"predecessor-version":[{"id":3676,"href":"https:\/\/infos-droitshumains.net\/index.php?rest_route=\/wp\/v2\/posts\/3674\/revisions\/3676"}],"wp:attachment":[{"href":"https:\/\/infos-droitshumains.net\/index.php?rest_route=%2Fwp%2Fv2%2Fmedia&parent=3674"}],"wp:term":[{"taxonomy":"category","embeddable":true,"href":"https:\/\/infos-droitshumains.net\/index.php?rest_route=%2Fwp%2Fv2%2Fcategories&post=3674"},{"taxonomy":"post_tag","embeddable":true,"href":"https:\/\/infos-droitshumains.net\/index.php?rest_route=%2Fwp%2Fv2%2Ftags&post=3674"}],"curies":[{"name":"wp","href":"https:\/\/api.w.org\/{rel}","templated":true}]}}