{"id":3657,"date":"2022-05-02T20:34:19","date_gmt":"2022-05-02T18:34:19","guid":{"rendered":"https:\/\/infos-droitshumains.net\/?p=3657"},"modified":"2023-04-06T12:09:08","modified_gmt":"2023-04-06T10:09:08","slug":"competence-des-juridictions-congolaises-pour-juger-augustin-matata-ponyo-et-si-la-cour-de-cassation-donnait-raison-a-me-carlos-ngwapitshi","status":"publish","type":"post","link":"https:\/\/infos-droitshumains.net\/?p=3657","title":{"rendered":"Comp\u00e9tence des juridictions congolaises pour juger Augustin Matata Ponyo: Et si le Parquet pr\u00e8s la Cour de Cassation donnait raison \u00e0 Me. Carlos Ngwapitshi?"},"content":{"rendered":"\n<p><strong>R\u00e9daction:+243817406088<\/strong><\/p>\n\n\n\n<p>C\u2019est un d\u00e9bat qui a toujours divis\u00e9 les juristes de la R\u00e9publique D\u00e9mocratique du Congo. Alors que la Cour Constitutionnelle s\u2019\u00e9tait d\u00e9clar\u00e9 incomp\u00e9tente pour juger l\u2019ancien Premier-Ministre Augustin Matata Ponyo dans le dossier Bukanga-Lonzo, plusieurs hommes en toge noire avaient estim\u00e9 que la haute Cour n\u2019avait pas dit le bon droit.<\/p>\n\n\n\n<p>De son c\u00f4t\u00e9, Me. Carlos Ngwapitshi Ngwapitshi, dans une tribune publi\u00e9e sur le site www.infos-droitshumains.net intitul\u00e9e \u00abTous les anciens pr\u00e9sidents de la R\u00e9publique et premiers ministres sont-ils injugeables devant les juridictions congolaises de Droit Commun pour des faits Infractionnels commis dans l\u2019exercice ou \u00e0 l\u2019occasion de l\u2019exercice de leurs fonctions?\u00bb, avait donn\u00e9 sa position.<\/p>\n\n\n\n<p>Apr\u00e8s avoir interpr\u00e9t\u00e9 les dispositions des articles 164 de la constitution du 18 f\u00e9vrier 2006, 72 et 108 de la loi organique du 15 octobre 2013 portant organisation et fonctionnement de la Cour Constitutionnelle, cet avocat du barreau au Kinshasa\/Gombe \u00e9tait parvenu \u00e0 la conclusion selon laquelle, Augustin Matata Ponyo, tout comme les autre anciens Premier-Ministres et anciens Pr\u00e9sidents de la R\u00e9publique ne peuvent pas \u00eatre jug\u00e9s par les juridictions des congolaises de droit commun, les <\/p>\n\n\n\n<p><em>\u00abIl va s\u2019en dire que pour toutes les infractions commises dans l\u2019exercice ou \u00e0 l\u2019occasion de l\u2019exercice de leurs fonctions par Messieurs Joseph Kabila, Muzito, Matata, Badibanga, Tshibala et Ilunkamba, et qui n\u2019ont pas fait l\u2019objet des poursuites pendant qu\u2019ils \u00e9taient en fonction, sont \u00e0 ce jour, \u00e9teintes des poursuites p\u00e9nales et prescrites\u00bb<\/em>, avait conclu Ma\u00eetre Carlos Ngwapitshi.<\/p>\n\n\n\n<p>En d\u00e9pit des contradictions sporadiques, personne n\u2019est arriv\u00e9e \u00e0 ce jour, opposer une antith\u00e8se sur une base juridique bien solide.<\/p>\n\n\n\n<p>Cette th\u00e8se de Me. Carlos Ngwapitshi vient d\u2019\u00eatre confirm\u00e9e par le Procureur G\u00e9n\u00e9ral pr\u00e8s la Cour de Cassation.<\/p>\n\n\n\n<p>Dans une correspondance, adress\u00e9e au  Pr\u00e9sident de la R\u00e9publique lui faisant le rapport du dossier judiciaire affaire Minist\u00e8re contre Matata Ponyo et consorts, Victor Mumba Mukomo a expliqu\u00e9 qu\u2019en ce jour, aucune autre juridiction ne peut engager des poursuites contre Augustin Matata Ponyo et consorts dans le m\u00eame dossier du parc agro-industriel de Bukanga-Lonzo.<\/p>\n\n\n\n<p><em>\u00abL\u2019examen minutieux du dossier me transmis par le Parquet G\u00e9n\u00e9ral pr\u00e8s la Cour Constitutionnelle a permis \u00e0 l\u2019\u00e9quipe d\u2019arriver \u00e0 la conclusion consign\u00e9e dans le rapport. Celle-ci se r\u00e9sume en ce que, toutes les infractions commises par le Premier-Ministre pendant ou \u00e0 l\u2019occasion l\u2019exercice de ses fonctions ne peuvent \u00eatre jug\u00e9es que par la Cour Constitutionnelle (article 163, 164 de la constitution). Ainsi, s\u2019\u00e9tant d\u00e9clar\u00e9e incomp\u00e9tente \u00e0 conna\u00eetre des poursuites engag\u00e9es contre les pr\u00e9venus Matata Ponyo et consorts, aucune autre juridiction ne peut engager une action pour ces m\u00eames faits contre l\u2019ancien Premier-Ministre\u00bb<\/em>, a \u00e9crit Victor Mumba Mukomo \u00e0 F\u00e9lix Tshisekedi.<\/p>\n\n\n\n<figure class=\"wp-block-image alignfull size-large\"><img data-recalc-dims=\"1\" decoding=\"async\" src=\"https:\/\/i0.wp.com\/infos-droitshumains.net\/wp-content\/uploads\/2022\/05\/IMG-20220502-WA0020_1.jpg?w=640&#038;ssl=1\" alt=\"\" class=\"wp-image-3662\"\/><\/figure>\n\n\n\n<figure class=\"wp-block-image alignfull size-large\"><img data-recalc-dims=\"1\" decoding=\"async\" src=\"https:\/\/i0.wp.com\/infos-droitshumains.net\/wp-content\/uploads\/2022\/05\/IMG-20220502-WA0021_1.jpg?w=640&#038;ssl=1\" alt=\"\" class=\"wp-image-3664\"\/><\/figure>\n\n\n\n<p>Bien que cette correspondance ne serait pas authentique, la position qui y est prise vient conforter la th\u00e8se de Ma\u00eetre Carlos Ngwapitshi qui,  n\u2019est pas loin d\u2019\u00eatre juridiquement plausible. <\/p>\n\n\n\n<p>La R\u00e9daction<\/p>\n","protected":false},"excerpt":{"rendered":"<p>R\u00e9daction:+243817406088 C\u2019est un d\u00e9bat qui a toujours divis\u00e9 les juristes de la R\u00e9publique D\u00e9mocratique du&#8230;<\/p>\n","protected":false},"author":2,"featured_media":0,"comment_status":"closed","ping_status":"open","sticky":false,"template":"","format":"standard","meta":{"_jetpack_memberships_contains_paid_content":false,"footnotes":""},"categories":[1],"tags":[],"class_list":["post-3657","post","type-post","status-publish","format-standard","hentry","category-non-classe"],"yoast_head":"<!-- This site is optimized with the Yoast SEO plugin v27.5 - https:\/\/yoast.com\/product\/yoast-seo-wordpress\/ -->\n<title>Comp\u00e9tence des juridictions congolaises pour juger Augustin Matata Ponyo: Et si le Parquet pr\u00e8s la Cour de Cassation donnait raison \u00e0 Me. Carlos Ngwapitshi? - Infos Droits Humains<\/title>\n<meta name=\"robots\" content=\"index, follow, max-snippet:-1, max-image-preview:large, max-video-preview:-1\" \/>\n<link rel=\"canonical\" href=\"https:\/\/infos-droitshumains.net\/?p=3657\" \/>\n<meta property=\"og:locale\" content=\"fr_FR\" \/>\n<meta property=\"og:type\" content=\"article\" \/>\n<meta property=\"og:title\" content=\"Comp\u00e9tence des juridictions congolaises pour juger Augustin Matata Ponyo: Et si le Parquet pr\u00e8s la Cour de Cassation donnait raison \u00e0 Me. Carlos Ngwapitshi? - Infos Droits Humains\" \/>\n<meta property=\"og:description\" content=\"R\u00e9daction:+243817406088 C\u2019est un d\u00e9bat qui a toujours divis\u00e9 les juristes de la R\u00e9publique D\u00e9mocratique du...\" \/>\n<meta property=\"og:url\" content=\"https:\/\/infos-droitshumains.net\/?p=3657\" \/>\n<meta property=\"og:site_name\" content=\"Infos Droits Humains\" \/>\n<meta property=\"article:published_time\" content=\"2022-05-02T18:34:19+00:00\" \/>\n<meta property=\"article:modified_time\" content=\"2023-04-06T10:09:08+00:00\" \/>\n<meta property=\"og:image\" content=\"https:\/\/infos-droitshumains.net\/wp-content\/uploads\/2022\/05\/IMG-20220502-WA0020_1.jpg\" \/>\n<meta name=\"author\" content=\"Jo\u00ebl Diawa\" \/>\n<meta name=\"twitter:card\" content=\"summary_large_image\" \/>\n<meta name=\"twitter:label1\" content=\"\u00c9crit par\" \/>\n\t<meta name=\"twitter:data1\" content=\"Jo\u00ebl Diawa\" \/>\n\t<meta name=\"twitter:label2\" content=\"Dur\u00e9e de lecture estim\u00e9e\" \/>\n\t<meta name=\"twitter:data2\" content=\"3 minutes\" \/>\n<script type=\"application\/ld+json\" class=\"yoast-schema-graph\">{\"@context\":\"https:\\\/\\\/schema.org\",\"@graph\":[{\"@type\":\"Article\",\"@id\":\"https:\\\/\\\/infos-droitshumains.net\\\/?p=3657#article\",\"isPartOf\":{\"@id\":\"https:\\\/\\\/infos-droitshumains.net\\\/?p=3657\"},\"author\":{\"name\":\"Jo\u00ebl Diawa\",\"@id\":\"https:\\\/\\\/infos-droitshumains.net\\\/#\\\/schema\\\/person\\\/3dc5e921c3302172e0ed4362f96faab7\"},\"headline\":\"Comp\u00e9tence des juridictions congolaises pour juger Augustin Matata Ponyo: Et si le Parquet pr\u00e8s la Cour de Cassation donnait raison \u00e0 Me. Carlos Ngwapitshi?\",\"datePublished\":\"2022-05-02T18:34:19+00:00\",\"dateModified\":\"2023-04-06T10:09:08+00:00\",\"mainEntityOfPage\":{\"@id\":\"https:\\\/\\\/infos-droitshumains.net\\\/?p=3657\"},\"wordCount\":548,\"publisher\":{\"@id\":\"https:\\\/\\\/infos-droitshumains.net\\\/#organization\"},\"image\":{\"@id\":\"https:\\\/\\\/infos-droitshumains.net\\\/?p=3657#primaryimage\"},\"thumbnailUrl\":\"https:\\\/\\\/infos-droitshumains.net\\\/wp-content\\\/uploads\\\/2022\\\/05\\\/IMG-20220502-WA0020_1.jpg\",\"inLanguage\":\"fr-FR\"},{\"@type\":\"WebPage\",\"@id\":\"https:\\\/\\\/infos-droitshumains.net\\\/?p=3657\",\"url\":\"https:\\\/\\\/infos-droitshumains.net\\\/?p=3657\",\"name\":\"Comp\u00e9tence des juridictions congolaises pour juger Augustin Matata Ponyo: Et si le Parquet pr\u00e8s la Cour de Cassation donnait raison \u00e0 Me. Carlos Ngwapitshi? - Infos Droits Humains\",\"isPartOf\":{\"@id\":\"https:\\\/\\\/infos-droitshumains.net\\\/#website\"},\"primaryImageOfPage\":{\"@id\":\"https:\\\/\\\/infos-droitshumains.net\\\/?p=3657#primaryimage\"},\"image\":{\"@id\":\"https:\\\/\\\/infos-droitshumains.net\\\/?p=3657#primaryimage\"},\"thumbnailUrl\":\"https:\\\/\\\/infos-droitshumains.net\\\/wp-content\\\/uploads\\\/2022\\\/05\\\/IMG-20220502-WA0020_1.jpg\",\"datePublished\":\"2022-05-02T18:34:19+00:00\",\"dateModified\":\"2023-04-06T10:09:08+00:00\",\"breadcrumb\":{\"@id\":\"https:\\\/\\\/infos-droitshumains.net\\\/?p=3657#breadcrumb\"},\"inLanguage\":\"fr-FR\",\"potentialAction\":[{\"@type\":\"ReadAction\",\"target\":[\"https:\\\/\\\/infos-droitshumains.net\\\/?p=3657\"]}]},{\"@type\":\"ImageObject\",\"inLanguage\":\"fr-FR\",\"@id\":\"https:\\\/\\\/infos-droitshumains.net\\\/?p=3657#primaryimage\",\"url\":\"https:\\\/\\\/infos-droitshumains.net\\\/wp-content\\\/uploads\\\/2022\\\/05\\\/IMG-20220502-WA0020_1.jpg\",\"contentUrl\":\"https:\\\/\\\/infos-droitshumains.net\\\/wp-content\\\/uploads\\\/2022\\\/05\\\/IMG-20220502-WA0020_1.jpg\"},{\"@type\":\"BreadcrumbList\",\"@id\":\"https:\\\/\\\/infos-droitshumains.net\\\/?p=3657#breadcrumb\",\"itemListElement\":[{\"@type\":\"ListItem\",\"position\":1,\"name\":\"Accueil\",\"item\":\"https:\\\/\\\/infos-droitshumains.net\\\/\"},{\"@type\":\"ListItem\",\"position\":2,\"name\":\"Comp\u00e9tence des juridictions congolaises pour juger Augustin Matata Ponyo: Et si le Parquet pr\u00e8s la Cour de Cassation donnait raison \u00e0 Me. Carlos Ngwapitshi?\"}]},{\"@type\":\"WebSite\",\"@id\":\"https:\\\/\\\/infos-droitshumains.net\\\/#website\",\"url\":\"https:\\\/\\\/infos-droitshumains.net\\\/\",\"name\":\"Infos Droits Humains\",\"description\":\"S&#039;informer est un droit\",\"publisher\":{\"@id\":\"https:\\\/\\\/infos-droitshumains.net\\\/#organization\"},\"potentialAction\":[{\"@type\":\"SearchAction\",\"target\":{\"@type\":\"EntryPoint\",\"urlTemplate\":\"https:\\\/\\\/infos-droitshumains.net\\\/?s={search_term_string}\"},\"query-input\":{\"@type\":\"PropertyValueSpecification\",\"valueRequired\":true,\"valueName\":\"search_term_string\"}}],\"inLanguage\":\"fr-FR\"},{\"@type\":\"Organization\",\"@id\":\"https:\\\/\\\/infos-droitshumains.net\\\/#organization\",\"name\":\"Infos Droits Humains\",\"url\":\"https:\\\/\\\/infos-droitshumains.net\\\/\",\"logo\":{\"@type\":\"ImageObject\",\"inLanguage\":\"fr-FR\",\"@id\":\"https:\\\/\\\/infos-droitshumains.net\\\/#\\\/schema\\\/logo\\\/image\\\/\",\"url\":\"https:\\\/\\\/i0.wp.com\\\/infos-droitshumains.net\\\/wp-content\\\/uploads\\\/2022\\\/05\\\/Logo.png?fit=333%2C129&ssl=1\",\"contentUrl\":\"https:\\\/\\\/i0.wp.com\\\/infos-droitshumains.net\\\/wp-content\\\/uploads\\\/2022\\\/05\\\/Logo.png?fit=333%2C129&ssl=1\",\"width\":333,\"height\":129,\"caption\":\"Infos Droits Humains\"},\"image\":{\"@id\":\"https:\\\/\\\/infos-droitshumains.net\\\/#\\\/schema\\\/logo\\\/image\\\/\"}},{\"@type\":\"Person\",\"@id\":\"https:\\\/\\\/infos-droitshumains.net\\\/#\\\/schema\\\/person\\\/3dc5e921c3302172e0ed4362f96faab7\",\"name\":\"Jo\u00ebl Diawa\",\"image\":{\"@type\":\"ImageObject\",\"inLanguage\":\"fr-FR\",\"@id\":\"https:\\\/\\\/secure.gravatar.com\\\/avatar\\\/729bea6ff4604c624417803c477363be8e3c7186deaa65713313f9b4b820f41c?s=96&d=mm&r=g\",\"url\":\"https:\\\/\\\/secure.gravatar.com\\\/avatar\\\/729bea6ff4604c624417803c477363be8e3c7186deaa65713313f9b4b820f41c?s=96&d=mm&r=g\",\"contentUrl\":\"https:\\\/\\\/secure.gravatar.com\\\/avatar\\\/729bea6ff4604c624417803c477363be8e3c7186deaa65713313f9b4b820f41c?s=96&d=mm&r=g\",\"caption\":\"Jo\u00ebl Diawa\"},\"sameAs\":[\"https:\\\/\\\/www.infos-droitshumains.net\"],\"url\":\"https:\\\/\\\/infos-droitshumains.net\\\/?author=2\"}]}<\/script>\n<!-- \/ Yoast SEO plugin. -->","yoast_head_json":{"title":"Comp\u00e9tence des juridictions congolaises pour juger Augustin Matata Ponyo: Et si le Parquet pr\u00e8s la Cour de Cassation donnait raison \u00e0 Me. Carlos Ngwapitshi? - Infos Droits Humains","robots":{"index":"index","follow":"follow","max-snippet":"max-snippet:-1","max-image-preview":"max-image-preview:large","max-video-preview":"max-video-preview:-1"},"canonical":"https:\/\/infos-droitshumains.net\/?p=3657","og_locale":"fr_FR","og_type":"article","og_title":"Comp\u00e9tence des juridictions congolaises pour juger Augustin Matata Ponyo: Et si le Parquet pr\u00e8s la Cour de Cassation donnait raison \u00e0 Me. Carlos Ngwapitshi? - Infos Droits Humains","og_description":"R\u00e9daction:+243817406088 C\u2019est un d\u00e9bat qui a toujours divis\u00e9 les juristes de la R\u00e9publique D\u00e9mocratique du...","og_url":"https:\/\/infos-droitshumains.net\/?p=3657","og_site_name":"Infos Droits Humains","article_published_time":"2022-05-02T18:34:19+00:00","article_modified_time":"2023-04-06T10:09:08+00:00","og_image":[{"url":"https:\/\/infos-droitshumains.net\/wp-content\/uploads\/2022\/05\/IMG-20220502-WA0020_1.jpg","type":"","width":"","height":""}],"author":"Jo\u00ebl Diawa","twitter_card":"summary_large_image","twitter_misc":{"\u00c9crit par":"Jo\u00ebl Diawa","Dur\u00e9e de lecture estim\u00e9e":"3 minutes"},"schema":{"@context":"https:\/\/schema.org","@graph":[{"@type":"Article","@id":"https:\/\/infos-droitshumains.net\/?p=3657#article","isPartOf":{"@id":"https:\/\/infos-droitshumains.net\/?p=3657"},"author":{"name":"Jo\u00ebl Diawa","@id":"https:\/\/infos-droitshumains.net\/#\/schema\/person\/3dc5e921c3302172e0ed4362f96faab7"},"headline":"Comp\u00e9tence des juridictions congolaises pour juger Augustin Matata Ponyo: Et si le Parquet pr\u00e8s la Cour de Cassation donnait raison \u00e0 Me. Carlos Ngwapitshi?","datePublished":"2022-05-02T18:34:19+00:00","dateModified":"2023-04-06T10:09:08+00:00","mainEntityOfPage":{"@id":"https:\/\/infos-droitshumains.net\/?p=3657"},"wordCount":548,"publisher":{"@id":"https:\/\/infos-droitshumains.net\/#organization"},"image":{"@id":"https:\/\/infos-droitshumains.net\/?p=3657#primaryimage"},"thumbnailUrl":"https:\/\/infos-droitshumains.net\/wp-content\/uploads\/2022\/05\/IMG-20220502-WA0020_1.jpg","inLanguage":"fr-FR"},{"@type":"WebPage","@id":"https:\/\/infos-droitshumains.net\/?p=3657","url":"https:\/\/infos-droitshumains.net\/?p=3657","name":"Comp\u00e9tence des juridictions congolaises pour juger Augustin Matata Ponyo: Et si le Parquet pr\u00e8s la Cour de Cassation donnait raison \u00e0 Me. Carlos Ngwapitshi? - Infos Droits Humains","isPartOf":{"@id":"https:\/\/infos-droitshumains.net\/#website"},"primaryImageOfPage":{"@id":"https:\/\/infos-droitshumains.net\/?p=3657#primaryimage"},"image":{"@id":"https:\/\/infos-droitshumains.net\/?p=3657#primaryimage"},"thumbnailUrl":"https:\/\/infos-droitshumains.net\/wp-content\/uploads\/2022\/05\/IMG-20220502-WA0020_1.jpg","datePublished":"2022-05-02T18:34:19+00:00","dateModified":"2023-04-06T10:09:08+00:00","breadcrumb":{"@id":"https:\/\/infos-droitshumains.net\/?p=3657#breadcrumb"},"inLanguage":"fr-FR","potentialAction":[{"@type":"ReadAction","target":["https:\/\/infos-droitshumains.net\/?p=3657"]}]},{"@type":"ImageObject","inLanguage":"fr-FR","@id":"https:\/\/infos-droitshumains.net\/?p=3657#primaryimage","url":"https:\/\/infos-droitshumains.net\/wp-content\/uploads\/2022\/05\/IMG-20220502-WA0020_1.jpg","contentUrl":"https:\/\/infos-droitshumains.net\/wp-content\/uploads\/2022\/05\/IMG-20220502-WA0020_1.jpg"},{"@type":"BreadcrumbList","@id":"https:\/\/infos-droitshumains.net\/?p=3657#breadcrumb","itemListElement":[{"@type":"ListItem","position":1,"name":"Accueil","item":"https:\/\/infos-droitshumains.net\/"},{"@type":"ListItem","position":2,"name":"Comp\u00e9tence des juridictions congolaises pour juger Augustin Matata Ponyo: Et si le Parquet pr\u00e8s la Cour de Cassation donnait raison \u00e0 Me. Carlos Ngwapitshi?"}]},{"@type":"WebSite","@id":"https:\/\/infos-droitshumains.net\/#website","url":"https:\/\/infos-droitshumains.net\/","name":"Infos Droits Humains","description":"S&#039;informer est un droit","publisher":{"@id":"https:\/\/infos-droitshumains.net\/#organization"},"potentialAction":[{"@type":"SearchAction","target":{"@type":"EntryPoint","urlTemplate":"https:\/\/infos-droitshumains.net\/?s={search_term_string}"},"query-input":{"@type":"PropertyValueSpecification","valueRequired":true,"valueName":"search_term_string"}}],"inLanguage":"fr-FR"},{"@type":"Organization","@id":"https:\/\/infos-droitshumains.net\/#organization","name":"Infos Droits Humains","url":"https:\/\/infos-droitshumains.net\/","logo":{"@type":"ImageObject","inLanguage":"fr-FR","@id":"https:\/\/infos-droitshumains.net\/#\/schema\/logo\/image\/","url":"https:\/\/i0.wp.com\/infos-droitshumains.net\/wp-content\/uploads\/2022\/05\/Logo.png?fit=333%2C129&ssl=1","contentUrl":"https:\/\/i0.wp.com\/infos-droitshumains.net\/wp-content\/uploads\/2022\/05\/Logo.png?fit=333%2C129&ssl=1","width":333,"height":129,"caption":"Infos Droits Humains"},"image":{"@id":"https:\/\/infos-droitshumains.net\/#\/schema\/logo\/image\/"}},{"@type":"Person","@id":"https:\/\/infos-droitshumains.net\/#\/schema\/person\/3dc5e921c3302172e0ed4362f96faab7","name":"Jo\u00ebl Diawa","image":{"@type":"ImageObject","inLanguage":"fr-FR","@id":"https:\/\/secure.gravatar.com\/avatar\/729bea6ff4604c624417803c477363be8e3c7186deaa65713313f9b4b820f41c?s=96&d=mm&r=g","url":"https:\/\/secure.gravatar.com\/avatar\/729bea6ff4604c624417803c477363be8e3c7186deaa65713313f9b4b820f41c?s=96&d=mm&r=g","contentUrl":"https:\/\/secure.gravatar.com\/avatar\/729bea6ff4604c624417803c477363be8e3c7186deaa65713313f9b4b820f41c?s=96&d=mm&r=g","caption":"Jo\u00ebl Diawa"},"sameAs":["https:\/\/www.infos-droitshumains.net"],"url":"https:\/\/infos-droitshumains.net\/?author=2"}]}},"featured_image_urls":{"full":"","thumbnail":"","medium":"","medium_large":"","large":"","1536x1536":"","2048x2048":"","covernews-slider-full":"","covernews-slider-center":"","covernews-featured":"","covernews-medium":"","covernews-medium-square":""},"author_info":{"display_name":"Jo\u00ebl Diawa","author_link":"https:\/\/infos-droitshumains.net\/?author=2"},"category_info":"<a href=\"https:\/\/infos-droitshumains.net\/?cat=1\" rel=\"category\">Non class\u00e9<\/a>","tag_info":"Non class\u00e9","comment_count":"0","jetpack_featured_media_url":"","jetpack-related-posts":[],"jetpack_sharing_enabled":true,"_links":{"self":[{"href":"https:\/\/infos-droitshumains.net\/index.php?rest_route=\/wp\/v2\/posts\/3657","targetHints":{"allow":["GET"]}}],"collection":[{"href":"https:\/\/infos-droitshumains.net\/index.php?rest_route=\/wp\/v2\/posts"}],"about":[{"href":"https:\/\/infos-droitshumains.net\/index.php?rest_route=\/wp\/v2\/types\/post"}],"author":[{"embeddable":true,"href":"https:\/\/infos-droitshumains.net\/index.php?rest_route=\/wp\/v2\/users\/2"}],"replies":[{"embeddable":true,"href":"https:\/\/infos-droitshumains.net\/index.php?rest_route=%2Fwp%2Fv2%2Fcomments&post=3657"}],"version-history":[{"count":11,"href":"https:\/\/infos-droitshumains.net\/index.php?rest_route=\/wp\/v2\/posts\/3657\/revisions"}],"predecessor-version":[{"id":3671,"href":"https:\/\/infos-droitshumains.net\/index.php?rest_route=\/wp\/v2\/posts\/3657\/revisions\/3671"}],"wp:attachment":[{"href":"https:\/\/infos-droitshumains.net\/index.php?rest_route=%2Fwp%2Fv2%2Fmedia&parent=3657"}],"wp:term":[{"taxonomy":"category","embeddable":true,"href":"https:\/\/infos-droitshumains.net\/index.php?rest_route=%2Fwp%2Fv2%2Fcategories&post=3657"},{"taxonomy":"post_tag","embeddable":true,"href":"https:\/\/infos-droitshumains.net\/index.php?rest_route=%2Fwp%2Fv2%2Ftags&post=3657"}],"curies":[{"name":"wp","href":"https:\/\/api.w.org\/{rel}","templated":true}]}}