{"id":3636,"date":"2022-04-29T15:53:44","date_gmt":"2022-04-29T13:53:44","guid":{"rendered":"https:\/\/infos-droitshumains.net\/?p=3636"},"modified":"2023-04-06T12:09:08","modified_gmt":"2023-04-06T10:09:08","slug":"lutte-contre-la-traite-des-personnes-en-rdc-lapltp-et-loim-font-appel-au-concours-des-avocats-de-kinshasa","status":"publish","type":"post","link":"https:\/\/infos-droitshumains.net\/?p=3636","title":{"rendered":"Lutte contre la traite des personnes en RDC: l\u2019APLTP et l\u2019OIM font appel au concours des avocats de Kinshasa."},"content":{"rendered":"\n<p><strong>R\u00e9daction:+243817406088<\/strong><\/p>\n\n\n\n<h2 class=\"wp-block-heading\">L&rsquo;Agence pour la Pr\u00e9vention et la Lutte contre la Traite des Personnes, APLTP, en collaboration avec l\u2019Organisation Internationale pour les Migrations, OIM, ont organis\u00e9 ce vendredi \u00e0 Kinshasa, un atelier de sensibilisation contre la traite des personnes en RDC, au b\u00e9n\u00e9fice des avocats du barreau de Kinshasa\/Gombe et de Kinshasa\/Matete.<\/h2>\n\n\n\n<figure class=\"wp-block-image alignfull size-large\"><img data-recalc-dims=\"1\" height=\"351\" width=\"640\" decoding=\"async\" src=\"https:\/\/i0.wp.com\/infos-droitshumains.net\/wp-content\/uploads\/2022\/04\/IMG_20220429_093218_842-1024x562.jpg?resize=640%2C351&#038;ssl=1\" alt=\"\" class=\"wp-image-3640\"\/><\/figure>\n\n\n\n<p>Le choix des avocats se justifie dans la mesure o\u00f9 ils sont consid\u00e9r\u00e9s par l\u2019APLTP comme des partenaires sur lesquels, il faudra compter pour lutter contre la traite des personnes en RDC, a expliqu\u00e9 C\u00e9cile Rebecca Meta Kasanda, coordinatrice de l\u2019APLTP:<\/p>\n\n\n\n<p><em>\u00abLe barreau est un maillon essentiel et acteur principal de premi\u00e8re ligne. Lorsque une personne est vuln\u00e9rable et se trouve en difficult\u00e9, c\u2019est l\u2019avocat qui peut la secourir. Il va l\u2019accompagner tout au long du processus. Si aujourd\u2019hui la personne fait une d\u00e9nonciation, ou d\u00e9pose une plainte, elle a besoin d\u2019\u00eatre accompagner par un technicien, et ce technicien, c\u2019est avocat\u00bb.<\/em><\/p>\n\n\n\n<figure class=\"wp-block-image alignfull size-large\"><img data-recalc-dims=\"1\" decoding=\"async\" src=\"https:\/\/i0.wp.com\/infos-droitshumains.net\/wp-content\/uploads\/2022\/04\/IMG-20220429-WA0037_1.jpg?w=640&#038;ssl=1\" alt=\"\" class=\"wp-image-3642\"\/><\/figure>\n\n\n\n<p>Dans le cadre de lutte contre la traite des personnes, l\u2019avocat repr\u00e9sente une \u00e9tape importante du processus, dans la mesure o\u00f9 il est un maillon essentiel dans le processus de l\u2019am\u00e9lioration de la qualit\u00e9 de l\u2019assistance judiciaire aux victimes de cette violation de Droits de l\u2019Homme. Pour se faire, ils ont promis d\u2019accompagner la mission de l\u2019APLTP \u00e0 deux dimensions :<\/p>\n\n\n\n<p><em>\u00abD\u2019abord, revoir la bonne information, et puis la divulguer au diff\u00e9rentes structures qui collaborent avec les barreaux. L\u2019avocat par d\u00e9finition, a un sens de communication \u00e9lev\u00e9 et une audience ouverte. C\u2019est l\u2019occasion pour l\u2019occasion, de relayer l\u2019information de l\u2019agence\u00bb<\/em>, a expliqu\u00e9 Me. Jean-Claude Mbaki, B\u00e2tonnier de l\u2019ordre du barreau de Kinshasa\/Gombe.<\/p>\n\n\n\n<figure class=\"wp-block-image alignfull size-large\"><img data-recalc-dims=\"1\" decoding=\"async\" src=\"https:\/\/i0.wp.com\/infos-droitshumains.net\/wp-content\/uploads\/2022\/04\/IMG-20220429-WA0041_3.jpg?w=640&#038;ssl=1\" alt=\"\" class=\"wp-image-3644\"\/><\/figure>\n\n\n\n<p>L&rsquo;organisation Internationale pour les Migrations accompagne L&rsquo;APLTP gr\u00e2ce \u00e0 l&rsquo;appui du gouvernement am\u00e9ricain, \u00e0-travers l&rsquo;USAID. Son conseiller technique qui dans son expos\u00e9, a pr\u00e9sent\u00e9 les indicateurs de la traite des personnes ainsi que sa prise en charge, qualifie la traite des personnes comme \u00e9tant la plus grave violation des Droits de l\u2019Homme :<\/p>\n\n\n\n<p><em>\u00abLa traite des personnes c\u2019est l\u2019une des plus graves violations des droits de la personne dans le monde. En RDC il y a beaucoup des cas. Vous imaginez qu\u2019un avocat ne sache pas ce que c\u2019est la traite des personnes, c\u2019est lui qui est plac\u00e9 pour d\u00e9fendre les victimes ignore cette violation grave des droits de la personne ? C\u2019est important qu\u2019\u00e0 Kinshasa, tous les avocats soient sensibilis\u00e9s pour qu\u2019ils puissent d\u00e9fendre les victimes. Aujourd\u2019hui, l\u2019OIM est fi\u00e8re d\u2019accompagner l\u2019agence pour que les avocats soient sensibilis\u00e9s pour qu\u2019ils puissent d\u00e9fendre les victimes au niveau des tribunaux\u00bb<\/em>, a expliqu\u00e9 le Docteur Fils-Lien Ely Thelot.<\/p>\n\n\n\n<figure class=\"wp-block-image alignfull size-large\"><img data-recalc-dims=\"1\" decoding=\"async\" src=\"https:\/\/i0.wp.com\/infos-droitshumains.net\/wp-content\/uploads\/2022\/04\/IMG-20220429-WA0036_1.jpg?w=640&#038;ssl=1\" alt=\"\" class=\"wp-image-3646\"\/><\/figure>\n\n\n\n<p>Depuis la ratification  de la  R\u00e9publique d\u00e9mocratique du Congo, en 2005 ,\u00e0 la Convention des Nations-Unies contre la criminalit\u00e9 Transnationale organis\u00e9e, plus connue sous le nom de Convention de Palerme, instrument juridique de r\u00e9f\u00e9rence en mati\u00e8re de lutte contre la criminalit\u00e9 transnationale ainsi que son protocole additionnel visant \u00e0 pr\u00e9venir, r\u00e9primer et punir la Traite des personnes , ces instruments juridiques restent malheureusement m\u00e9connus des auxiliaires de la justice et partant, leur application est presque inexistante.<\/p>\n\n\n\n<p>Cet atelier a donc permis aux avocats de d\u2019en prendre connaissance pour mieux accompagner la RDC dans la lutte contre la traite des personnes.<\/p>\n\n\n\n<p>Jo\u00ebl Diawa<\/p>\n","protected":false},"excerpt":{"rendered":"<p>R\u00e9daction:+243817406088 L&rsquo;Agence pour la Pr\u00e9vention et la Lutte contre la Traite des Personnes, APLTP, en&#8230;<\/p>\n","protected":false},"author":2,"featured_media":0,"comment_status":"closed","ping_status":"open","sticky":false,"template":"","format":"standard","meta":{"_jetpack_memberships_contains_paid_content":false,"footnotes":""},"categories":[1],"tags":[],"class_list":["post-3636","post","type-post","status-publish","format-standard","hentry","category-non-classe"],"yoast_head":"<!-- This site is optimized with the Yoast SEO plugin v27.5 - https:\/\/yoast.com\/product\/yoast-seo-wordpress\/ -->\n<title>Lutte contre la traite des personnes en RDC: l\u2019APLTP et l\u2019OIM font appel au concours des avocats de Kinshasa. - Infos Droits Humains<\/title>\n<meta name=\"robots\" content=\"index, follow, max-snippet:-1, max-image-preview:large, max-video-preview:-1\" \/>\n<link rel=\"canonical\" href=\"https:\/\/infos-droitshumains.net\/?p=3636\" \/>\n<meta property=\"og:locale\" content=\"fr_FR\" \/>\n<meta property=\"og:type\" content=\"article\" \/>\n<meta property=\"og:title\" content=\"Lutte contre la traite des personnes en RDC: l\u2019APLTP et l\u2019OIM font appel au concours des avocats de Kinshasa. - Infos Droits Humains\" \/>\n<meta property=\"og:description\" content=\"R\u00e9daction:+243817406088 L&rsquo;Agence pour la Pr\u00e9vention et la Lutte contre la Traite des Personnes, APLTP, en...\" \/>\n<meta property=\"og:url\" content=\"https:\/\/infos-droitshumains.net\/?p=3636\" \/>\n<meta property=\"og:site_name\" content=\"Infos Droits Humains\" \/>\n<meta property=\"article:published_time\" content=\"2022-04-29T13:53:44+00:00\" \/>\n<meta property=\"article:modified_time\" content=\"2023-04-06T10:09:08+00:00\" \/>\n<meta property=\"og:image\" content=\"https:\/\/infos-droitshumains.net\/wp-content\/uploads\/2022\/04\/IMG_20220429_093218_842-1024x562.jpg\" \/>\n<meta name=\"author\" content=\"Jo\u00ebl Diawa\" \/>\n<meta name=\"twitter:card\" content=\"summary_large_image\" \/>\n<meta name=\"twitter:label1\" content=\"\u00c9crit par\" \/>\n\t<meta name=\"twitter:data1\" content=\"Jo\u00ebl Diawa\" \/>\n\t<meta name=\"twitter:label2\" content=\"Dur\u00e9e de lecture estim\u00e9e\" \/>\n\t<meta name=\"twitter:data2\" content=\"3 minutes\" \/>\n<script type=\"application\/ld+json\" class=\"yoast-schema-graph\">{\"@context\":\"https:\\\/\\\/schema.org\",\"@graph\":[{\"@type\":\"Article\",\"@id\":\"https:\\\/\\\/infos-droitshumains.net\\\/?p=3636#article\",\"isPartOf\":{\"@id\":\"https:\\\/\\\/infos-droitshumains.net\\\/?p=3636\"},\"author\":{\"name\":\"Jo\u00ebl Diawa\",\"@id\":\"https:\\\/\\\/infos-droitshumains.net\\\/#\\\/schema\\\/person\\\/3dc5e921c3302172e0ed4362f96faab7\"},\"headline\":\"Lutte contre la traite des personnes en RDC: l\u2019APLTP et l\u2019OIM font appel au concours des avocats de Kinshasa.\",\"datePublished\":\"2022-04-29T13:53:44+00:00\",\"dateModified\":\"2023-04-06T10:09:08+00:00\",\"mainEntityOfPage\":{\"@id\":\"https:\\\/\\\/infos-droitshumains.net\\\/?p=3636\"},\"wordCount\":608,\"publisher\":{\"@id\":\"https:\\\/\\\/infos-droitshumains.net\\\/#organization\"},\"image\":{\"@id\":\"https:\\\/\\\/infos-droitshumains.net\\\/?p=3636#primaryimage\"},\"thumbnailUrl\":\"https:\\\/\\\/infos-droitshumains.net\\\/wp-content\\\/uploads\\\/2022\\\/04\\\/IMG_20220429_093218_842-1024x562.jpg\",\"inLanguage\":\"fr-FR\"},{\"@type\":\"WebPage\",\"@id\":\"https:\\\/\\\/infos-droitshumains.net\\\/?p=3636\",\"url\":\"https:\\\/\\\/infos-droitshumains.net\\\/?p=3636\",\"name\":\"Lutte contre la traite des personnes en RDC: l\u2019APLTP et l\u2019OIM font appel au concours des avocats de Kinshasa. - Infos Droits Humains\",\"isPartOf\":{\"@id\":\"https:\\\/\\\/infos-droitshumains.net\\\/#website\"},\"primaryImageOfPage\":{\"@id\":\"https:\\\/\\\/infos-droitshumains.net\\\/?p=3636#primaryimage\"},\"image\":{\"@id\":\"https:\\\/\\\/infos-droitshumains.net\\\/?p=3636#primaryimage\"},\"thumbnailUrl\":\"https:\\\/\\\/infos-droitshumains.net\\\/wp-content\\\/uploads\\\/2022\\\/04\\\/IMG_20220429_093218_842-1024x562.jpg\",\"datePublished\":\"2022-04-29T13:53:44+00:00\",\"dateModified\":\"2023-04-06T10:09:08+00:00\",\"breadcrumb\":{\"@id\":\"https:\\\/\\\/infos-droitshumains.net\\\/?p=3636#breadcrumb\"},\"inLanguage\":\"fr-FR\",\"potentialAction\":[{\"@type\":\"ReadAction\",\"target\":[\"https:\\\/\\\/infos-droitshumains.net\\\/?p=3636\"]}]},{\"@type\":\"ImageObject\",\"inLanguage\":\"fr-FR\",\"@id\":\"https:\\\/\\\/infos-droitshumains.net\\\/?p=3636#primaryimage\",\"url\":\"https:\\\/\\\/infos-droitshumains.net\\\/wp-content\\\/uploads\\\/2022\\\/04\\\/IMG_20220429_093218_842-1024x562.jpg\",\"contentUrl\":\"https:\\\/\\\/infos-droitshumains.net\\\/wp-content\\\/uploads\\\/2022\\\/04\\\/IMG_20220429_093218_842-1024x562.jpg\"},{\"@type\":\"BreadcrumbList\",\"@id\":\"https:\\\/\\\/infos-droitshumains.net\\\/?p=3636#breadcrumb\",\"itemListElement\":[{\"@type\":\"ListItem\",\"position\":1,\"name\":\"Accueil\",\"item\":\"https:\\\/\\\/infos-droitshumains.net\\\/\"},{\"@type\":\"ListItem\",\"position\":2,\"name\":\"Lutte contre la traite des personnes en RDC: l\u2019APLTP et l\u2019OIM font appel au concours des avocats de Kinshasa.\"}]},{\"@type\":\"WebSite\",\"@id\":\"https:\\\/\\\/infos-droitshumains.net\\\/#website\",\"url\":\"https:\\\/\\\/infos-droitshumains.net\\\/\",\"name\":\"Infos Droits Humains\",\"description\":\"S&#039;informer est un droit\",\"publisher\":{\"@id\":\"https:\\\/\\\/infos-droitshumains.net\\\/#organization\"},\"potentialAction\":[{\"@type\":\"SearchAction\",\"target\":{\"@type\":\"EntryPoint\",\"urlTemplate\":\"https:\\\/\\\/infos-droitshumains.net\\\/?s={search_term_string}\"},\"query-input\":{\"@type\":\"PropertyValueSpecification\",\"valueRequired\":true,\"valueName\":\"search_term_string\"}}],\"inLanguage\":\"fr-FR\"},{\"@type\":\"Organization\",\"@id\":\"https:\\\/\\\/infos-droitshumains.net\\\/#organization\",\"name\":\"Infos Droits Humains\",\"url\":\"https:\\\/\\\/infos-droitshumains.net\\\/\",\"logo\":{\"@type\":\"ImageObject\",\"inLanguage\":\"fr-FR\",\"@id\":\"https:\\\/\\\/infos-droitshumains.net\\\/#\\\/schema\\\/logo\\\/image\\\/\",\"url\":\"https:\\\/\\\/i0.wp.com\\\/infos-droitshumains.net\\\/wp-content\\\/uploads\\\/2022\\\/05\\\/Logo.png?fit=333%2C129&ssl=1\",\"contentUrl\":\"https:\\\/\\\/i0.wp.com\\\/infos-droitshumains.net\\\/wp-content\\\/uploads\\\/2022\\\/05\\\/Logo.png?fit=333%2C129&ssl=1\",\"width\":333,\"height\":129,\"caption\":\"Infos Droits Humains\"},\"image\":{\"@id\":\"https:\\\/\\\/infos-droitshumains.net\\\/#\\\/schema\\\/logo\\\/image\\\/\"}},{\"@type\":\"Person\",\"@id\":\"https:\\\/\\\/infos-droitshumains.net\\\/#\\\/schema\\\/person\\\/3dc5e921c3302172e0ed4362f96faab7\",\"name\":\"Jo\u00ebl Diawa\",\"image\":{\"@type\":\"ImageObject\",\"inLanguage\":\"fr-FR\",\"@id\":\"https:\\\/\\\/secure.gravatar.com\\\/avatar\\\/729bea6ff4604c624417803c477363be8e3c7186deaa65713313f9b4b820f41c?s=96&d=mm&r=g\",\"url\":\"https:\\\/\\\/secure.gravatar.com\\\/avatar\\\/729bea6ff4604c624417803c477363be8e3c7186deaa65713313f9b4b820f41c?s=96&d=mm&r=g\",\"contentUrl\":\"https:\\\/\\\/secure.gravatar.com\\\/avatar\\\/729bea6ff4604c624417803c477363be8e3c7186deaa65713313f9b4b820f41c?s=96&d=mm&r=g\",\"caption\":\"Jo\u00ebl Diawa\"},\"sameAs\":[\"https:\\\/\\\/www.infos-droitshumains.net\"],\"url\":\"https:\\\/\\\/infos-droitshumains.net\\\/?author=2\"}]}<\/script>\n<!-- \/ Yoast SEO plugin. -->","yoast_head_json":{"title":"Lutte contre la traite des personnes en RDC: l\u2019APLTP et l\u2019OIM font appel au concours des avocats de Kinshasa. - Infos Droits Humains","robots":{"index":"index","follow":"follow","max-snippet":"max-snippet:-1","max-image-preview":"max-image-preview:large","max-video-preview":"max-video-preview:-1"},"canonical":"https:\/\/infos-droitshumains.net\/?p=3636","og_locale":"fr_FR","og_type":"article","og_title":"Lutte contre la traite des personnes en RDC: l\u2019APLTP et l\u2019OIM font appel au concours des avocats de Kinshasa. - Infos Droits Humains","og_description":"R\u00e9daction:+243817406088 L&rsquo;Agence pour la Pr\u00e9vention et la Lutte contre la Traite des Personnes, APLTP, en...","og_url":"https:\/\/infos-droitshumains.net\/?p=3636","og_site_name":"Infos Droits Humains","article_published_time":"2022-04-29T13:53:44+00:00","article_modified_time":"2023-04-06T10:09:08+00:00","og_image":[{"url":"https:\/\/infos-droitshumains.net\/wp-content\/uploads\/2022\/04\/IMG_20220429_093218_842-1024x562.jpg","type":"","width":"","height":""}],"author":"Jo\u00ebl Diawa","twitter_card":"summary_large_image","twitter_misc":{"\u00c9crit par":"Jo\u00ebl Diawa","Dur\u00e9e de lecture estim\u00e9e":"3 minutes"},"schema":{"@context":"https:\/\/schema.org","@graph":[{"@type":"Article","@id":"https:\/\/infos-droitshumains.net\/?p=3636#article","isPartOf":{"@id":"https:\/\/infos-droitshumains.net\/?p=3636"},"author":{"name":"Jo\u00ebl Diawa","@id":"https:\/\/infos-droitshumains.net\/#\/schema\/person\/3dc5e921c3302172e0ed4362f96faab7"},"headline":"Lutte contre la traite des personnes en RDC: l\u2019APLTP et l\u2019OIM font appel au concours des avocats de Kinshasa.","datePublished":"2022-04-29T13:53:44+00:00","dateModified":"2023-04-06T10:09:08+00:00","mainEntityOfPage":{"@id":"https:\/\/infos-droitshumains.net\/?p=3636"},"wordCount":608,"publisher":{"@id":"https:\/\/infos-droitshumains.net\/#organization"},"image":{"@id":"https:\/\/infos-droitshumains.net\/?p=3636#primaryimage"},"thumbnailUrl":"https:\/\/infos-droitshumains.net\/wp-content\/uploads\/2022\/04\/IMG_20220429_093218_842-1024x562.jpg","inLanguage":"fr-FR"},{"@type":"WebPage","@id":"https:\/\/infos-droitshumains.net\/?p=3636","url":"https:\/\/infos-droitshumains.net\/?p=3636","name":"Lutte contre la traite des personnes en RDC: l\u2019APLTP et l\u2019OIM font appel au concours des avocats de Kinshasa. - Infos Droits Humains","isPartOf":{"@id":"https:\/\/infos-droitshumains.net\/#website"},"primaryImageOfPage":{"@id":"https:\/\/infos-droitshumains.net\/?p=3636#primaryimage"},"image":{"@id":"https:\/\/infos-droitshumains.net\/?p=3636#primaryimage"},"thumbnailUrl":"https:\/\/infos-droitshumains.net\/wp-content\/uploads\/2022\/04\/IMG_20220429_093218_842-1024x562.jpg","datePublished":"2022-04-29T13:53:44+00:00","dateModified":"2023-04-06T10:09:08+00:00","breadcrumb":{"@id":"https:\/\/infos-droitshumains.net\/?p=3636#breadcrumb"},"inLanguage":"fr-FR","potentialAction":[{"@type":"ReadAction","target":["https:\/\/infos-droitshumains.net\/?p=3636"]}]},{"@type":"ImageObject","inLanguage":"fr-FR","@id":"https:\/\/infos-droitshumains.net\/?p=3636#primaryimage","url":"https:\/\/infos-droitshumains.net\/wp-content\/uploads\/2022\/04\/IMG_20220429_093218_842-1024x562.jpg","contentUrl":"https:\/\/infos-droitshumains.net\/wp-content\/uploads\/2022\/04\/IMG_20220429_093218_842-1024x562.jpg"},{"@type":"BreadcrumbList","@id":"https:\/\/infos-droitshumains.net\/?p=3636#breadcrumb","itemListElement":[{"@type":"ListItem","position":1,"name":"Accueil","item":"https:\/\/infos-droitshumains.net\/"},{"@type":"ListItem","position":2,"name":"Lutte contre la traite des personnes en RDC: l\u2019APLTP et l\u2019OIM font appel au concours des avocats de Kinshasa."}]},{"@type":"WebSite","@id":"https:\/\/infos-droitshumains.net\/#website","url":"https:\/\/infos-droitshumains.net\/","name":"Infos Droits Humains","description":"S&#039;informer est un droit","publisher":{"@id":"https:\/\/infos-droitshumains.net\/#organization"},"potentialAction":[{"@type":"SearchAction","target":{"@type":"EntryPoint","urlTemplate":"https:\/\/infos-droitshumains.net\/?s={search_term_string}"},"query-input":{"@type":"PropertyValueSpecification","valueRequired":true,"valueName":"search_term_string"}}],"inLanguage":"fr-FR"},{"@type":"Organization","@id":"https:\/\/infos-droitshumains.net\/#organization","name":"Infos Droits Humains","url":"https:\/\/infos-droitshumains.net\/","logo":{"@type":"ImageObject","inLanguage":"fr-FR","@id":"https:\/\/infos-droitshumains.net\/#\/schema\/logo\/image\/","url":"https:\/\/i0.wp.com\/infos-droitshumains.net\/wp-content\/uploads\/2022\/05\/Logo.png?fit=333%2C129&ssl=1","contentUrl":"https:\/\/i0.wp.com\/infos-droitshumains.net\/wp-content\/uploads\/2022\/05\/Logo.png?fit=333%2C129&ssl=1","width":333,"height":129,"caption":"Infos Droits Humains"},"image":{"@id":"https:\/\/infos-droitshumains.net\/#\/schema\/logo\/image\/"}},{"@type":"Person","@id":"https:\/\/infos-droitshumains.net\/#\/schema\/person\/3dc5e921c3302172e0ed4362f96faab7","name":"Jo\u00ebl Diawa","image":{"@type":"ImageObject","inLanguage":"fr-FR","@id":"https:\/\/secure.gravatar.com\/avatar\/729bea6ff4604c624417803c477363be8e3c7186deaa65713313f9b4b820f41c?s=96&d=mm&r=g","url":"https:\/\/secure.gravatar.com\/avatar\/729bea6ff4604c624417803c477363be8e3c7186deaa65713313f9b4b820f41c?s=96&d=mm&r=g","contentUrl":"https:\/\/secure.gravatar.com\/avatar\/729bea6ff4604c624417803c477363be8e3c7186deaa65713313f9b4b820f41c?s=96&d=mm&r=g","caption":"Jo\u00ebl Diawa"},"sameAs":["https:\/\/www.infos-droitshumains.net"],"url":"https:\/\/infos-droitshumains.net\/?author=2"}]}},"featured_image_urls":{"full":"","thumbnail":"","medium":"","medium_large":"","large":"","1536x1536":"","2048x2048":"","covernews-slider-full":"","covernews-slider-center":"","covernews-featured":"","covernews-medium":"","covernews-medium-square":""},"author_info":{"display_name":"Jo\u00ebl Diawa","author_link":"https:\/\/infos-droitshumains.net\/?author=2"},"category_info":"<a href=\"https:\/\/infos-droitshumains.net\/?cat=1\" rel=\"category\">Non class\u00e9<\/a>","tag_info":"Non class\u00e9","comment_count":"0","jetpack_featured_media_url":"","jetpack-related-posts":[],"jetpack_sharing_enabled":true,"_links":{"self":[{"href":"https:\/\/infos-droitshumains.net\/index.php?rest_route=\/wp\/v2\/posts\/3636","targetHints":{"allow":["GET"]}}],"collection":[{"href":"https:\/\/infos-droitshumains.net\/index.php?rest_route=\/wp\/v2\/posts"}],"about":[{"href":"https:\/\/infos-droitshumains.net\/index.php?rest_route=\/wp\/v2\/types\/post"}],"author":[{"embeddable":true,"href":"https:\/\/infos-droitshumains.net\/index.php?rest_route=\/wp\/v2\/users\/2"}],"replies":[{"embeddable":true,"href":"https:\/\/infos-droitshumains.net\/index.php?rest_route=%2Fwp%2Fv2%2Fcomments&post=3636"}],"version-history":[{"count":9,"href":"https:\/\/infos-droitshumains.net\/index.php?rest_route=\/wp\/v2\/posts\/3636\/revisions"}],"predecessor-version":[{"id":3650,"href":"https:\/\/infos-droitshumains.net\/index.php?rest_route=\/wp\/v2\/posts\/3636\/revisions\/3650"}],"wp:attachment":[{"href":"https:\/\/infos-droitshumains.net\/index.php?rest_route=%2Fwp%2Fv2%2Fmedia&parent=3636"}],"wp:term":[{"taxonomy":"category","embeddable":true,"href":"https:\/\/infos-droitshumains.net\/index.php?rest_route=%2Fwp%2Fv2%2Fcategories&post=3636"},{"taxonomy":"post_tag","embeddable":true,"href":"https:\/\/infos-droitshumains.net\/index.php?rest_route=%2Fwp%2Fv2%2Ftags&post=3636"}],"curies":[{"name":"wp","href":"https:\/\/api.w.org\/{rel}","templated":true}]}}