{"id":3611,"date":"2022-04-29T00:05:37","date_gmt":"2022-04-28T22:05:37","guid":{"rendered":"https:\/\/infos-droitshumains.net\/?p=3611"},"modified":"2023-04-06T12:09:08","modified_gmt":"2023-04-06T10:09:08","slug":"63eme-anniversaire-du-deces-de-maman-mwilu-a-nkamba-malicka-mukuba-sengage-a-perenniser-les-valeurs-de-cette-femme-modele","status":"publish","type":"post","link":"https:\/\/infos-droitshumains.net\/?p=3611","title":{"rendered":"63\u00e8me anniversaire du d\u00e9c\u00e8s de Maman Mwilu: A Nkamba, Malicka Mukubu s\u2019engage \u00e0 p\u00e9renniser les valeurs de cette femme mod\u00e8le"},"content":{"rendered":"\n<p><strong>R\u00e9daction:+243817406088<\/strong><\/p>\n\n\n\n<h2 class=\"wp-block-heading\">Le mercredi 27 avril, les Kimbaguistes du monde entier se sont souvenus de la disparition de Maman Mwilu Kiwanga Nzitani Marie, d\u00e9c\u00e9d\u00e9e il y a de cela 63 ans. A l\u2019occasion, une journ\u00e9e comm\u00e9morative a \u00e9t\u00e9 organis\u00e9e \u00e0 la cit\u00e9 Sainte de Nkamba. <\/h2>\n\n\n\n<p>Au nombre des invit\u00e9s de marque \u00e0 cette c\u00e9l\u00e9bration, Madame Malicka Mukubu, femme entrepreneur congolaise et personnalit\u00e9 politique  \u00e0 r\u00e9pondu pr\u00e9sente \u00e0 l\u2019invitation personnelle du Guide Spirituel Papa Simon Kimbangu Kiangani.<\/p>\n\n\n\n<p>Dans son allocution, Madame Malicka Mukubu a tout d\u2019abord rappel\u00e9 les vertu qu\u2019incarnait Marie Mwilu Kiwanga Nzitani. <\/p>\n\n\n\n<p><em>\u00abFemme exceptionnelle d&rsquo;une pers\u00e9v\u00e9rance et d&rsquo;une d\u00e9termination extraordinaire, elle est la premi\u00e8re cheffe spirituelle de l&rsquo; \u00e9glise kimbaguiste au regard de son apport dans l&rsquo;encadrement des premiers partisans et \u00e0 la consolidation du mouvement kimbaguiste\u2026 En effet, cette femme incarnait aussi le leadership et le management. Remplie d\u2019abn\u00e9gation et d&rsquo;oubli de soi, maman Marie Mwilu a d\u00fb faire preuve de courage et de d\u00e9termination\u00bb. <\/em><\/p>\n\n\n\n<p>Par la m\u00eame occasion, Malicka Mukubu qui a invit\u00e9 toutes les femmes de la RDC \u00e0 s&rsquo;approprier les valeurs qu&rsquo;incarnait Maman Mwilu KIWANGA NZITA Marie, s\u2019est engag\u00e9e \u00e0 les p\u00e9renniser et \u00e0 les porter plus haut : <\/p>\n\n\n\n<p><em>\u00abPar rapport aux enjeux de l\u2019heure, auxquels font face les femmes congolaises, j\u2019aimerais nous plonger dans les m\u00e9andres de la pens\u00e9e, des valeurs, de la vie et du combat qu\u2019a men\u00e9 cette dame forte de son \u00e9poque dont l\u2019authenticit\u00e9 n\u2019est plus \u00e0 contester. En tant que congolaise, nous nous battons pour faire pr\u00e9valoir, transmettre, p\u00e9renniser et promouvoir les valeurs de Maman Mwilu \u00e0 nos prog\u00e9nitures et \u00e0 la nation\u2026 Chacun d\u2019entre nous devrait s\u2019en servir et en faire un mod\u00e8le de vie\u00bb. <\/em><\/p>\n\n\n\n<p><em>\u00abPourquoi croyons-nous plus \u00e0 la terre de Lourdes, pourquoi toujours parler du Vatican, pourquoi aller se ressourcer \u00e0 Banneux ou en Isra\u00ebl ? Alors qu\u2019ici en RDC dans mon Kongo-Central, nous avons un lieu spirituel qui est la cit\u00e9 de Nkamba, la J\u00e9rusalem d\u2019Afrique \u00bb<\/em>, s&rsquo;est-elle interrog\u00e9e, tout en invitant l\u2019assistance \u00e0 valoriser les vertus traditionnelles, car dit-on: <em>\u00abSi tu veux savoir o\u00f9 tu vas, commence par savoir d\u2019o\u00f9 tu viens\u00bb. <\/em><\/p>\n\n\n\n<p>Profitant de cette tribune, elle a invit\u00e9 l\u2019\u00e9lite f\u00e9minine \u00e0 \u00eatre unie pour le d\u00e9veloppement de la RDC. <\/p>\n\n\n\n<p><em>\u00abFemme aux postes de d\u00e9cisions de mon pays, femmes dites leaders, femmes qui \u00e9duquent une nation, que faisons-nous des valeurs, des dons et des talents imm\u00e9rit\u00e9s que vous avons re\u00e7u du Dieu supr\u00eame?\u00bb<\/em>, s&rsquo;est-elle interrog\u00e9e.<\/p>\n\n\n\n<p><em>\u00abIl est grand temps de se tenir main dans la main, de nous rassembler, d\u2019arr\u00eater de nous \u00e9craser, de nous d\u00e9truire et de nous \u00e9teindre les unes les autres et laisser la place \u00e0 l\u2019amour, l\u2019unit\u00e9 et l\u2019entraide afin de voir notre pays se d\u00e9velopper et se relever et voir enfin notre communaut\u00e9 congolaise briller \u00e0 nouveau\u00bb.<\/em><\/p>\n\n\n\n<p>Pour rappel, Marie Mwilu Kiwanga Nzitani, affectueusement appel\u00e9e Maman Mwilu, femme de Simon Kimbangu est n\u00e9e le 7 mai 1880 \u00e0 Nkamba, d\u00e9c\u00e9d\u00e9e le 27 avril 1959 \u00e0 l\u2019\u00e2ge de 78 ans.<\/p>\n\n\n\n<p>Jo\u00ebl Diawa<\/p>\n","protected":false},"excerpt":{"rendered":"<p>R\u00e9daction:+243817406088 Le mercredi 27 avril, les Kimbaguistes du monde entier se sont souvenus de la&#8230;<\/p>\n","protected":false},"author":2,"featured_media":3758,"comment_status":"closed","ping_status":"open","sticky":false,"template":"","format":"standard","meta":{"_jetpack_memberships_contains_paid_content":false,"footnotes":""},"categories":[8],"tags":[],"class_list":["post-3611","post","type-post","status-publish","format-standard","has-post-thumbnail","hentry","category-societe"],"yoast_head":"<!-- This site is optimized with the Yoast SEO plugin v27.5 - https:\/\/yoast.com\/product\/yoast-seo-wordpress\/ -->\n<title>63\u00e8me anniversaire du d\u00e9c\u00e8s de Maman Mwilu: A Nkamba, Malicka Mukubu s\u2019engage \u00e0 p\u00e9renniser les valeurs de cette femme mod\u00e8le - Infos Droits Humains<\/title>\n<meta name=\"robots\" content=\"index, follow, max-snippet:-1, max-image-preview:large, max-video-preview:-1\" \/>\n<link rel=\"canonical\" href=\"https:\/\/infos-droitshumains.net\/?p=3611\" \/>\n<meta property=\"og:locale\" content=\"fr_FR\" \/>\n<meta property=\"og:type\" content=\"article\" \/>\n<meta property=\"og:title\" content=\"63\u00e8me anniversaire du d\u00e9c\u00e8s de Maman Mwilu: A Nkamba, Malicka Mukubu s\u2019engage \u00e0 p\u00e9renniser les valeurs de cette femme mod\u00e8le - Infos Droits Humains\" \/>\n<meta property=\"og:description\" content=\"R\u00e9daction:+243817406088 Le mercredi 27 avril, les Kimbaguistes du monde entier se sont souvenus de la...\" \/>\n<meta property=\"og:url\" content=\"https:\/\/infos-droitshumains.net\/?p=3611\" \/>\n<meta property=\"og:site_name\" content=\"Infos Droits Humains\" \/>\n<meta property=\"article:published_time\" content=\"2022-04-28T22:05:37+00:00\" \/>\n<meta property=\"article:modified_time\" content=\"2023-04-06T10:09:08+00:00\" \/>\n<meta property=\"og:image\" content=\"https:\/\/infos-droitshumains.net\/wp-content\/uploads\/2022\/04\/IMG-20220428-WA0020_1.jpg\" \/>\n\t<meta property=\"og:image:width\" content=\"1080\" \/>\n\t<meta property=\"og:image:height\" content=\"677\" \/>\n\t<meta property=\"og:image:type\" content=\"image\/jpeg\" \/>\n<meta name=\"author\" content=\"Jo\u00ebl Diawa\" \/>\n<meta name=\"twitter:card\" content=\"summary_large_image\" \/>\n<meta name=\"twitter:label1\" content=\"\u00c9crit par\" \/>\n\t<meta name=\"twitter:data1\" content=\"Jo\u00ebl Diawa\" \/>\n\t<meta name=\"twitter:label2\" content=\"Dur\u00e9e de lecture estim\u00e9e\" \/>\n\t<meta name=\"twitter:data2\" content=\"3 minutes\" \/>\n<script type=\"application\/ld+json\" class=\"yoast-schema-graph\">{\"@context\":\"https:\\\/\\\/schema.org\",\"@graph\":[{\"@type\":\"Article\",\"@id\":\"https:\\\/\\\/infos-droitshumains.net\\\/?p=3611#article\",\"isPartOf\":{\"@id\":\"https:\\\/\\\/infos-droitshumains.net\\\/?p=3611\"},\"author\":{\"name\":\"Jo\u00ebl Diawa\",\"@id\":\"https:\\\/\\\/infos-droitshumains.net\\\/#\\\/schema\\\/person\\\/3dc5e921c3302172e0ed4362f96faab7\"},\"headline\":\"63\u00e8me anniversaire du d\u00e9c\u00e8s de Maman Mwilu: A Nkamba, Malicka Mukubu s\u2019engage \u00e0 p\u00e9renniser les valeurs de cette femme mod\u00e8le\",\"datePublished\":\"2022-04-28T22:05:37+00:00\",\"dateModified\":\"2023-04-06T10:09:08+00:00\",\"mainEntityOfPage\":{\"@id\":\"https:\\\/\\\/infos-droitshumains.net\\\/?p=3611\"},\"wordCount\":555,\"publisher\":{\"@id\":\"https:\\\/\\\/infos-droitshumains.net\\\/#organization\"},\"image\":{\"@id\":\"https:\\\/\\\/infos-droitshumains.net\\\/?p=3611#primaryimage\"},\"thumbnailUrl\":\"https:\\\/\\\/i0.wp.com\\\/infos-droitshumains.net\\\/wp-content\\\/uploads\\\/2022\\\/04\\\/IMG-20220428-WA0020_1.jpg?fit=1080%2C677&ssl=1\",\"articleSection\":[\"Soci\u00e9t\u00e9\"],\"inLanguage\":\"fr-FR\"},{\"@type\":\"WebPage\",\"@id\":\"https:\\\/\\\/infos-droitshumains.net\\\/?p=3611\",\"url\":\"https:\\\/\\\/infos-droitshumains.net\\\/?p=3611\",\"name\":\"63\u00e8me anniversaire du d\u00e9c\u00e8s de Maman Mwilu: A Nkamba, Malicka Mukubu s\u2019engage \u00e0 p\u00e9renniser les valeurs de cette femme mod\u00e8le - Infos Droits Humains\",\"isPartOf\":{\"@id\":\"https:\\\/\\\/infos-droitshumains.net\\\/#website\"},\"primaryImageOfPage\":{\"@id\":\"https:\\\/\\\/infos-droitshumains.net\\\/?p=3611#primaryimage\"},\"image\":{\"@id\":\"https:\\\/\\\/infos-droitshumains.net\\\/?p=3611#primaryimage\"},\"thumbnailUrl\":\"https:\\\/\\\/i0.wp.com\\\/infos-droitshumains.net\\\/wp-content\\\/uploads\\\/2022\\\/04\\\/IMG-20220428-WA0020_1.jpg?fit=1080%2C677&ssl=1\",\"datePublished\":\"2022-04-28T22:05:37+00:00\",\"dateModified\":\"2023-04-06T10:09:08+00:00\",\"breadcrumb\":{\"@id\":\"https:\\\/\\\/infos-droitshumains.net\\\/?p=3611#breadcrumb\"},\"inLanguage\":\"fr-FR\",\"potentialAction\":[{\"@type\":\"ReadAction\",\"target\":[\"https:\\\/\\\/infos-droitshumains.net\\\/?p=3611\"]}]},{\"@type\":\"ImageObject\",\"inLanguage\":\"fr-FR\",\"@id\":\"https:\\\/\\\/infos-droitshumains.net\\\/?p=3611#primaryimage\",\"url\":\"https:\\\/\\\/i0.wp.com\\\/infos-droitshumains.net\\\/wp-content\\\/uploads\\\/2022\\\/04\\\/IMG-20220428-WA0020_1.jpg?fit=1080%2C677&ssl=1\",\"contentUrl\":\"https:\\\/\\\/i0.wp.com\\\/infos-droitshumains.net\\\/wp-content\\\/uploads\\\/2022\\\/04\\\/IMG-20220428-WA0020_1.jpg?fit=1080%2C677&ssl=1\",\"width\":1080,\"height\":677},{\"@type\":\"BreadcrumbList\",\"@id\":\"https:\\\/\\\/infos-droitshumains.net\\\/?p=3611#breadcrumb\",\"itemListElement\":[{\"@type\":\"ListItem\",\"position\":1,\"name\":\"Accueil\",\"item\":\"https:\\\/\\\/infos-droitshumains.net\\\/\"},{\"@type\":\"ListItem\",\"position\":2,\"name\":\"63\u00e8me anniversaire du d\u00e9c\u00e8s de Maman Mwilu: A Nkamba, Malicka Mukubu s\u2019engage \u00e0 p\u00e9renniser les valeurs de cette femme mod\u00e8le\"}]},{\"@type\":\"WebSite\",\"@id\":\"https:\\\/\\\/infos-droitshumains.net\\\/#website\",\"url\":\"https:\\\/\\\/infos-droitshumains.net\\\/\",\"name\":\"Infos Droits Humains\",\"description\":\"S&#039;informer est un droit\",\"publisher\":{\"@id\":\"https:\\\/\\\/infos-droitshumains.net\\\/#organization\"},\"potentialAction\":[{\"@type\":\"SearchAction\",\"target\":{\"@type\":\"EntryPoint\",\"urlTemplate\":\"https:\\\/\\\/infos-droitshumains.net\\\/?s={search_term_string}\"},\"query-input\":{\"@type\":\"PropertyValueSpecification\",\"valueRequired\":true,\"valueName\":\"search_term_string\"}}],\"inLanguage\":\"fr-FR\"},{\"@type\":\"Organization\",\"@id\":\"https:\\\/\\\/infos-droitshumains.net\\\/#organization\",\"name\":\"Infos Droits Humains\",\"url\":\"https:\\\/\\\/infos-droitshumains.net\\\/\",\"logo\":{\"@type\":\"ImageObject\",\"inLanguage\":\"fr-FR\",\"@id\":\"https:\\\/\\\/infos-droitshumains.net\\\/#\\\/schema\\\/logo\\\/image\\\/\",\"url\":\"https:\\\/\\\/i0.wp.com\\\/infos-droitshumains.net\\\/wp-content\\\/uploads\\\/2022\\\/05\\\/Logo.png?fit=333%2C129&ssl=1\",\"contentUrl\":\"https:\\\/\\\/i0.wp.com\\\/infos-droitshumains.net\\\/wp-content\\\/uploads\\\/2022\\\/05\\\/Logo.png?fit=333%2C129&ssl=1\",\"width\":333,\"height\":129,\"caption\":\"Infos Droits Humains\"},\"image\":{\"@id\":\"https:\\\/\\\/infos-droitshumains.net\\\/#\\\/schema\\\/logo\\\/image\\\/\"}},{\"@type\":\"Person\",\"@id\":\"https:\\\/\\\/infos-droitshumains.net\\\/#\\\/schema\\\/person\\\/3dc5e921c3302172e0ed4362f96faab7\",\"name\":\"Jo\u00ebl Diawa\",\"image\":{\"@type\":\"ImageObject\",\"inLanguage\":\"fr-FR\",\"@id\":\"https:\\\/\\\/secure.gravatar.com\\\/avatar\\\/729bea6ff4604c624417803c477363be8e3c7186deaa65713313f9b4b820f41c?s=96&d=mm&r=g\",\"url\":\"https:\\\/\\\/secure.gravatar.com\\\/avatar\\\/729bea6ff4604c624417803c477363be8e3c7186deaa65713313f9b4b820f41c?s=96&d=mm&r=g\",\"contentUrl\":\"https:\\\/\\\/secure.gravatar.com\\\/avatar\\\/729bea6ff4604c624417803c477363be8e3c7186deaa65713313f9b4b820f41c?s=96&d=mm&r=g\",\"caption\":\"Jo\u00ebl Diawa\"},\"sameAs\":[\"https:\\\/\\\/www.infos-droitshumains.net\"],\"url\":\"https:\\\/\\\/infos-droitshumains.net\\\/?author=2\"}]}<\/script>\n<!-- \/ Yoast SEO plugin. -->","yoast_head_json":{"title":"63\u00e8me anniversaire du d\u00e9c\u00e8s de Maman Mwilu: A Nkamba, Malicka Mukubu s\u2019engage \u00e0 p\u00e9renniser les valeurs de cette femme mod\u00e8le - Infos Droits Humains","robots":{"index":"index","follow":"follow","max-snippet":"max-snippet:-1","max-image-preview":"max-image-preview:large","max-video-preview":"max-video-preview:-1"},"canonical":"https:\/\/infos-droitshumains.net\/?p=3611","og_locale":"fr_FR","og_type":"article","og_title":"63\u00e8me anniversaire du d\u00e9c\u00e8s de Maman Mwilu: A Nkamba, Malicka Mukubu s\u2019engage \u00e0 p\u00e9renniser les valeurs de cette femme mod\u00e8le - Infos Droits Humains","og_description":"R\u00e9daction:+243817406088 Le mercredi 27 avril, les Kimbaguistes du monde entier se sont souvenus de la...","og_url":"https:\/\/infos-droitshumains.net\/?p=3611","og_site_name":"Infos Droits Humains","article_published_time":"2022-04-28T22:05:37+00:00","article_modified_time":"2023-04-06T10:09:08+00:00","og_image":[{"width":1080,"height":677,"url":"https:\/\/infos-droitshumains.net\/wp-content\/uploads\/2022\/04\/IMG-20220428-WA0020_1.jpg","type":"image\/jpeg"}],"author":"Jo\u00ebl Diawa","twitter_card":"summary_large_image","twitter_misc":{"\u00c9crit par":"Jo\u00ebl Diawa","Dur\u00e9e de lecture estim\u00e9e":"3 minutes"},"schema":{"@context":"https:\/\/schema.org","@graph":[{"@type":"Article","@id":"https:\/\/infos-droitshumains.net\/?p=3611#article","isPartOf":{"@id":"https:\/\/infos-droitshumains.net\/?p=3611"},"author":{"name":"Jo\u00ebl Diawa","@id":"https:\/\/infos-droitshumains.net\/#\/schema\/person\/3dc5e921c3302172e0ed4362f96faab7"},"headline":"63\u00e8me anniversaire du d\u00e9c\u00e8s de Maman Mwilu: A Nkamba, Malicka Mukubu s\u2019engage \u00e0 p\u00e9renniser les valeurs de cette femme mod\u00e8le","datePublished":"2022-04-28T22:05:37+00:00","dateModified":"2023-04-06T10:09:08+00:00","mainEntityOfPage":{"@id":"https:\/\/infos-droitshumains.net\/?p=3611"},"wordCount":555,"publisher":{"@id":"https:\/\/infos-droitshumains.net\/#organization"},"image":{"@id":"https:\/\/infos-droitshumains.net\/?p=3611#primaryimage"},"thumbnailUrl":"https:\/\/i0.wp.com\/infos-droitshumains.net\/wp-content\/uploads\/2022\/04\/IMG-20220428-WA0020_1.jpg?fit=1080%2C677&ssl=1","articleSection":["Soci\u00e9t\u00e9"],"inLanguage":"fr-FR"},{"@type":"WebPage","@id":"https:\/\/infos-droitshumains.net\/?p=3611","url":"https:\/\/infos-droitshumains.net\/?p=3611","name":"63\u00e8me anniversaire du d\u00e9c\u00e8s de Maman Mwilu: A Nkamba, Malicka Mukubu s\u2019engage \u00e0 p\u00e9renniser les valeurs de cette femme mod\u00e8le - Infos Droits Humains","isPartOf":{"@id":"https:\/\/infos-droitshumains.net\/#website"},"primaryImageOfPage":{"@id":"https:\/\/infos-droitshumains.net\/?p=3611#primaryimage"},"image":{"@id":"https:\/\/infos-droitshumains.net\/?p=3611#primaryimage"},"thumbnailUrl":"https:\/\/i0.wp.com\/infos-droitshumains.net\/wp-content\/uploads\/2022\/04\/IMG-20220428-WA0020_1.jpg?fit=1080%2C677&ssl=1","datePublished":"2022-04-28T22:05:37+00:00","dateModified":"2023-04-06T10:09:08+00:00","breadcrumb":{"@id":"https:\/\/infos-droitshumains.net\/?p=3611#breadcrumb"},"inLanguage":"fr-FR","potentialAction":[{"@type":"ReadAction","target":["https:\/\/infos-droitshumains.net\/?p=3611"]}]},{"@type":"ImageObject","inLanguage":"fr-FR","@id":"https:\/\/infos-droitshumains.net\/?p=3611#primaryimage","url":"https:\/\/i0.wp.com\/infos-droitshumains.net\/wp-content\/uploads\/2022\/04\/IMG-20220428-WA0020_1.jpg?fit=1080%2C677&ssl=1","contentUrl":"https:\/\/i0.wp.com\/infos-droitshumains.net\/wp-content\/uploads\/2022\/04\/IMG-20220428-WA0020_1.jpg?fit=1080%2C677&ssl=1","width":1080,"height":677},{"@type":"BreadcrumbList","@id":"https:\/\/infos-droitshumains.net\/?p=3611#breadcrumb","itemListElement":[{"@type":"ListItem","position":1,"name":"Accueil","item":"https:\/\/infos-droitshumains.net\/"},{"@type":"ListItem","position":2,"name":"63\u00e8me anniversaire du d\u00e9c\u00e8s de Maman Mwilu: A Nkamba, Malicka Mukubu s\u2019engage \u00e0 p\u00e9renniser les valeurs de cette femme mod\u00e8le"}]},{"@type":"WebSite","@id":"https:\/\/infos-droitshumains.net\/#website","url":"https:\/\/infos-droitshumains.net\/","name":"Infos Droits Humains","description":"S&#039;informer est un droit","publisher":{"@id":"https:\/\/infos-droitshumains.net\/#organization"},"potentialAction":[{"@type":"SearchAction","target":{"@type":"EntryPoint","urlTemplate":"https:\/\/infos-droitshumains.net\/?s={search_term_string}"},"query-input":{"@type":"PropertyValueSpecification","valueRequired":true,"valueName":"search_term_string"}}],"inLanguage":"fr-FR"},{"@type":"Organization","@id":"https:\/\/infos-droitshumains.net\/#organization","name":"Infos Droits Humains","url":"https:\/\/infos-droitshumains.net\/","logo":{"@type":"ImageObject","inLanguage":"fr-FR","@id":"https:\/\/infos-droitshumains.net\/#\/schema\/logo\/image\/","url":"https:\/\/i0.wp.com\/infos-droitshumains.net\/wp-content\/uploads\/2022\/05\/Logo.png?fit=333%2C129&ssl=1","contentUrl":"https:\/\/i0.wp.com\/infos-droitshumains.net\/wp-content\/uploads\/2022\/05\/Logo.png?fit=333%2C129&ssl=1","width":333,"height":129,"caption":"Infos Droits Humains"},"image":{"@id":"https:\/\/infos-droitshumains.net\/#\/schema\/logo\/image\/"}},{"@type":"Person","@id":"https:\/\/infos-droitshumains.net\/#\/schema\/person\/3dc5e921c3302172e0ed4362f96faab7","name":"Jo\u00ebl Diawa","image":{"@type":"ImageObject","inLanguage":"fr-FR","@id":"https:\/\/secure.gravatar.com\/avatar\/729bea6ff4604c624417803c477363be8e3c7186deaa65713313f9b4b820f41c?s=96&d=mm&r=g","url":"https:\/\/secure.gravatar.com\/avatar\/729bea6ff4604c624417803c477363be8e3c7186deaa65713313f9b4b820f41c?s=96&d=mm&r=g","contentUrl":"https:\/\/secure.gravatar.com\/avatar\/729bea6ff4604c624417803c477363be8e3c7186deaa65713313f9b4b820f41c?s=96&d=mm&r=g","caption":"Jo\u00ebl Diawa"},"sameAs":["https:\/\/www.infos-droitshumains.net"],"url":"https:\/\/infos-droitshumains.net\/?author=2"}]}},"featured_image_urls":{"full":["https:\/\/i0.wp.com\/infos-droitshumains.net\/wp-content\/uploads\/2022\/04\/IMG-20220428-WA0020_1.jpg?fit=1080%2C677&ssl=1",1080,677,false],"thumbnail":["https:\/\/i0.wp.com\/infos-droitshumains.net\/wp-content\/uploads\/2022\/04\/IMG-20220428-WA0020_1.jpg?resize=150%2C150&ssl=1",150,150,true],"medium":["https:\/\/i0.wp.com\/infos-droitshumains.net\/wp-content\/uploads\/2022\/04\/IMG-20220428-WA0020_1.jpg?fit=300%2C188&ssl=1",300,188,true],"medium_large":["https:\/\/i0.wp.com\/infos-droitshumains.net\/wp-content\/uploads\/2022\/04\/IMG-20220428-WA0020_1.jpg?fit=640%2C401&ssl=1",640,401,true],"large":["https:\/\/i0.wp.com\/infos-droitshumains.net\/wp-content\/uploads\/2022\/04\/IMG-20220428-WA0020_1.jpg?fit=640%2C401&ssl=1",640,401,true],"1536x1536":["https:\/\/i0.wp.com\/infos-droitshumains.net\/wp-content\/uploads\/2022\/04\/IMG-20220428-WA0020_1.jpg?fit=1080%2C677&ssl=1",1080,677,true],"2048x2048":["https:\/\/i0.wp.com\/infos-droitshumains.net\/wp-content\/uploads\/2022\/04\/IMG-20220428-WA0020_1.jpg?fit=1080%2C677&ssl=1",1080,677,true],"covernews-slider-full":["https:\/\/i0.wp.com\/infos-droitshumains.net\/wp-content\/uploads\/2022\/04\/IMG-20220428-WA0020_1.jpg?resize=1080%2C677&ssl=1",1080,677,true],"covernews-slider-center":["https:\/\/i0.wp.com\/infos-droitshumains.net\/wp-content\/uploads\/2022\/04\/IMG-20220428-WA0020_1.jpg?resize=800%2C500&ssl=1",800,500,true],"covernews-featured":["https:\/\/i0.wp.com\/infos-droitshumains.net\/wp-content\/uploads\/2022\/04\/IMG-20220428-WA0020_1.jpg?fit=1024%2C642&ssl=1",1024,642,true],"covernews-medium":["https:\/\/i0.wp.com\/infos-droitshumains.net\/wp-content\/uploads\/2022\/04\/IMG-20220428-WA0020_1.jpg?resize=540%2C340&ssl=1",540,340,true],"covernews-medium-square":["https:\/\/i0.wp.com\/infos-droitshumains.net\/wp-content\/uploads\/2022\/04\/IMG-20220428-WA0020_1.jpg?resize=400%2C250&ssl=1",400,250,true]},"author_info":{"display_name":"Jo\u00ebl Diawa","author_link":"https:\/\/infos-droitshumains.net\/?author=2"},"category_info":"<a href=\"https:\/\/infos-droitshumains.net\/?cat=8\" rel=\"category\">Soci\u00e9t\u00e9<\/a>","tag_info":"Soci\u00e9t\u00e9","comment_count":"0","jetpack_featured_media_url":"https:\/\/i0.wp.com\/infos-droitshumains.net\/wp-content\/uploads\/2022\/04\/IMG-20220428-WA0020_1.jpg?fit=1080%2C677&ssl=1","jetpack-related-posts":[],"jetpack_sharing_enabled":true,"_links":{"self":[{"href":"https:\/\/infos-droitshumains.net\/index.php?rest_route=\/wp\/v2\/posts\/3611","targetHints":{"allow":["GET"]}}],"collection":[{"href":"https:\/\/infos-droitshumains.net\/index.php?rest_route=\/wp\/v2\/posts"}],"about":[{"href":"https:\/\/infos-droitshumains.net\/index.php?rest_route=\/wp\/v2\/types\/post"}],"author":[{"embeddable":true,"href":"https:\/\/infos-droitshumains.net\/index.php?rest_route=\/wp\/v2\/users\/2"}],"replies":[{"embeddable":true,"href":"https:\/\/infos-droitshumains.net\/index.php?rest_route=%2Fwp%2Fv2%2Fcomments&post=3611"}],"version-history":[{"count":5,"href":"https:\/\/infos-droitshumains.net\/index.php?rest_route=\/wp\/v2\/posts\/3611\/revisions"}],"predecessor-version":[{"id":3619,"href":"https:\/\/infos-droitshumains.net\/index.php?rest_route=\/wp\/v2\/posts\/3611\/revisions\/3619"}],"wp:featuredmedia":[{"embeddable":true,"href":"https:\/\/infos-droitshumains.net\/index.php?rest_route=\/wp\/v2\/media\/3758"}],"wp:attachment":[{"href":"https:\/\/infos-droitshumains.net\/index.php?rest_route=%2Fwp%2Fv2%2Fmedia&parent=3611"}],"wp:term":[{"taxonomy":"category","embeddable":true,"href":"https:\/\/infos-droitshumains.net\/index.php?rest_route=%2Fwp%2Fv2%2Fcategories&post=3611"},{"taxonomy":"post_tag","embeddable":true,"href":"https:\/\/infos-droitshumains.net\/index.php?rest_route=%2Fwp%2Fv2%2Ftags&post=3611"}],"curies":[{"name":"wp","href":"https:\/\/api.w.org\/{rel}","templated":true}]}}