{"id":3598,"date":"2022-04-28T08:11:53","date_gmt":"2022-04-28T06:11:53","guid":{"rendered":"https:\/\/infos-droitshumains.net\/?p=3598"},"modified":"2023-04-06T12:09:08","modified_gmt":"2023-04-06T10:09:08","slug":"mauvaise-interpretation-des-propos-de-jules-alingete-nsf-forum-ligf-denonce-la-recuperation-politicienne-des-predateurs-du-tresor-public","status":"publish","type":"post","link":"https:\/\/infos-droitshumains.net\/?p=3598","title":{"rendered":"Mauvaise interpr\u00e9tation des propos de Jules Alingete au NSI forum: l\u2019IGF d\u00e9nonce la r\u00e9cup\u00e9ration politicienne des pr\u00e9dateurs du tr\u00e9sor public"},"content":{"rendered":"\n<p><strong>R\u00e9daction :+243817406088<\/strong><\/p>\n\n\n\n<h2 class=\"wp-block-heading\">Sur invitation de la chambre de commerce du Texas, Jules Alingete Key, l&rsquo;Inspecteur G\u00e9n\u00e9rale des Finances-Chef des services de l\u2019Inspection G\u00e9n\u00e9rale des Finances, en sa qualit\u00e9 d&rsquo;acteur majeur dans la lutte contre les d\u00e9tournement des deniers publics et la corruption, participe du 26 au 28 avril, \u00e0 la premi\u00e8re \u00e9dition du North South Investsements Forum \u00e0 Houston aux \u00c9tats-Unis; avec pour objectif principal, de convaincre les investisseurs et hommes d\u2019affaires am\u00e9ricains \u00e0 venir investir en RDC.<\/h2>\n\n\n\n<p>Invit\u00e9 \u00e0 prendre parole du haut de la tribune, Jules Alingete a articul\u00e9 son intervention sur<strong> \u00ables avanc\u00e9es de la lutte contre la corruption et les d\u00e9tournement des deniers publics ainsi que celle du climat des affaires\u00bb.<\/strong><\/p>\n\n\n\n<p>Dans son allocution l\u2019Inspecteur G\u00e9n\u00e9ral des Finances, Chef des services inviter son auditoire \u00e0 venir investir en RDC, car, c\u2019est d\u00e9sormais <em><strong>\u00abun pays fr\u00e9quentable\u2026au vu des avanc\u00e9es appr\u00e9ciables r\u00e9alis\u00e9es sur le plan du climat des affaires et de la lutte contre la corruption tel que voulue par le Pr\u00e9sident de la R\u00e9publique et le gouvernement\u00bb.<\/strong><\/em><\/p>\n\n\n\n<p><strong><em>\u00abEn d\u00e9pit de l\u2019ins\u00e9curit\u00e9 cr\u00e9\u00e9e par l\u2019activisme des groupes arm\u00e9s dans sa partie Est, la RDC ne peut pas \u00eatre consid\u00e9r\u00e9 comme un pays en guerre\u00bb<\/em><\/strong>, avait d\u00e9clar\u00e9 Jules Alingete pour convaincre les investisseurs \u00e0 venir s&rsquo;installer en RDC.<\/p>\n\n\n\n<p>L\u2019IGF a, dans une mise au point, regrett\u00e9 que certaines personnes malintentionn\u00e9es aient exploit\u00e9 l\u2019extrait <strong><em>\u00abLa RDC ne peut pas \u00eatre consid\u00e9r\u00e9e comme un pays en guerre\u00bb<\/em><\/strong> pour sortir ces propos de leur contexte, alors que tenus pour faire <em><strong>\u00abappel \u00e0 l&rsquo;investissement en RDC\u00bb.<\/strong><\/em><\/p>\n\n\n\n<p>Ce d\u00e9sarroi a \u00e9t\u00e9 exprim\u00e9 dans une mise au point publi\u00e9e ce mercredi 27 avril par la cellule de communication de l\u2019IGF, dont une copie est parvenue \u00e0 infos-droitshumains.net.<\/p>\n\n\n\n<p>Un plan tout a fait machiav\u00e9lique orchestr\u00e9 dans des officines des pr\u00e9dateurs des deniers publics pour tenir l&rsquo;image de Jules Alingete aupr\u00e8s de l&rsquo;opinion publique.<\/p>\n\n\n\n<p><em><strong>\u00abLe chef des services regrette vivement l&rsquo;exploitation malencontreuse de ses propos par certaines personnes instrumentalis\u00e9es par les pr\u00e9dateurs qui agissent dans l&rsquo;ombre, esp\u00e9rant toujours un jour, mettre fin \u00e0 la traque dont ils sont victime et affirme qu&rsquo;il a toujours, comme tout congolais, compatis \u00e0 la douleur de nos fr\u00e8res et s\u0153ur de la partie Est de notre pays, victimes de la barbarie terroristes des groupes arm\u00e9s, contre lesquels le pr\u00e9sident de la R\u00e9publique, le gouvernement et les et les FARDC ne m\u00e9nagent aucun effort pour l\u2019\u00e9radiquer\u00bb,<\/strong><\/em> poursuit le dit communiqu\u00e9.<\/p>\n\n\n\n<p>L\u2019IGF consid\u00e8re par ailleurs les instigateurs de ce plan, des <em><strong>\u00abennemis du d\u00e9veloppement de notre pays qui tentent de faire croire aux compatriotes de l\u2019Est que \u00abl\u2019inspecteur g\u00e9n\u00e9ral Jules Alingete d\u00e9nie leurs souffrances et pourtant tel n\u2019est pas le cas\u00bb.<\/strong><\/em><\/p>\n\n\n\n<p>Une r\u00e9cup\u00e9ration politicienne que l\u2019IGF, invite les congolais et congolaises \u00e0 totalement d\u00e9consid\u00e9rer.<\/p>\n\n\n\n<p><em><strong>\u00abL\u2019inspecteur g\u00e9n\u00e9ral des finances demande \u00e0 tous ceux qui aime notre patrie de ne pas se pr\u00eater \u00e0 la r\u00e9cup\u00e9ration politique des personnes qui ne veulent pas des investisseurs en RDC alors qu\u2019il s\u2019agit de la voix par excellence pour la cr\u00e9ation d\u2019emplois et le soulagement de la situation sociale des Congolais et congolaises\u00bb.<\/strong><\/em><\/p>\n\n\n\n<p>Toute fois, ce service rattach\u00e9 au Pr\u00e9sident de la R\u00e9publique dit exprimer ses vifs regrets \u00e0 tous ceux qui se sont trouv\u00e9s heurt\u00e9s par les propos tenus par son inspecteur-chef des services.<\/p>\n\n\n\n<p>Jo\u00ebl Diawa<\/p>\n","protected":false},"excerpt":{"rendered":"<p>R\u00e9daction :+243817406088 Sur invitation de la chambre de commerce du Texas, Jules Alingete Key, l&rsquo;Inspecteur&#8230;<\/p>\n","protected":false},"author":2,"featured_media":4301,"comment_status":"closed","ping_status":"open","sticky":false,"template":"","format":"standard","meta":{"_jetpack_memberships_contains_paid_content":false,"footnotes":""},"categories":[8],"tags":[],"class_list":["post-3598","post","type-post","status-publish","format-standard","has-post-thumbnail","hentry","category-societe"],"yoast_head":"<!-- This site is optimized with the Yoast SEO plugin v27.5 - https:\/\/yoast.com\/product\/yoast-seo-wordpress\/ -->\n<title>Mauvaise interpr\u00e9tation des propos de Jules Alingete au NSI forum: l\u2019IGF d\u00e9nonce la r\u00e9cup\u00e9ration politicienne des pr\u00e9dateurs du tr\u00e9sor public - Infos Droits Humains<\/title>\n<meta name=\"robots\" content=\"index, follow, max-snippet:-1, max-image-preview:large, max-video-preview:-1\" \/>\n<link rel=\"canonical\" href=\"https:\/\/infos-droitshumains.net\/?p=3598\" \/>\n<meta property=\"og:locale\" content=\"fr_FR\" \/>\n<meta property=\"og:type\" content=\"article\" \/>\n<meta property=\"og:title\" content=\"Mauvaise interpr\u00e9tation des propos de Jules Alingete au NSI forum: l\u2019IGF d\u00e9nonce la r\u00e9cup\u00e9ration politicienne des pr\u00e9dateurs du tr\u00e9sor public - Infos Droits Humains\" \/>\n<meta property=\"og:description\" content=\"R\u00e9daction :+243817406088 Sur invitation de la chambre de commerce du Texas, Jules Alingete Key, l&rsquo;Inspecteur...\" \/>\n<meta property=\"og:url\" content=\"https:\/\/infos-droitshumains.net\/?p=3598\" \/>\n<meta property=\"og:site_name\" content=\"Infos Droits Humains\" \/>\n<meta property=\"article:published_time\" content=\"2022-04-28T06:11:53+00:00\" \/>\n<meta property=\"article:modified_time\" content=\"2023-04-06T10:09:08+00:00\" \/>\n<meta name=\"author\" content=\"Jo\u00ebl Diawa\" \/>\n<meta name=\"twitter:card\" content=\"summary_large_image\" \/>\n<meta name=\"twitter:label1\" content=\"\u00c9crit par\" \/>\n\t<meta name=\"twitter:data1\" content=\"Jo\u00ebl Diawa\" \/>\n\t<meta name=\"twitter:label2\" content=\"Dur\u00e9e de lecture estim\u00e9e\" \/>\n\t<meta name=\"twitter:data2\" content=\"3 minutes\" \/>\n<script type=\"application\/ld+json\" class=\"yoast-schema-graph\">{\"@context\":\"https:\\\/\\\/schema.org\",\"@graph\":[{\"@type\":\"Article\",\"@id\":\"https:\\\/\\\/infos-droitshumains.net\\\/?p=3598#article\",\"isPartOf\":{\"@id\":\"https:\\\/\\\/infos-droitshumains.net\\\/?p=3598\"},\"author\":{\"name\":\"Jo\u00ebl Diawa\",\"@id\":\"https:\\\/\\\/infos-droitshumains.net\\\/#\\\/schema\\\/person\\\/3dc5e921c3302172e0ed4362f96faab7\"},\"headline\":\"Mauvaise interpr\u00e9tation des propos de Jules Alingete au NSI forum: l\u2019IGF d\u00e9nonce la r\u00e9cup\u00e9ration politicienne des pr\u00e9dateurs du tr\u00e9sor public\",\"datePublished\":\"2022-04-28T06:11:53+00:00\",\"dateModified\":\"2023-04-06T10:09:08+00:00\",\"mainEntityOfPage\":{\"@id\":\"https:\\\/\\\/infos-droitshumains.net\\\/?p=3598\"},\"wordCount\":632,\"publisher\":{\"@id\":\"https:\\\/\\\/infos-droitshumains.net\\\/#organization\"},\"image\":{\"@id\":\"https:\\\/\\\/infos-droitshumains.net\\\/?p=3598#primaryimage\"},\"thumbnailUrl\":\"https:\\\/\\\/i0.wp.com\\\/infos-droitshumains.net\\\/wp-content\\\/uploads\\\/2022\\\/04\\\/images-32_1.jpeg?fit=783%2C391&ssl=1\",\"articleSection\":[\"Soci\u00e9t\u00e9\"],\"inLanguage\":\"fr-FR\"},{\"@type\":\"WebPage\",\"@id\":\"https:\\\/\\\/infos-droitshumains.net\\\/?p=3598\",\"url\":\"https:\\\/\\\/infos-droitshumains.net\\\/?p=3598\",\"name\":\"Mauvaise interpr\u00e9tation des propos de Jules Alingete au NSI forum: l\u2019IGF d\u00e9nonce la r\u00e9cup\u00e9ration politicienne des pr\u00e9dateurs du tr\u00e9sor public - Infos Droits Humains\",\"isPartOf\":{\"@id\":\"https:\\\/\\\/infos-droitshumains.net\\\/#website\"},\"primaryImageOfPage\":{\"@id\":\"https:\\\/\\\/infos-droitshumains.net\\\/?p=3598#primaryimage\"},\"image\":{\"@id\":\"https:\\\/\\\/infos-droitshumains.net\\\/?p=3598#primaryimage\"},\"thumbnailUrl\":\"https:\\\/\\\/i0.wp.com\\\/infos-droitshumains.net\\\/wp-content\\\/uploads\\\/2022\\\/04\\\/images-32_1.jpeg?fit=783%2C391&ssl=1\",\"datePublished\":\"2022-04-28T06:11:53+00:00\",\"dateModified\":\"2023-04-06T10:09:08+00:00\",\"breadcrumb\":{\"@id\":\"https:\\\/\\\/infos-droitshumains.net\\\/?p=3598#breadcrumb\"},\"inLanguage\":\"fr-FR\",\"potentialAction\":[{\"@type\":\"ReadAction\",\"target\":[\"https:\\\/\\\/infos-droitshumains.net\\\/?p=3598\"]}]},{\"@type\":\"ImageObject\",\"inLanguage\":\"fr-FR\",\"@id\":\"https:\\\/\\\/infos-droitshumains.net\\\/?p=3598#primaryimage\",\"url\":\"https:\\\/\\\/i0.wp.com\\\/infos-droitshumains.net\\\/wp-content\\\/uploads\\\/2022\\\/04\\\/images-32_1.jpeg?fit=783%2C391&ssl=1\",\"contentUrl\":\"https:\\\/\\\/i0.wp.com\\\/infos-droitshumains.net\\\/wp-content\\\/uploads\\\/2022\\\/04\\\/images-32_1.jpeg?fit=783%2C391&ssl=1\",\"width\":783,\"height\":391},{\"@type\":\"BreadcrumbList\",\"@id\":\"https:\\\/\\\/infos-droitshumains.net\\\/?p=3598#breadcrumb\",\"itemListElement\":[{\"@type\":\"ListItem\",\"position\":1,\"name\":\"Accueil\",\"item\":\"https:\\\/\\\/infos-droitshumains.net\\\/\"},{\"@type\":\"ListItem\",\"position\":2,\"name\":\"Mauvaise interpr\u00e9tation des propos de Jules Alingete au NSI forum: l\u2019IGF d\u00e9nonce la r\u00e9cup\u00e9ration politicienne des pr\u00e9dateurs du tr\u00e9sor public\"}]},{\"@type\":\"WebSite\",\"@id\":\"https:\\\/\\\/infos-droitshumains.net\\\/#website\",\"url\":\"https:\\\/\\\/infos-droitshumains.net\\\/\",\"name\":\"Infos Droits Humains\",\"description\":\"S&#039;informer est un droit\",\"publisher\":{\"@id\":\"https:\\\/\\\/infos-droitshumains.net\\\/#organization\"},\"potentialAction\":[{\"@type\":\"SearchAction\",\"target\":{\"@type\":\"EntryPoint\",\"urlTemplate\":\"https:\\\/\\\/infos-droitshumains.net\\\/?s={search_term_string}\"},\"query-input\":{\"@type\":\"PropertyValueSpecification\",\"valueRequired\":true,\"valueName\":\"search_term_string\"}}],\"inLanguage\":\"fr-FR\"},{\"@type\":\"Organization\",\"@id\":\"https:\\\/\\\/infos-droitshumains.net\\\/#organization\",\"name\":\"Infos Droits Humains\",\"url\":\"https:\\\/\\\/infos-droitshumains.net\\\/\",\"logo\":{\"@type\":\"ImageObject\",\"inLanguage\":\"fr-FR\",\"@id\":\"https:\\\/\\\/infos-droitshumains.net\\\/#\\\/schema\\\/logo\\\/image\\\/\",\"url\":\"https:\\\/\\\/i0.wp.com\\\/infos-droitshumains.net\\\/wp-content\\\/uploads\\\/2022\\\/05\\\/Logo.png?fit=333%2C129&ssl=1\",\"contentUrl\":\"https:\\\/\\\/i0.wp.com\\\/infos-droitshumains.net\\\/wp-content\\\/uploads\\\/2022\\\/05\\\/Logo.png?fit=333%2C129&ssl=1\",\"width\":333,\"height\":129,\"caption\":\"Infos Droits Humains\"},\"image\":{\"@id\":\"https:\\\/\\\/infos-droitshumains.net\\\/#\\\/schema\\\/logo\\\/image\\\/\"}},{\"@type\":\"Person\",\"@id\":\"https:\\\/\\\/infos-droitshumains.net\\\/#\\\/schema\\\/person\\\/3dc5e921c3302172e0ed4362f96faab7\",\"name\":\"Jo\u00ebl Diawa\",\"image\":{\"@type\":\"ImageObject\",\"inLanguage\":\"fr-FR\",\"@id\":\"https:\\\/\\\/secure.gravatar.com\\\/avatar\\\/729bea6ff4604c624417803c477363be8e3c7186deaa65713313f9b4b820f41c?s=96&d=mm&r=g\",\"url\":\"https:\\\/\\\/secure.gravatar.com\\\/avatar\\\/729bea6ff4604c624417803c477363be8e3c7186deaa65713313f9b4b820f41c?s=96&d=mm&r=g\",\"contentUrl\":\"https:\\\/\\\/secure.gravatar.com\\\/avatar\\\/729bea6ff4604c624417803c477363be8e3c7186deaa65713313f9b4b820f41c?s=96&d=mm&r=g\",\"caption\":\"Jo\u00ebl Diawa\"},\"sameAs\":[\"https:\\\/\\\/www.infos-droitshumains.net\"],\"url\":\"https:\\\/\\\/infos-droitshumains.net\\\/?author=2\"}]}<\/script>\n<!-- \/ Yoast SEO plugin. -->","yoast_head_json":{"title":"Mauvaise interpr\u00e9tation des propos de Jules Alingete au NSI forum: l\u2019IGF d\u00e9nonce la r\u00e9cup\u00e9ration politicienne des pr\u00e9dateurs du tr\u00e9sor public - Infos Droits Humains","robots":{"index":"index","follow":"follow","max-snippet":"max-snippet:-1","max-image-preview":"max-image-preview:large","max-video-preview":"max-video-preview:-1"},"canonical":"https:\/\/infos-droitshumains.net\/?p=3598","og_locale":"fr_FR","og_type":"article","og_title":"Mauvaise interpr\u00e9tation des propos de Jules Alingete au NSI forum: l\u2019IGF d\u00e9nonce la r\u00e9cup\u00e9ration politicienne des pr\u00e9dateurs du tr\u00e9sor public - Infos Droits Humains","og_description":"R\u00e9daction :+243817406088 Sur invitation de la chambre de commerce du Texas, Jules Alingete Key, l&rsquo;Inspecteur...","og_url":"https:\/\/infos-droitshumains.net\/?p=3598","og_site_name":"Infos Droits Humains","article_published_time":"2022-04-28T06:11:53+00:00","article_modified_time":"2023-04-06T10:09:08+00:00","author":"Jo\u00ebl Diawa","twitter_card":"summary_large_image","twitter_misc":{"\u00c9crit par":"Jo\u00ebl Diawa","Dur\u00e9e de lecture estim\u00e9e":"3 minutes"},"schema":{"@context":"https:\/\/schema.org","@graph":[{"@type":"Article","@id":"https:\/\/infos-droitshumains.net\/?p=3598#article","isPartOf":{"@id":"https:\/\/infos-droitshumains.net\/?p=3598"},"author":{"name":"Jo\u00ebl Diawa","@id":"https:\/\/infos-droitshumains.net\/#\/schema\/person\/3dc5e921c3302172e0ed4362f96faab7"},"headline":"Mauvaise interpr\u00e9tation des propos de Jules Alingete au NSI forum: l\u2019IGF d\u00e9nonce la r\u00e9cup\u00e9ration politicienne des pr\u00e9dateurs du tr\u00e9sor public","datePublished":"2022-04-28T06:11:53+00:00","dateModified":"2023-04-06T10:09:08+00:00","mainEntityOfPage":{"@id":"https:\/\/infos-droitshumains.net\/?p=3598"},"wordCount":632,"publisher":{"@id":"https:\/\/infos-droitshumains.net\/#organization"},"image":{"@id":"https:\/\/infos-droitshumains.net\/?p=3598#primaryimage"},"thumbnailUrl":"https:\/\/i0.wp.com\/infos-droitshumains.net\/wp-content\/uploads\/2022\/04\/images-32_1.jpeg?fit=783%2C391&ssl=1","articleSection":["Soci\u00e9t\u00e9"],"inLanguage":"fr-FR"},{"@type":"WebPage","@id":"https:\/\/infos-droitshumains.net\/?p=3598","url":"https:\/\/infos-droitshumains.net\/?p=3598","name":"Mauvaise interpr\u00e9tation des propos de Jules Alingete au NSI forum: l\u2019IGF d\u00e9nonce la r\u00e9cup\u00e9ration politicienne des pr\u00e9dateurs du tr\u00e9sor public - Infos Droits Humains","isPartOf":{"@id":"https:\/\/infos-droitshumains.net\/#website"},"primaryImageOfPage":{"@id":"https:\/\/infos-droitshumains.net\/?p=3598#primaryimage"},"image":{"@id":"https:\/\/infos-droitshumains.net\/?p=3598#primaryimage"},"thumbnailUrl":"https:\/\/i0.wp.com\/infos-droitshumains.net\/wp-content\/uploads\/2022\/04\/images-32_1.jpeg?fit=783%2C391&ssl=1","datePublished":"2022-04-28T06:11:53+00:00","dateModified":"2023-04-06T10:09:08+00:00","breadcrumb":{"@id":"https:\/\/infos-droitshumains.net\/?p=3598#breadcrumb"},"inLanguage":"fr-FR","potentialAction":[{"@type":"ReadAction","target":["https:\/\/infos-droitshumains.net\/?p=3598"]}]},{"@type":"ImageObject","inLanguage":"fr-FR","@id":"https:\/\/infos-droitshumains.net\/?p=3598#primaryimage","url":"https:\/\/i0.wp.com\/infos-droitshumains.net\/wp-content\/uploads\/2022\/04\/images-32_1.jpeg?fit=783%2C391&ssl=1","contentUrl":"https:\/\/i0.wp.com\/infos-droitshumains.net\/wp-content\/uploads\/2022\/04\/images-32_1.jpeg?fit=783%2C391&ssl=1","width":783,"height":391},{"@type":"BreadcrumbList","@id":"https:\/\/infos-droitshumains.net\/?p=3598#breadcrumb","itemListElement":[{"@type":"ListItem","position":1,"name":"Accueil","item":"https:\/\/infos-droitshumains.net\/"},{"@type":"ListItem","position":2,"name":"Mauvaise interpr\u00e9tation des propos de Jules Alingete au NSI forum: l\u2019IGF d\u00e9nonce la r\u00e9cup\u00e9ration politicienne des pr\u00e9dateurs du tr\u00e9sor public"}]},{"@type":"WebSite","@id":"https:\/\/infos-droitshumains.net\/#website","url":"https:\/\/infos-droitshumains.net\/","name":"Infos Droits Humains","description":"S&#039;informer est un droit","publisher":{"@id":"https:\/\/infos-droitshumains.net\/#organization"},"potentialAction":[{"@type":"SearchAction","target":{"@type":"EntryPoint","urlTemplate":"https:\/\/infos-droitshumains.net\/?s={search_term_string}"},"query-input":{"@type":"PropertyValueSpecification","valueRequired":true,"valueName":"search_term_string"}}],"inLanguage":"fr-FR"},{"@type":"Organization","@id":"https:\/\/infos-droitshumains.net\/#organization","name":"Infos Droits Humains","url":"https:\/\/infos-droitshumains.net\/","logo":{"@type":"ImageObject","inLanguage":"fr-FR","@id":"https:\/\/infos-droitshumains.net\/#\/schema\/logo\/image\/","url":"https:\/\/i0.wp.com\/infos-droitshumains.net\/wp-content\/uploads\/2022\/05\/Logo.png?fit=333%2C129&ssl=1","contentUrl":"https:\/\/i0.wp.com\/infos-droitshumains.net\/wp-content\/uploads\/2022\/05\/Logo.png?fit=333%2C129&ssl=1","width":333,"height":129,"caption":"Infos Droits Humains"},"image":{"@id":"https:\/\/infos-droitshumains.net\/#\/schema\/logo\/image\/"}},{"@type":"Person","@id":"https:\/\/infos-droitshumains.net\/#\/schema\/person\/3dc5e921c3302172e0ed4362f96faab7","name":"Jo\u00ebl Diawa","image":{"@type":"ImageObject","inLanguage":"fr-FR","@id":"https:\/\/secure.gravatar.com\/avatar\/729bea6ff4604c624417803c477363be8e3c7186deaa65713313f9b4b820f41c?s=96&d=mm&r=g","url":"https:\/\/secure.gravatar.com\/avatar\/729bea6ff4604c624417803c477363be8e3c7186deaa65713313f9b4b820f41c?s=96&d=mm&r=g","contentUrl":"https:\/\/secure.gravatar.com\/avatar\/729bea6ff4604c624417803c477363be8e3c7186deaa65713313f9b4b820f41c?s=96&d=mm&r=g","caption":"Jo\u00ebl Diawa"},"sameAs":["https:\/\/www.infos-droitshumains.net"],"url":"https:\/\/infos-droitshumains.net\/?author=2"}]}},"featured_image_urls":{"full":["https:\/\/i0.wp.com\/infos-droitshumains.net\/wp-content\/uploads\/2022\/04\/images-32_1.jpeg?fit=783%2C391&ssl=1",783,391,false],"thumbnail":["https:\/\/i0.wp.com\/infos-droitshumains.net\/wp-content\/uploads\/2022\/04\/images-32_1.jpeg?resize=150%2C150&ssl=1",150,150,true],"medium":["https:\/\/i0.wp.com\/infos-droitshumains.net\/wp-content\/uploads\/2022\/04\/images-32_1.jpeg?fit=300%2C150&ssl=1",300,150,true],"medium_large":["https:\/\/i0.wp.com\/infos-droitshumains.net\/wp-content\/uploads\/2022\/04\/images-32_1.jpeg?fit=640%2C320&ssl=1",640,320,true],"large":["https:\/\/i0.wp.com\/infos-droitshumains.net\/wp-content\/uploads\/2022\/04\/images-32_1.jpeg?fit=640%2C320&ssl=1",640,320,true],"1536x1536":["https:\/\/i0.wp.com\/infos-droitshumains.net\/wp-content\/uploads\/2022\/04\/images-32_1.jpeg?fit=783%2C391&ssl=1",783,391,true],"2048x2048":["https:\/\/i0.wp.com\/infos-droitshumains.net\/wp-content\/uploads\/2022\/04\/images-32_1.jpeg?fit=783%2C391&ssl=1",783,391,true],"covernews-slider-full":["https:\/\/i0.wp.com\/infos-droitshumains.net\/wp-content\/uploads\/2022\/04\/images-32_1.jpeg?resize=783%2C391&ssl=1",783,391,true],"covernews-slider-center":["https:\/\/i0.wp.com\/infos-droitshumains.net\/wp-content\/uploads\/2022\/04\/images-32_1.jpeg?resize=783%2C391&ssl=1",783,391,true],"covernews-featured":["https:\/\/i0.wp.com\/infos-droitshumains.net\/wp-content\/uploads\/2022\/04\/images-32_1.jpeg?fit=783%2C391&ssl=1",783,391,true],"covernews-medium":["https:\/\/i0.wp.com\/infos-droitshumains.net\/wp-content\/uploads\/2022\/04\/images-32_1.jpeg?resize=540%2C340&ssl=1",540,340,true],"covernews-medium-square":["https:\/\/i0.wp.com\/infos-droitshumains.net\/wp-content\/uploads\/2022\/04\/images-32_1.jpeg?resize=400%2C250&ssl=1",400,250,true]},"author_info":{"display_name":"Jo\u00ebl Diawa","author_link":"https:\/\/infos-droitshumains.net\/?author=2"},"category_info":"<a href=\"https:\/\/infos-droitshumains.net\/?cat=8\" rel=\"category\">Soci\u00e9t\u00e9<\/a>","tag_info":"Soci\u00e9t\u00e9","comment_count":"0","jetpack_featured_media_url":"https:\/\/i0.wp.com\/infos-droitshumains.net\/wp-content\/uploads\/2022\/04\/images-32_1.jpeg?fit=783%2C391&ssl=1","jetpack-related-posts":[],"jetpack_sharing_enabled":true,"_links":{"self":[{"href":"https:\/\/infos-droitshumains.net\/index.php?rest_route=\/wp\/v2\/posts\/3598","targetHints":{"allow":["GET"]}}],"collection":[{"href":"https:\/\/infos-droitshumains.net\/index.php?rest_route=\/wp\/v2\/posts"}],"about":[{"href":"https:\/\/infos-droitshumains.net\/index.php?rest_route=\/wp\/v2\/types\/post"}],"author":[{"embeddable":true,"href":"https:\/\/infos-droitshumains.net\/index.php?rest_route=\/wp\/v2\/users\/2"}],"replies":[{"embeddable":true,"href":"https:\/\/infos-droitshumains.net\/index.php?rest_route=%2Fwp%2Fv2%2Fcomments&post=3598"}],"version-history":[{"count":5,"href":"https:\/\/infos-droitshumains.net\/index.php?rest_route=\/wp\/v2\/posts\/3598\/revisions"}],"predecessor-version":[{"id":3604,"href":"https:\/\/infos-droitshumains.net\/index.php?rest_route=\/wp\/v2\/posts\/3598\/revisions\/3604"}],"wp:featuredmedia":[{"embeddable":true,"href":"https:\/\/infos-droitshumains.net\/index.php?rest_route=\/wp\/v2\/media\/4301"}],"wp:attachment":[{"href":"https:\/\/infos-droitshumains.net\/index.php?rest_route=%2Fwp%2Fv2%2Fmedia&parent=3598"}],"wp:term":[{"taxonomy":"category","embeddable":true,"href":"https:\/\/infos-droitshumains.net\/index.php?rest_route=%2Fwp%2Fv2%2Fcategories&post=3598"},{"taxonomy":"post_tag","embeddable":true,"href":"https:\/\/infos-droitshumains.net\/index.php?rest_route=%2Fwp%2Fv2%2Ftags&post=3598"}],"curies":[{"name":"wp","href":"https:\/\/api.w.org\/{rel}","templated":true}]}}