{"id":3500,"date":"2022-04-22T08:18:22","date_gmt":"2022-04-22T06:18:22","guid":{"rendered":"https:\/\/infos-droitshumains.net\/?p=3500"},"modified":"2023-04-06T12:10:02","modified_gmt":"2023-04-06T10:10:02","slug":"rdc-vital-kamerhe-a-la-primature-un-chimere-ou-une-realite-qui-prend-corpschronique-de-joel-diawa","status":"publish","type":"post","link":"https:\/\/infos-droitshumains.net\/?p=3500","title":{"rendered":"RDC: Vital Kamerhe \u00e0 la Primature! Une chim\u00e8re ou une r\u00e9alit\u00e9 qui prend corps?(Chronique de Jo\u00ebl Diawa)"},"content":{"rendered":"\n<p><strong>R\u00e9daction: +243817406088<\/strong><\/p>\n\n\n\n<p>Depuis qu\u2019il a b\u00e9n\u00e9fici\u00e9 de la libert\u00e9 provisoire, Vial Kamerhe est plus que pressenti Premier-Ministre. Dans les couloirs Politiques, son nom est cit\u00e9 avec insistance comme le successeur de Jean-Michel Sama Lukonde.<\/p>\n\n\n\n<h2 class=\"wp-block-heading\">Sauver le bilan de Tshisekedi?<\/h2>\n\n\n\n<p>L&rsquo;accord de Nairobi qui du moins, n&rsquo;a jamais \u00e9t\u00e9 appliqu\u00e9, pr\u00e9voyait que Vital Kamerhe soit le Premier-Ministre de F\u00e9lix Tshisekedi, si, ce dernier remportait la pr\u00e9sidentielle de 2018. Plus de trois ans apr\u00e8s, le Pr\u00e9sident de l\u2019Union pour la Nation Congolaise n&rsquo;a \u00e9t\u00e9 qu\u2019un bref directeur de cabinet de son alli\u00e9.<\/p>\n\n\n\n<p>F\u00e9lix Tshisekedi et son gouvernement dit des warriors, font actuellement face aux \u00e9vidences de plusieurs rat\u00e9s de leur bilan qu\u2019il conviendra co\u00fbte que co\u00fbte d\u00e9fendre d\u2019ici aux scrutins de 2023 pour esp\u00e9rer briguer un second mandat. Conscient des rat\u00e9s de sa gouvernance sur plusieurs plans, le chef de l\u2019\u00c9tat se trouve devant une montagne \u00e0 d\u00e9placer.<\/p>\n\n\n\n<p>Comme Premier ministre, Vital Kamerhe devrait rafistoler l\u2019action gouvernementale d\u00e9brid\u00e9e depuis Sylvestre Ilunga Ilunkamba jusqu\u2019\u00e0 Jean-Michel Sama Lukonde. Convaincant et intelligent politiquement, L\u2019ancien speecker de l\u2019Assembl\u00e9e Nationale (2007-2009) a la costume pour le faire, comme l\u2019avait reconnu le Pr\u00e9sident de la R\u00e9publique:<\/p>\n\n\n\n<p><strong><em>\u00abJe continue \u00e0 croire que Vital Kamerhe est non seulement quelqu\u2019un s\u00e9rieux, de correct, mais en plus, quelqu\u2019un dont la R\u00e9publique a besoin, Gr\u00e2ce \u00e0 son intelligence, gr\u00e2ce \u00e0 son exp\u00e9rience. Et je suis convaincu, qu\u2019il jouera \u00e0 nouveau un r\u00f4le dans ce pays\u00bb<\/em>,<\/strong> r\u00e9pondait F\u00e9lix Tshisekedi \u00e0 une question des journalistes \u00e0 Bunia.<\/p>\n\n\n\n<h2 class=\"wp-block-heading\">Pas de barri\u00e8re judiciaire<\/h2>\n\n\n\n<p><em><strong>\u00abLa loi est clair, lorsque vous \u00eates condamn\u00e9s pour les faits de corruption ou de d\u00e9tournement des deniers publics, vous ne pouvez assumer certaines fonctions au pays. Au stade actuel, les pr\u00e9ventions mises en charge de Vital Kamerhe demeurent telles. La condamnation demeure, parce-qu\u2019il est appel\u00e9 encore \u00e0 compara\u00eetre devant son juge naturel. Dire qu\u2019il peut ou ne pas \u00eatre Premier-Ministre, il faudra attendre que la justice se prononce sur son cas\u00bb,<\/strong><\/em> a laiss\u00e9 entendre Ma\u00eetre Bazin Pembe.<\/p>\n\n\n\n<p>Un avis contredit par Ma\u00eetre Victor Ebenya Molongi pour qui, au stade actuel, Vital Kamerhe est primaturable pour le simple fait que le jugement le condamnant n\u2019est pas irr\u00e9vocable:<\/p>\n\n\n\n<p><em><strong>\u00ab\u2026 du fait que cette d\u00e9cision l\u00e0 du premier degr\u00e9 du TGI\/Gombe est frapp\u00e9 par d\u2019appel, elle n\u2019est en encore irr\u00e9vocable, le pr\u00e9venu Vital Kamerhe b\u00e9n\u00e9ficie encore de la pr\u00e9somption d\u2019innocence. Du fait qu\u2019il b\u00e9n\u00e9ficie de la pr\u00e9somption d\u2019innocence, il n\u2019y a sur le plan juridique, aucun motif qui peut l\u2019\u00e9carter, il peut \u00eatre nomm\u00e9 comme Premier-Ministre\u00bb<\/strong><\/em>, a-t-il indiqu\u00e9.<\/p>\n\n\n\n<p>Apr\u00e8s la d\u00e9cision de la Cour de Cassation qui a cass\u00e9 avec renvoi l\u2019arr\u00eat de la Cour d\u2019Appel de Kinshasa\/Gombe condamnant cet ancien Directeur de Cabinet du Chef de l\u2019\u00c9tat \u00e0 13 ans de servitude p\u00e9nale, le verdict du juge de premi\u00e8re instance redevient d\u2019application, mais frapp\u00e9 par un appel rappelle le coordonnateur de l\u2019Asbl Droit Plus.<\/p>\n\n\n\n<p><em><strong>\u00abOn revient avec la condamnation de 20 ans du premier degr\u00e9, mais cette d\u00e9cision du Tribunal de Grande Instance, n\u2019est pas ex\u00e9cutoire au stade actuel, parce-que, il y a un acte d\u2019Appel. Du fait que le pr\u00e9venu Kamerhe a interjet\u00e9 appel contre cette d\u00e9cision qui avait \u00e9t\u00e9 rendue, cette derni\u00e8re ne saura pas \u00eatre ex\u00e9cut\u00e9e\u00bb.<\/strong><\/em><\/p>\n\n\n\n<p>Au cas o\u00f9, les rumeurs faisant \u00e9tat de la nomination de Vital Kamerhe venaient \u00e0 se confirmer, deux cons\u00e9quences majeurs s\u2019en suivront sur son dossier devant les instances judiciaires, conclu Ma\u00eetre Victor Ebenya Molongi.<\/p>\n\n\n\n<p><em><strong>\u00abPrimo, Un Premier-Ministre b\u00e9n\u00e9ficie de ce qu\u2019on appelle les privil\u00e8ges de juridiction. Son juge c\u2019est la Cour Constitutionnelle. Si on doit le poursuivre, ce n\u2019est pas au Tribunal de Grande Instance, ni devant la Cour d\u2019Appel\u00bb<\/strong><\/em> ;<\/p>\n\n\n\n<p><em><strong>\u00abSecundo, s\u2019il faut le mettre en accusation, il va b\u00e9n\u00e9ficier des immunit\u00e9s des poursuites. Il faut obtenir d\u2019abord l\u2019autorisation du parlement r\u00e9uni en congr\u00e8s. Dans ce cas, il y aura des cons\u00e9quences sur le proc\u00e8s en cours. Le juge d\u2019Appel ne saura plus continuer sa d\u00e9marche parce-que Vital Kamerhe sera justiciable d\u2019avant la Cour Constitutionnelle. Mais pour les faits commis en dehors de l\u2019exercice de ces fonctions, comme c\u2019est le cas, la loi dit qu\u2019on va sursoir, attendre jusqu\u2019\u00e0 ce qu\u2019Il va quitter cette fonction l\u00e0\u00bb, <\/strong><\/em>a conclu Ma\u00eetre Victor Ebenya Molongi.<\/p>\n\n\n\n<h2 class=\"wp-block-heading\">Un obstacle g\u00e9opolitique s\u2019y oppose!<\/h2>\n\n\n\n<p>Si aucune contrainte politique, moins encore judiciaire n&#8217;emp\u00eacherait le natif de Walungu a briguer la Primature, la configuration g\u00e9opolitique de l\u2019actuel pouvoir devrait \u00eatre un obstacle majeur devant lui estiment certains analystes politiques.<\/p>\n\n\n\n<p>Avec Modeste Bahati Lukwebo, pr\u00e9sident du S\u00e9nat (originaire du Sud-Kivu), toute nomination de Kamerhe dans des hautes fonctions devient hypoth\u00e9tique voire g\u00e9opolitiquement conflictuelle. En raison de son appartenance \u00e0 une m\u00eame province que le pr\u00e9sident du S\u00e9nat, Kamerhe ne devrait donc pas esp\u00e9rer \u00e0 la Primature.<\/p>\n\n\n\n<p>Reste \u00e0 savoir si le Pr\u00e9sident de la R\u00e9publique, \u00e0 qui revient la derni\u00e8re d\u00e9cision, va opter pour Vital Kamerhe pour les quelques mois qui lui restent dans ce premier quinquennat, car, les enjeux sont tels que, se passer de lui, semble tr\u00e8s difficile au stade actuel. Un v\u00e9ritable dilemme corn\u00e9lien qui  ne devra pas mettre F\u00e9lix Tshisekedi dans une situation incontournable.<\/p>\n\n\n\n<p>Jo\u00ebl Diawa<\/p>\n","protected":false},"excerpt":{"rendered":"<p>R\u00e9daction: +243817406088 Depuis qu\u2019il a b\u00e9n\u00e9fici\u00e9 de la libert\u00e9 provisoire, Vial Kamerhe est plus que&#8230;<\/p>\n","protected":false},"author":2,"featured_media":0,"comment_status":"closed","ping_status":"open","sticky":false,"template":"","format":"standard","meta":{"_jetpack_memberships_contains_paid_content":false,"footnotes":""},"categories":[1],"tags":[],"class_list":["post-3500","post","type-post","status-publish","format-standard","hentry","category-non-classe"],"yoast_head":"<!-- This site is optimized with the Yoast SEO plugin v27.5 - https:\/\/yoast.com\/product\/yoast-seo-wordpress\/ -->\n<title>RDC: Vital Kamerhe \u00e0 la Primature! Une chim\u00e8re ou une r\u00e9alit\u00e9 qui prend corps?(Chronique de Jo\u00ebl Diawa) - Infos Droits Humains<\/title>\n<meta name=\"robots\" content=\"index, follow, max-snippet:-1, max-image-preview:large, max-video-preview:-1\" \/>\n<link rel=\"canonical\" href=\"https:\/\/infos-droitshumains.net\/?p=3500\" \/>\n<meta property=\"og:locale\" content=\"fr_FR\" \/>\n<meta property=\"og:type\" content=\"article\" \/>\n<meta property=\"og:title\" content=\"RDC: Vital Kamerhe \u00e0 la Primature! Une chim\u00e8re ou une r\u00e9alit\u00e9 qui prend corps?(Chronique de Jo\u00ebl Diawa) - Infos Droits Humains\" \/>\n<meta property=\"og:description\" content=\"R\u00e9daction: +243817406088 Depuis qu\u2019il a b\u00e9n\u00e9fici\u00e9 de la libert\u00e9 provisoire, Vial Kamerhe est plus que...\" \/>\n<meta property=\"og:url\" content=\"https:\/\/infos-droitshumains.net\/?p=3500\" \/>\n<meta property=\"og:site_name\" content=\"Infos Droits Humains\" \/>\n<meta property=\"article:published_time\" content=\"2022-04-22T06:18:22+00:00\" \/>\n<meta property=\"article:modified_time\" content=\"2023-04-06T10:10:02+00:00\" \/>\n<meta name=\"author\" content=\"Jo\u00ebl Diawa\" \/>\n<meta name=\"twitter:card\" content=\"summary_large_image\" \/>\n<meta name=\"twitter:label1\" content=\"\u00c9crit par\" \/>\n\t<meta name=\"twitter:data1\" content=\"Jo\u00ebl Diawa\" \/>\n\t<meta name=\"twitter:label2\" content=\"Dur\u00e9e de lecture estim\u00e9e\" \/>\n\t<meta name=\"twitter:data2\" content=\"5 minutes\" \/>\n<script type=\"application\/ld+json\" class=\"yoast-schema-graph\">{\"@context\":\"https:\\\/\\\/schema.org\",\"@graph\":[{\"@type\":\"Article\",\"@id\":\"https:\\\/\\\/infos-droitshumains.net\\\/?p=3500#article\",\"isPartOf\":{\"@id\":\"https:\\\/\\\/infos-droitshumains.net\\\/?p=3500\"},\"author\":{\"name\":\"Jo\u00ebl Diawa\",\"@id\":\"https:\\\/\\\/infos-droitshumains.net\\\/#\\\/schema\\\/person\\\/3dc5e921c3302172e0ed4362f96faab7\"},\"headline\":\"RDC: Vital Kamerhe \u00e0 la Primature! Une chim\u00e8re ou une r\u00e9alit\u00e9 qui prend corps?(Chronique de Jo\u00ebl Diawa)\",\"datePublished\":\"2022-04-22T06:18:22+00:00\",\"dateModified\":\"2023-04-06T10:10:02+00:00\",\"mainEntityOfPage\":{\"@id\":\"https:\\\/\\\/infos-droitshumains.net\\\/?p=3500\"},\"wordCount\":974,\"publisher\":{\"@id\":\"https:\\\/\\\/infos-droitshumains.net\\\/#organization\"},\"inLanguage\":\"fr-FR\"},{\"@type\":\"WebPage\",\"@id\":\"https:\\\/\\\/infos-droitshumains.net\\\/?p=3500\",\"url\":\"https:\\\/\\\/infos-droitshumains.net\\\/?p=3500\",\"name\":\"RDC: Vital Kamerhe \u00e0 la Primature! Une chim\u00e8re ou une r\u00e9alit\u00e9 qui prend corps?(Chronique de Jo\u00ebl Diawa) - Infos Droits Humains\",\"isPartOf\":{\"@id\":\"https:\\\/\\\/infos-droitshumains.net\\\/#website\"},\"datePublished\":\"2022-04-22T06:18:22+00:00\",\"dateModified\":\"2023-04-06T10:10:02+00:00\",\"breadcrumb\":{\"@id\":\"https:\\\/\\\/infos-droitshumains.net\\\/?p=3500#breadcrumb\"},\"inLanguage\":\"fr-FR\",\"potentialAction\":[{\"@type\":\"ReadAction\",\"target\":[\"https:\\\/\\\/infos-droitshumains.net\\\/?p=3500\"]}]},{\"@type\":\"BreadcrumbList\",\"@id\":\"https:\\\/\\\/infos-droitshumains.net\\\/?p=3500#breadcrumb\",\"itemListElement\":[{\"@type\":\"ListItem\",\"position\":1,\"name\":\"Accueil\",\"item\":\"https:\\\/\\\/infos-droitshumains.net\\\/\"},{\"@type\":\"ListItem\",\"position\":2,\"name\":\"RDC: Vital Kamerhe \u00e0 la Primature! Une chim\u00e8re ou une r\u00e9alit\u00e9 qui prend corps?(Chronique de Jo\u00ebl Diawa)\"}]},{\"@type\":\"WebSite\",\"@id\":\"https:\\\/\\\/infos-droitshumains.net\\\/#website\",\"url\":\"https:\\\/\\\/infos-droitshumains.net\\\/\",\"name\":\"Infos Droits Humains\",\"description\":\"S&#039;informer est un droit\",\"publisher\":{\"@id\":\"https:\\\/\\\/infos-droitshumains.net\\\/#organization\"},\"potentialAction\":[{\"@type\":\"SearchAction\",\"target\":{\"@type\":\"EntryPoint\",\"urlTemplate\":\"https:\\\/\\\/infos-droitshumains.net\\\/?s={search_term_string}\"},\"query-input\":{\"@type\":\"PropertyValueSpecification\",\"valueRequired\":true,\"valueName\":\"search_term_string\"}}],\"inLanguage\":\"fr-FR\"},{\"@type\":\"Organization\",\"@id\":\"https:\\\/\\\/infos-droitshumains.net\\\/#organization\",\"name\":\"Infos Droits Humains\",\"url\":\"https:\\\/\\\/infos-droitshumains.net\\\/\",\"logo\":{\"@type\":\"ImageObject\",\"inLanguage\":\"fr-FR\",\"@id\":\"https:\\\/\\\/infos-droitshumains.net\\\/#\\\/schema\\\/logo\\\/image\\\/\",\"url\":\"https:\\\/\\\/i0.wp.com\\\/infos-droitshumains.net\\\/wp-content\\\/uploads\\\/2022\\\/05\\\/Logo.png?fit=333%2C129&ssl=1\",\"contentUrl\":\"https:\\\/\\\/i0.wp.com\\\/infos-droitshumains.net\\\/wp-content\\\/uploads\\\/2022\\\/05\\\/Logo.png?fit=333%2C129&ssl=1\",\"width\":333,\"height\":129,\"caption\":\"Infos Droits Humains\"},\"image\":{\"@id\":\"https:\\\/\\\/infos-droitshumains.net\\\/#\\\/schema\\\/logo\\\/image\\\/\"}},{\"@type\":\"Person\",\"@id\":\"https:\\\/\\\/infos-droitshumains.net\\\/#\\\/schema\\\/person\\\/3dc5e921c3302172e0ed4362f96faab7\",\"name\":\"Jo\u00ebl Diawa\",\"image\":{\"@type\":\"ImageObject\",\"inLanguage\":\"fr-FR\",\"@id\":\"https:\\\/\\\/secure.gravatar.com\\\/avatar\\\/729bea6ff4604c624417803c477363be8e3c7186deaa65713313f9b4b820f41c?s=96&d=mm&r=g\",\"url\":\"https:\\\/\\\/secure.gravatar.com\\\/avatar\\\/729bea6ff4604c624417803c477363be8e3c7186deaa65713313f9b4b820f41c?s=96&d=mm&r=g\",\"contentUrl\":\"https:\\\/\\\/secure.gravatar.com\\\/avatar\\\/729bea6ff4604c624417803c477363be8e3c7186deaa65713313f9b4b820f41c?s=96&d=mm&r=g\",\"caption\":\"Jo\u00ebl Diawa\"},\"sameAs\":[\"https:\\\/\\\/www.infos-droitshumains.net\"],\"url\":\"https:\\\/\\\/infos-droitshumains.net\\\/?author=2\"}]}<\/script>\n<!-- \/ Yoast SEO plugin. -->","yoast_head_json":{"title":"RDC: Vital Kamerhe \u00e0 la Primature! Une chim\u00e8re ou une r\u00e9alit\u00e9 qui prend corps?(Chronique de Jo\u00ebl Diawa) - Infos Droits Humains","robots":{"index":"index","follow":"follow","max-snippet":"max-snippet:-1","max-image-preview":"max-image-preview:large","max-video-preview":"max-video-preview:-1"},"canonical":"https:\/\/infos-droitshumains.net\/?p=3500","og_locale":"fr_FR","og_type":"article","og_title":"RDC: Vital Kamerhe \u00e0 la Primature! Une chim\u00e8re ou une r\u00e9alit\u00e9 qui prend corps?(Chronique de Jo\u00ebl Diawa) - Infos Droits Humains","og_description":"R\u00e9daction: +243817406088 Depuis qu\u2019il a b\u00e9n\u00e9fici\u00e9 de la libert\u00e9 provisoire, Vial Kamerhe est plus que...","og_url":"https:\/\/infos-droitshumains.net\/?p=3500","og_site_name":"Infos Droits Humains","article_published_time":"2022-04-22T06:18:22+00:00","article_modified_time":"2023-04-06T10:10:02+00:00","author":"Jo\u00ebl Diawa","twitter_card":"summary_large_image","twitter_misc":{"\u00c9crit par":"Jo\u00ebl Diawa","Dur\u00e9e de lecture estim\u00e9e":"5 minutes"},"schema":{"@context":"https:\/\/schema.org","@graph":[{"@type":"Article","@id":"https:\/\/infos-droitshumains.net\/?p=3500#article","isPartOf":{"@id":"https:\/\/infos-droitshumains.net\/?p=3500"},"author":{"name":"Jo\u00ebl Diawa","@id":"https:\/\/infos-droitshumains.net\/#\/schema\/person\/3dc5e921c3302172e0ed4362f96faab7"},"headline":"RDC: Vital Kamerhe \u00e0 la Primature! Une chim\u00e8re ou une r\u00e9alit\u00e9 qui prend corps?(Chronique de Jo\u00ebl Diawa)","datePublished":"2022-04-22T06:18:22+00:00","dateModified":"2023-04-06T10:10:02+00:00","mainEntityOfPage":{"@id":"https:\/\/infos-droitshumains.net\/?p=3500"},"wordCount":974,"publisher":{"@id":"https:\/\/infos-droitshumains.net\/#organization"},"inLanguage":"fr-FR"},{"@type":"WebPage","@id":"https:\/\/infos-droitshumains.net\/?p=3500","url":"https:\/\/infos-droitshumains.net\/?p=3500","name":"RDC: Vital Kamerhe \u00e0 la Primature! Une chim\u00e8re ou une r\u00e9alit\u00e9 qui prend corps?(Chronique de Jo\u00ebl Diawa) - Infos Droits Humains","isPartOf":{"@id":"https:\/\/infos-droitshumains.net\/#website"},"datePublished":"2022-04-22T06:18:22+00:00","dateModified":"2023-04-06T10:10:02+00:00","breadcrumb":{"@id":"https:\/\/infos-droitshumains.net\/?p=3500#breadcrumb"},"inLanguage":"fr-FR","potentialAction":[{"@type":"ReadAction","target":["https:\/\/infos-droitshumains.net\/?p=3500"]}]},{"@type":"BreadcrumbList","@id":"https:\/\/infos-droitshumains.net\/?p=3500#breadcrumb","itemListElement":[{"@type":"ListItem","position":1,"name":"Accueil","item":"https:\/\/infos-droitshumains.net\/"},{"@type":"ListItem","position":2,"name":"RDC: Vital Kamerhe \u00e0 la Primature! Une chim\u00e8re ou une r\u00e9alit\u00e9 qui prend corps?(Chronique de Jo\u00ebl Diawa)"}]},{"@type":"WebSite","@id":"https:\/\/infos-droitshumains.net\/#website","url":"https:\/\/infos-droitshumains.net\/","name":"Infos Droits Humains","description":"S&#039;informer est un droit","publisher":{"@id":"https:\/\/infos-droitshumains.net\/#organization"},"potentialAction":[{"@type":"SearchAction","target":{"@type":"EntryPoint","urlTemplate":"https:\/\/infos-droitshumains.net\/?s={search_term_string}"},"query-input":{"@type":"PropertyValueSpecification","valueRequired":true,"valueName":"search_term_string"}}],"inLanguage":"fr-FR"},{"@type":"Organization","@id":"https:\/\/infos-droitshumains.net\/#organization","name":"Infos Droits Humains","url":"https:\/\/infos-droitshumains.net\/","logo":{"@type":"ImageObject","inLanguage":"fr-FR","@id":"https:\/\/infos-droitshumains.net\/#\/schema\/logo\/image\/","url":"https:\/\/i0.wp.com\/infos-droitshumains.net\/wp-content\/uploads\/2022\/05\/Logo.png?fit=333%2C129&ssl=1","contentUrl":"https:\/\/i0.wp.com\/infos-droitshumains.net\/wp-content\/uploads\/2022\/05\/Logo.png?fit=333%2C129&ssl=1","width":333,"height":129,"caption":"Infos Droits Humains"},"image":{"@id":"https:\/\/infos-droitshumains.net\/#\/schema\/logo\/image\/"}},{"@type":"Person","@id":"https:\/\/infos-droitshumains.net\/#\/schema\/person\/3dc5e921c3302172e0ed4362f96faab7","name":"Jo\u00ebl Diawa","image":{"@type":"ImageObject","inLanguage":"fr-FR","@id":"https:\/\/secure.gravatar.com\/avatar\/729bea6ff4604c624417803c477363be8e3c7186deaa65713313f9b4b820f41c?s=96&d=mm&r=g","url":"https:\/\/secure.gravatar.com\/avatar\/729bea6ff4604c624417803c477363be8e3c7186deaa65713313f9b4b820f41c?s=96&d=mm&r=g","contentUrl":"https:\/\/secure.gravatar.com\/avatar\/729bea6ff4604c624417803c477363be8e3c7186deaa65713313f9b4b820f41c?s=96&d=mm&r=g","caption":"Jo\u00ebl Diawa"},"sameAs":["https:\/\/www.infos-droitshumains.net"],"url":"https:\/\/infos-droitshumains.net\/?author=2"}]}},"featured_image_urls":{"full":"","thumbnail":"","medium":"","medium_large":"","large":"","1536x1536":"","2048x2048":"","covernews-slider-full":"","covernews-slider-center":"","covernews-featured":"","covernews-medium":"","covernews-medium-square":""},"author_info":{"display_name":"Jo\u00ebl Diawa","author_link":"https:\/\/infos-droitshumains.net\/?author=2"},"category_info":"<a href=\"https:\/\/infos-droitshumains.net\/?cat=1\" rel=\"category\">Non class\u00e9<\/a>","tag_info":"Non class\u00e9","comment_count":"0","jetpack_featured_media_url":"","jetpack-related-posts":[],"jetpack_sharing_enabled":true,"_links":{"self":[{"href":"https:\/\/infos-droitshumains.net\/index.php?rest_route=\/wp\/v2\/posts\/3500","targetHints":{"allow":["GET"]}}],"collection":[{"href":"https:\/\/infos-droitshumains.net\/index.php?rest_route=\/wp\/v2\/posts"}],"about":[{"href":"https:\/\/infos-droitshumains.net\/index.php?rest_route=\/wp\/v2\/types\/post"}],"author":[{"embeddable":true,"href":"https:\/\/infos-droitshumains.net\/index.php?rest_route=\/wp\/v2\/users\/2"}],"replies":[{"embeddable":true,"href":"https:\/\/infos-droitshumains.net\/index.php?rest_route=%2Fwp%2Fv2%2Fcomments&post=3500"}],"version-history":[{"count":7,"href":"https:\/\/infos-droitshumains.net\/index.php?rest_route=\/wp\/v2\/posts\/3500\/revisions"}],"predecessor-version":[{"id":3548,"href":"https:\/\/infos-droitshumains.net\/index.php?rest_route=\/wp\/v2\/posts\/3500\/revisions\/3548"}],"wp:attachment":[{"href":"https:\/\/infos-droitshumains.net\/index.php?rest_route=%2Fwp%2Fv2%2Fmedia&parent=3500"}],"wp:term":[{"taxonomy":"category","embeddable":true,"href":"https:\/\/infos-droitshumains.net\/index.php?rest_route=%2Fwp%2Fv2%2Fcategories&post=3500"},{"taxonomy":"post_tag","embeddable":true,"href":"https:\/\/infos-droitshumains.net\/index.php?rest_route=%2Fwp%2Fv2%2Ftags&post=3500"}],"curies":[{"name":"wp","href":"https:\/\/api.w.org\/{rel}","templated":true}]}}