{"id":3487,"date":"2022-04-20T10:46:53","date_gmt":"2022-04-20T08:46:53","guid":{"rendered":"https:\/\/infos-droitshumains.net\/?p=3487"},"modified":"2023-04-06T12:10:02","modified_gmt":"2023-04-06T10:10:02","slug":"11eme-edition-du-forum-des-jeunes-de-lecosoc-la-jeunesse-congolaise-presente-grace-au-bcnudh","status":"publish","type":"post","link":"https:\/\/infos-droitshumains.net\/?p=3487","title":{"rendered":"11\u00e8me \u00e9dition du forum des jeunes de l&rsquo;ECOSOC: La jeunesse congolaise pr\u00e9sente gr\u00e2ce au BCNUDH"},"content":{"rendered":"\n<p><strong>R\u00e9daction:+243817406088<\/strong><\/p>\n\n\n\n<p>Les jeunes du monde entier se r\u00e9unissent virtuellement du 19 au 20 avril 2022, dans le cadre de la 11\u00e8me \u00e9dition du forum de la jeunesse du Conseil Economique et Social des Nations Unies(ECOSOC). La R\u00e9publique D\u00e9mocratique du Congo y prend part gr\u00e2ce au Bureau Conjoint des Nations Unies aux Droits de l&rsquo;homme(BCNUDH).<\/p>\n\n\n\n<p>\u00c0 l&rsquo;occasion, le BCNUDH a rassembl\u00e9 les jeunes congolais de toutes les couches, dans la salle Alpha de la Monusco afin de permettre \u00e0 ces derniers de participer \u00e0 distance \u00e0 ces assises qui se d\u00e9roulent simultan\u00e9ment dans le monde entier.<\/p>\n\n\n\n<blockquote class=\"wp-block-quote is-layout-flow wp-block-quote-is-layout-flow\"><p><em>\u00abLe forum de la jeunesse du Conseil Economique et Social est consid\u00e9r\u00e9 comme le plus grand rassemblement aux Nations Unies de jeunes qui apportent leurs points de vue, id\u00e9es, solutions et innovations aux discussions politiques et sur un large \u00e9ventail de sujets d\u2019int\u00e9r\u00eat pour la jeunesse\u00bb<\/em>, a indiqu\u00e9 Abdoul Aziz Thioye parlant de la nature de ce forum.<\/p><\/blockquote>\n\n\n\n<blockquote class=\"wp-block-quote is-layout-flow wp-block-quote-is-layout-flow\"><p><em>\u00abIl permet de cr\u00e9er la participation effective des jeunes dans des prises de d\u00e9cision dans tous les domaines, notamment \u00e9conomique et social\u00bb<\/em>, a poursuivi le directeur du Bureau Conjoint des Nations Unies aux Droits de l\u2019Homme.<\/p><\/blockquote>\n\n\n\n<p>Pour cette \u00e9dition, l&rsquo;accent est mis sur le programme de d\u00e9veloppement durable \u00e0 l&rsquo;horizon 2030, qui est l&rsquo;unique occasion de construire un monde plus s\u00fbr, en conjuguant ensemble, de mani\u00e8re \u00e9quilibr\u00e9e et int\u00e9gr\u00e9e, les dimensions \u00e9conomiques, sociale et environnementale du d\u00e9veloppement durable.<\/p>\n\n\n\n<p>En RDC, les jeunes ont \u00e9chang\u00e9 autour du th\u00e8me:<em> \u00abrelance post covid-19: les jeunes en action pour un avenir durable\u00bb.<\/em><\/p>\n\n\n\n<blockquote class=\"wp-block-quote is-layout-flow wp-block-quote-is-layout-flow\"><p><em>\u00abIci, nous avons la chance d&rsquo;avoir les jeunes tr\u00e8s dynamiques et tr\u00e8s engag\u00e9s, qui ont une vision et qui veulent aller loin. je pense que \u00e7a c&rsquo;est une valeur pour ce pays et il y a de quoi esp\u00e9rer de la RDC\u00bb<\/em>, a poursuivi Abdoul Aziz Thioye qui a invit\u00e9 la jeunesse congolaise \u00e0 accorder plus d&rsquo;int\u00e9r\u00eat aux questions de d\u00e9veloppement pour esp\u00e9rer \u00e0 la r\u00e9alisation des Objectifs de D\u00e9veloppement Durable d&rsquo;ici 2030.<\/p><\/blockquote>\n\n\n\n<blockquote class=\"wp-block-quote is-layout-flow wp-block-quote-is-layout-flow\"><p><em>\u00abInfluencez et participez \u00e0 la prise de d\u00e9cision sur les questions de d\u00e9veloppement. vous devez travailler pour le d\u00e9veloppement de ce pays\u00bb,<\/em> a exhort\u00e9 le directeur du BCNUDH.<\/p><\/blockquote>\n\n\n\n<p>Au del\u00e0 de cette participation des jeunes, le repr\u00e9sentant du Haut-commissaire des Nations Unies aux Droits de l&rsquo;Homme en RDC a estim\u00e9 que la stabilit\u00e9 et la bonne gouvernance sont des facteurs cl\u00e9s pour atteindre les ODD.<\/p>\n\n\n\n<blockquote class=\"wp-block-quote is-layout-flow wp-block-quote-is-layout-flow\"><p><em>\u00abIl faut juste une stabilit\u00e9, une bonne attente, un bon esprit pour v\u00e9ritablement impulser le d\u00e9veloppement. et ce forum est le bienvenu pour r\u00e9aliser ce r\u00eave\u00bb<\/em>, a-t-il rench\u00e9ri.<\/p><\/blockquote>\n\n\n\n<p>Au cours de ces travaux, plusieurs sous-th\u00e8mes tir\u00e9s du th\u00e8me national ont \u00e9t\u00e9 abord\u00e9s. Unanimement, les participants ont conclu qu&rsquo;il faut d\u00e9sormais faire avec le covid-19 afin de r\u00e9aliser en RDC, le d\u00e9veloppement durable \u00e0 l&rsquo;horizon 2030.<\/p>\n\n\n\n<p>Le forum des jeunes de l&rsquo;ECOSOC 2022 poursuit entre autres comme objectif le partage des exp\u00e9riences et identifier des solutions pour aider les jeunes \u00e0 surmonter l&rsquo;impact d\u00e9vastateur de la COVID-19 sur leur vie \u00e9conomique, sociale, sanitaire et \u00e9ducative, ainsi qu&rsquo;\u00e0 renforcer leur r\u00e9silience face aux chocs futurs.<\/p>\n\n\n\n<p>AM<\/p>\n","protected":false},"excerpt":{"rendered":"<p>R\u00e9daction:+243817406088 Les jeunes du monde entier se r\u00e9unissent virtuellement du 19 au 20 avril 2022,&#8230;<\/p>\n","protected":false},"author":2,"featured_media":0,"comment_status":"closed","ping_status":"open","sticky":false,"template":"","format":"standard","meta":{"_jetpack_memberships_contains_paid_content":false,"footnotes":""},"categories":[1],"tags":[],"class_list":["post-3487","post","type-post","status-publish","format-standard","hentry","category-non-classe"],"yoast_head":"<!-- This site is optimized with the Yoast SEO plugin v27.5 - https:\/\/yoast.com\/product\/yoast-seo-wordpress\/ -->\n<title>11\u00e8me \u00e9dition du forum des jeunes de l&#039;ECOSOC: La jeunesse congolaise pr\u00e9sente gr\u00e2ce au BCNUDH - Infos Droits Humains<\/title>\n<meta name=\"robots\" content=\"index, follow, max-snippet:-1, max-image-preview:large, max-video-preview:-1\" \/>\n<link rel=\"canonical\" href=\"https:\/\/infos-droitshumains.net\/?p=3487\" \/>\n<meta property=\"og:locale\" content=\"fr_FR\" \/>\n<meta property=\"og:type\" content=\"article\" \/>\n<meta property=\"og:title\" content=\"11\u00e8me \u00e9dition du forum des jeunes de l&#039;ECOSOC: La jeunesse congolaise pr\u00e9sente gr\u00e2ce au BCNUDH - Infos Droits Humains\" \/>\n<meta property=\"og:description\" content=\"R\u00e9daction:+243817406088 Les jeunes du monde entier se r\u00e9unissent virtuellement du 19 au 20 avril 2022,...\" \/>\n<meta property=\"og:url\" content=\"https:\/\/infos-droitshumains.net\/?p=3487\" \/>\n<meta property=\"og:site_name\" content=\"Infos Droits Humains\" \/>\n<meta property=\"article:published_time\" content=\"2022-04-20T08:46:53+00:00\" \/>\n<meta property=\"article:modified_time\" content=\"2023-04-06T10:10:02+00:00\" \/>\n<meta name=\"author\" content=\"Jo\u00ebl Diawa\" \/>\n<meta name=\"twitter:card\" content=\"summary_large_image\" \/>\n<meta name=\"twitter:label1\" content=\"\u00c9crit par\" \/>\n\t<meta name=\"twitter:data1\" content=\"Jo\u00ebl Diawa\" \/>\n\t<meta name=\"twitter:label2\" content=\"Dur\u00e9e de lecture estim\u00e9e\" \/>\n\t<meta name=\"twitter:data2\" content=\"3 minutes\" \/>\n<script type=\"application\/ld+json\" class=\"yoast-schema-graph\">{\"@context\":\"https:\\\/\\\/schema.org\",\"@graph\":[{\"@type\":\"Article\",\"@id\":\"https:\\\/\\\/infos-droitshumains.net\\\/?p=3487#article\",\"isPartOf\":{\"@id\":\"https:\\\/\\\/infos-droitshumains.net\\\/?p=3487\"},\"author\":{\"name\":\"Jo\u00ebl Diawa\",\"@id\":\"https:\\\/\\\/infos-droitshumains.net\\\/#\\\/schema\\\/person\\\/3dc5e921c3302172e0ed4362f96faab7\"},\"headline\":\"11\u00e8me \u00e9dition du forum des jeunes de l&rsquo;ECOSOC: La jeunesse congolaise pr\u00e9sente gr\u00e2ce au BCNUDH\",\"datePublished\":\"2022-04-20T08:46:53+00:00\",\"dateModified\":\"2023-04-06T10:10:02+00:00\",\"mainEntityOfPage\":{\"@id\":\"https:\\\/\\\/infos-droitshumains.net\\\/?p=3487\"},\"wordCount\":558,\"publisher\":{\"@id\":\"https:\\\/\\\/infos-droitshumains.net\\\/#organization\"},\"inLanguage\":\"fr-FR\"},{\"@type\":\"WebPage\",\"@id\":\"https:\\\/\\\/infos-droitshumains.net\\\/?p=3487\",\"url\":\"https:\\\/\\\/infos-droitshumains.net\\\/?p=3487\",\"name\":\"11\u00e8me \u00e9dition du forum des jeunes de l'ECOSOC: La jeunesse congolaise pr\u00e9sente gr\u00e2ce au BCNUDH - Infos Droits Humains\",\"isPartOf\":{\"@id\":\"https:\\\/\\\/infos-droitshumains.net\\\/#website\"},\"datePublished\":\"2022-04-20T08:46:53+00:00\",\"dateModified\":\"2023-04-06T10:10:02+00:00\",\"breadcrumb\":{\"@id\":\"https:\\\/\\\/infos-droitshumains.net\\\/?p=3487#breadcrumb\"},\"inLanguage\":\"fr-FR\",\"potentialAction\":[{\"@type\":\"ReadAction\",\"target\":[\"https:\\\/\\\/infos-droitshumains.net\\\/?p=3487\"]}]},{\"@type\":\"BreadcrumbList\",\"@id\":\"https:\\\/\\\/infos-droitshumains.net\\\/?p=3487#breadcrumb\",\"itemListElement\":[{\"@type\":\"ListItem\",\"position\":1,\"name\":\"Accueil\",\"item\":\"https:\\\/\\\/infos-droitshumains.net\\\/\"},{\"@type\":\"ListItem\",\"position\":2,\"name\":\"11\u00e8me \u00e9dition du forum des jeunes de l&rsquo;ECOSOC: La jeunesse congolaise pr\u00e9sente gr\u00e2ce au BCNUDH\"}]},{\"@type\":\"WebSite\",\"@id\":\"https:\\\/\\\/infos-droitshumains.net\\\/#website\",\"url\":\"https:\\\/\\\/infos-droitshumains.net\\\/\",\"name\":\"Infos Droits Humains\",\"description\":\"S&#039;informer est un droit\",\"publisher\":{\"@id\":\"https:\\\/\\\/infos-droitshumains.net\\\/#organization\"},\"potentialAction\":[{\"@type\":\"SearchAction\",\"target\":{\"@type\":\"EntryPoint\",\"urlTemplate\":\"https:\\\/\\\/infos-droitshumains.net\\\/?s={search_term_string}\"},\"query-input\":{\"@type\":\"PropertyValueSpecification\",\"valueRequired\":true,\"valueName\":\"search_term_string\"}}],\"inLanguage\":\"fr-FR\"},{\"@type\":\"Organization\",\"@id\":\"https:\\\/\\\/infos-droitshumains.net\\\/#organization\",\"name\":\"Infos Droits Humains\",\"url\":\"https:\\\/\\\/infos-droitshumains.net\\\/\",\"logo\":{\"@type\":\"ImageObject\",\"inLanguage\":\"fr-FR\",\"@id\":\"https:\\\/\\\/infos-droitshumains.net\\\/#\\\/schema\\\/logo\\\/image\\\/\",\"url\":\"https:\\\/\\\/i0.wp.com\\\/infos-droitshumains.net\\\/wp-content\\\/uploads\\\/2022\\\/05\\\/Logo.png?fit=333%2C129&ssl=1\",\"contentUrl\":\"https:\\\/\\\/i0.wp.com\\\/infos-droitshumains.net\\\/wp-content\\\/uploads\\\/2022\\\/05\\\/Logo.png?fit=333%2C129&ssl=1\",\"width\":333,\"height\":129,\"caption\":\"Infos Droits Humains\"},\"image\":{\"@id\":\"https:\\\/\\\/infos-droitshumains.net\\\/#\\\/schema\\\/logo\\\/image\\\/\"}},{\"@type\":\"Person\",\"@id\":\"https:\\\/\\\/infos-droitshumains.net\\\/#\\\/schema\\\/person\\\/3dc5e921c3302172e0ed4362f96faab7\",\"name\":\"Jo\u00ebl Diawa\",\"image\":{\"@type\":\"ImageObject\",\"inLanguage\":\"fr-FR\",\"@id\":\"https:\\\/\\\/secure.gravatar.com\\\/avatar\\\/729bea6ff4604c624417803c477363be8e3c7186deaa65713313f9b4b820f41c?s=96&d=mm&r=g\",\"url\":\"https:\\\/\\\/secure.gravatar.com\\\/avatar\\\/729bea6ff4604c624417803c477363be8e3c7186deaa65713313f9b4b820f41c?s=96&d=mm&r=g\",\"contentUrl\":\"https:\\\/\\\/secure.gravatar.com\\\/avatar\\\/729bea6ff4604c624417803c477363be8e3c7186deaa65713313f9b4b820f41c?s=96&d=mm&r=g\",\"caption\":\"Jo\u00ebl Diawa\"},\"sameAs\":[\"https:\\\/\\\/www.infos-droitshumains.net\"],\"url\":\"https:\\\/\\\/infos-droitshumains.net\\\/?author=2\"}]}<\/script>\n<!-- \/ Yoast SEO plugin. -->","yoast_head_json":{"title":"11\u00e8me \u00e9dition du forum des jeunes de l'ECOSOC: La jeunesse congolaise pr\u00e9sente gr\u00e2ce au BCNUDH - Infos Droits Humains","robots":{"index":"index","follow":"follow","max-snippet":"max-snippet:-1","max-image-preview":"max-image-preview:large","max-video-preview":"max-video-preview:-1"},"canonical":"https:\/\/infos-droitshumains.net\/?p=3487","og_locale":"fr_FR","og_type":"article","og_title":"11\u00e8me \u00e9dition du forum des jeunes de l'ECOSOC: La jeunesse congolaise pr\u00e9sente gr\u00e2ce au BCNUDH - Infos Droits Humains","og_description":"R\u00e9daction:+243817406088 Les jeunes du monde entier se r\u00e9unissent virtuellement du 19 au 20 avril 2022,...","og_url":"https:\/\/infos-droitshumains.net\/?p=3487","og_site_name":"Infos Droits Humains","article_published_time":"2022-04-20T08:46:53+00:00","article_modified_time":"2023-04-06T10:10:02+00:00","author":"Jo\u00ebl Diawa","twitter_card":"summary_large_image","twitter_misc":{"\u00c9crit par":"Jo\u00ebl Diawa","Dur\u00e9e de lecture estim\u00e9e":"3 minutes"},"schema":{"@context":"https:\/\/schema.org","@graph":[{"@type":"Article","@id":"https:\/\/infos-droitshumains.net\/?p=3487#article","isPartOf":{"@id":"https:\/\/infos-droitshumains.net\/?p=3487"},"author":{"name":"Jo\u00ebl Diawa","@id":"https:\/\/infos-droitshumains.net\/#\/schema\/person\/3dc5e921c3302172e0ed4362f96faab7"},"headline":"11\u00e8me \u00e9dition du forum des jeunes de l&rsquo;ECOSOC: La jeunesse congolaise pr\u00e9sente gr\u00e2ce au BCNUDH","datePublished":"2022-04-20T08:46:53+00:00","dateModified":"2023-04-06T10:10:02+00:00","mainEntityOfPage":{"@id":"https:\/\/infos-droitshumains.net\/?p=3487"},"wordCount":558,"publisher":{"@id":"https:\/\/infos-droitshumains.net\/#organization"},"inLanguage":"fr-FR"},{"@type":"WebPage","@id":"https:\/\/infos-droitshumains.net\/?p=3487","url":"https:\/\/infos-droitshumains.net\/?p=3487","name":"11\u00e8me \u00e9dition du forum des jeunes de l'ECOSOC: La jeunesse congolaise pr\u00e9sente gr\u00e2ce au BCNUDH - Infos Droits Humains","isPartOf":{"@id":"https:\/\/infos-droitshumains.net\/#website"},"datePublished":"2022-04-20T08:46:53+00:00","dateModified":"2023-04-06T10:10:02+00:00","breadcrumb":{"@id":"https:\/\/infos-droitshumains.net\/?p=3487#breadcrumb"},"inLanguage":"fr-FR","potentialAction":[{"@type":"ReadAction","target":["https:\/\/infos-droitshumains.net\/?p=3487"]}]},{"@type":"BreadcrumbList","@id":"https:\/\/infos-droitshumains.net\/?p=3487#breadcrumb","itemListElement":[{"@type":"ListItem","position":1,"name":"Accueil","item":"https:\/\/infos-droitshumains.net\/"},{"@type":"ListItem","position":2,"name":"11\u00e8me \u00e9dition du forum des jeunes de l&rsquo;ECOSOC: La jeunesse congolaise pr\u00e9sente gr\u00e2ce au BCNUDH"}]},{"@type":"WebSite","@id":"https:\/\/infos-droitshumains.net\/#website","url":"https:\/\/infos-droitshumains.net\/","name":"Infos Droits Humains","description":"S&#039;informer est un droit","publisher":{"@id":"https:\/\/infos-droitshumains.net\/#organization"},"potentialAction":[{"@type":"SearchAction","target":{"@type":"EntryPoint","urlTemplate":"https:\/\/infos-droitshumains.net\/?s={search_term_string}"},"query-input":{"@type":"PropertyValueSpecification","valueRequired":true,"valueName":"search_term_string"}}],"inLanguage":"fr-FR"},{"@type":"Organization","@id":"https:\/\/infos-droitshumains.net\/#organization","name":"Infos Droits Humains","url":"https:\/\/infos-droitshumains.net\/","logo":{"@type":"ImageObject","inLanguage":"fr-FR","@id":"https:\/\/infos-droitshumains.net\/#\/schema\/logo\/image\/","url":"https:\/\/i0.wp.com\/infos-droitshumains.net\/wp-content\/uploads\/2022\/05\/Logo.png?fit=333%2C129&ssl=1","contentUrl":"https:\/\/i0.wp.com\/infos-droitshumains.net\/wp-content\/uploads\/2022\/05\/Logo.png?fit=333%2C129&ssl=1","width":333,"height":129,"caption":"Infos Droits Humains"},"image":{"@id":"https:\/\/infos-droitshumains.net\/#\/schema\/logo\/image\/"}},{"@type":"Person","@id":"https:\/\/infos-droitshumains.net\/#\/schema\/person\/3dc5e921c3302172e0ed4362f96faab7","name":"Jo\u00ebl Diawa","image":{"@type":"ImageObject","inLanguage":"fr-FR","@id":"https:\/\/secure.gravatar.com\/avatar\/729bea6ff4604c624417803c477363be8e3c7186deaa65713313f9b4b820f41c?s=96&d=mm&r=g","url":"https:\/\/secure.gravatar.com\/avatar\/729bea6ff4604c624417803c477363be8e3c7186deaa65713313f9b4b820f41c?s=96&d=mm&r=g","contentUrl":"https:\/\/secure.gravatar.com\/avatar\/729bea6ff4604c624417803c477363be8e3c7186deaa65713313f9b4b820f41c?s=96&d=mm&r=g","caption":"Jo\u00ebl Diawa"},"sameAs":["https:\/\/www.infos-droitshumains.net"],"url":"https:\/\/infos-droitshumains.net\/?author=2"}]}},"featured_image_urls":{"full":"","thumbnail":"","medium":"","medium_large":"","large":"","1536x1536":"","2048x2048":"","covernews-slider-full":"","covernews-slider-center":"","covernews-featured":"","covernews-medium":"","covernews-medium-square":""},"author_info":{"display_name":"Jo\u00ebl Diawa","author_link":"https:\/\/infos-droitshumains.net\/?author=2"},"category_info":"<a href=\"https:\/\/infos-droitshumains.net\/?cat=1\" rel=\"category\">Non class\u00e9<\/a>","tag_info":"Non class\u00e9","comment_count":"0","jetpack_featured_media_url":"","jetpack-related-posts":[],"jetpack_sharing_enabled":true,"_links":{"self":[{"href":"https:\/\/infos-droitshumains.net\/index.php?rest_route=\/wp\/v2\/posts\/3487","targetHints":{"allow":["GET"]}}],"collection":[{"href":"https:\/\/infos-droitshumains.net\/index.php?rest_route=\/wp\/v2\/posts"}],"about":[{"href":"https:\/\/infos-droitshumains.net\/index.php?rest_route=\/wp\/v2\/types\/post"}],"author":[{"embeddable":true,"href":"https:\/\/infos-droitshumains.net\/index.php?rest_route=\/wp\/v2\/users\/2"}],"replies":[{"embeddable":true,"href":"https:\/\/infos-droitshumains.net\/index.php?rest_route=%2Fwp%2Fv2%2Fcomments&post=3487"}],"version-history":[{"count":2,"href":"https:\/\/infos-droitshumains.net\/index.php?rest_route=\/wp\/v2\/posts\/3487\/revisions"}],"predecessor-version":[{"id":3489,"href":"https:\/\/infos-droitshumains.net\/index.php?rest_route=\/wp\/v2\/posts\/3487\/revisions\/3489"}],"wp:attachment":[{"href":"https:\/\/infos-droitshumains.net\/index.php?rest_route=%2Fwp%2Fv2%2Fmedia&parent=3487"}],"wp:term":[{"taxonomy":"category","embeddable":true,"href":"https:\/\/infos-droitshumains.net\/index.php?rest_route=%2Fwp%2Fv2%2Fcategories&post=3487"},{"taxonomy":"post_tag","embeddable":true,"href":"https:\/\/infos-droitshumains.net\/index.php?rest_route=%2Fwp%2Fv2%2Ftags&post=3487"}],"curies":[{"name":"wp","href":"https:\/\/api.w.org\/{rel}","templated":true}]}}