{"id":3448,"date":"2022-04-19T19:27:07","date_gmt":"2022-04-19T17:27:07","guid":{"rendered":"https:\/\/infos-droitshumains.net\/?p=3448"},"modified":"2023-04-06T12:10:02","modified_gmt":"2023-04-06T10:10:02","slug":"kasai-orienral-eddy-mundela-invite-les-habitants-de-tshitshianku-a-accompagner-sa-vision-pour-transformer-ce-groupement","status":"publish","type":"post","link":"https:\/\/infos-droitshumains.net\/?p=3448","title":{"rendered":"Kasa\u00ef-Orienral: Eddy Mundela invite les habitants de Tshitshianku \u00e0 l&rsquo;accompagner pour transformer ce groupement"},"content":{"rendered":"\n<p><strong>R\u00e9daction :+243817406088<\/strong><\/p>\n\n\n\n<p><strong>Apr\u00e8s une tr\u00eave observ\u00e9e dimanche, le premier Vice-pr\u00e9sident du S\u00e9nat a repris son b\u00e2ton de p\u00e8lerin ce lundi. Cap sur le groupement de Tshitshianku, secteur de Mpemba dans le territoire de Kabeya Kamwanga, \u00e0 environ 160 kilom\u00e8tres de la ville de Mbuji-Mayi.<\/strong><\/p>\n\n\n\n<p>Son agenda l&rsquo;am\u00e8ne d&rsquo;abord au bureau du secteur, o\u00f9, il lui a \u00e9t\u00e9 r\u00e9serv\u00e9 un accueil chaleureux par la population locale. Venu pr\u00e9senter ses civilit\u00e9s aux autorit\u00e9s locales, Eddy Mundela a profit\u00e9 de l\u2019occasion pour se pr\u00e9senter.<\/p>\n\n\n\n<blockquote class=\"wp-block-quote is-layout-flow wp-block-quote-is-layout-flow\"><p><em>\u00abJe suis Eddy Mundela Kanku, fils de Mundela Kabamusu. J&rsquo;ai pens\u00e9 aujourd&rsquo;hui venir chez nous, chez mon p\u00e8re, la terre de mes anc\u00eatres, pour me pr\u00e9senter \u00e0 vous mes parents, afin que vous me connaissiez et qu&rsquo;en retour je vous connaisse aussi\u00bb<\/em>, leur dit-il avec le sentiment d&rsquo;assurance d&rsquo;un fils en pr\u00e9sence de ses g\u00e9niteurs.<\/p><\/blockquote>\n\n\n\n<p>Apr\u00e8s s\u2019\u00eatre pr\u00e9sent\u00e9, Eddy Mundela s\u2019est directement mis au travail. Premi\u00e8re action, ce don de quatre lampadaires install\u00e9s au carrefour de la cit\u00e9 de Tshitshianku.<\/p>\n\n\n\n<figure class=\"wp-block-image alignfull size-large\"><img data-recalc-dims=\"1\" decoding=\"async\" src=\"https:\/\/i0.wp.com\/infos-droitshumains.net\/wp-content\/uploads\/2022\/04\/IMG-20220419-WA0017_1.jpg?w=640&#038;ssl=1\" alt=\"\" class=\"wp-image-3458\"\/><\/figure>\n\n\n\n<figure class=\"wp-block-image alignfull size-large\"><img data-recalc-dims=\"1\" decoding=\"async\" src=\"https:\/\/i0.wp.com\/infos-droitshumains.net\/wp-content\/uploads\/2022\/04\/IMG-20220419-WA0009_1.jpg?w=640&#038;ssl=1\" alt=\"\" class=\"wp-image-3456\"\/><\/figure>\n\n\n\n<figure class=\"wp-block-image alignfull size-large\"><img data-recalc-dims=\"1\" decoding=\"async\" src=\"https:\/\/i0.wp.com\/infos-droitshumains.net\/wp-content\/uploads\/2022\/04\/IMG-20220419-WA0006_1.jpg?w=640&#038;ssl=1\" alt=\"\" class=\"wp-image-3454\"\/><\/figure>\n\n\n\n<blockquote class=\"wp-block-quote is-layout-flow wp-block-quote-is-layout-flow\"><p><em>\u00abCe n&rsquo;est qu&rsquo;un \u00e9chantillon. Si vous acceptez, j&rsquo;envoie un autre lot et vous-m\u00eames allez choisir les art\u00e8res sur lesquelles placer ces lampadaires pour \u00e9clairer notre cit\u00e9\u00a0\u00bb<\/em>, dit-il sous les applaudissements.<\/p><\/blockquote>\n\n\n\n<h2 class=\"wp-block-heading\">Am\u00e9liorer la qualit\u00e9 des soins de sant\u00e9 \u00e0 Tshitshianku<\/h2>\n\n\n\n<p>Soucieux de voir les habitants du secteur de Tshitshianku b\u00e9n\u00e9ficier des soins de sant\u00e9 appropri\u00e9s, le s\u00e9nateur Eddy Mundela Kanku a fait un don de table de maternit\u00e9 au Centre hospitalier de Mpemba.<\/p>\n\n\n\n<p>Un objet tr\u00e8s significatif car, <em>\u00abil va aider tant soi peu d&rsquo;am\u00e9liorer les conditions dans lesquelles nos mamans accouchent\u00bb<\/em>, a-t-il d\u00e9clar\u00e9 au cours de la c\u00e9r\u00e9monie de remise de cette table au m\u00e9decin directeur, \u00e0 l&rsquo;issue d&rsquo;une visite guid\u00e9e des installations de cette structure hospitali\u00e8re.<\/p>\n\n\n\n<figure class=\"wp-block-image alignfull size-large\"><img data-recalc-dims=\"1\" decoding=\"async\" src=\"https:\/\/i0.wp.com\/infos-droitshumains.net\/wp-content\/uploads\/2022\/04\/IMG-20220419-WA0007_1.jpg?w=640&#038;ssl=1\" alt=\"\" class=\"wp-image-3461\"\/><\/figure>\n\n\n\n<p>Constat amer, Eddy Mundela se rends compte que la toiture du b\u00e2timent  qui abrite cet h\u00f4pital laisse \u00e0 d\u00e9sirer, les accouch\u00e9es passent nuit \u00e0 m\u00eame le sol.<\/p>\n\n\n\n<figure class=\"wp-block-image alignfull size-large\"><img data-recalc-dims=\"1\" decoding=\"async\" src=\"https:\/\/i0.wp.com\/infos-droitshumains.net\/wp-content\/uploads\/2022\/04\/IMG-20220419-WA0011_1.jpg?w=640&#038;ssl=1\" alt=\"\" class=\"wp-image-3464\"\/><\/figure>\n\n\n\n<p>R\u00e9volt\u00e9 par cette r\u00e9alit\u00e9, ce natif du terroir s\u2019est r\u00e9solu de payer toutes les factures des malades trouv\u00e9s \u00e0 l\u2019h\u00f4pital.<\/p>\n\n\n\n<blockquote class=\"wp-block-quote is-layout-flow wp-block-quote-is-layout-flow\"><p><em>\u00ab\u00c7a me fait mal de voir les conditions dans lesquelles les mamans mettent au monde ici. Monsieur le m\u00e9decin directeur, faites-moi un \u00e9tat de besoin. Dites-moi par \u00e9crit tout ce dont vous avez besoin pour am\u00e9liorer la qualit\u00e9 des soins dans cette structure. Je ferai ce qui est \u00e0 mon pouvoir et le reste, je ferai le plaidoyer aupr\u00e8s des partenaires\u00bb.<\/em><\/p><p><\/p><\/blockquote>\n\n\n\n<div class=\"wp-block-group\"><div class=\"wp-block-group__inner-container is-layout-flow wp-block-group-is-layout-flow\">\n<h2 class=\"wp-block-heading\">Achever la maternit\u00e9 Sainte Th\u00e9r\u00e8se Kanaana<\/h2>\n<\/div><\/div>\n\n\n\n<p>Dans la paroisse catholique Sainte Th\u00e9r\u00e8se \u00e0 Kanaana, l\u2019abb\u00e9 Donatien Musuamba, cur\u00e9 de la paroisse, a plaid\u00e9 pour le soutien des projets agricoles, la r\u00e9habilitation des b\u00e2timents de l\u2019institut Tungunukayi qui ne fonctionne qu\u2019avec un seul b\u00e2timent \u00e0 ce jour, la r\u00e9habilitation du centre de sant\u00e9 de la paroisse qui avait \u00e9t\u00e9 d\u00e9vast\u00e9 par la milice de Kamuana Nsapu, la finalisation des travaux de construction de la maternit\u00e9 qui a r\u00e9sist\u00e9 aux affres de la guerre, la r\u00e9habilitation du temple qui attend abriter le soixanti\u00e8me anniversaire de cette paroisse.<\/p>\n\n\n\n<p>Sans vouloir en dire long, le s\u00e9nateur Eddy Mundela a promis de parachever les travaux  de construction de  la maternit\u00e9.<\/p>\n\n\n\n<blockquote class=\"wp-block-quote is-layout-flow wp-block-quote-is-layout-flow\"><p><em>\u00abJe vais que vous me voyiez \u00e0 l\u2019\u0153uvre. Je ne vais pas faire des promesses. Mais, ce que j\u2019ai commenc\u00e9 aujourd\u2019hui, nous allons le faire tous ensemble main dans la main.  Faites-moi confiance, je suis de v\u00f4tre. Ici c\u2019est chez moi. Il est important que chez moi aussi \u00e7a se d\u00e9veloppe. Je prends cet engagement tout simplement que je ferai dans la mesure du possible, pour que les choses bougent ici\u00bb.<\/em><\/p><\/blockquote>\n\n\n\n<p>Eddy Mundela tient fermement \u00e0 parachever l\u2019\u0153uvre qui a \u00e9t\u00e9 amorc\u00e9e par Fran\u00e7ois Mwamba qu\u2019il a remplac\u00e9 au s\u00e9nat.  <\/p>\n\n\n\n<h2 class=\"wp-block-heading\">Construction d&rsquo;une \u00e9cole moderne dans l\u2019agenda<\/h2>\n\n\n\n<p>De la sant\u00e9 \u00e0 l\u2019\u00e9ducation, il n\u2019y qu&rsquo;un seul pas. Apr\u00e8s le Centre hospitalier de Mpemba, Eddy Mundela a visit\u00e9 les b\u00e2timents de l&rsquo;institut de Tshitshianku. Il s&rsquo;aper\u00e7oit ici que les conditions d&rsquo;\u00e9tudes ne sont pas de nature \u00e0 favoriser un bon encadrement de la jeunesse.<\/p>\n\n\n\n<p>Comme dans la cit\u00e9 de Kabeya Kamwanga, il promet de construire une \u00e9cole moderne.<\/p>\n\n\n\n<blockquote class=\"wp-block-quote is-layout-flow wp-block-quote-is-layout-flow\"><p>\u00abJe pense que si vous me soutenez, je vais construire une \u00e9cole moderne ici. J&rsquo;aurai besoin de l&rsquo;apport de tous. Vous apportez du sable et de l&rsquo;argile. Moi j&rsquo;apporte les t\u00f4les et le ciment. Dans ce cas, nous allons construire une bonne \u00e9cole ici pour nos enfants\u00bb.<\/p><\/blockquote>\n\n\n\n<p>Profitant de cette occasion, le Premier Vice-Pr\u00e9sident du s\u00e9nat a offert quelques bancs pupitres \u00e0 titre \u00e0 cette \u00e9cole, \u00e0 titre symbolique. Le reste qui est encore \u00e0 Mbuji-Mayi, va parvenir \u00e0 Tshitshianku dans quelques jours.<\/p>\n\n\n\n<figure class=\"wp-block-image alignfull size-large\"><img data-recalc-dims=\"1\" decoding=\"async\" src=\"https:\/\/i0.wp.com\/infos-droitshumains.net\/wp-content\/uploads\/2022\/04\/IMG-20220419-WA0008_1.jpg?w=640&#038;ssl=1\" alt=\"\" class=\"wp-image-3468\"\/><\/figure>\n\n\n\n<figure class=\"wp-block-image alignfull size-large\"><img data-recalc-dims=\"1\" decoding=\"async\" src=\"https:\/\/i0.wp.com\/infos-droitshumains.net\/wp-content\/uploads\/2022\/04\/IMG-20220419-WA0014_1.jpg?w=640&#038;ssl=1\" alt=\"\" class=\"wp-image-3466\"\/><\/figure>\n\n\n\n<p>Satisfait de cette dotation, le pr\u00e9fet des \u00e9tudes de l&rsquo;institut de Tshitshianku remercie le s\u00e9nateur Mundela et lui soumet d&rsquo;autres difficult\u00e9s auxquelles fait face son \u00e9tablissement.  <\/p>\n\n\n\n<blockquote class=\"wp-block-quote is-layout-flow wp-block-quote-is-layout-flow\"><p><em>\u00abQue notre Dieu vous b\u00e9nisse surabondamment et vous assiste dans l&rsquo;accomplissement de vos lourdes responsabilit\u00e9s. Notre milieu connait divers probl\u00e8mes notamment le  manque d&rsquo;infrastructures scolaires de qualit\u00e9 requise, manque de manuels scolaires conformes au programme national, le non paiement des nouvelles unit\u00e9s. Il y en a qui ont travaill\u00e9 plus de 15 ans, jusqu&rsquo;\u00e0 pr\u00e9sent, ils ne sont pas r\u00e9mun\u00e9r\u00e9s par le gouvernement congolais. Connaissant votre d\u00e9vouement pour cette nation, nous sommes conscients que les probl\u00e8mes que conna\u00eet notre jeunesse aujourd&rsquo;hui sont d\u00e9j\u00e0 r\u00e9solus\u00a0\u00bb<\/em> a confi\u00e9 \u00e0 c\u0153ur ouvert Clovis Kabamba.<\/p><\/blockquote>\n\n\n\n<p>En r\u00e9action, le num\u00e9ro 2 de la chambre haute du parlement a promis de faire le n\u00e9cessaire pour que les d\u00e9sid\u00e9ratas de sa base trouvent une issue favorablde<\/p>\n\n\n\n<h2 class=\"wp-block-heading\">Il n&rsquo;a pas oubli\u00e9 l\u2019UDPS!<\/h2>\n\n\n\n<p>Au cours d&rsquo;un meeting populaire, Eddy Mundela Kanku a suivi avec attention le plaidoyer membres de l\u2019UDPS, dont celui du pr\u00e9sident sous-sectionnaire de Tshitshianku.<\/p>\n\n\n\n<figure class=\"wp-block-image alignfull size-large\"><img data-recalc-dims=\"1\" decoding=\"async\" src=\"https:\/\/i0.wp.com\/infos-droitshumains.net\/wp-content\/uploads\/2022\/04\/IMG-20220419-WA0012_1.jpg?w=640&#038;ssl=1\" alt=\"\" class=\"wp-image-3470\"\/><\/figure>\n\n\n\n<p>Ce dernier a demand\u00e9 \u00e0 l&rsquo;\u00e9lu de Kabeya Kamwanga de construire et \u00e9quiper la permanence du parti, doter \u00e0 la sous-section des insignes de l&rsquo;UDPS pour plus de visibilit\u00e9. En r\u00e9action, Mundela Kanku a acc\u00e9d\u00e9 \u00e0 la demande. Il a promis de construire le b\u00e2timent devant abriter la permanence du parti pr\u00e9sidentiel dans cette partie du Pays. Par la m\u00eame occasion, il a remis des pagnes dames \u00e0 la ligue des femmes, des drapeaux au comit\u00e9 sous-s\u00e9ctionnaire plus une enveloppe pour chaque membre pr\u00e9sent.<\/p>\n\n\n\n<figure class=\"wp-block-image alignfull size-large\"><img data-recalc-dims=\"1\" decoding=\"async\" src=\"https:\/\/i0.wp.com\/infos-droitshumains.net\/wp-content\/uploads\/2022\/04\/IMG-20220419-WA0015_1-1.jpg?w=640&#038;ssl=1\" alt=\"\" class=\"wp-image-3473\"\/><\/figure>\n\n\n\n<figure class=\"wp-block-image alignfull size-large\"><img data-recalc-dims=\"1\" decoding=\"async\" src=\"https:\/\/i0.wp.com\/infos-droitshumains.net\/wp-content\/uploads\/2022\/04\/IMG-20220419-WA0018_2.jpg?w=640&#038;ssl=1\" alt=\"\" class=\"wp-image-3476\"\/><\/figure>\n\n\n\n<p>En ce qui concerne les actions sociales en g\u00e9n\u00e9ral, il a pr\u00e9cis\u00e9 qu&rsquo;il va travailler sur deux axes prioritaires \u00e0 savoir, l&rsquo;\u00e9clairage public de la cit\u00e9 et la dotation en bancs aux \u00e9coles. Mais le plus grand projet c&rsquo;est la construction d&rsquo;une \u00e9cole moderne.<\/p>\n\n\n\n<p>Dans la perspective des \u00e9ch\u00e9ances \u00e9lectorales de 2023, ce s\u00e9nateur a appel\u00e9 sa base \u00e0 une forte mobilisation lors de l&rsquo;enr\u00f4lement des \u00e9lecteurs, afin d&rsquo;assurer une grande repr\u00e9sentation de son territoire dans toutes instances.<\/p>\n\n\n\n<p>Eddy Mundela Kanku a termin\u00e9 sa journ\u00e9e par la visite de son village natal \u00e0 Bena Tshiminyi. Arriv\u00e9 tard dans la soir\u00e9e, il a re\u00e7u l&rsquo;accueil du chef coutumier qui n&rsquo;a pas manqu\u00e9 d&rsquo;implorer en sa faveur, la protection de tous les anc\u00eatres. Apr\u00e8s un moment d&rsquo;\u00e9change avec  les enfants de son village, le premier Vice-pr\u00e9sident du s\u00e9nat a regagn\u00e9 la ville de Mbuji-Mayi.<\/p>\n\n\n\n<p>Jo\u00ebl Diawa<\/p>\n","protected":false},"excerpt":{"rendered":"<p>R\u00e9daction :+243817406088 Apr\u00e8s une tr\u00eave observ\u00e9e dimanche, le premier Vice-pr\u00e9sident du S\u00e9nat a repris son&#8230;<\/p>\n","protected":false},"author":2,"featured_media":0,"comment_status":"closed","ping_status":"open","sticky":false,"template":"","format":"standard","meta":{"_jetpack_memberships_contains_paid_content":false,"footnotes":""},"categories":[1],"tags":[],"class_list":["post-3448","post","type-post","status-publish","format-standard","hentry","category-non-classe"],"yoast_head":"<!-- This site is optimized with the Yoast SEO plugin v27.5 - https:\/\/yoast.com\/product\/yoast-seo-wordpress\/ -->\n<title>Kasa\u00ef-Orienral: Eddy Mundela invite les habitants de Tshitshianku \u00e0 l&#039;accompagner pour transformer ce groupement - Infos Droits Humains<\/title>\n<meta name=\"robots\" content=\"index, follow, max-snippet:-1, max-image-preview:large, max-video-preview:-1\" \/>\n<link rel=\"canonical\" href=\"https:\/\/infos-droitshumains.net\/?p=3448\" \/>\n<meta property=\"og:locale\" content=\"fr_FR\" \/>\n<meta property=\"og:type\" content=\"article\" \/>\n<meta property=\"og:title\" content=\"Kasa\u00ef-Orienral: Eddy Mundela invite les habitants de Tshitshianku \u00e0 l&#039;accompagner pour transformer ce groupement - Infos Droits Humains\" \/>\n<meta property=\"og:description\" content=\"R\u00e9daction :+243817406088 Apr\u00e8s une tr\u00eave observ\u00e9e dimanche, le premier Vice-pr\u00e9sident du S\u00e9nat a repris son...\" \/>\n<meta property=\"og:url\" content=\"https:\/\/infos-droitshumains.net\/?p=3448\" \/>\n<meta property=\"og:site_name\" content=\"Infos Droits Humains\" \/>\n<meta property=\"article:published_time\" content=\"2022-04-19T17:27:07+00:00\" \/>\n<meta property=\"article:modified_time\" content=\"2023-04-06T10:10:02+00:00\" \/>\n<meta property=\"og:image\" content=\"https:\/\/infos-droitshumains.net\/wp-content\/uploads\/2022\/04\/IMG-20220419-WA0017_1.jpg\" \/>\n<meta name=\"author\" content=\"Jo\u00ebl Diawa\" \/>\n<meta name=\"twitter:card\" content=\"summary_large_image\" \/>\n<meta name=\"twitter:label1\" content=\"\u00c9crit par\" \/>\n\t<meta name=\"twitter:data1\" content=\"Jo\u00ebl Diawa\" \/>\n\t<meta name=\"twitter:label2\" content=\"Dur\u00e9e de lecture estim\u00e9e\" \/>\n\t<meta name=\"twitter:data2\" content=\"6 minutes\" \/>\n<script type=\"application\/ld+json\" class=\"yoast-schema-graph\">{\"@context\":\"https:\\\/\\\/schema.org\",\"@graph\":[{\"@type\":\"Article\",\"@id\":\"https:\\\/\\\/infos-droitshumains.net\\\/?p=3448#article\",\"isPartOf\":{\"@id\":\"https:\\\/\\\/infos-droitshumains.net\\\/?p=3448\"},\"author\":{\"name\":\"Jo\u00ebl Diawa\",\"@id\":\"https:\\\/\\\/infos-droitshumains.net\\\/#\\\/schema\\\/person\\\/3dc5e921c3302172e0ed4362f96faab7\"},\"headline\":\"Kasa\u00ef-Orienral: Eddy Mundela invite les habitants de Tshitshianku \u00e0 l&rsquo;accompagner pour transformer ce groupement\",\"datePublished\":\"2022-04-19T17:27:07+00:00\",\"dateModified\":\"2023-04-06T10:10:02+00:00\",\"mainEntityOfPage\":{\"@id\":\"https:\\\/\\\/infos-droitshumains.net\\\/?p=3448\"},\"wordCount\":1268,\"publisher\":{\"@id\":\"https:\\\/\\\/infos-droitshumains.net\\\/#organization\"},\"image\":{\"@id\":\"https:\\\/\\\/infos-droitshumains.net\\\/?p=3448#primaryimage\"},\"thumbnailUrl\":\"https:\\\/\\\/infos-droitshumains.net\\\/wp-content\\\/uploads\\\/2022\\\/04\\\/IMG-20220419-WA0017_1.jpg\",\"inLanguage\":\"fr-FR\"},{\"@type\":\"WebPage\",\"@id\":\"https:\\\/\\\/infos-droitshumains.net\\\/?p=3448\",\"url\":\"https:\\\/\\\/infos-droitshumains.net\\\/?p=3448\",\"name\":\"Kasa\u00ef-Orienral: Eddy Mundela invite les habitants de Tshitshianku \u00e0 l'accompagner pour transformer ce groupement - Infos Droits Humains\",\"isPartOf\":{\"@id\":\"https:\\\/\\\/infos-droitshumains.net\\\/#website\"},\"primaryImageOfPage\":{\"@id\":\"https:\\\/\\\/infos-droitshumains.net\\\/?p=3448#primaryimage\"},\"image\":{\"@id\":\"https:\\\/\\\/infos-droitshumains.net\\\/?p=3448#primaryimage\"},\"thumbnailUrl\":\"https:\\\/\\\/infos-droitshumains.net\\\/wp-content\\\/uploads\\\/2022\\\/04\\\/IMG-20220419-WA0017_1.jpg\",\"datePublished\":\"2022-04-19T17:27:07+00:00\",\"dateModified\":\"2023-04-06T10:10:02+00:00\",\"breadcrumb\":{\"@id\":\"https:\\\/\\\/infos-droitshumains.net\\\/?p=3448#breadcrumb\"},\"inLanguage\":\"fr-FR\",\"potentialAction\":[{\"@type\":\"ReadAction\",\"target\":[\"https:\\\/\\\/infos-droitshumains.net\\\/?p=3448\"]}]},{\"@type\":\"ImageObject\",\"inLanguage\":\"fr-FR\",\"@id\":\"https:\\\/\\\/infos-droitshumains.net\\\/?p=3448#primaryimage\",\"url\":\"https:\\\/\\\/infos-droitshumains.net\\\/wp-content\\\/uploads\\\/2022\\\/04\\\/IMG-20220419-WA0017_1.jpg\",\"contentUrl\":\"https:\\\/\\\/infos-droitshumains.net\\\/wp-content\\\/uploads\\\/2022\\\/04\\\/IMG-20220419-WA0017_1.jpg\"},{\"@type\":\"BreadcrumbList\",\"@id\":\"https:\\\/\\\/infos-droitshumains.net\\\/?p=3448#breadcrumb\",\"itemListElement\":[{\"@type\":\"ListItem\",\"position\":1,\"name\":\"Accueil\",\"item\":\"https:\\\/\\\/infos-droitshumains.net\\\/\"},{\"@type\":\"ListItem\",\"position\":2,\"name\":\"Kasa\u00ef-Orienral: Eddy Mundela invite les habitants de Tshitshianku \u00e0 l&rsquo;accompagner pour transformer ce groupement\"}]},{\"@type\":\"WebSite\",\"@id\":\"https:\\\/\\\/infos-droitshumains.net\\\/#website\",\"url\":\"https:\\\/\\\/infos-droitshumains.net\\\/\",\"name\":\"Infos Droits Humains\",\"description\":\"S&#039;informer est un droit\",\"publisher\":{\"@id\":\"https:\\\/\\\/infos-droitshumains.net\\\/#organization\"},\"potentialAction\":[{\"@type\":\"SearchAction\",\"target\":{\"@type\":\"EntryPoint\",\"urlTemplate\":\"https:\\\/\\\/infos-droitshumains.net\\\/?s={search_term_string}\"},\"query-input\":{\"@type\":\"PropertyValueSpecification\",\"valueRequired\":true,\"valueName\":\"search_term_string\"}}],\"inLanguage\":\"fr-FR\"},{\"@type\":\"Organization\",\"@id\":\"https:\\\/\\\/infos-droitshumains.net\\\/#organization\",\"name\":\"Infos Droits Humains\",\"url\":\"https:\\\/\\\/infos-droitshumains.net\\\/\",\"logo\":{\"@type\":\"ImageObject\",\"inLanguage\":\"fr-FR\",\"@id\":\"https:\\\/\\\/infos-droitshumains.net\\\/#\\\/schema\\\/logo\\\/image\\\/\",\"url\":\"https:\\\/\\\/i0.wp.com\\\/infos-droitshumains.net\\\/wp-content\\\/uploads\\\/2022\\\/05\\\/Logo.png?fit=333%2C129&ssl=1\",\"contentUrl\":\"https:\\\/\\\/i0.wp.com\\\/infos-droitshumains.net\\\/wp-content\\\/uploads\\\/2022\\\/05\\\/Logo.png?fit=333%2C129&ssl=1\",\"width\":333,\"height\":129,\"caption\":\"Infos Droits Humains\"},\"image\":{\"@id\":\"https:\\\/\\\/infos-droitshumains.net\\\/#\\\/schema\\\/logo\\\/image\\\/\"}},{\"@type\":\"Person\",\"@id\":\"https:\\\/\\\/infos-droitshumains.net\\\/#\\\/schema\\\/person\\\/3dc5e921c3302172e0ed4362f96faab7\",\"name\":\"Jo\u00ebl Diawa\",\"image\":{\"@type\":\"ImageObject\",\"inLanguage\":\"fr-FR\",\"@id\":\"https:\\\/\\\/secure.gravatar.com\\\/avatar\\\/729bea6ff4604c624417803c477363be8e3c7186deaa65713313f9b4b820f41c?s=96&d=mm&r=g\",\"url\":\"https:\\\/\\\/secure.gravatar.com\\\/avatar\\\/729bea6ff4604c624417803c477363be8e3c7186deaa65713313f9b4b820f41c?s=96&d=mm&r=g\",\"contentUrl\":\"https:\\\/\\\/secure.gravatar.com\\\/avatar\\\/729bea6ff4604c624417803c477363be8e3c7186deaa65713313f9b4b820f41c?s=96&d=mm&r=g\",\"caption\":\"Jo\u00ebl Diawa\"},\"sameAs\":[\"https:\\\/\\\/www.infos-droitshumains.net\"],\"url\":\"https:\\\/\\\/infos-droitshumains.net\\\/?author=2\"}]}<\/script>\n<!-- \/ Yoast SEO plugin. -->","yoast_head_json":{"title":"Kasa\u00ef-Orienral: Eddy Mundela invite les habitants de Tshitshianku \u00e0 l'accompagner pour transformer ce groupement - Infos Droits Humains","robots":{"index":"index","follow":"follow","max-snippet":"max-snippet:-1","max-image-preview":"max-image-preview:large","max-video-preview":"max-video-preview:-1"},"canonical":"https:\/\/infos-droitshumains.net\/?p=3448","og_locale":"fr_FR","og_type":"article","og_title":"Kasa\u00ef-Orienral: Eddy Mundela invite les habitants de Tshitshianku \u00e0 l'accompagner pour transformer ce groupement - Infos Droits Humains","og_description":"R\u00e9daction :+243817406088 Apr\u00e8s une tr\u00eave observ\u00e9e dimanche, le premier Vice-pr\u00e9sident du S\u00e9nat a repris son...","og_url":"https:\/\/infos-droitshumains.net\/?p=3448","og_site_name":"Infos Droits Humains","article_published_time":"2022-04-19T17:27:07+00:00","article_modified_time":"2023-04-06T10:10:02+00:00","og_image":[{"url":"https:\/\/infos-droitshumains.net\/wp-content\/uploads\/2022\/04\/IMG-20220419-WA0017_1.jpg","type":"","width":"","height":""}],"author":"Jo\u00ebl Diawa","twitter_card":"summary_large_image","twitter_misc":{"\u00c9crit par":"Jo\u00ebl Diawa","Dur\u00e9e de lecture estim\u00e9e":"6 minutes"},"schema":{"@context":"https:\/\/schema.org","@graph":[{"@type":"Article","@id":"https:\/\/infos-droitshumains.net\/?p=3448#article","isPartOf":{"@id":"https:\/\/infos-droitshumains.net\/?p=3448"},"author":{"name":"Jo\u00ebl Diawa","@id":"https:\/\/infos-droitshumains.net\/#\/schema\/person\/3dc5e921c3302172e0ed4362f96faab7"},"headline":"Kasa\u00ef-Orienral: Eddy Mundela invite les habitants de Tshitshianku \u00e0 l&rsquo;accompagner pour transformer ce groupement","datePublished":"2022-04-19T17:27:07+00:00","dateModified":"2023-04-06T10:10:02+00:00","mainEntityOfPage":{"@id":"https:\/\/infos-droitshumains.net\/?p=3448"},"wordCount":1268,"publisher":{"@id":"https:\/\/infos-droitshumains.net\/#organization"},"image":{"@id":"https:\/\/infos-droitshumains.net\/?p=3448#primaryimage"},"thumbnailUrl":"https:\/\/infos-droitshumains.net\/wp-content\/uploads\/2022\/04\/IMG-20220419-WA0017_1.jpg","inLanguage":"fr-FR"},{"@type":"WebPage","@id":"https:\/\/infos-droitshumains.net\/?p=3448","url":"https:\/\/infos-droitshumains.net\/?p=3448","name":"Kasa\u00ef-Orienral: Eddy Mundela invite les habitants de Tshitshianku \u00e0 l'accompagner pour transformer ce groupement - Infos Droits Humains","isPartOf":{"@id":"https:\/\/infos-droitshumains.net\/#website"},"primaryImageOfPage":{"@id":"https:\/\/infos-droitshumains.net\/?p=3448#primaryimage"},"image":{"@id":"https:\/\/infos-droitshumains.net\/?p=3448#primaryimage"},"thumbnailUrl":"https:\/\/infos-droitshumains.net\/wp-content\/uploads\/2022\/04\/IMG-20220419-WA0017_1.jpg","datePublished":"2022-04-19T17:27:07+00:00","dateModified":"2023-04-06T10:10:02+00:00","breadcrumb":{"@id":"https:\/\/infos-droitshumains.net\/?p=3448#breadcrumb"},"inLanguage":"fr-FR","potentialAction":[{"@type":"ReadAction","target":["https:\/\/infos-droitshumains.net\/?p=3448"]}]},{"@type":"ImageObject","inLanguage":"fr-FR","@id":"https:\/\/infos-droitshumains.net\/?p=3448#primaryimage","url":"https:\/\/infos-droitshumains.net\/wp-content\/uploads\/2022\/04\/IMG-20220419-WA0017_1.jpg","contentUrl":"https:\/\/infos-droitshumains.net\/wp-content\/uploads\/2022\/04\/IMG-20220419-WA0017_1.jpg"},{"@type":"BreadcrumbList","@id":"https:\/\/infos-droitshumains.net\/?p=3448#breadcrumb","itemListElement":[{"@type":"ListItem","position":1,"name":"Accueil","item":"https:\/\/infos-droitshumains.net\/"},{"@type":"ListItem","position":2,"name":"Kasa\u00ef-Orienral: Eddy Mundela invite les habitants de Tshitshianku \u00e0 l&rsquo;accompagner pour transformer ce groupement"}]},{"@type":"WebSite","@id":"https:\/\/infos-droitshumains.net\/#website","url":"https:\/\/infos-droitshumains.net\/","name":"Infos Droits Humains","description":"S&#039;informer est un droit","publisher":{"@id":"https:\/\/infos-droitshumains.net\/#organization"},"potentialAction":[{"@type":"SearchAction","target":{"@type":"EntryPoint","urlTemplate":"https:\/\/infos-droitshumains.net\/?s={search_term_string}"},"query-input":{"@type":"PropertyValueSpecification","valueRequired":true,"valueName":"search_term_string"}}],"inLanguage":"fr-FR"},{"@type":"Organization","@id":"https:\/\/infos-droitshumains.net\/#organization","name":"Infos Droits Humains","url":"https:\/\/infos-droitshumains.net\/","logo":{"@type":"ImageObject","inLanguage":"fr-FR","@id":"https:\/\/infos-droitshumains.net\/#\/schema\/logo\/image\/","url":"https:\/\/i0.wp.com\/infos-droitshumains.net\/wp-content\/uploads\/2022\/05\/Logo.png?fit=333%2C129&ssl=1","contentUrl":"https:\/\/i0.wp.com\/infos-droitshumains.net\/wp-content\/uploads\/2022\/05\/Logo.png?fit=333%2C129&ssl=1","width":333,"height":129,"caption":"Infos Droits Humains"},"image":{"@id":"https:\/\/infos-droitshumains.net\/#\/schema\/logo\/image\/"}},{"@type":"Person","@id":"https:\/\/infos-droitshumains.net\/#\/schema\/person\/3dc5e921c3302172e0ed4362f96faab7","name":"Jo\u00ebl Diawa","image":{"@type":"ImageObject","inLanguage":"fr-FR","@id":"https:\/\/secure.gravatar.com\/avatar\/729bea6ff4604c624417803c477363be8e3c7186deaa65713313f9b4b820f41c?s=96&d=mm&r=g","url":"https:\/\/secure.gravatar.com\/avatar\/729bea6ff4604c624417803c477363be8e3c7186deaa65713313f9b4b820f41c?s=96&d=mm&r=g","contentUrl":"https:\/\/secure.gravatar.com\/avatar\/729bea6ff4604c624417803c477363be8e3c7186deaa65713313f9b4b820f41c?s=96&d=mm&r=g","caption":"Jo\u00ebl Diawa"},"sameAs":["https:\/\/www.infos-droitshumains.net"],"url":"https:\/\/infos-droitshumains.net\/?author=2"}]}},"featured_image_urls":{"full":"","thumbnail":"","medium":"","medium_large":"","large":"","1536x1536":"","2048x2048":"","covernews-slider-full":"","covernews-slider-center":"","covernews-featured":"","covernews-medium":"","covernews-medium-square":""},"author_info":{"display_name":"Jo\u00ebl Diawa","author_link":"https:\/\/infos-droitshumains.net\/?author=2"},"category_info":"<a href=\"https:\/\/infos-droitshumains.net\/?cat=1\" rel=\"category\">Non class\u00e9<\/a>","tag_info":"Non class\u00e9","comment_count":"0","jetpack_featured_media_url":"","jetpack-related-posts":[],"jetpack_sharing_enabled":true,"_links":{"self":[{"href":"https:\/\/infos-droitshumains.net\/index.php?rest_route=\/wp\/v2\/posts\/3448","targetHints":{"allow":["GET"]}}],"collection":[{"href":"https:\/\/infos-droitshumains.net\/index.php?rest_route=\/wp\/v2\/posts"}],"about":[{"href":"https:\/\/infos-droitshumains.net\/index.php?rest_route=\/wp\/v2\/types\/post"}],"author":[{"embeddable":true,"href":"https:\/\/infos-droitshumains.net\/index.php?rest_route=\/wp\/v2\/users\/2"}],"replies":[{"embeddable":true,"href":"https:\/\/infos-droitshumains.net\/index.php?rest_route=%2Fwp%2Fv2%2Fcomments&post=3448"}],"version-history":[{"count":19,"href":"https:\/\/infos-droitshumains.net\/index.php?rest_route=\/wp\/v2\/posts\/3448\/revisions"}],"predecessor-version":[{"id":3478,"href":"https:\/\/infos-droitshumains.net\/index.php?rest_route=\/wp\/v2\/posts\/3448\/revisions\/3478"}],"wp:attachment":[{"href":"https:\/\/infos-droitshumains.net\/index.php?rest_route=%2Fwp%2Fv2%2Fmedia&parent=3448"}],"wp:term":[{"taxonomy":"category","embeddable":true,"href":"https:\/\/infos-droitshumains.net\/index.php?rest_route=%2Fwp%2Fv2%2Fcategories&post=3448"},{"taxonomy":"post_tag","embeddable":true,"href":"https:\/\/infos-droitshumains.net\/index.php?rest_route=%2Fwp%2Fv2%2Ftags&post=3448"}],"curies":[{"name":"wp","href":"https:\/\/api.w.org\/{rel}","templated":true}]}}