{"id":3392,"date":"2022-04-18T07:00:00","date_gmt":"2022-04-18T05:00:00","guid":{"rendered":"https:\/\/infos-droitshumains.net\/?p=3392"},"modified":"2023-04-06T12:10:03","modified_gmt":"2023-04-06T10:10:03","slug":"kasai-oriental-le-senateur-eddy-mundela-determine-a-moderniser-le-territoire-de-kabeya-kamuanga","status":"publish","type":"post","link":"https:\/\/infos-droitshumains.net\/?p=3392","title":{"rendered":"Kasa\u00ef-Oriental: Le s\u00e9nateur Eddy Mundela Kanku d\u00e9termin\u00e9 \u00e0 moderniser le territoire de Kabeya Kamuanga"},"content":{"rendered":"\n<p><strong>R\u00e9daction:+243817406088<\/strong><\/p>\n\n\n\n<p>Pendant son s\u00e9jour kasa\u00efen, Eddy Mundela Kanku continue \u00e0 faire sien, les desiderata de la population locale. Apr\u00e8s l\u2019\u00e9tape de Mbuji-Mayi o\u00f9, il a visit\u00e9 diff\u00e9rents chantiers du projet Tshilejelu, ce samedi, le Premier Vice-Pr\u00e9sident du S\u00e9nat a pris la direction du territoire de Kabeya Kamuanga, o\u00f9, il a communi\u00e9 avec sa base. Il a aussi profit\u00e9 de son s\u00e9jour dans son fief natal pour poser quelques actions \u00e0 impact visible. Lesquelles actions qui ont marqu\u00e9 les b\u00e9n\u00e9ficiaires.<\/p>\n\n\n\n<p>Arriv\u00e9 en d\u00e9but d&rsquo;apr\u00e8s-midi, Eddy Mundela a \u00e9t\u00e9 accueilli par des centaines des milliers des personnes, scandant des chants \u00e0 son honneur.<\/p>\n\n\n\n<figure class=\"wp-block-image alignfull size-large\"><img data-recalc-dims=\"1\" decoding=\"async\" src=\"https:\/\/i0.wp.com\/infos-droitshumains.net\/wp-content\/uploads\/2022\/04\/IMG-20220417-WA0010_1.jpg?w=640&#038;ssl=1\" alt=\"\" class=\"wp-image-3396\"\/><\/figure>\n\n\n\n<p>Au b\u00e2timent administratif du territoire, Eddy Mundela a \u00e9t\u00e9 re\u00e7u par Jean Kayembe et le comit\u00e9 territorial de s\u00e9curit\u00e9.<\/p>\n\n\n\n<figure class=\"wp-block-image alignfull size-large\"><img data-recalc-dims=\"1\" decoding=\"async\" src=\"https:\/\/i0.wp.com\/infos-droitshumains.net\/wp-content\/uploads\/2022\/04\/IMG-20220417-WA0008_1.jpg?w=640&#038;ssl=1\" alt=\"\" class=\"wp-image-3398\"\/><\/figure>\n\n\n\n<p>L\u2019administrateur du territoire de Kabeya Kamuanga a pr\u00e9sent\u00e9 \u00e0 son h\u00f4te, les difficult\u00e9s qu\u2019\u00e9prouve la population locale, entre autre, le manque d\u2019eau, le manque des \u00e9quipements dans le b\u00e2timent administratif, l&rsquo;impaiement des agents de la fonction publique etc\u2026<\/p>\n\n\n\n<figure class=\"wp-block-image alignfull size-large\"><img data-recalc-dims=\"1\" decoding=\"async\" src=\"https:\/\/i0.wp.com\/infos-droitshumains.net\/wp-content\/uploads\/2022\/04\/IMG-20220417-WA0009_1.jpg?w=640&#038;ssl=1\" alt=\"\" class=\"wp-image-3400\"\/><\/figure>\n\n\n\n<p>Ayant \u00e9t\u00e9 suffisamment inform\u00e9, Eddy Mundela a rassur\u00e9 quant \u00e0 son implication pour que la solution soit trouv\u00e9e le plus rapidement possible.<\/p>\n\n\n\n<p>Soucieux de l&rsquo;\u00e9ducation de la jeunesse, ce s\u00e9nateur reste d\u00e9termin\u00e9 \u00e0 doter son territoire natal des infrastructures scolaires de bonne qualit\u00e9. Il a d&rsquo;abord dot\u00e9 les diff\u00e9rentes \u00e9coles du territoire des bancs afin de permettre aux \u00e9l\u00e8ves d\u2019\u00e9tudier dans des bonnes conditions.<\/p>\n\n\n\n<figure class=\"wp-block-image alignfull size-large\"><img data-recalc-dims=\"1\" decoding=\"async\" src=\"https:\/\/i0.wp.com\/infos-droitshumains.net\/wp-content\/uploads\/2022\/04\/IMG-20220417-WA0007_1.jpg?w=640&#038;ssl=1\" alt=\"\" class=\"wp-image-3402\"\/><\/figure>\n\n\n\n<p>L\u2019autre \u00e9tape importante de son s\u00e9jour  c\u2019est la remise des \u00e9quipements m\u00e9dicaux \u00e0 l\u2019h\u00f4pital g\u00e9n\u00e9ral de r\u00e9f\u00e9rence de Kabeya Kamuanga. Pendant sa visite dans cet \u00e9tablissement hospitalier, cet \u00e9lu, pouss\u00e9 par sa traditionnelle compassion aux malades, n\u2019a pas h\u00e9sit\u00e9 de s\u2019int\u00e9resser aux malades intern\u00e9s sur place. En bon samaritain, il a pay\u00e9 la facture des diff\u00e9rents patients en difficult\u00e9 bloqu\u00e9s \u00e0 l\u2019h\u00f4pital faute des moyens.<\/p>\n\n\n\n<figure class=\"wp-block-image alignfull size-large\"><img data-recalc-dims=\"1\" decoding=\"async\" src=\"https:\/\/i0.wp.com\/infos-droitshumains.net\/wp-content\/uploads\/2022\/04\/IMG-20220417-WA0004_1.jpg?w=640&#038;ssl=1\" alt=\"\" class=\"wp-image-3405\"\/><\/figure>\n\n\n\n<p>Il a \u00e9galement remis des pagnes aux femmes du territoire, des ballons et vareuses aux \u00e9quipes locales.<\/p>\n\n\n\n<p>A la population de Kabeya Kamuanga, le num\u00e9ro deux de la chambre haute du parlement a sollicit\u00e9 l\u2019accompagnement de sa vision, afin qu\u2019ils d\u00e9veloppent ensemble, le territoire.<\/p>\n\n\n\n<p><strong><em>\u00ab\u2026 je vous demande de m&rsquo;aider d&rsquo;abord \u00e0 terminer la construction de l&rsquo;\u00e9cole pour les enfants de Kabeya Kamuanga, en apportant le sable. Moi je dispose du ciment et des t\u00f4les. Aidez-moi avec le sable. Apr\u00e8s l&rsquo;\u00e9cole primaire, nous allons construire l&rsquo;\u00e9cole secondaire et m\u00eame l&rsquo;Universit\u00e9 avec le temps. En plus, j&rsquo;ai une moule \u00e0 brique. Apportez le sable, moi j&rsquo;apporte le ciment et les t\u00f4les, nous allons construire progressivement des maisons dans nos quartiers pour changer l&rsquo;image de notre milieu\u00bb<\/em><\/strong>, a-t-il d\u00e9clar\u00e9, \u00e0 la grande satisfaction de la foule qui \u00e9tait venue l\u2019\u00e9couter.<\/p>\n\n\n\n<p>Cadre de l\u2019UDPS, le Premier Vice-Pr\u00e9sident du s\u00e9nat a termin\u00e9 sa journ\u00e9e \u00e0 la permanence du parti. Ici, il a pr\u00each\u00e9 la paix aux, la concorde, l&rsquo;amour du prochain et celui du parti tout en invitant les uns et les autres \u00e0 enterrer la hache de guerre.<\/p>\n\n\n\n<p>En vue de faciliter la mobilit\u00e9 des cadres de la section de Kabeya Kamuanga, le s\u00e9nateur Mundela a fait un don de 7 motos toutes neuves.<\/p>\n\n\n\n<p>Toutes ces actions sont pos\u00e9es dans le seul but, le d\u00e9veloppement du territoire de Kabeya Kamuanga. Un d\u00e9veloppement qui passe par la pacification et l&rsquo;unificateur du territoire qui l&rsquo;a vu na\u00eetre. Voil\u00e0 pourquoi, il a invit\u00e9 les habitants de Kabeya Kamuanga \u00e0 cultiver la paix.<\/p>\n\n\n\n<p>Jo\u00ebl Diawa<\/p>\n","protected":false},"excerpt":{"rendered":"<p>R\u00e9daction:+243817406088 Pendant son s\u00e9jour kasa\u00efen, Eddy Mundela Kanku continue \u00e0 faire sien, les desiderata de&#8230;<\/p>\n","protected":false},"author":2,"featured_media":0,"comment_status":"closed","ping_status":"open","sticky":false,"template":"","format":"standard","meta":{"_jetpack_memberships_contains_paid_content":false,"footnotes":""},"categories":[1],"tags":[],"class_list":["post-3392","post","type-post","status-publish","format-standard","hentry","category-non-classe"],"yoast_head":"<!-- This site is optimized with the Yoast SEO plugin v27.5 - https:\/\/yoast.com\/product\/yoast-seo-wordpress\/ -->\n<title>Kasa\u00ef-Oriental: Le s\u00e9nateur Eddy Mundela Kanku d\u00e9termin\u00e9 \u00e0 moderniser le territoire de Kabeya Kamuanga - Infos Droits Humains<\/title>\n<meta name=\"robots\" content=\"index, follow, max-snippet:-1, max-image-preview:large, max-video-preview:-1\" \/>\n<link rel=\"canonical\" href=\"https:\/\/infos-droitshumains.net\/?p=3392\" \/>\n<meta property=\"og:locale\" content=\"fr_FR\" \/>\n<meta property=\"og:type\" content=\"article\" \/>\n<meta property=\"og:title\" content=\"Kasa\u00ef-Oriental: Le s\u00e9nateur Eddy Mundela Kanku d\u00e9termin\u00e9 \u00e0 moderniser le territoire de Kabeya Kamuanga - Infos Droits Humains\" \/>\n<meta property=\"og:description\" content=\"R\u00e9daction:+243817406088 Pendant son s\u00e9jour kasa\u00efen, Eddy Mundela Kanku continue \u00e0 faire sien, les desiderata de...\" \/>\n<meta property=\"og:url\" content=\"https:\/\/infos-droitshumains.net\/?p=3392\" \/>\n<meta property=\"og:site_name\" content=\"Infos Droits Humains\" \/>\n<meta property=\"article:published_time\" content=\"2022-04-18T05:00:00+00:00\" \/>\n<meta property=\"article:modified_time\" content=\"2023-04-06T10:10:03+00:00\" \/>\n<meta property=\"og:image\" content=\"https:\/\/infos-droitshumains.net\/wp-content\/uploads\/2022\/04\/IMG-20220417-WA0010_1.jpg\" \/>\n<meta name=\"author\" content=\"Jo\u00ebl Diawa\" \/>\n<meta name=\"twitter:card\" content=\"summary_large_image\" \/>\n<meta name=\"twitter:label1\" content=\"\u00c9crit par\" \/>\n\t<meta name=\"twitter:data1\" content=\"Jo\u00ebl Diawa\" \/>\n\t<meta name=\"twitter:label2\" content=\"Dur\u00e9e de lecture estim\u00e9e\" \/>\n\t<meta name=\"twitter:data2\" content=\"3 minutes\" \/>\n<script type=\"application\/ld+json\" class=\"yoast-schema-graph\">{\"@context\":\"https:\\\/\\\/schema.org\",\"@graph\":[{\"@type\":\"Article\",\"@id\":\"https:\\\/\\\/infos-droitshumains.net\\\/?p=3392#article\",\"isPartOf\":{\"@id\":\"https:\\\/\\\/infos-droitshumains.net\\\/?p=3392\"},\"author\":{\"name\":\"Jo\u00ebl Diawa\",\"@id\":\"https:\\\/\\\/infos-droitshumains.net\\\/#\\\/schema\\\/person\\\/3dc5e921c3302172e0ed4362f96faab7\"},\"headline\":\"Kasa\u00ef-Oriental: Le s\u00e9nateur Eddy Mundela Kanku d\u00e9termin\u00e9 \u00e0 moderniser le territoire de Kabeya Kamuanga\",\"datePublished\":\"2022-04-18T05:00:00+00:00\",\"dateModified\":\"2023-04-06T10:10:03+00:00\",\"mainEntityOfPage\":{\"@id\":\"https:\\\/\\\/infos-droitshumains.net\\\/?p=3392\"},\"wordCount\":618,\"publisher\":{\"@id\":\"https:\\\/\\\/infos-droitshumains.net\\\/#organization\"},\"image\":{\"@id\":\"https:\\\/\\\/infos-droitshumains.net\\\/?p=3392#primaryimage\"},\"thumbnailUrl\":\"https:\\\/\\\/infos-droitshumains.net\\\/wp-content\\\/uploads\\\/2022\\\/04\\\/IMG-20220417-WA0010_1.jpg\",\"inLanguage\":\"fr-FR\"},{\"@type\":\"WebPage\",\"@id\":\"https:\\\/\\\/infos-droitshumains.net\\\/?p=3392\",\"url\":\"https:\\\/\\\/infos-droitshumains.net\\\/?p=3392\",\"name\":\"Kasa\u00ef-Oriental: Le s\u00e9nateur Eddy Mundela Kanku d\u00e9termin\u00e9 \u00e0 moderniser le territoire de Kabeya Kamuanga - Infos Droits Humains\",\"isPartOf\":{\"@id\":\"https:\\\/\\\/infos-droitshumains.net\\\/#website\"},\"primaryImageOfPage\":{\"@id\":\"https:\\\/\\\/infos-droitshumains.net\\\/?p=3392#primaryimage\"},\"image\":{\"@id\":\"https:\\\/\\\/infos-droitshumains.net\\\/?p=3392#primaryimage\"},\"thumbnailUrl\":\"https:\\\/\\\/infos-droitshumains.net\\\/wp-content\\\/uploads\\\/2022\\\/04\\\/IMG-20220417-WA0010_1.jpg\",\"datePublished\":\"2022-04-18T05:00:00+00:00\",\"dateModified\":\"2023-04-06T10:10:03+00:00\",\"breadcrumb\":{\"@id\":\"https:\\\/\\\/infos-droitshumains.net\\\/?p=3392#breadcrumb\"},\"inLanguage\":\"fr-FR\",\"potentialAction\":[{\"@type\":\"ReadAction\",\"target\":[\"https:\\\/\\\/infos-droitshumains.net\\\/?p=3392\"]}]},{\"@type\":\"ImageObject\",\"inLanguage\":\"fr-FR\",\"@id\":\"https:\\\/\\\/infos-droitshumains.net\\\/?p=3392#primaryimage\",\"url\":\"https:\\\/\\\/infos-droitshumains.net\\\/wp-content\\\/uploads\\\/2022\\\/04\\\/IMG-20220417-WA0010_1.jpg\",\"contentUrl\":\"https:\\\/\\\/infos-droitshumains.net\\\/wp-content\\\/uploads\\\/2022\\\/04\\\/IMG-20220417-WA0010_1.jpg\"},{\"@type\":\"BreadcrumbList\",\"@id\":\"https:\\\/\\\/infos-droitshumains.net\\\/?p=3392#breadcrumb\",\"itemListElement\":[{\"@type\":\"ListItem\",\"position\":1,\"name\":\"Accueil\",\"item\":\"https:\\\/\\\/infos-droitshumains.net\\\/\"},{\"@type\":\"ListItem\",\"position\":2,\"name\":\"Kasa\u00ef-Oriental: Le s\u00e9nateur Eddy Mundela Kanku d\u00e9termin\u00e9 \u00e0 moderniser le territoire de Kabeya Kamuanga\"}]},{\"@type\":\"WebSite\",\"@id\":\"https:\\\/\\\/infos-droitshumains.net\\\/#website\",\"url\":\"https:\\\/\\\/infos-droitshumains.net\\\/\",\"name\":\"Infos Droits Humains\",\"description\":\"S&#039;informer est un droit\",\"publisher\":{\"@id\":\"https:\\\/\\\/infos-droitshumains.net\\\/#organization\"},\"potentialAction\":[{\"@type\":\"SearchAction\",\"target\":{\"@type\":\"EntryPoint\",\"urlTemplate\":\"https:\\\/\\\/infos-droitshumains.net\\\/?s={search_term_string}\"},\"query-input\":{\"@type\":\"PropertyValueSpecification\",\"valueRequired\":true,\"valueName\":\"search_term_string\"}}],\"inLanguage\":\"fr-FR\"},{\"@type\":\"Organization\",\"@id\":\"https:\\\/\\\/infos-droitshumains.net\\\/#organization\",\"name\":\"Infos Droits Humains\",\"url\":\"https:\\\/\\\/infos-droitshumains.net\\\/\",\"logo\":{\"@type\":\"ImageObject\",\"inLanguage\":\"fr-FR\",\"@id\":\"https:\\\/\\\/infos-droitshumains.net\\\/#\\\/schema\\\/logo\\\/image\\\/\",\"url\":\"https:\\\/\\\/i0.wp.com\\\/infos-droitshumains.net\\\/wp-content\\\/uploads\\\/2022\\\/05\\\/Logo.png?fit=333%2C129&ssl=1\",\"contentUrl\":\"https:\\\/\\\/i0.wp.com\\\/infos-droitshumains.net\\\/wp-content\\\/uploads\\\/2022\\\/05\\\/Logo.png?fit=333%2C129&ssl=1\",\"width\":333,\"height\":129,\"caption\":\"Infos Droits Humains\"},\"image\":{\"@id\":\"https:\\\/\\\/infos-droitshumains.net\\\/#\\\/schema\\\/logo\\\/image\\\/\"}},{\"@type\":\"Person\",\"@id\":\"https:\\\/\\\/infos-droitshumains.net\\\/#\\\/schema\\\/person\\\/3dc5e921c3302172e0ed4362f96faab7\",\"name\":\"Jo\u00ebl Diawa\",\"image\":{\"@type\":\"ImageObject\",\"inLanguage\":\"fr-FR\",\"@id\":\"https:\\\/\\\/secure.gravatar.com\\\/avatar\\\/729bea6ff4604c624417803c477363be8e3c7186deaa65713313f9b4b820f41c?s=96&d=mm&r=g\",\"url\":\"https:\\\/\\\/secure.gravatar.com\\\/avatar\\\/729bea6ff4604c624417803c477363be8e3c7186deaa65713313f9b4b820f41c?s=96&d=mm&r=g\",\"contentUrl\":\"https:\\\/\\\/secure.gravatar.com\\\/avatar\\\/729bea6ff4604c624417803c477363be8e3c7186deaa65713313f9b4b820f41c?s=96&d=mm&r=g\",\"caption\":\"Jo\u00ebl Diawa\"},\"sameAs\":[\"https:\\\/\\\/www.infos-droitshumains.net\"],\"url\":\"https:\\\/\\\/infos-droitshumains.net\\\/?author=2\"}]}<\/script>\n<!-- \/ Yoast SEO plugin. -->","yoast_head_json":{"title":"Kasa\u00ef-Oriental: Le s\u00e9nateur Eddy Mundela Kanku d\u00e9termin\u00e9 \u00e0 moderniser le territoire de Kabeya Kamuanga - Infos Droits Humains","robots":{"index":"index","follow":"follow","max-snippet":"max-snippet:-1","max-image-preview":"max-image-preview:large","max-video-preview":"max-video-preview:-1"},"canonical":"https:\/\/infos-droitshumains.net\/?p=3392","og_locale":"fr_FR","og_type":"article","og_title":"Kasa\u00ef-Oriental: Le s\u00e9nateur Eddy Mundela Kanku d\u00e9termin\u00e9 \u00e0 moderniser le territoire de Kabeya Kamuanga - Infos Droits Humains","og_description":"R\u00e9daction:+243817406088 Pendant son s\u00e9jour kasa\u00efen, Eddy Mundela Kanku continue \u00e0 faire sien, les desiderata de...","og_url":"https:\/\/infos-droitshumains.net\/?p=3392","og_site_name":"Infos Droits Humains","article_published_time":"2022-04-18T05:00:00+00:00","article_modified_time":"2023-04-06T10:10:03+00:00","og_image":[{"url":"https:\/\/infos-droitshumains.net\/wp-content\/uploads\/2022\/04\/IMG-20220417-WA0010_1.jpg","type":"","width":"","height":""}],"author":"Jo\u00ebl Diawa","twitter_card":"summary_large_image","twitter_misc":{"\u00c9crit par":"Jo\u00ebl Diawa","Dur\u00e9e de lecture estim\u00e9e":"3 minutes"},"schema":{"@context":"https:\/\/schema.org","@graph":[{"@type":"Article","@id":"https:\/\/infos-droitshumains.net\/?p=3392#article","isPartOf":{"@id":"https:\/\/infos-droitshumains.net\/?p=3392"},"author":{"name":"Jo\u00ebl Diawa","@id":"https:\/\/infos-droitshumains.net\/#\/schema\/person\/3dc5e921c3302172e0ed4362f96faab7"},"headline":"Kasa\u00ef-Oriental: Le s\u00e9nateur Eddy Mundela Kanku d\u00e9termin\u00e9 \u00e0 moderniser le territoire de Kabeya Kamuanga","datePublished":"2022-04-18T05:00:00+00:00","dateModified":"2023-04-06T10:10:03+00:00","mainEntityOfPage":{"@id":"https:\/\/infos-droitshumains.net\/?p=3392"},"wordCount":618,"publisher":{"@id":"https:\/\/infos-droitshumains.net\/#organization"},"image":{"@id":"https:\/\/infos-droitshumains.net\/?p=3392#primaryimage"},"thumbnailUrl":"https:\/\/infos-droitshumains.net\/wp-content\/uploads\/2022\/04\/IMG-20220417-WA0010_1.jpg","inLanguage":"fr-FR"},{"@type":"WebPage","@id":"https:\/\/infos-droitshumains.net\/?p=3392","url":"https:\/\/infos-droitshumains.net\/?p=3392","name":"Kasa\u00ef-Oriental: Le s\u00e9nateur Eddy Mundela Kanku d\u00e9termin\u00e9 \u00e0 moderniser le territoire de Kabeya Kamuanga - Infos Droits Humains","isPartOf":{"@id":"https:\/\/infos-droitshumains.net\/#website"},"primaryImageOfPage":{"@id":"https:\/\/infos-droitshumains.net\/?p=3392#primaryimage"},"image":{"@id":"https:\/\/infos-droitshumains.net\/?p=3392#primaryimage"},"thumbnailUrl":"https:\/\/infos-droitshumains.net\/wp-content\/uploads\/2022\/04\/IMG-20220417-WA0010_1.jpg","datePublished":"2022-04-18T05:00:00+00:00","dateModified":"2023-04-06T10:10:03+00:00","breadcrumb":{"@id":"https:\/\/infos-droitshumains.net\/?p=3392#breadcrumb"},"inLanguage":"fr-FR","potentialAction":[{"@type":"ReadAction","target":["https:\/\/infos-droitshumains.net\/?p=3392"]}]},{"@type":"ImageObject","inLanguage":"fr-FR","@id":"https:\/\/infos-droitshumains.net\/?p=3392#primaryimage","url":"https:\/\/infos-droitshumains.net\/wp-content\/uploads\/2022\/04\/IMG-20220417-WA0010_1.jpg","contentUrl":"https:\/\/infos-droitshumains.net\/wp-content\/uploads\/2022\/04\/IMG-20220417-WA0010_1.jpg"},{"@type":"BreadcrumbList","@id":"https:\/\/infos-droitshumains.net\/?p=3392#breadcrumb","itemListElement":[{"@type":"ListItem","position":1,"name":"Accueil","item":"https:\/\/infos-droitshumains.net\/"},{"@type":"ListItem","position":2,"name":"Kasa\u00ef-Oriental: Le s\u00e9nateur Eddy Mundela Kanku d\u00e9termin\u00e9 \u00e0 moderniser le territoire de Kabeya Kamuanga"}]},{"@type":"WebSite","@id":"https:\/\/infos-droitshumains.net\/#website","url":"https:\/\/infos-droitshumains.net\/","name":"Infos Droits Humains","description":"S&#039;informer est un droit","publisher":{"@id":"https:\/\/infos-droitshumains.net\/#organization"},"potentialAction":[{"@type":"SearchAction","target":{"@type":"EntryPoint","urlTemplate":"https:\/\/infos-droitshumains.net\/?s={search_term_string}"},"query-input":{"@type":"PropertyValueSpecification","valueRequired":true,"valueName":"search_term_string"}}],"inLanguage":"fr-FR"},{"@type":"Organization","@id":"https:\/\/infos-droitshumains.net\/#organization","name":"Infos Droits Humains","url":"https:\/\/infos-droitshumains.net\/","logo":{"@type":"ImageObject","inLanguage":"fr-FR","@id":"https:\/\/infos-droitshumains.net\/#\/schema\/logo\/image\/","url":"https:\/\/i0.wp.com\/infos-droitshumains.net\/wp-content\/uploads\/2022\/05\/Logo.png?fit=333%2C129&ssl=1","contentUrl":"https:\/\/i0.wp.com\/infos-droitshumains.net\/wp-content\/uploads\/2022\/05\/Logo.png?fit=333%2C129&ssl=1","width":333,"height":129,"caption":"Infos Droits Humains"},"image":{"@id":"https:\/\/infos-droitshumains.net\/#\/schema\/logo\/image\/"}},{"@type":"Person","@id":"https:\/\/infos-droitshumains.net\/#\/schema\/person\/3dc5e921c3302172e0ed4362f96faab7","name":"Jo\u00ebl Diawa","image":{"@type":"ImageObject","inLanguage":"fr-FR","@id":"https:\/\/secure.gravatar.com\/avatar\/729bea6ff4604c624417803c477363be8e3c7186deaa65713313f9b4b820f41c?s=96&d=mm&r=g","url":"https:\/\/secure.gravatar.com\/avatar\/729bea6ff4604c624417803c477363be8e3c7186deaa65713313f9b4b820f41c?s=96&d=mm&r=g","contentUrl":"https:\/\/secure.gravatar.com\/avatar\/729bea6ff4604c624417803c477363be8e3c7186deaa65713313f9b4b820f41c?s=96&d=mm&r=g","caption":"Jo\u00ebl Diawa"},"sameAs":["https:\/\/www.infos-droitshumains.net"],"url":"https:\/\/infos-droitshumains.net\/?author=2"}]}},"featured_image_urls":{"full":"","thumbnail":"","medium":"","medium_large":"","large":"","1536x1536":"","2048x2048":"","covernews-slider-full":"","covernews-slider-center":"","covernews-featured":"","covernews-medium":"","covernews-medium-square":""},"author_info":{"display_name":"Jo\u00ebl Diawa","author_link":"https:\/\/infos-droitshumains.net\/?author=2"},"category_info":"<a href=\"https:\/\/infos-droitshumains.net\/?cat=1\" rel=\"category\">Non class\u00e9<\/a>","tag_info":"Non class\u00e9","comment_count":"0","jetpack_featured_media_url":"","jetpack-related-posts":[],"jetpack_sharing_enabled":true,"_links":{"self":[{"href":"https:\/\/infos-droitshumains.net\/index.php?rest_route=\/wp\/v2\/posts\/3392","targetHints":{"allow":["GET"]}}],"collection":[{"href":"https:\/\/infos-droitshumains.net\/index.php?rest_route=\/wp\/v2\/posts"}],"about":[{"href":"https:\/\/infos-droitshumains.net\/index.php?rest_route=\/wp\/v2\/types\/post"}],"author":[{"embeddable":true,"href":"https:\/\/infos-droitshumains.net\/index.php?rest_route=\/wp\/v2\/users\/2"}],"replies":[{"embeddable":true,"href":"https:\/\/infos-droitshumains.net\/index.php?rest_route=%2Fwp%2Fv2%2Fcomments&post=3392"}],"version-history":[{"count":10,"href":"https:\/\/infos-droitshumains.net\/index.php?rest_route=\/wp\/v2\/posts\/3392\/revisions"}],"predecessor-version":[{"id":3408,"href":"https:\/\/infos-droitshumains.net\/index.php?rest_route=\/wp\/v2\/posts\/3392\/revisions\/3408"}],"wp:attachment":[{"href":"https:\/\/infos-droitshumains.net\/index.php?rest_route=%2Fwp%2Fv2%2Fmedia&parent=3392"}],"wp:term":[{"taxonomy":"category","embeddable":true,"href":"https:\/\/infos-droitshumains.net\/index.php?rest_route=%2Fwp%2Fv2%2Fcategories&post=3392"},{"taxonomy":"post_tag","embeddable":true,"href":"https:\/\/infos-droitshumains.net\/index.php?rest_route=%2Fwp%2Fv2%2Ftags&post=3392"}],"curies":[{"name":"wp","href":"https:\/\/api.w.org\/{rel}","templated":true}]}}