{"id":3382,"date":"2022-04-17T18:18:04","date_gmt":"2022-04-17T16:18:04","guid":{"rendered":"https:\/\/infos-droitshumains.net\/?p=3382"},"modified":"2023-04-06T12:10:03","modified_gmt":"2023-04-06T10:10:03","slug":"mbuji-mayi-eddy-mundela-juge-positif-le-bilan-mi-parcours-du-projet-tshilejelu","status":"publish","type":"post","link":"https:\/\/infos-droitshumains.net\/?p=3382","title":{"rendered":"Mbuji-Mayi: Eddy Mundela, juge positif le bilan mi-parcours du projet Tshilejelu."},"content":{"rendered":"\n<p><strong>R\u00e9daction :+243817406088<\/strong><\/p>\n\n\n\n<p>En mission officielle dans l\u2019espace Kasa\u00ef, le premier vice-pr\u00e9sident du s\u00e9nat, conduit par Victor Tumba Tshikela, Directeur G\u00e9n\u00e9ral de l\u2019Office des Voiries et Drainages, a visit\u00e9 ce vendredi, les diff\u00e9rents chantiers des travaux d\u2019entretien et construction des routes dans le cadre du projet Tshilejelu du Chef de l\u2019\u00c9tat.<\/p>\n\n\n\n<figure class=\"wp-block-image alignfull size-large\"><img data-recalc-dims=\"1\" height=\"427\" width=\"640\" decoding=\"async\" src=\"https:\/\/i0.wp.com\/infos-droitshumains.net\/wp-content\/uploads\/2022\/04\/IMG-20220416-WA0015_1-1024x683.jpg?resize=640%2C427&#038;ssl=1\" alt=\"\" class=\"wp-image-3386\"\/><\/figure>\n\n\n\n<p>Eddy Mundela Kanku et des h\u00f4tes ont d\u00e9but\u00e9 la visite sur l&rsquo;avenue  Fatshi B\u00e9ton  ex Lusambo plus pr\u00e9cis\u00e9ment au niveau de l&rsquo;entr\u00e9e Chicago. Ici, il a re\u00e7u les explications du num\u00e9ro un de l&rsquo;OVD sur la  canalisation des eaux.<\/p>\n\n\n\n<p>Ils se sont par la suite, rendus \u00e0 la base vie de l&rsquo;entreprise chinoise CREC7, attributaire du projet Tshilejelu, pour avoir des plus amples  explications sur le fonctionnement  de cette unit\u00e9  de pr\u00e9paration des solutions pour le b\u00e9tonnage et construction des caniveaux des art\u00e8res de la ville de Mbuji mayi.<\/p>\n\n\n\n<figure class=\"wp-block-image alignfull size-large\"><img data-recalc-dims=\"1\" height=\"960\" width=\"640\" decoding=\"async\" src=\"https:\/\/i0.wp.com\/infos-droitshumains.net\/wp-content\/uploads\/2022\/04\/IMG-20220416-WA0017_1-683x1024.jpg?resize=640%2C960&#038;ssl=1\" alt=\"\" class=\"wp-image-3388\"\/><\/figure>\n\n\n\n<p>Pour leurs part les chinois trouv\u00e9s  sur place ont  fait voir au premier vice-pr\u00e9sident du s\u00e9nat et au DG de l&rsquo;OVD qu\u2019ils ont connu le d\u00e9ficit en carburant et en ciment.<\/p>\n\n\n\n<p>Au croisement des avenues Fatshi b\u00e9ton et Mbujimayi, la d\u00e9l\u00e9gation du premier Vice-pr\u00e9sident du S\u00e9nat a visit\u00e9 le plus grand collecteur d\u2019eau de la ville construit par CREC7, ledit collecteur qui am\u00e8ne les eaux vers l\u2019exutoire naturel (la rivi\u00e8re Kanshi). Cet historique site r\u00e9put\u00e9 pour des bourbiers en saison de pluie, accueille \u00e0 ce jour, un trafic fluide et intense.<\/p>\n\n\n\n<p>Ensuite , Eddy Mundela a \u00e9t\u00e9 conduit  \u00e0 la grand place  de Bonzola o\u00f9 le rond-point est totalement assaini, puis, sur le plongement de l\u2019avenue Fatshi b\u00e9ton dans sa partie comprise entre l\u2019ISP Mbujimayi et l&rsquo;avenue de l&rsquo;Universit\u00e9.<\/p>\n\n\n\n<p>Le quartier Misesa dans la commune de Dibindi au  ravin  historique Tshamba. Le num\u00e9ro deux de la chambre basse du parlement s\u2019est rassur\u00e9 de la ma\u00eetrise de ce ravin par l\u2019OVD, gr\u00e2ce au financement du FONER.<\/p>\n\n\n\n<p>De l\u00e0 l&rsquo;homme a \u00e9t\u00e9 conduit sur l&rsquo;avenue  Tshala Muana o\u00f9 les travaux de d\u00e9caissement d\u2019une part, ceux de la construction des couches de fondation et de base d\u2019autre part sont en pleine ex\u00e9cution.<\/p>\n\n\n\n<p>A ce stade, il s\u2019est dit tr\u00e8s flatt\u00e9 par les r\u00e9alisations du projet Tshilejelu.<\/p>\n\n\n\n<p><em>\u00abJe suis tr\u00e8s satisfait de  l&rsquo;avancement  des travaux du projet Tshilejelu \u00e0 Mbuji mayi, le  frein  \u00e0 ce projet c&rsquo;est l&rsquo;enclavement de la province du Kasa\u00ef Oriental, nous allons faire le plaidoyer \u00e0 qui des droits pour que les solutions urgentes soient trouv\u00e9es\u00a0\u00bb<\/em> a-t-il dit.<\/p>\n\n\n\n<figure class=\"wp-block-image alignfull size-large\"><img data-recalc-dims=\"1\" height=\"427\" width=\"640\" decoding=\"async\" src=\"https:\/\/i0.wp.com\/infos-droitshumains.net\/wp-content\/uploads\/2022\/04\/IMG-20220416-WA0013_2-1024x683.jpg?resize=640%2C427&#038;ssl=1\" alt=\"\" class=\"wp-image-3390\"\/><\/figure>\n\n\n\n<p>Le premier Vice-pr\u00e9sident du s\u00e9nat s\u2019est rendu \u00e9galement  sur l\u2019avenue Lumumba qui comme l\u2019avenue Fatshi, attend \u00eatre asphalt\u00e9es et dont la construction des trottoirs des pi\u00e9tons est aux arr\u00eats  par manque de ciment.<\/p>\n\n\n\n<p>Partout o\u00f9 le s\u00e9nateur Mundela est pass\u00e9, il a re\u00e7u les explications du directeur provincial de l&rsquo;OVD Tr\u00e9sor kashala et du coordonnateur de la mission de  contr\u00f4le TECHNICPLAN BED SARL Marcel Mbikayi Mande.<\/p>\n\n\n\n<p>Le cort\u00e8ge d&rsquo;Eddy Mundela a ensuite pris la direction de l\u2019avenue Dilunga o\u00f9 l\u2019OVD a stabilis\u00e9  le ravin  Bobo, cette stabilisation  a permis  la  fr\u00e9quentation   de  cet endroit qui  a caus\u00e9 plusieurs d\u00e9g\u00e2ts dans cette partie de la ville de Mbuji-Mayi.  Il a  \u00e9galement  visit\u00e9 la boucle MIBA  en pleine  b\u00e9tonnage arm\u00e9.<\/p>\n\n\n\n<p>Cet \u00e9lu des \u00e9lus a finit sa ronde \u00e0 l&rsquo;a\u00e9roport de Mbuji-Mayi, o\u00f9 il s&rsquo;y est all\u00e9 pour se rendre compte de l&rsquo;ex\u00e9cution des travaux de la nouvelle piste<\/p>\n\n\n\n<p>Jo\u00ebl Diawa<\/p>\n","protected":false},"excerpt":{"rendered":"<p>R\u00e9daction :+243817406088 En mission officielle dans l\u2019espace Kasa\u00ef, le premier vice-pr\u00e9sident du s\u00e9nat, conduit par&#8230;<\/p>\n","protected":false},"author":2,"featured_media":0,"comment_status":"closed","ping_status":"open","sticky":false,"template":"","format":"standard","meta":{"_jetpack_memberships_contains_paid_content":false,"footnotes":""},"categories":[1],"tags":[],"class_list":["post-3382","post","type-post","status-publish","format-standard","hentry","category-non-classe"],"yoast_head":"<!-- This site is optimized with the Yoast SEO plugin v27.5 - https:\/\/yoast.com\/product\/yoast-seo-wordpress\/ -->\n<title>Mbuji-Mayi: Eddy Mundela, juge positif le bilan mi-parcours du projet Tshilejelu. - Infos Droits Humains<\/title>\n<meta name=\"robots\" content=\"index, follow, max-snippet:-1, max-image-preview:large, max-video-preview:-1\" \/>\n<link rel=\"canonical\" href=\"https:\/\/infos-droitshumains.net\/?p=3382\" \/>\n<meta property=\"og:locale\" content=\"fr_FR\" \/>\n<meta property=\"og:type\" content=\"article\" \/>\n<meta property=\"og:title\" content=\"Mbuji-Mayi: Eddy Mundela, juge positif le bilan mi-parcours du projet Tshilejelu. - Infos Droits Humains\" \/>\n<meta property=\"og:description\" content=\"R\u00e9daction :+243817406088 En mission officielle dans l\u2019espace Kasa\u00ef, le premier vice-pr\u00e9sident du s\u00e9nat, conduit par...\" \/>\n<meta property=\"og:url\" content=\"https:\/\/infos-droitshumains.net\/?p=3382\" \/>\n<meta property=\"og:site_name\" content=\"Infos Droits Humains\" \/>\n<meta property=\"article:published_time\" content=\"2022-04-17T16:18:04+00:00\" \/>\n<meta property=\"article:modified_time\" content=\"2023-04-06T10:10:03+00:00\" \/>\n<meta property=\"og:image\" content=\"https:\/\/infos-droitshumains.net\/wp-content\/uploads\/2022\/04\/IMG-20220416-WA0015_1-1024x683.jpg\" \/>\n<meta name=\"author\" content=\"Jo\u00ebl Diawa\" \/>\n<meta name=\"twitter:card\" content=\"summary_large_image\" \/>\n<meta name=\"twitter:label1\" content=\"\u00c9crit par\" \/>\n\t<meta name=\"twitter:data1\" content=\"Jo\u00ebl Diawa\" \/>\n\t<meta name=\"twitter:label2\" content=\"Dur\u00e9e de lecture estim\u00e9e\" \/>\n\t<meta name=\"twitter:data2\" content=\"3 minutes\" \/>\n<script type=\"application\/ld+json\" class=\"yoast-schema-graph\">{\"@context\":\"https:\\\/\\\/schema.org\",\"@graph\":[{\"@type\":\"Article\",\"@id\":\"https:\\\/\\\/infos-droitshumains.net\\\/?p=3382#article\",\"isPartOf\":{\"@id\":\"https:\\\/\\\/infos-droitshumains.net\\\/?p=3382\"},\"author\":{\"name\":\"Jo\u00ebl Diawa\",\"@id\":\"https:\\\/\\\/infos-droitshumains.net\\\/#\\\/schema\\\/person\\\/3dc5e921c3302172e0ed4362f96faab7\"},\"headline\":\"Mbuji-Mayi: Eddy Mundela, juge positif le bilan mi-parcours du projet Tshilejelu.\",\"datePublished\":\"2022-04-17T16:18:04+00:00\",\"dateModified\":\"2023-04-06T10:10:03+00:00\",\"mainEntityOfPage\":{\"@id\":\"https:\\\/\\\/infos-droitshumains.net\\\/?p=3382\"},\"wordCount\":623,\"publisher\":{\"@id\":\"https:\\\/\\\/infos-droitshumains.net\\\/#organization\"},\"image\":{\"@id\":\"https:\\\/\\\/infos-droitshumains.net\\\/?p=3382#primaryimage\"},\"thumbnailUrl\":\"https:\\\/\\\/infos-droitshumains.net\\\/wp-content\\\/uploads\\\/2022\\\/04\\\/IMG-20220416-WA0015_1-1024x683.jpg\",\"inLanguage\":\"fr-FR\"},{\"@type\":\"WebPage\",\"@id\":\"https:\\\/\\\/infos-droitshumains.net\\\/?p=3382\",\"url\":\"https:\\\/\\\/infos-droitshumains.net\\\/?p=3382\",\"name\":\"Mbuji-Mayi: Eddy Mundela, juge positif le bilan mi-parcours du projet Tshilejelu. - Infos Droits Humains\",\"isPartOf\":{\"@id\":\"https:\\\/\\\/infos-droitshumains.net\\\/#website\"},\"primaryImageOfPage\":{\"@id\":\"https:\\\/\\\/infos-droitshumains.net\\\/?p=3382#primaryimage\"},\"image\":{\"@id\":\"https:\\\/\\\/infos-droitshumains.net\\\/?p=3382#primaryimage\"},\"thumbnailUrl\":\"https:\\\/\\\/infos-droitshumains.net\\\/wp-content\\\/uploads\\\/2022\\\/04\\\/IMG-20220416-WA0015_1-1024x683.jpg\",\"datePublished\":\"2022-04-17T16:18:04+00:00\",\"dateModified\":\"2023-04-06T10:10:03+00:00\",\"breadcrumb\":{\"@id\":\"https:\\\/\\\/infos-droitshumains.net\\\/?p=3382#breadcrumb\"},\"inLanguage\":\"fr-FR\",\"potentialAction\":[{\"@type\":\"ReadAction\",\"target\":[\"https:\\\/\\\/infos-droitshumains.net\\\/?p=3382\"]}]},{\"@type\":\"ImageObject\",\"inLanguage\":\"fr-FR\",\"@id\":\"https:\\\/\\\/infos-droitshumains.net\\\/?p=3382#primaryimage\",\"url\":\"https:\\\/\\\/infos-droitshumains.net\\\/wp-content\\\/uploads\\\/2022\\\/04\\\/IMG-20220416-WA0015_1-1024x683.jpg\",\"contentUrl\":\"https:\\\/\\\/infos-droitshumains.net\\\/wp-content\\\/uploads\\\/2022\\\/04\\\/IMG-20220416-WA0015_1-1024x683.jpg\"},{\"@type\":\"BreadcrumbList\",\"@id\":\"https:\\\/\\\/infos-droitshumains.net\\\/?p=3382#breadcrumb\",\"itemListElement\":[{\"@type\":\"ListItem\",\"position\":1,\"name\":\"Accueil\",\"item\":\"https:\\\/\\\/infos-droitshumains.net\\\/\"},{\"@type\":\"ListItem\",\"position\":2,\"name\":\"Mbuji-Mayi: Eddy Mundela, juge positif le bilan mi-parcours du projet Tshilejelu.\"}]},{\"@type\":\"WebSite\",\"@id\":\"https:\\\/\\\/infos-droitshumains.net\\\/#website\",\"url\":\"https:\\\/\\\/infos-droitshumains.net\\\/\",\"name\":\"Infos Droits Humains\",\"description\":\"S&#039;informer est un droit\",\"publisher\":{\"@id\":\"https:\\\/\\\/infos-droitshumains.net\\\/#organization\"},\"potentialAction\":[{\"@type\":\"SearchAction\",\"target\":{\"@type\":\"EntryPoint\",\"urlTemplate\":\"https:\\\/\\\/infos-droitshumains.net\\\/?s={search_term_string}\"},\"query-input\":{\"@type\":\"PropertyValueSpecification\",\"valueRequired\":true,\"valueName\":\"search_term_string\"}}],\"inLanguage\":\"fr-FR\"},{\"@type\":\"Organization\",\"@id\":\"https:\\\/\\\/infos-droitshumains.net\\\/#organization\",\"name\":\"Infos Droits Humains\",\"url\":\"https:\\\/\\\/infos-droitshumains.net\\\/\",\"logo\":{\"@type\":\"ImageObject\",\"inLanguage\":\"fr-FR\",\"@id\":\"https:\\\/\\\/infos-droitshumains.net\\\/#\\\/schema\\\/logo\\\/image\\\/\",\"url\":\"https:\\\/\\\/i0.wp.com\\\/infos-droitshumains.net\\\/wp-content\\\/uploads\\\/2022\\\/05\\\/Logo.png?fit=333%2C129&ssl=1\",\"contentUrl\":\"https:\\\/\\\/i0.wp.com\\\/infos-droitshumains.net\\\/wp-content\\\/uploads\\\/2022\\\/05\\\/Logo.png?fit=333%2C129&ssl=1\",\"width\":333,\"height\":129,\"caption\":\"Infos Droits Humains\"},\"image\":{\"@id\":\"https:\\\/\\\/infos-droitshumains.net\\\/#\\\/schema\\\/logo\\\/image\\\/\"}},{\"@type\":\"Person\",\"@id\":\"https:\\\/\\\/infos-droitshumains.net\\\/#\\\/schema\\\/person\\\/3dc5e921c3302172e0ed4362f96faab7\",\"name\":\"Jo\u00ebl Diawa\",\"image\":{\"@type\":\"ImageObject\",\"inLanguage\":\"fr-FR\",\"@id\":\"https:\\\/\\\/secure.gravatar.com\\\/avatar\\\/729bea6ff4604c624417803c477363be8e3c7186deaa65713313f9b4b820f41c?s=96&d=mm&r=g\",\"url\":\"https:\\\/\\\/secure.gravatar.com\\\/avatar\\\/729bea6ff4604c624417803c477363be8e3c7186deaa65713313f9b4b820f41c?s=96&d=mm&r=g\",\"contentUrl\":\"https:\\\/\\\/secure.gravatar.com\\\/avatar\\\/729bea6ff4604c624417803c477363be8e3c7186deaa65713313f9b4b820f41c?s=96&d=mm&r=g\",\"caption\":\"Jo\u00ebl Diawa\"},\"sameAs\":[\"https:\\\/\\\/www.infos-droitshumains.net\"],\"url\":\"https:\\\/\\\/infos-droitshumains.net\\\/?author=2\"}]}<\/script>\n<!-- \/ Yoast SEO plugin. -->","yoast_head_json":{"title":"Mbuji-Mayi: Eddy Mundela, juge positif le bilan mi-parcours du projet Tshilejelu. - Infos Droits Humains","robots":{"index":"index","follow":"follow","max-snippet":"max-snippet:-1","max-image-preview":"max-image-preview:large","max-video-preview":"max-video-preview:-1"},"canonical":"https:\/\/infos-droitshumains.net\/?p=3382","og_locale":"fr_FR","og_type":"article","og_title":"Mbuji-Mayi: Eddy Mundela, juge positif le bilan mi-parcours du projet Tshilejelu. - Infos Droits Humains","og_description":"R\u00e9daction :+243817406088 En mission officielle dans l\u2019espace Kasa\u00ef, le premier vice-pr\u00e9sident du s\u00e9nat, conduit par...","og_url":"https:\/\/infos-droitshumains.net\/?p=3382","og_site_name":"Infos Droits Humains","article_published_time":"2022-04-17T16:18:04+00:00","article_modified_time":"2023-04-06T10:10:03+00:00","og_image":[{"url":"https:\/\/infos-droitshumains.net\/wp-content\/uploads\/2022\/04\/IMG-20220416-WA0015_1-1024x683.jpg","type":"","width":"","height":""}],"author":"Jo\u00ebl Diawa","twitter_card":"summary_large_image","twitter_misc":{"\u00c9crit par":"Jo\u00ebl Diawa","Dur\u00e9e de lecture estim\u00e9e":"3 minutes"},"schema":{"@context":"https:\/\/schema.org","@graph":[{"@type":"Article","@id":"https:\/\/infos-droitshumains.net\/?p=3382#article","isPartOf":{"@id":"https:\/\/infos-droitshumains.net\/?p=3382"},"author":{"name":"Jo\u00ebl Diawa","@id":"https:\/\/infos-droitshumains.net\/#\/schema\/person\/3dc5e921c3302172e0ed4362f96faab7"},"headline":"Mbuji-Mayi: Eddy Mundela, juge positif le bilan mi-parcours du projet Tshilejelu.","datePublished":"2022-04-17T16:18:04+00:00","dateModified":"2023-04-06T10:10:03+00:00","mainEntityOfPage":{"@id":"https:\/\/infos-droitshumains.net\/?p=3382"},"wordCount":623,"publisher":{"@id":"https:\/\/infos-droitshumains.net\/#organization"},"image":{"@id":"https:\/\/infos-droitshumains.net\/?p=3382#primaryimage"},"thumbnailUrl":"https:\/\/infos-droitshumains.net\/wp-content\/uploads\/2022\/04\/IMG-20220416-WA0015_1-1024x683.jpg","inLanguage":"fr-FR"},{"@type":"WebPage","@id":"https:\/\/infos-droitshumains.net\/?p=3382","url":"https:\/\/infos-droitshumains.net\/?p=3382","name":"Mbuji-Mayi: Eddy Mundela, juge positif le bilan mi-parcours du projet Tshilejelu. - Infos Droits Humains","isPartOf":{"@id":"https:\/\/infos-droitshumains.net\/#website"},"primaryImageOfPage":{"@id":"https:\/\/infos-droitshumains.net\/?p=3382#primaryimage"},"image":{"@id":"https:\/\/infos-droitshumains.net\/?p=3382#primaryimage"},"thumbnailUrl":"https:\/\/infos-droitshumains.net\/wp-content\/uploads\/2022\/04\/IMG-20220416-WA0015_1-1024x683.jpg","datePublished":"2022-04-17T16:18:04+00:00","dateModified":"2023-04-06T10:10:03+00:00","breadcrumb":{"@id":"https:\/\/infos-droitshumains.net\/?p=3382#breadcrumb"},"inLanguage":"fr-FR","potentialAction":[{"@type":"ReadAction","target":["https:\/\/infos-droitshumains.net\/?p=3382"]}]},{"@type":"ImageObject","inLanguage":"fr-FR","@id":"https:\/\/infos-droitshumains.net\/?p=3382#primaryimage","url":"https:\/\/infos-droitshumains.net\/wp-content\/uploads\/2022\/04\/IMG-20220416-WA0015_1-1024x683.jpg","contentUrl":"https:\/\/infos-droitshumains.net\/wp-content\/uploads\/2022\/04\/IMG-20220416-WA0015_1-1024x683.jpg"},{"@type":"BreadcrumbList","@id":"https:\/\/infos-droitshumains.net\/?p=3382#breadcrumb","itemListElement":[{"@type":"ListItem","position":1,"name":"Accueil","item":"https:\/\/infos-droitshumains.net\/"},{"@type":"ListItem","position":2,"name":"Mbuji-Mayi: Eddy Mundela, juge positif le bilan mi-parcours du projet Tshilejelu."}]},{"@type":"WebSite","@id":"https:\/\/infos-droitshumains.net\/#website","url":"https:\/\/infos-droitshumains.net\/","name":"Infos Droits Humains","description":"S&#039;informer est un droit","publisher":{"@id":"https:\/\/infos-droitshumains.net\/#organization"},"potentialAction":[{"@type":"SearchAction","target":{"@type":"EntryPoint","urlTemplate":"https:\/\/infos-droitshumains.net\/?s={search_term_string}"},"query-input":{"@type":"PropertyValueSpecification","valueRequired":true,"valueName":"search_term_string"}}],"inLanguage":"fr-FR"},{"@type":"Organization","@id":"https:\/\/infos-droitshumains.net\/#organization","name":"Infos Droits Humains","url":"https:\/\/infos-droitshumains.net\/","logo":{"@type":"ImageObject","inLanguage":"fr-FR","@id":"https:\/\/infos-droitshumains.net\/#\/schema\/logo\/image\/","url":"https:\/\/i0.wp.com\/infos-droitshumains.net\/wp-content\/uploads\/2022\/05\/Logo.png?fit=333%2C129&ssl=1","contentUrl":"https:\/\/i0.wp.com\/infos-droitshumains.net\/wp-content\/uploads\/2022\/05\/Logo.png?fit=333%2C129&ssl=1","width":333,"height":129,"caption":"Infos Droits Humains"},"image":{"@id":"https:\/\/infos-droitshumains.net\/#\/schema\/logo\/image\/"}},{"@type":"Person","@id":"https:\/\/infos-droitshumains.net\/#\/schema\/person\/3dc5e921c3302172e0ed4362f96faab7","name":"Jo\u00ebl Diawa","image":{"@type":"ImageObject","inLanguage":"fr-FR","@id":"https:\/\/secure.gravatar.com\/avatar\/729bea6ff4604c624417803c477363be8e3c7186deaa65713313f9b4b820f41c?s=96&d=mm&r=g","url":"https:\/\/secure.gravatar.com\/avatar\/729bea6ff4604c624417803c477363be8e3c7186deaa65713313f9b4b820f41c?s=96&d=mm&r=g","contentUrl":"https:\/\/secure.gravatar.com\/avatar\/729bea6ff4604c624417803c477363be8e3c7186deaa65713313f9b4b820f41c?s=96&d=mm&r=g","caption":"Jo\u00ebl Diawa"},"sameAs":["https:\/\/www.infos-droitshumains.net"],"url":"https:\/\/infos-droitshumains.net\/?author=2"}]}},"featured_image_urls":{"full":"","thumbnail":"","medium":"","medium_large":"","large":"","1536x1536":"","2048x2048":"","covernews-slider-full":"","covernews-slider-center":"","covernews-featured":"","covernews-medium":"","covernews-medium-square":""},"author_info":{"display_name":"Jo\u00ebl Diawa","author_link":"https:\/\/infos-droitshumains.net\/?author=2"},"category_info":"<a href=\"https:\/\/infos-droitshumains.net\/?cat=1\" rel=\"category\">Non class\u00e9<\/a>","tag_info":"Non class\u00e9","comment_count":"0","jetpack_featured_media_url":"","jetpack-related-posts":[],"jetpack_sharing_enabled":true,"_links":{"self":[{"href":"https:\/\/infos-droitshumains.net\/index.php?rest_route=\/wp\/v2\/posts\/3382","targetHints":{"allow":["GET"]}}],"collection":[{"href":"https:\/\/infos-droitshumains.net\/index.php?rest_route=\/wp\/v2\/posts"}],"about":[{"href":"https:\/\/infos-droitshumains.net\/index.php?rest_route=\/wp\/v2\/types\/post"}],"author":[{"embeddable":true,"href":"https:\/\/infos-droitshumains.net\/index.php?rest_route=\/wp\/v2\/users\/2"}],"replies":[{"embeddable":true,"href":"https:\/\/infos-droitshumains.net\/index.php?rest_route=%2Fwp%2Fv2%2Fcomments&post=3382"}],"version-history":[{"count":6,"href":"https:\/\/infos-droitshumains.net\/index.php?rest_route=\/wp\/v2\/posts\/3382\/revisions"}],"predecessor-version":[{"id":3547,"href":"https:\/\/infos-droitshumains.net\/index.php?rest_route=\/wp\/v2\/posts\/3382\/revisions\/3547"}],"wp:attachment":[{"href":"https:\/\/infos-droitshumains.net\/index.php?rest_route=%2Fwp%2Fv2%2Fmedia&parent=3382"}],"wp:term":[{"taxonomy":"category","embeddable":true,"href":"https:\/\/infos-droitshumains.net\/index.php?rest_route=%2Fwp%2Fv2%2Fcategories&post=3382"},{"taxonomy":"post_tag","embeddable":true,"href":"https:\/\/infos-droitshumains.net\/index.php?rest_route=%2Fwp%2Fv2%2Ftags&post=3382"}],"curies":[{"name":"wp","href":"https:\/\/api.w.org\/{rel}","templated":true}]}}