{"id":3366,"date":"2022-04-16T14:00:00","date_gmt":"2022-04-16T12:00:00","guid":{"rendered":"https:\/\/infos-droitshumains.net\/?p=3366"},"modified":"2023-04-06T12:10:03","modified_gmt":"2023-04-06T10:10:03","slug":"rdc-le-bcnudh-renforce-les-capacites-des-deputes-nationaux-membres-de-la-commission-droits-de-lhomme-sur-les-questions-des-droits-de-lhomme","status":"publish","type":"post","link":"https:\/\/infos-droitshumains.net\/?p=3366","title":{"rendered":"RDC: Le BCNUDH renforce les capacit\u00e9s des d\u00e9put\u00e9s nationaux, membres de la commission droits de l&rsquo;homme sur les questions des droits de l&rsquo;homme"},"content":{"rendered":"\n<p><strong>R\u00e9daction:+243817406088<\/strong><\/p>\n\n\n\n<p>Le Bureau Conjoint des Nations Unies aux Droits de l&rsquo;Homme(BCNUDH) organise du 14 au 21 avril 2022, dans la salle des banquets du palais du peuple, des matin\u00e9es d&rsquo;\u00e9changes avec les d\u00e9put\u00e9s nationaux de la commission droits de l&rsquo;homme de l&rsquo;Assembl\u00e9e Nationale. <\/p>\n\n\n\n<p><em>\u00abCette session d&rsquo;\u00e9changes qui s&rsquo;ouvre \u00e0 ce jour a pour but de vous familiariser avec les diverses th\u00e9matiques des Droits de L&rsquo;homme auxquelles entant que parlementaires vous \u00eates appel\u00e9s \u00e0 prendre action\u00bb<\/em>, a d\u00e9clar\u00e9 Ntakarutimana  Pie, repr\u00e9sentant du directeur du BCNUDH.<\/p>\n\n\n\n<p>Etant donn\u00e9 que ces matin\u00e9es d&rsquo;\u00e9changes co\u00efncident avec la session parlementaire de mars, le pr\u00e9sident de la commission Droits de l&rsquo;Homme, Simon-Pierre Iyananio a invit\u00e9 ses coll\u00e8gues \u00e0 mettre au profit ces travaux qui leur permettront d&rsquo;inclure l&rsquo;approche Droits de l&rsquo;Homme dans des lois qui seront vot\u00e9es.<\/p>\n\n\n\n<p><em>\u00abCes matin\u00e9es d&rsquo;\u00e9changes sont une opportunit\u00e9 pour nous de ma\u00eetriser les m\u00e9andres des questions des droits humains. Cela nous permettra d&rsquo;inclure l&rsquo;approche Droits de l&rsquo;l\u2019Homme dans chaque loi qui sera d\u00e9sormais vot\u00e9 dans notre chambre\u00bb.<\/em><\/p>\n\n\n\n<p>A l&rsquo;issue de ces assises, le BCNUDH et la commission droits de l&rsquo;homme de la chambre basse du parlement effectueront des visites  dans des lieux carc\u00e9raux, question de s&rsquo;impr\u00e9gner des conditions des d\u00e9tenus.<\/p>\n\n\n\n<p>Une initiative encourag\u00e9e par la pr\u00e9sidente de la commission genre, famille et enfant de chambre basse du parlement. La d\u00e9put\u00e9e nationale Christelle vuanga a plaid\u00e9 plus pour la visite des femmes d\u00e9tenues qui sont souvent maltrait\u00e9es pendant leur d\u00e9tention. <\/p>\n\n\n\n<p><em>\u00abVous \u00eates sans ignorer que la population majoritaire au pays sont les femmes. ces derni\u00e8res sont souvent maltrait\u00e9es plus que les hommes, les enfants n&rsquo;en parlons pas. nous devons faire en sorte que cette situation change\u00bb.<\/em><\/p>\n\n\n\n<p>Pour ce premier jour des travaux, les  \u00e9lus nationaux ont \u00e9t\u00e9 entretenus sur les m\u00e9canismes et instruments internationaux, r\u00e9gionaux et nationaux de promotion et protection des droits de l&rsquo;homme. <\/p>\n\n\n\n<p>Ces matin\u00e9es d&rsquo;\u00e9changes font partie des activit\u00e9s \u00e0 mener conjointement entre le BCNUDH et la commission Droits de l&rsquo;Homme de l&rsquo;Assembl\u00e9e Nationale pour cette session parlementaire de mars.<\/p>\n\n\n\n<p>AM<\/p>\n","protected":false},"excerpt":{"rendered":"<p>R\u00e9daction:+243817406088 Le Bureau Conjoint des Nations Unies aux Droits de l&rsquo;Homme(BCNUDH) organise du 14 au&#8230;<\/p>\n","protected":false},"author":2,"featured_media":0,"comment_status":"closed","ping_status":"open","sticky":false,"template":"","format":"standard","meta":{"_jetpack_memberships_contains_paid_content":false,"footnotes":""},"categories":[1],"tags":[],"class_list":["post-3366","post","type-post","status-publish","format-standard","hentry","category-non-classe"],"yoast_head":"<!-- This site is optimized with the Yoast SEO plugin v27.5 - https:\/\/yoast.com\/product\/yoast-seo-wordpress\/ -->\n<title>RDC: Le BCNUDH renforce les capacit\u00e9s des d\u00e9put\u00e9s nationaux, membres de la commission droits de l&#039;homme sur les questions des droits de l&#039;homme - Infos Droits Humains<\/title>\n<meta name=\"robots\" content=\"index, follow, max-snippet:-1, max-image-preview:large, max-video-preview:-1\" \/>\n<link rel=\"canonical\" href=\"https:\/\/infos-droitshumains.net\/?p=3366\" \/>\n<meta property=\"og:locale\" content=\"fr_FR\" \/>\n<meta property=\"og:type\" content=\"article\" \/>\n<meta property=\"og:title\" content=\"RDC: Le BCNUDH renforce les capacit\u00e9s des d\u00e9put\u00e9s nationaux, membres de la commission droits de l&#039;homme sur les questions des droits de l&#039;homme - Infos Droits Humains\" \/>\n<meta property=\"og:description\" content=\"R\u00e9daction:+243817406088 Le Bureau Conjoint des Nations Unies aux Droits de l&rsquo;Homme(BCNUDH) organise du 14 au...\" \/>\n<meta property=\"og:url\" content=\"https:\/\/infos-droitshumains.net\/?p=3366\" \/>\n<meta property=\"og:site_name\" content=\"Infos Droits Humains\" \/>\n<meta property=\"article:published_time\" content=\"2022-04-16T12:00:00+00:00\" \/>\n<meta property=\"article:modified_time\" content=\"2023-04-06T10:10:03+00:00\" \/>\n<meta name=\"author\" content=\"Jo\u00ebl Diawa\" \/>\n<meta name=\"twitter:card\" content=\"summary_large_image\" \/>\n<meta name=\"twitter:label1\" content=\"\u00c9crit par\" \/>\n\t<meta name=\"twitter:data1\" content=\"Jo\u00ebl Diawa\" \/>\n\t<meta name=\"twitter:label2\" content=\"Dur\u00e9e de lecture estim\u00e9e\" \/>\n\t<meta name=\"twitter:data2\" content=\"2 minutes\" \/>\n<script type=\"application\/ld+json\" class=\"yoast-schema-graph\">{\"@context\":\"https:\\\/\\\/schema.org\",\"@graph\":[{\"@type\":\"Article\",\"@id\":\"https:\\\/\\\/infos-droitshumains.net\\\/?p=3366#article\",\"isPartOf\":{\"@id\":\"https:\\\/\\\/infos-droitshumains.net\\\/?p=3366\"},\"author\":{\"name\":\"Jo\u00ebl Diawa\",\"@id\":\"https:\\\/\\\/infos-droitshumains.net\\\/#\\\/schema\\\/person\\\/3dc5e921c3302172e0ed4362f96faab7\"},\"headline\":\"RDC: Le BCNUDH renforce les capacit\u00e9s des d\u00e9put\u00e9s nationaux, membres de la commission droits de l&rsquo;homme sur les questions des droits de l&rsquo;homme\",\"datePublished\":\"2022-04-16T12:00:00+00:00\",\"dateModified\":\"2023-04-06T10:10:03+00:00\",\"mainEntityOfPage\":{\"@id\":\"https:\\\/\\\/infos-droitshumains.net\\\/?p=3366\"},\"wordCount\":393,\"publisher\":{\"@id\":\"https:\\\/\\\/infos-droitshumains.net\\\/#organization\"},\"inLanguage\":\"fr-FR\"},{\"@type\":\"WebPage\",\"@id\":\"https:\\\/\\\/infos-droitshumains.net\\\/?p=3366\",\"url\":\"https:\\\/\\\/infos-droitshumains.net\\\/?p=3366\",\"name\":\"RDC: Le BCNUDH renforce les capacit\u00e9s des d\u00e9put\u00e9s nationaux, membres de la commission droits de l'homme sur les questions des droits de l'homme - Infos Droits Humains\",\"isPartOf\":{\"@id\":\"https:\\\/\\\/infos-droitshumains.net\\\/#website\"},\"datePublished\":\"2022-04-16T12:00:00+00:00\",\"dateModified\":\"2023-04-06T10:10:03+00:00\",\"breadcrumb\":{\"@id\":\"https:\\\/\\\/infos-droitshumains.net\\\/?p=3366#breadcrumb\"},\"inLanguage\":\"fr-FR\",\"potentialAction\":[{\"@type\":\"ReadAction\",\"target\":[\"https:\\\/\\\/infos-droitshumains.net\\\/?p=3366\"]}]},{\"@type\":\"BreadcrumbList\",\"@id\":\"https:\\\/\\\/infos-droitshumains.net\\\/?p=3366#breadcrumb\",\"itemListElement\":[{\"@type\":\"ListItem\",\"position\":1,\"name\":\"Accueil\",\"item\":\"https:\\\/\\\/infos-droitshumains.net\\\/\"},{\"@type\":\"ListItem\",\"position\":2,\"name\":\"RDC: Le BCNUDH renforce les capacit\u00e9s des d\u00e9put\u00e9s nationaux, membres de la commission droits de l&rsquo;homme sur les questions des droits de l&rsquo;homme\"}]},{\"@type\":\"WebSite\",\"@id\":\"https:\\\/\\\/infos-droitshumains.net\\\/#website\",\"url\":\"https:\\\/\\\/infos-droitshumains.net\\\/\",\"name\":\"Infos Droits Humains\",\"description\":\"S&#039;informer est un droit\",\"publisher\":{\"@id\":\"https:\\\/\\\/infos-droitshumains.net\\\/#organization\"},\"potentialAction\":[{\"@type\":\"SearchAction\",\"target\":{\"@type\":\"EntryPoint\",\"urlTemplate\":\"https:\\\/\\\/infos-droitshumains.net\\\/?s={search_term_string}\"},\"query-input\":{\"@type\":\"PropertyValueSpecification\",\"valueRequired\":true,\"valueName\":\"search_term_string\"}}],\"inLanguage\":\"fr-FR\"},{\"@type\":\"Organization\",\"@id\":\"https:\\\/\\\/infos-droitshumains.net\\\/#organization\",\"name\":\"Infos Droits Humains\",\"url\":\"https:\\\/\\\/infos-droitshumains.net\\\/\",\"logo\":{\"@type\":\"ImageObject\",\"inLanguage\":\"fr-FR\",\"@id\":\"https:\\\/\\\/infos-droitshumains.net\\\/#\\\/schema\\\/logo\\\/image\\\/\",\"url\":\"https:\\\/\\\/i0.wp.com\\\/infos-droitshumains.net\\\/wp-content\\\/uploads\\\/2022\\\/05\\\/Logo.png?fit=333%2C129&ssl=1\",\"contentUrl\":\"https:\\\/\\\/i0.wp.com\\\/infos-droitshumains.net\\\/wp-content\\\/uploads\\\/2022\\\/05\\\/Logo.png?fit=333%2C129&ssl=1\",\"width\":333,\"height\":129,\"caption\":\"Infos Droits Humains\"},\"image\":{\"@id\":\"https:\\\/\\\/infos-droitshumains.net\\\/#\\\/schema\\\/logo\\\/image\\\/\"}},{\"@type\":\"Person\",\"@id\":\"https:\\\/\\\/infos-droitshumains.net\\\/#\\\/schema\\\/person\\\/3dc5e921c3302172e0ed4362f96faab7\",\"name\":\"Jo\u00ebl Diawa\",\"image\":{\"@type\":\"ImageObject\",\"inLanguage\":\"fr-FR\",\"@id\":\"https:\\\/\\\/secure.gravatar.com\\\/avatar\\\/729bea6ff4604c624417803c477363be8e3c7186deaa65713313f9b4b820f41c?s=96&d=mm&r=g\",\"url\":\"https:\\\/\\\/secure.gravatar.com\\\/avatar\\\/729bea6ff4604c624417803c477363be8e3c7186deaa65713313f9b4b820f41c?s=96&d=mm&r=g\",\"contentUrl\":\"https:\\\/\\\/secure.gravatar.com\\\/avatar\\\/729bea6ff4604c624417803c477363be8e3c7186deaa65713313f9b4b820f41c?s=96&d=mm&r=g\",\"caption\":\"Jo\u00ebl Diawa\"},\"sameAs\":[\"https:\\\/\\\/www.infos-droitshumains.net\"],\"url\":\"https:\\\/\\\/infos-droitshumains.net\\\/?author=2\"}]}<\/script>\n<!-- \/ Yoast SEO plugin. -->","yoast_head_json":{"title":"RDC: Le BCNUDH renforce les capacit\u00e9s des d\u00e9put\u00e9s nationaux, membres de la commission droits de l'homme sur les questions des droits de l'homme - Infos Droits Humains","robots":{"index":"index","follow":"follow","max-snippet":"max-snippet:-1","max-image-preview":"max-image-preview:large","max-video-preview":"max-video-preview:-1"},"canonical":"https:\/\/infos-droitshumains.net\/?p=3366","og_locale":"fr_FR","og_type":"article","og_title":"RDC: Le BCNUDH renforce les capacit\u00e9s des d\u00e9put\u00e9s nationaux, membres de la commission droits de l'homme sur les questions des droits de l'homme - Infos Droits Humains","og_description":"R\u00e9daction:+243817406088 Le Bureau Conjoint des Nations Unies aux Droits de l&rsquo;Homme(BCNUDH) organise du 14 au...","og_url":"https:\/\/infos-droitshumains.net\/?p=3366","og_site_name":"Infos Droits Humains","article_published_time":"2022-04-16T12:00:00+00:00","article_modified_time":"2023-04-06T10:10:03+00:00","author":"Jo\u00ebl Diawa","twitter_card":"summary_large_image","twitter_misc":{"\u00c9crit par":"Jo\u00ebl Diawa","Dur\u00e9e de lecture estim\u00e9e":"2 minutes"},"schema":{"@context":"https:\/\/schema.org","@graph":[{"@type":"Article","@id":"https:\/\/infos-droitshumains.net\/?p=3366#article","isPartOf":{"@id":"https:\/\/infos-droitshumains.net\/?p=3366"},"author":{"name":"Jo\u00ebl Diawa","@id":"https:\/\/infos-droitshumains.net\/#\/schema\/person\/3dc5e921c3302172e0ed4362f96faab7"},"headline":"RDC: Le BCNUDH renforce les capacit\u00e9s des d\u00e9put\u00e9s nationaux, membres de la commission droits de l&rsquo;homme sur les questions des droits de l&rsquo;homme","datePublished":"2022-04-16T12:00:00+00:00","dateModified":"2023-04-06T10:10:03+00:00","mainEntityOfPage":{"@id":"https:\/\/infos-droitshumains.net\/?p=3366"},"wordCount":393,"publisher":{"@id":"https:\/\/infos-droitshumains.net\/#organization"},"inLanguage":"fr-FR"},{"@type":"WebPage","@id":"https:\/\/infos-droitshumains.net\/?p=3366","url":"https:\/\/infos-droitshumains.net\/?p=3366","name":"RDC: Le BCNUDH renforce les capacit\u00e9s des d\u00e9put\u00e9s nationaux, membres de la commission droits de l'homme sur les questions des droits de l'homme - Infos Droits Humains","isPartOf":{"@id":"https:\/\/infos-droitshumains.net\/#website"},"datePublished":"2022-04-16T12:00:00+00:00","dateModified":"2023-04-06T10:10:03+00:00","breadcrumb":{"@id":"https:\/\/infos-droitshumains.net\/?p=3366#breadcrumb"},"inLanguage":"fr-FR","potentialAction":[{"@type":"ReadAction","target":["https:\/\/infos-droitshumains.net\/?p=3366"]}]},{"@type":"BreadcrumbList","@id":"https:\/\/infos-droitshumains.net\/?p=3366#breadcrumb","itemListElement":[{"@type":"ListItem","position":1,"name":"Accueil","item":"https:\/\/infos-droitshumains.net\/"},{"@type":"ListItem","position":2,"name":"RDC: Le BCNUDH renforce les capacit\u00e9s des d\u00e9put\u00e9s nationaux, membres de la commission droits de l&rsquo;homme sur les questions des droits de l&rsquo;homme"}]},{"@type":"WebSite","@id":"https:\/\/infos-droitshumains.net\/#website","url":"https:\/\/infos-droitshumains.net\/","name":"Infos Droits Humains","description":"S&#039;informer est un droit","publisher":{"@id":"https:\/\/infos-droitshumains.net\/#organization"},"potentialAction":[{"@type":"SearchAction","target":{"@type":"EntryPoint","urlTemplate":"https:\/\/infos-droitshumains.net\/?s={search_term_string}"},"query-input":{"@type":"PropertyValueSpecification","valueRequired":true,"valueName":"search_term_string"}}],"inLanguage":"fr-FR"},{"@type":"Organization","@id":"https:\/\/infos-droitshumains.net\/#organization","name":"Infos Droits Humains","url":"https:\/\/infos-droitshumains.net\/","logo":{"@type":"ImageObject","inLanguage":"fr-FR","@id":"https:\/\/infos-droitshumains.net\/#\/schema\/logo\/image\/","url":"https:\/\/i0.wp.com\/infos-droitshumains.net\/wp-content\/uploads\/2022\/05\/Logo.png?fit=333%2C129&ssl=1","contentUrl":"https:\/\/i0.wp.com\/infos-droitshumains.net\/wp-content\/uploads\/2022\/05\/Logo.png?fit=333%2C129&ssl=1","width":333,"height":129,"caption":"Infos Droits Humains"},"image":{"@id":"https:\/\/infos-droitshumains.net\/#\/schema\/logo\/image\/"}},{"@type":"Person","@id":"https:\/\/infos-droitshumains.net\/#\/schema\/person\/3dc5e921c3302172e0ed4362f96faab7","name":"Jo\u00ebl Diawa","image":{"@type":"ImageObject","inLanguage":"fr-FR","@id":"https:\/\/secure.gravatar.com\/avatar\/729bea6ff4604c624417803c477363be8e3c7186deaa65713313f9b4b820f41c?s=96&d=mm&r=g","url":"https:\/\/secure.gravatar.com\/avatar\/729bea6ff4604c624417803c477363be8e3c7186deaa65713313f9b4b820f41c?s=96&d=mm&r=g","contentUrl":"https:\/\/secure.gravatar.com\/avatar\/729bea6ff4604c624417803c477363be8e3c7186deaa65713313f9b4b820f41c?s=96&d=mm&r=g","caption":"Jo\u00ebl Diawa"},"sameAs":["https:\/\/www.infos-droitshumains.net"],"url":"https:\/\/infos-droitshumains.net\/?author=2"}]}},"featured_image_urls":{"full":"","thumbnail":"","medium":"","medium_large":"","large":"","1536x1536":"","2048x2048":"","covernews-slider-full":"","covernews-slider-center":"","covernews-featured":"","covernews-medium":"","covernews-medium-square":""},"author_info":{"display_name":"Jo\u00ebl Diawa","author_link":"https:\/\/infos-droitshumains.net\/?author=2"},"category_info":"<a href=\"https:\/\/infos-droitshumains.net\/?cat=1\" rel=\"category\">Non class\u00e9<\/a>","tag_info":"Non class\u00e9","comment_count":"0","jetpack_featured_media_url":"","jetpack-related-posts":[],"jetpack_sharing_enabled":true,"_links":{"self":[{"href":"https:\/\/infos-droitshumains.net\/index.php?rest_route=\/wp\/v2\/posts\/3366","targetHints":{"allow":["GET"]}}],"collection":[{"href":"https:\/\/infos-droitshumains.net\/index.php?rest_route=\/wp\/v2\/posts"}],"about":[{"href":"https:\/\/infos-droitshumains.net\/index.php?rest_route=\/wp\/v2\/types\/post"}],"author":[{"embeddable":true,"href":"https:\/\/infos-droitshumains.net\/index.php?rest_route=\/wp\/v2\/users\/2"}],"replies":[{"embeddable":true,"href":"https:\/\/infos-droitshumains.net\/index.php?rest_route=%2Fwp%2Fv2%2Fcomments&post=3366"}],"version-history":[{"count":2,"href":"https:\/\/infos-droitshumains.net\/index.php?rest_route=\/wp\/v2\/posts\/3366\/revisions"}],"predecessor-version":[{"id":3368,"href":"https:\/\/infos-droitshumains.net\/index.php?rest_route=\/wp\/v2\/posts\/3366\/revisions\/3368"}],"wp:attachment":[{"href":"https:\/\/infos-droitshumains.net\/index.php?rest_route=%2Fwp%2Fv2%2Fmedia&parent=3366"}],"wp:term":[{"taxonomy":"category","embeddable":true,"href":"https:\/\/infos-droitshumains.net\/index.php?rest_route=%2Fwp%2Fv2%2Fcategories&post=3366"},{"taxonomy":"post_tag","embeddable":true,"href":"https:\/\/infos-droitshumains.net\/index.php?rest_route=%2Fwp%2Fv2%2Ftags&post=3366"}],"curies":[{"name":"wp","href":"https:\/\/api.w.org\/{rel}","templated":true}]}}