{"id":3360,"date":"2022-04-16T10:54:01","date_gmt":"2022-04-16T08:54:01","guid":{"rendered":"https:\/\/infos-droitshumains.net\/?p=3360"},"modified":"2023-04-06T12:10:03","modified_gmt":"2023-04-06T10:10:03","slug":"grace-a-son-coordonnateur-eric-kuku-kiese-nzalabar-lapltp-tient-a-doter-la-rdc-du-cadre-legal-sur-la-traite-des-personnes","status":"publish","type":"post","link":"https:\/\/infos-droitshumains.net\/?p=3360","title":{"rendered":"Gr\u00e2ce \u00e0 son coordonnateur \u00c9ric Kuku Kiese Nzalabar, L\u2019APLTP tient \u00e0 doter la RDC du cadre l\u00e9gal sur la traite des personnes"},"content":{"rendered":"\n<p><strong>R\u00e9daction:+243817406088<\/strong><\/p>\n\n\n\n<p>Sous la coordination d&rsquo;Eric Kuku Kiese Nzalabar, la commission technique restreinte de l&rsquo;Agence pour la Pr\u00e9vention et la Lutte contre la Traite des Personnes (APLTP) a tenu sa 13\u00e8me r\u00e9union, le vendredi, 15 avril 2022.<\/p>\n\n\n\n<p>Deux questions \u00e9taient \u00e0 l&rsquo;ordre du jour, \u00e0 savoir: le projet de loi sur la traite des personnes et le chronogramme des activit\u00e9s \u00e0 mener par l&rsquo;agence pour ce mois d&rsquo;avril et juin 2022.<\/p>\n\n\n\n<p>s&rsquo;agissant du premier point, le coordonnateur de l&rsquo;APLTP a pr\u00e9sent\u00e9 article par article, le projet de loi modifiant et compl\u00e9tant le d\u00e9cret du 30 janvier 1940 portant code p\u00e9nal congolais en mati\u00e8re de la pr\u00e9vention et de la r\u00e9pression de la traite des personnes. ceci dans le cadre de permettre aux membres de cette agence rattach\u00e9e au Pr\u00e9sident de la R\u00e9publique de s&rsquo;impr\u00e9gner de ce projet de loi.<\/p>\n\n\n\n<p><em>\u00abCe projet de loi modifie et compl\u00e8te certains articles du d\u00e9cret portant code p\u00e9nal congolais. Ce dernier r\u00e9prime certains actes qui portent atteinte au caract\u00e8re sacr\u00e9 de la personne humaine, mais n&rsquo;int\u00e8gre pas quelques sp\u00e9cificit\u00e9s mises en \u00e9vidence, notamment par le protocole visant \u00e0 pr\u00e9venir, r\u00e9primer et punir la traite des personnes, en particulier des femmes et des enfants. et ce projet prend en compte toutes ces sp\u00e9cificit\u00e9s\u00bb<\/em>, a expliqu\u00e9 \u00c9ric Kuku Kiese.<\/p>\n\n\n\n<p>Apr\u00e8s pr\u00e9sentation de ce projet de loi, certains participants \u00e0 ces \u00e9changes ont  apport\u00e9 des amendements dans le but d&rsquo;am\u00e9liorer ce projet de loi.<\/p>\n\n\n\n<figure class=\"wp-block-image alignfull size-large\"><img data-recalc-dims=\"1\" height=\"479\" width=\"640\" decoding=\"async\" src=\"https:\/\/i0.wp.com\/infos-droitshumains.net\/wp-content\/uploads\/2022\/04\/IMG-20220415-WA0089_1-1024x767.jpg?resize=640%2C479&#038;ssl=1\" alt=\"\" class=\"wp-image-3364\"\/><\/figure>\n\n\n\n<p>Vu qu\u2019il tient \u00e0 bdoter la RDC du cadre l\u00e9gal sur la traite des personnes, le coordonnateur de l&rsquo;APLTP a, par cette occasion, promis de s&rsquo;engager vivement pour l&rsquo;adoption de ce projet de loi qu&rsquo;il consid\u00e8re d&rsquo;une avanc\u00e9e positive pour la lutte contre la traite des personnes  sur le sol congolais.<\/p>\n\n\n\n<p><em>\u00abCe projet de loi est un pas g\u00e9ant pour la lutte contre toutes formes de traite des personnes. de ce fait, l&rsquo;agence est oblig\u00e9e d&rsquo;accentuer des plaidoyers dans le but d&rsquo;obtenir son vote au parlement\u00bb<\/em>, a-t-il rench\u00e9ri.<\/p>\n\n\n\n<p>Le num\u00e9ro un de l&rsquo;APLTP a en outre,  invit\u00e9 les d\u00e9put\u00e9s nationaux \u00e0 acc\u00e9l\u00e9rer avec l&rsquo;\u00e9tude de ce projet de loi qui est actuellement sous examen au niveau de la chambre basse du parlement.<\/p>\n\n\n\n<p><em>\u00abCe projet de loi \u00e9manant du minist\u00e8re des droits humains dont l&rsquo;avant projet de loi a \u00e9t\u00e9 r\u00e9dig\u00e9 par l&rsquo;agence, entre dans la vision du chef de l&rsquo;\u00c9tat qui tient \u00e0 finir avec ce crime odieux (traite des personnes).au stade actuel, notre souhait est de voir les d\u00e9put\u00e9s nationaux acc\u00e9l\u00e9rer l&rsquo;examen de ce projet de loi pour son alignement et adoption\u00bb.<\/em><\/p>\n\n\n\n<p>En ce qui concerne le point li\u00e9 au chronogramme des activit\u00e9s arr\u00eat\u00e9s par L\u2019APLTP pour les mois d&rsquo;avril et  juin, elle programme des descentes \u00e0 l&rsquo;int\u00e9rieur du pays et \u00e0 Kinshasa dans le but de poursuivre la sensibilisation sur la traite des personnes.<\/p>\n\n\n\n<p>Cette r\u00e9union a connu la participation des d\u00e9l\u00e9gu\u00e9s du minist\u00e8re des droits humains et celui de l&rsquo;organisation internationale de migration, tous, partenaires de l&rsquo;Agence pour la Pr\u00e9vention et la Lutte contre la Traite des Personnes.<\/p>\n\n\n\n<p>AM<\/p>\n","protected":false},"excerpt":{"rendered":"<p>R\u00e9daction:+243817406088 Sous la coordination d&rsquo;Eric Kuku Kiese Nzalabar, la commission technique restreinte de l&rsquo;Agence pour&#8230;<\/p>\n","protected":false},"author":2,"featured_media":0,"comment_status":"closed","ping_status":"open","sticky":false,"template":"","format":"standard","meta":{"_jetpack_memberships_contains_paid_content":false,"footnotes":""},"categories":[1],"tags":[],"class_list":["post-3360","post","type-post","status-publish","format-standard","hentry","category-non-classe"],"yoast_head":"<!-- This site is optimized with the Yoast SEO plugin v27.5 - https:\/\/yoast.com\/product\/yoast-seo-wordpress\/ -->\n<title>Gr\u00e2ce \u00e0 son coordonnateur \u00c9ric Kuku Kiese Nzalabar, L\u2019APLTP tient \u00e0 doter la RDC du cadre l\u00e9gal sur la traite des personnes - Infos Droits Humains<\/title>\n<meta name=\"robots\" content=\"index, follow, max-snippet:-1, max-image-preview:large, max-video-preview:-1\" \/>\n<link rel=\"canonical\" href=\"https:\/\/infos-droitshumains.net\/?p=3360\" \/>\n<meta property=\"og:locale\" content=\"fr_FR\" \/>\n<meta property=\"og:type\" content=\"article\" \/>\n<meta property=\"og:title\" content=\"Gr\u00e2ce \u00e0 son coordonnateur \u00c9ric Kuku Kiese Nzalabar, L\u2019APLTP tient \u00e0 doter la RDC du cadre l\u00e9gal sur la traite des personnes - Infos Droits Humains\" \/>\n<meta property=\"og:description\" content=\"R\u00e9daction:+243817406088 Sous la coordination d&rsquo;Eric Kuku Kiese Nzalabar, la commission technique restreinte de l&rsquo;Agence pour...\" \/>\n<meta property=\"og:url\" content=\"https:\/\/infos-droitshumains.net\/?p=3360\" \/>\n<meta property=\"og:site_name\" content=\"Infos Droits Humains\" \/>\n<meta property=\"article:published_time\" content=\"2022-04-16T08:54:01+00:00\" \/>\n<meta property=\"article:modified_time\" content=\"2023-04-06T10:10:03+00:00\" \/>\n<meta property=\"og:image\" content=\"https:\/\/infos-droitshumains.net\/wp-content\/uploads\/2022\/04\/IMG-20220415-WA0089_1-1024x767.jpg\" \/>\n<meta name=\"author\" content=\"Jo\u00ebl Diawa\" \/>\n<meta name=\"twitter:card\" content=\"summary_large_image\" \/>\n<meta name=\"twitter:label1\" content=\"\u00c9crit par\" \/>\n\t<meta name=\"twitter:data1\" content=\"Jo\u00ebl Diawa\" \/>\n\t<meta name=\"twitter:label2\" content=\"Dur\u00e9e de lecture estim\u00e9e\" \/>\n\t<meta name=\"twitter:data2\" content=\"3 minutes\" \/>\n<script type=\"application\/ld+json\" class=\"yoast-schema-graph\">{\"@context\":\"https:\\\/\\\/schema.org\",\"@graph\":[{\"@type\":\"Article\",\"@id\":\"https:\\\/\\\/infos-droitshumains.net\\\/?p=3360#article\",\"isPartOf\":{\"@id\":\"https:\\\/\\\/infos-droitshumains.net\\\/?p=3360\"},\"author\":{\"name\":\"Jo\u00ebl Diawa\",\"@id\":\"https:\\\/\\\/infos-droitshumains.net\\\/#\\\/schema\\\/person\\\/3dc5e921c3302172e0ed4362f96faab7\"},\"headline\":\"Gr\u00e2ce \u00e0 son coordonnateur \u00c9ric Kuku Kiese Nzalabar, L\u2019APLTP tient \u00e0 doter la RDC du cadre l\u00e9gal sur la traite des personnes\",\"datePublished\":\"2022-04-16T08:54:01+00:00\",\"dateModified\":\"2023-04-06T10:10:03+00:00\",\"mainEntityOfPage\":{\"@id\":\"https:\\\/\\\/infos-droitshumains.net\\\/?p=3360\"},\"wordCount\":567,\"publisher\":{\"@id\":\"https:\\\/\\\/infos-droitshumains.net\\\/#organization\"},\"image\":{\"@id\":\"https:\\\/\\\/infos-droitshumains.net\\\/?p=3360#primaryimage\"},\"thumbnailUrl\":\"https:\\\/\\\/infos-droitshumains.net\\\/wp-content\\\/uploads\\\/2022\\\/04\\\/IMG-20220415-WA0089_1-1024x767.jpg\",\"inLanguage\":\"fr-FR\"},{\"@type\":\"WebPage\",\"@id\":\"https:\\\/\\\/infos-droitshumains.net\\\/?p=3360\",\"url\":\"https:\\\/\\\/infos-droitshumains.net\\\/?p=3360\",\"name\":\"Gr\u00e2ce \u00e0 son coordonnateur \u00c9ric Kuku Kiese Nzalabar, L\u2019APLTP tient \u00e0 doter la RDC du cadre l\u00e9gal sur la traite des personnes - Infos Droits Humains\",\"isPartOf\":{\"@id\":\"https:\\\/\\\/infos-droitshumains.net\\\/#website\"},\"primaryImageOfPage\":{\"@id\":\"https:\\\/\\\/infos-droitshumains.net\\\/?p=3360#primaryimage\"},\"image\":{\"@id\":\"https:\\\/\\\/infos-droitshumains.net\\\/?p=3360#primaryimage\"},\"thumbnailUrl\":\"https:\\\/\\\/infos-droitshumains.net\\\/wp-content\\\/uploads\\\/2022\\\/04\\\/IMG-20220415-WA0089_1-1024x767.jpg\",\"datePublished\":\"2022-04-16T08:54:01+00:00\",\"dateModified\":\"2023-04-06T10:10:03+00:00\",\"breadcrumb\":{\"@id\":\"https:\\\/\\\/infos-droitshumains.net\\\/?p=3360#breadcrumb\"},\"inLanguage\":\"fr-FR\",\"potentialAction\":[{\"@type\":\"ReadAction\",\"target\":[\"https:\\\/\\\/infos-droitshumains.net\\\/?p=3360\"]}]},{\"@type\":\"ImageObject\",\"inLanguage\":\"fr-FR\",\"@id\":\"https:\\\/\\\/infos-droitshumains.net\\\/?p=3360#primaryimage\",\"url\":\"https:\\\/\\\/infos-droitshumains.net\\\/wp-content\\\/uploads\\\/2022\\\/04\\\/IMG-20220415-WA0089_1-1024x767.jpg\",\"contentUrl\":\"https:\\\/\\\/infos-droitshumains.net\\\/wp-content\\\/uploads\\\/2022\\\/04\\\/IMG-20220415-WA0089_1-1024x767.jpg\"},{\"@type\":\"BreadcrumbList\",\"@id\":\"https:\\\/\\\/infos-droitshumains.net\\\/?p=3360#breadcrumb\",\"itemListElement\":[{\"@type\":\"ListItem\",\"position\":1,\"name\":\"Accueil\",\"item\":\"https:\\\/\\\/infos-droitshumains.net\\\/\"},{\"@type\":\"ListItem\",\"position\":2,\"name\":\"Gr\u00e2ce \u00e0 son coordonnateur \u00c9ric Kuku Kiese Nzalabar, L\u2019APLTP tient \u00e0 doter la RDC du cadre l\u00e9gal sur la traite des personnes\"}]},{\"@type\":\"WebSite\",\"@id\":\"https:\\\/\\\/infos-droitshumains.net\\\/#website\",\"url\":\"https:\\\/\\\/infos-droitshumains.net\\\/\",\"name\":\"Infos Droits Humains\",\"description\":\"S&#039;informer est un droit\",\"publisher\":{\"@id\":\"https:\\\/\\\/infos-droitshumains.net\\\/#organization\"},\"potentialAction\":[{\"@type\":\"SearchAction\",\"target\":{\"@type\":\"EntryPoint\",\"urlTemplate\":\"https:\\\/\\\/infos-droitshumains.net\\\/?s={search_term_string}\"},\"query-input\":{\"@type\":\"PropertyValueSpecification\",\"valueRequired\":true,\"valueName\":\"search_term_string\"}}],\"inLanguage\":\"fr-FR\"},{\"@type\":\"Organization\",\"@id\":\"https:\\\/\\\/infos-droitshumains.net\\\/#organization\",\"name\":\"Infos Droits Humains\",\"url\":\"https:\\\/\\\/infos-droitshumains.net\\\/\",\"logo\":{\"@type\":\"ImageObject\",\"inLanguage\":\"fr-FR\",\"@id\":\"https:\\\/\\\/infos-droitshumains.net\\\/#\\\/schema\\\/logo\\\/image\\\/\",\"url\":\"https:\\\/\\\/i0.wp.com\\\/infos-droitshumains.net\\\/wp-content\\\/uploads\\\/2022\\\/05\\\/Logo.png?fit=333%2C129&ssl=1\",\"contentUrl\":\"https:\\\/\\\/i0.wp.com\\\/infos-droitshumains.net\\\/wp-content\\\/uploads\\\/2022\\\/05\\\/Logo.png?fit=333%2C129&ssl=1\",\"width\":333,\"height\":129,\"caption\":\"Infos Droits Humains\"},\"image\":{\"@id\":\"https:\\\/\\\/infos-droitshumains.net\\\/#\\\/schema\\\/logo\\\/image\\\/\"}},{\"@type\":\"Person\",\"@id\":\"https:\\\/\\\/infos-droitshumains.net\\\/#\\\/schema\\\/person\\\/3dc5e921c3302172e0ed4362f96faab7\",\"name\":\"Jo\u00ebl Diawa\",\"image\":{\"@type\":\"ImageObject\",\"inLanguage\":\"fr-FR\",\"@id\":\"https:\\\/\\\/secure.gravatar.com\\\/avatar\\\/729bea6ff4604c624417803c477363be8e3c7186deaa65713313f9b4b820f41c?s=96&d=mm&r=g\",\"url\":\"https:\\\/\\\/secure.gravatar.com\\\/avatar\\\/729bea6ff4604c624417803c477363be8e3c7186deaa65713313f9b4b820f41c?s=96&d=mm&r=g\",\"contentUrl\":\"https:\\\/\\\/secure.gravatar.com\\\/avatar\\\/729bea6ff4604c624417803c477363be8e3c7186deaa65713313f9b4b820f41c?s=96&d=mm&r=g\",\"caption\":\"Jo\u00ebl Diawa\"},\"sameAs\":[\"https:\\\/\\\/www.infos-droitshumains.net\"],\"url\":\"https:\\\/\\\/infos-droitshumains.net\\\/?author=2\"}]}<\/script>\n<!-- \/ Yoast SEO plugin. -->","yoast_head_json":{"title":"Gr\u00e2ce \u00e0 son coordonnateur \u00c9ric Kuku Kiese Nzalabar, L\u2019APLTP tient \u00e0 doter la RDC du cadre l\u00e9gal sur la traite des personnes - Infos Droits Humains","robots":{"index":"index","follow":"follow","max-snippet":"max-snippet:-1","max-image-preview":"max-image-preview:large","max-video-preview":"max-video-preview:-1"},"canonical":"https:\/\/infos-droitshumains.net\/?p=3360","og_locale":"fr_FR","og_type":"article","og_title":"Gr\u00e2ce \u00e0 son coordonnateur \u00c9ric Kuku Kiese Nzalabar, L\u2019APLTP tient \u00e0 doter la RDC du cadre l\u00e9gal sur la traite des personnes - Infos Droits Humains","og_description":"R\u00e9daction:+243817406088 Sous la coordination d&rsquo;Eric Kuku Kiese Nzalabar, la commission technique restreinte de l&rsquo;Agence pour...","og_url":"https:\/\/infos-droitshumains.net\/?p=3360","og_site_name":"Infos Droits Humains","article_published_time":"2022-04-16T08:54:01+00:00","article_modified_time":"2023-04-06T10:10:03+00:00","og_image":[{"url":"https:\/\/infos-droitshumains.net\/wp-content\/uploads\/2022\/04\/IMG-20220415-WA0089_1-1024x767.jpg","type":"","width":"","height":""}],"author":"Jo\u00ebl Diawa","twitter_card":"summary_large_image","twitter_misc":{"\u00c9crit par":"Jo\u00ebl Diawa","Dur\u00e9e de lecture estim\u00e9e":"3 minutes"},"schema":{"@context":"https:\/\/schema.org","@graph":[{"@type":"Article","@id":"https:\/\/infos-droitshumains.net\/?p=3360#article","isPartOf":{"@id":"https:\/\/infos-droitshumains.net\/?p=3360"},"author":{"name":"Jo\u00ebl Diawa","@id":"https:\/\/infos-droitshumains.net\/#\/schema\/person\/3dc5e921c3302172e0ed4362f96faab7"},"headline":"Gr\u00e2ce \u00e0 son coordonnateur \u00c9ric Kuku Kiese Nzalabar, L\u2019APLTP tient \u00e0 doter la RDC du cadre l\u00e9gal sur la traite des personnes","datePublished":"2022-04-16T08:54:01+00:00","dateModified":"2023-04-06T10:10:03+00:00","mainEntityOfPage":{"@id":"https:\/\/infos-droitshumains.net\/?p=3360"},"wordCount":567,"publisher":{"@id":"https:\/\/infos-droitshumains.net\/#organization"},"image":{"@id":"https:\/\/infos-droitshumains.net\/?p=3360#primaryimage"},"thumbnailUrl":"https:\/\/infos-droitshumains.net\/wp-content\/uploads\/2022\/04\/IMG-20220415-WA0089_1-1024x767.jpg","inLanguage":"fr-FR"},{"@type":"WebPage","@id":"https:\/\/infos-droitshumains.net\/?p=3360","url":"https:\/\/infos-droitshumains.net\/?p=3360","name":"Gr\u00e2ce \u00e0 son coordonnateur \u00c9ric Kuku Kiese Nzalabar, L\u2019APLTP tient \u00e0 doter la RDC du cadre l\u00e9gal sur la traite des personnes - Infos Droits Humains","isPartOf":{"@id":"https:\/\/infos-droitshumains.net\/#website"},"primaryImageOfPage":{"@id":"https:\/\/infos-droitshumains.net\/?p=3360#primaryimage"},"image":{"@id":"https:\/\/infos-droitshumains.net\/?p=3360#primaryimage"},"thumbnailUrl":"https:\/\/infos-droitshumains.net\/wp-content\/uploads\/2022\/04\/IMG-20220415-WA0089_1-1024x767.jpg","datePublished":"2022-04-16T08:54:01+00:00","dateModified":"2023-04-06T10:10:03+00:00","breadcrumb":{"@id":"https:\/\/infos-droitshumains.net\/?p=3360#breadcrumb"},"inLanguage":"fr-FR","potentialAction":[{"@type":"ReadAction","target":["https:\/\/infos-droitshumains.net\/?p=3360"]}]},{"@type":"ImageObject","inLanguage":"fr-FR","@id":"https:\/\/infos-droitshumains.net\/?p=3360#primaryimage","url":"https:\/\/infos-droitshumains.net\/wp-content\/uploads\/2022\/04\/IMG-20220415-WA0089_1-1024x767.jpg","contentUrl":"https:\/\/infos-droitshumains.net\/wp-content\/uploads\/2022\/04\/IMG-20220415-WA0089_1-1024x767.jpg"},{"@type":"BreadcrumbList","@id":"https:\/\/infos-droitshumains.net\/?p=3360#breadcrumb","itemListElement":[{"@type":"ListItem","position":1,"name":"Accueil","item":"https:\/\/infos-droitshumains.net\/"},{"@type":"ListItem","position":2,"name":"Gr\u00e2ce \u00e0 son coordonnateur \u00c9ric Kuku Kiese Nzalabar, L\u2019APLTP tient \u00e0 doter la RDC du cadre l\u00e9gal sur la traite des personnes"}]},{"@type":"WebSite","@id":"https:\/\/infos-droitshumains.net\/#website","url":"https:\/\/infos-droitshumains.net\/","name":"Infos Droits Humains","description":"S&#039;informer est un droit","publisher":{"@id":"https:\/\/infos-droitshumains.net\/#organization"},"potentialAction":[{"@type":"SearchAction","target":{"@type":"EntryPoint","urlTemplate":"https:\/\/infos-droitshumains.net\/?s={search_term_string}"},"query-input":{"@type":"PropertyValueSpecification","valueRequired":true,"valueName":"search_term_string"}}],"inLanguage":"fr-FR"},{"@type":"Organization","@id":"https:\/\/infos-droitshumains.net\/#organization","name":"Infos Droits Humains","url":"https:\/\/infos-droitshumains.net\/","logo":{"@type":"ImageObject","inLanguage":"fr-FR","@id":"https:\/\/infos-droitshumains.net\/#\/schema\/logo\/image\/","url":"https:\/\/i0.wp.com\/infos-droitshumains.net\/wp-content\/uploads\/2022\/05\/Logo.png?fit=333%2C129&ssl=1","contentUrl":"https:\/\/i0.wp.com\/infos-droitshumains.net\/wp-content\/uploads\/2022\/05\/Logo.png?fit=333%2C129&ssl=1","width":333,"height":129,"caption":"Infos Droits Humains"},"image":{"@id":"https:\/\/infos-droitshumains.net\/#\/schema\/logo\/image\/"}},{"@type":"Person","@id":"https:\/\/infos-droitshumains.net\/#\/schema\/person\/3dc5e921c3302172e0ed4362f96faab7","name":"Jo\u00ebl Diawa","image":{"@type":"ImageObject","inLanguage":"fr-FR","@id":"https:\/\/secure.gravatar.com\/avatar\/729bea6ff4604c624417803c477363be8e3c7186deaa65713313f9b4b820f41c?s=96&d=mm&r=g","url":"https:\/\/secure.gravatar.com\/avatar\/729bea6ff4604c624417803c477363be8e3c7186deaa65713313f9b4b820f41c?s=96&d=mm&r=g","contentUrl":"https:\/\/secure.gravatar.com\/avatar\/729bea6ff4604c624417803c477363be8e3c7186deaa65713313f9b4b820f41c?s=96&d=mm&r=g","caption":"Jo\u00ebl Diawa"},"sameAs":["https:\/\/www.infos-droitshumains.net"],"url":"https:\/\/infos-droitshumains.net\/?author=2"}]}},"featured_image_urls":{"full":"","thumbnail":"","medium":"","medium_large":"","large":"","1536x1536":"","2048x2048":"","covernews-slider-full":"","covernews-slider-center":"","covernews-featured":"","covernews-medium":"","covernews-medium-square":""},"author_info":{"display_name":"Jo\u00ebl Diawa","author_link":"https:\/\/infos-droitshumains.net\/?author=2"},"category_info":"<a href=\"https:\/\/infos-droitshumains.net\/?cat=1\" rel=\"category\">Non class\u00e9<\/a>","tag_info":"Non class\u00e9","comment_count":"0","jetpack_featured_media_url":"","jetpack-related-posts":[],"jetpack_sharing_enabled":true,"_links":{"self":[{"href":"https:\/\/infos-droitshumains.net\/index.php?rest_route=\/wp\/v2\/posts\/3360","targetHints":{"allow":["GET"]}}],"collection":[{"href":"https:\/\/infos-droitshumains.net\/index.php?rest_route=\/wp\/v2\/posts"}],"about":[{"href":"https:\/\/infos-droitshumains.net\/index.php?rest_route=\/wp\/v2\/types\/post"}],"author":[{"embeddable":true,"href":"https:\/\/infos-droitshumains.net\/index.php?rest_route=\/wp\/v2\/users\/2"}],"replies":[{"embeddable":true,"href":"https:\/\/infos-droitshumains.net\/index.php?rest_route=%2Fwp%2Fv2%2Fcomments&post=3360"}],"version-history":[{"count":3,"href":"https:\/\/infos-droitshumains.net\/index.php?rest_route=\/wp\/v2\/posts\/3360\/revisions"}],"predecessor-version":[{"id":3365,"href":"https:\/\/infos-droitshumains.net\/index.php?rest_route=\/wp\/v2\/posts\/3360\/revisions\/3365"}],"wp:attachment":[{"href":"https:\/\/infos-droitshumains.net\/index.php?rest_route=%2Fwp%2Fv2%2Fmedia&parent=3360"}],"wp:term":[{"taxonomy":"category","embeddable":true,"href":"https:\/\/infos-droitshumains.net\/index.php?rest_route=%2Fwp%2Fv2%2Fcategories&post=3360"},{"taxonomy":"post_tag","embeddable":true,"href":"https:\/\/infos-droitshumains.net\/index.php?rest_route=%2Fwp%2Fv2%2Ftags&post=3360"}],"curies":[{"name":"wp","href":"https:\/\/api.w.org\/{rel}","templated":true}]}}