{"id":3328,"date":"2022-04-13T14:44:26","date_gmt":"2022-04-13T12:44:26","guid":{"rendered":"https:\/\/infos-droitshumains.net\/?p=3328"},"modified":"2023-04-06T12:10:03","modified_gmt":"2023-04-06T10:10:03","slug":"proces-100-jours-apres-larret-de-la-cour-de-cassation-quel-avenir-reserve-a-samih-jammal","status":"publish","type":"post","link":"https:\/\/infos-droitshumains.net\/?p=3328","title":{"rendered":"Proc\u00e8s 100 jours: Apr\u00e8s l\u2019arr\u00eat de la Cour de Cassation, quel avenir r\u00e9serv\u00e9 \u00e0 Samih Jammal?"},"content":{"rendered":"\n<p><strong>R\u00e9daction:+243817406088<\/strong><\/p>\n\n\n\n<p><strong>On parle souvent de Vital Kamerhe en ce qui concerne l\u2019arr\u00eat de la Cour de Cassation qui a cass\u00e9 l\u2019arr\u00eat de la Cour d\u2019Appel de Kinshasa\/Gombe condamnant le pr\u00e9sident de l\u2019Union pour la Nation Congolaise \u00e0 13 ans de servitude p\u00e9nale, oubliant les autres condamn\u00e9s dans le cadre de ce proc\u00e8s dit de 100 jours.<\/strong><\/p>\n\n\n\n<p>Outre Vital Kamerhe, se trouve aussi, Samih Jammal, parmi les b\u00e9n\u00e9ficiaires de cette d\u00e9cision de la Haute Cour. L\u2019homme d\u2019affaires libanais a \u00e9galement vu sa condamnation au second degr\u00e9, \u00e0 6 ans de servitude p\u00e9nale, \u00eatre cass\u00e9e avec renvoi.<\/p>\n\n\n\n<p>Un motif de satisfaction pour ses avocats qui auraient voulu que la juridiction de renvoi soit tout autre que la Cour d\u2019Appel de Kinshasa\/Gombe.<\/p>\n\n\n\n<p><em>\u00abC\u2019est un motif  de fiert\u00e9 et de satisfaction parce que, la haute Cour  nous a suivi par rapport aux reproches contre la proc\u00e9dure telle que men\u00e9e devant la Cour d\u2019Appel et nous renvoie devant cette m\u00eame Cour  autrement compos\u00e9e. On aurait m\u00eame voulu que \u00e7a soit carr\u00e9ment une tout autre juridiction\u2026comme vous le savez le pr\u00e9sident  de chambre dont la d\u00e9cision a \u00e9t\u00e9 cass\u00e9e, c\u2019est  le m\u00eame qui est le pr\u00e9sident de la juridiction\u00bb<\/em>, s\u2019est inqui\u00e9t\u00e9e Me. Arlette Odia Kashama, avocat conseil de Jammal.<\/p>\n\n\n\n<p>En d\u00e9pit de cette inqui\u00e9tude, Me. Arlette Odia attend de la Cour d\u2019Appel de Kinshasa\/Gombe, une justice \u00e9quitable qui sera aussi au profit de la RDC.<\/p>\n\n\n\n<p><em>\u00ab\u2026Tout compte fait, l\u2019essentiel est que la d\u00e9cision a \u00e9t\u00e9  cass\u00e9e et que cela donne une occasion aux pr\u00e9venus de se d\u00e9fendre autrement. Le souhait de tout pr\u00e9venu est que tout le droit au proc\u00e8s \u00e9quitable lui soit garanti. A ce jour, nous attendons tout simplement que la Cour d\u2019Appel respecte la proc\u00e9dure, respecte le droit garanti aux particuliers;  naturellement, \u00e7a va conduire \u00e0 une bonne justice qui sera distribu\u00e9e et dans l\u2019int\u00e9r\u00eat pas seulement des pr\u00e9venus, mais aussi, dans l\u2019int\u00e9r\u00eat de l\u2019Etat congolais qui lui est \u00e9galement parti au proc\u00e8s\u00bb,<\/em> a-t-elle poursuivi.<\/p>\n\n\n\n<p>Malgr\u00e9 plusieurs demandes de mise en libert\u00e9 provisoire sollicit\u00e9es dans toutes les juridictions o\u00f9 l\u2019affaire est pass\u00e9e, le patron de Samibo sarl reste toujours en prison. Pour Me. Arlette Odia, le salut de son client ne peut forc\u00e9ment pas venir des instances judiciaires.<\/p>\n\n\n\n<p><em>\u00abSamih Jammal est le seul pr\u00e9venu a \u00eatre en d\u00e9tention jusqu\u2019\u00e0 ce jour. A ce stade, la d\u00e9cision de lib\u00e9ration ne peut pas forc\u00e9ment venir des autorit\u00e9s judiciaires, elle peut aussi venir des autorit\u00e9s politiques. Nous les avons toutes saisies et, nous sommes confiants, surtout avec le coup des pouces de l\u2019arr\u00eat de la Cour de Cassation de ce jour que la libert\u00e9 lui sera accord\u00e9e dans les tous prochains jours\u00bb.<\/em><\/p>\n\n\n\n<p>Tout comme Vital Kamerhe, Samih Jammal doit \u00e9galement bien pr\u00e9parer sa d\u00e9fense pour cette ultime chance qui lui est accord\u00e9e par la Cour de Cassation afin de prouver son innocence.<\/p>\n\n\n\n<p>Jo\u00ebl Diawa<\/p>\n","protected":false},"excerpt":{"rendered":"<p>R\u00e9daction:+243817406088 On parle souvent de Vital Kamerhe en ce qui concerne l\u2019arr\u00eat de la Cour&#8230;<\/p>\n","protected":false},"author":2,"featured_media":0,"comment_status":"closed","ping_status":"open","sticky":false,"template":"","format":"standard","meta":{"_jetpack_memberships_contains_paid_content":false,"footnotes":""},"categories":[1],"tags":[],"class_list":["post-3328","post","type-post","status-publish","format-standard","hentry","category-non-classe"],"yoast_head":"<!-- This site is optimized with the Yoast SEO plugin v27.5 - https:\/\/yoast.com\/product\/yoast-seo-wordpress\/ -->\n<title>Proc\u00e8s 100 jours: Apr\u00e8s l\u2019arr\u00eat de la Cour de Cassation, quel avenir r\u00e9serv\u00e9 \u00e0 Samih Jammal? - Infos Droits Humains<\/title>\n<meta name=\"robots\" content=\"index, follow, max-snippet:-1, max-image-preview:large, max-video-preview:-1\" \/>\n<link rel=\"canonical\" href=\"https:\/\/infos-droitshumains.net\/?p=3328\" \/>\n<meta property=\"og:locale\" content=\"fr_FR\" \/>\n<meta property=\"og:type\" content=\"article\" \/>\n<meta property=\"og:title\" content=\"Proc\u00e8s 100 jours: Apr\u00e8s l\u2019arr\u00eat de la Cour de Cassation, quel avenir r\u00e9serv\u00e9 \u00e0 Samih Jammal? - Infos Droits Humains\" \/>\n<meta property=\"og:description\" content=\"R\u00e9daction:+243817406088 On parle souvent de Vital Kamerhe en ce qui concerne l\u2019arr\u00eat de la Cour...\" \/>\n<meta property=\"og:url\" content=\"https:\/\/infos-droitshumains.net\/?p=3328\" \/>\n<meta property=\"og:site_name\" content=\"Infos Droits Humains\" \/>\n<meta property=\"article:published_time\" content=\"2022-04-13T12:44:26+00:00\" \/>\n<meta property=\"article:modified_time\" content=\"2023-04-06T10:10:03+00:00\" \/>\n<meta name=\"author\" content=\"Jo\u00ebl Diawa\" \/>\n<meta name=\"twitter:card\" content=\"summary_large_image\" \/>\n<meta name=\"twitter:label1\" content=\"\u00c9crit par\" \/>\n\t<meta name=\"twitter:data1\" content=\"Jo\u00ebl Diawa\" \/>\n\t<meta name=\"twitter:label2\" content=\"Dur\u00e9e de lecture estim\u00e9e\" \/>\n\t<meta name=\"twitter:data2\" content=\"3 minutes\" \/>\n<script type=\"application\/ld+json\" class=\"yoast-schema-graph\">{\"@context\":\"https:\\\/\\\/schema.org\",\"@graph\":[{\"@type\":\"Article\",\"@id\":\"https:\\\/\\\/infos-droitshumains.net\\\/?p=3328#article\",\"isPartOf\":{\"@id\":\"https:\\\/\\\/infos-droitshumains.net\\\/?p=3328\"},\"author\":{\"name\":\"Jo\u00ebl Diawa\",\"@id\":\"https:\\\/\\\/infos-droitshumains.net\\\/#\\\/schema\\\/person\\\/3dc5e921c3302172e0ed4362f96faab7\"},\"headline\":\"Proc\u00e8s 100 jours: Apr\u00e8s l\u2019arr\u00eat de la Cour de Cassation, quel avenir r\u00e9serv\u00e9 \u00e0 Samih Jammal?\",\"datePublished\":\"2022-04-13T12:44:26+00:00\",\"dateModified\":\"2023-04-06T10:10:03+00:00\",\"mainEntityOfPage\":{\"@id\":\"https:\\\/\\\/infos-droitshumains.net\\\/?p=3328\"},\"wordCount\":561,\"publisher\":{\"@id\":\"https:\\\/\\\/infos-droitshumains.net\\\/#organization\"},\"inLanguage\":\"fr-FR\"},{\"@type\":\"WebPage\",\"@id\":\"https:\\\/\\\/infos-droitshumains.net\\\/?p=3328\",\"url\":\"https:\\\/\\\/infos-droitshumains.net\\\/?p=3328\",\"name\":\"Proc\u00e8s 100 jours: Apr\u00e8s l\u2019arr\u00eat de la Cour de Cassation, quel avenir r\u00e9serv\u00e9 \u00e0 Samih Jammal? - Infos Droits Humains\",\"isPartOf\":{\"@id\":\"https:\\\/\\\/infos-droitshumains.net\\\/#website\"},\"datePublished\":\"2022-04-13T12:44:26+00:00\",\"dateModified\":\"2023-04-06T10:10:03+00:00\",\"breadcrumb\":{\"@id\":\"https:\\\/\\\/infos-droitshumains.net\\\/?p=3328#breadcrumb\"},\"inLanguage\":\"fr-FR\",\"potentialAction\":[{\"@type\":\"ReadAction\",\"target\":[\"https:\\\/\\\/infos-droitshumains.net\\\/?p=3328\"]}]},{\"@type\":\"BreadcrumbList\",\"@id\":\"https:\\\/\\\/infos-droitshumains.net\\\/?p=3328#breadcrumb\",\"itemListElement\":[{\"@type\":\"ListItem\",\"position\":1,\"name\":\"Accueil\",\"item\":\"https:\\\/\\\/infos-droitshumains.net\\\/\"},{\"@type\":\"ListItem\",\"position\":2,\"name\":\"Proc\u00e8s 100 jours: Apr\u00e8s l\u2019arr\u00eat de la Cour de Cassation, quel avenir r\u00e9serv\u00e9 \u00e0 Samih Jammal?\"}]},{\"@type\":\"WebSite\",\"@id\":\"https:\\\/\\\/infos-droitshumains.net\\\/#website\",\"url\":\"https:\\\/\\\/infos-droitshumains.net\\\/\",\"name\":\"Infos Droits Humains\",\"description\":\"S&#039;informer est un droit\",\"publisher\":{\"@id\":\"https:\\\/\\\/infos-droitshumains.net\\\/#organization\"},\"potentialAction\":[{\"@type\":\"SearchAction\",\"target\":{\"@type\":\"EntryPoint\",\"urlTemplate\":\"https:\\\/\\\/infos-droitshumains.net\\\/?s={search_term_string}\"},\"query-input\":{\"@type\":\"PropertyValueSpecification\",\"valueRequired\":true,\"valueName\":\"search_term_string\"}}],\"inLanguage\":\"fr-FR\"},{\"@type\":\"Organization\",\"@id\":\"https:\\\/\\\/infos-droitshumains.net\\\/#organization\",\"name\":\"Infos Droits Humains\",\"url\":\"https:\\\/\\\/infos-droitshumains.net\\\/\",\"logo\":{\"@type\":\"ImageObject\",\"inLanguage\":\"fr-FR\",\"@id\":\"https:\\\/\\\/infos-droitshumains.net\\\/#\\\/schema\\\/logo\\\/image\\\/\",\"url\":\"https:\\\/\\\/i0.wp.com\\\/infos-droitshumains.net\\\/wp-content\\\/uploads\\\/2022\\\/05\\\/Logo.png?fit=333%2C129&ssl=1\",\"contentUrl\":\"https:\\\/\\\/i0.wp.com\\\/infos-droitshumains.net\\\/wp-content\\\/uploads\\\/2022\\\/05\\\/Logo.png?fit=333%2C129&ssl=1\",\"width\":333,\"height\":129,\"caption\":\"Infos Droits Humains\"},\"image\":{\"@id\":\"https:\\\/\\\/infos-droitshumains.net\\\/#\\\/schema\\\/logo\\\/image\\\/\"}},{\"@type\":\"Person\",\"@id\":\"https:\\\/\\\/infos-droitshumains.net\\\/#\\\/schema\\\/person\\\/3dc5e921c3302172e0ed4362f96faab7\",\"name\":\"Jo\u00ebl Diawa\",\"image\":{\"@type\":\"ImageObject\",\"inLanguage\":\"fr-FR\",\"@id\":\"https:\\\/\\\/secure.gravatar.com\\\/avatar\\\/729bea6ff4604c624417803c477363be8e3c7186deaa65713313f9b4b820f41c?s=96&d=mm&r=g\",\"url\":\"https:\\\/\\\/secure.gravatar.com\\\/avatar\\\/729bea6ff4604c624417803c477363be8e3c7186deaa65713313f9b4b820f41c?s=96&d=mm&r=g\",\"contentUrl\":\"https:\\\/\\\/secure.gravatar.com\\\/avatar\\\/729bea6ff4604c624417803c477363be8e3c7186deaa65713313f9b4b820f41c?s=96&d=mm&r=g\",\"caption\":\"Jo\u00ebl Diawa\"},\"sameAs\":[\"https:\\\/\\\/www.infos-droitshumains.net\"],\"url\":\"https:\\\/\\\/infos-droitshumains.net\\\/?author=2\"}]}<\/script>\n<!-- \/ Yoast SEO plugin. -->","yoast_head_json":{"title":"Proc\u00e8s 100 jours: Apr\u00e8s l\u2019arr\u00eat de la Cour de Cassation, quel avenir r\u00e9serv\u00e9 \u00e0 Samih Jammal? - Infos Droits Humains","robots":{"index":"index","follow":"follow","max-snippet":"max-snippet:-1","max-image-preview":"max-image-preview:large","max-video-preview":"max-video-preview:-1"},"canonical":"https:\/\/infos-droitshumains.net\/?p=3328","og_locale":"fr_FR","og_type":"article","og_title":"Proc\u00e8s 100 jours: Apr\u00e8s l\u2019arr\u00eat de la Cour de Cassation, quel avenir r\u00e9serv\u00e9 \u00e0 Samih Jammal? - Infos Droits Humains","og_description":"R\u00e9daction:+243817406088 On parle souvent de Vital Kamerhe en ce qui concerne l\u2019arr\u00eat de la Cour...","og_url":"https:\/\/infos-droitshumains.net\/?p=3328","og_site_name":"Infos Droits Humains","article_published_time":"2022-04-13T12:44:26+00:00","article_modified_time":"2023-04-06T10:10:03+00:00","author":"Jo\u00ebl Diawa","twitter_card":"summary_large_image","twitter_misc":{"\u00c9crit par":"Jo\u00ebl Diawa","Dur\u00e9e de lecture estim\u00e9e":"3 minutes"},"schema":{"@context":"https:\/\/schema.org","@graph":[{"@type":"Article","@id":"https:\/\/infos-droitshumains.net\/?p=3328#article","isPartOf":{"@id":"https:\/\/infos-droitshumains.net\/?p=3328"},"author":{"name":"Jo\u00ebl Diawa","@id":"https:\/\/infos-droitshumains.net\/#\/schema\/person\/3dc5e921c3302172e0ed4362f96faab7"},"headline":"Proc\u00e8s 100 jours: Apr\u00e8s l\u2019arr\u00eat de la Cour de Cassation, quel avenir r\u00e9serv\u00e9 \u00e0 Samih Jammal?","datePublished":"2022-04-13T12:44:26+00:00","dateModified":"2023-04-06T10:10:03+00:00","mainEntityOfPage":{"@id":"https:\/\/infos-droitshumains.net\/?p=3328"},"wordCount":561,"publisher":{"@id":"https:\/\/infos-droitshumains.net\/#organization"},"inLanguage":"fr-FR"},{"@type":"WebPage","@id":"https:\/\/infos-droitshumains.net\/?p=3328","url":"https:\/\/infos-droitshumains.net\/?p=3328","name":"Proc\u00e8s 100 jours: Apr\u00e8s l\u2019arr\u00eat de la Cour de Cassation, quel avenir r\u00e9serv\u00e9 \u00e0 Samih Jammal? - Infos Droits Humains","isPartOf":{"@id":"https:\/\/infos-droitshumains.net\/#website"},"datePublished":"2022-04-13T12:44:26+00:00","dateModified":"2023-04-06T10:10:03+00:00","breadcrumb":{"@id":"https:\/\/infos-droitshumains.net\/?p=3328#breadcrumb"},"inLanguage":"fr-FR","potentialAction":[{"@type":"ReadAction","target":["https:\/\/infos-droitshumains.net\/?p=3328"]}]},{"@type":"BreadcrumbList","@id":"https:\/\/infos-droitshumains.net\/?p=3328#breadcrumb","itemListElement":[{"@type":"ListItem","position":1,"name":"Accueil","item":"https:\/\/infos-droitshumains.net\/"},{"@type":"ListItem","position":2,"name":"Proc\u00e8s 100 jours: Apr\u00e8s l\u2019arr\u00eat de la Cour de Cassation, quel avenir r\u00e9serv\u00e9 \u00e0 Samih Jammal?"}]},{"@type":"WebSite","@id":"https:\/\/infos-droitshumains.net\/#website","url":"https:\/\/infos-droitshumains.net\/","name":"Infos Droits Humains","description":"S&#039;informer est un droit","publisher":{"@id":"https:\/\/infos-droitshumains.net\/#organization"},"potentialAction":[{"@type":"SearchAction","target":{"@type":"EntryPoint","urlTemplate":"https:\/\/infos-droitshumains.net\/?s={search_term_string}"},"query-input":{"@type":"PropertyValueSpecification","valueRequired":true,"valueName":"search_term_string"}}],"inLanguage":"fr-FR"},{"@type":"Organization","@id":"https:\/\/infos-droitshumains.net\/#organization","name":"Infos Droits Humains","url":"https:\/\/infos-droitshumains.net\/","logo":{"@type":"ImageObject","inLanguage":"fr-FR","@id":"https:\/\/infos-droitshumains.net\/#\/schema\/logo\/image\/","url":"https:\/\/i0.wp.com\/infos-droitshumains.net\/wp-content\/uploads\/2022\/05\/Logo.png?fit=333%2C129&ssl=1","contentUrl":"https:\/\/i0.wp.com\/infos-droitshumains.net\/wp-content\/uploads\/2022\/05\/Logo.png?fit=333%2C129&ssl=1","width":333,"height":129,"caption":"Infos Droits Humains"},"image":{"@id":"https:\/\/infos-droitshumains.net\/#\/schema\/logo\/image\/"}},{"@type":"Person","@id":"https:\/\/infos-droitshumains.net\/#\/schema\/person\/3dc5e921c3302172e0ed4362f96faab7","name":"Jo\u00ebl Diawa","image":{"@type":"ImageObject","inLanguage":"fr-FR","@id":"https:\/\/secure.gravatar.com\/avatar\/729bea6ff4604c624417803c477363be8e3c7186deaa65713313f9b4b820f41c?s=96&d=mm&r=g","url":"https:\/\/secure.gravatar.com\/avatar\/729bea6ff4604c624417803c477363be8e3c7186deaa65713313f9b4b820f41c?s=96&d=mm&r=g","contentUrl":"https:\/\/secure.gravatar.com\/avatar\/729bea6ff4604c624417803c477363be8e3c7186deaa65713313f9b4b820f41c?s=96&d=mm&r=g","caption":"Jo\u00ebl Diawa"},"sameAs":["https:\/\/www.infos-droitshumains.net"],"url":"https:\/\/infos-droitshumains.net\/?author=2"}]}},"featured_image_urls":{"full":"","thumbnail":"","medium":"","medium_large":"","large":"","1536x1536":"","2048x2048":"","covernews-slider-full":"","covernews-slider-center":"","covernews-featured":"","covernews-medium":"","covernews-medium-square":""},"author_info":{"display_name":"Jo\u00ebl Diawa","author_link":"https:\/\/infos-droitshumains.net\/?author=2"},"category_info":"<a href=\"https:\/\/infos-droitshumains.net\/?cat=1\" rel=\"category\">Non class\u00e9<\/a>","tag_info":"Non class\u00e9","comment_count":"0","jetpack_featured_media_url":"","jetpack-related-posts":[],"jetpack_sharing_enabled":true,"_links":{"self":[{"href":"https:\/\/infos-droitshumains.net\/index.php?rest_route=\/wp\/v2\/posts\/3328","targetHints":{"allow":["GET"]}}],"collection":[{"href":"https:\/\/infos-droitshumains.net\/index.php?rest_route=\/wp\/v2\/posts"}],"about":[{"href":"https:\/\/infos-droitshumains.net\/index.php?rest_route=\/wp\/v2\/types\/post"}],"author":[{"embeddable":true,"href":"https:\/\/infos-droitshumains.net\/index.php?rest_route=\/wp\/v2\/users\/2"}],"replies":[{"embeddable":true,"href":"https:\/\/infos-droitshumains.net\/index.php?rest_route=%2Fwp%2Fv2%2Fcomments&post=3328"}],"version-history":[{"count":3,"href":"https:\/\/infos-droitshumains.net\/index.php?rest_route=\/wp\/v2\/posts\/3328\/revisions"}],"predecessor-version":[{"id":3332,"href":"https:\/\/infos-droitshumains.net\/index.php?rest_route=\/wp\/v2\/posts\/3328\/revisions\/3332"}],"wp:attachment":[{"href":"https:\/\/infos-droitshumains.net\/index.php?rest_route=%2Fwp%2Fv2%2Fmedia&parent=3328"}],"wp:term":[{"taxonomy":"category","embeddable":true,"href":"https:\/\/infos-droitshumains.net\/index.php?rest_route=%2Fwp%2Fv2%2Fcategories&post=3328"},{"taxonomy":"post_tag","embeddable":true,"href":"https:\/\/infos-droitshumains.net\/index.php?rest_route=%2Fwp%2Fv2%2Ftags&post=3328"}],"curies":[{"name":"wp","href":"https:\/\/api.w.org\/{rel}","templated":true}]}}