{"id":330,"date":"2021-05-14T02:02:48","date_gmt":"2021-05-14T00:02:48","guid":{"rendered":"https:\/\/www.infos-droitshumains.net\/?p=330"},"modified":"2023-04-06T12:12:26","modified_gmt":"2023-04-06T10:12:26","slug":"nomme-nouveau-selectionneur-des-leopards-de-la-rdc-qui-est-hector-cuper","status":"publish","type":"post","link":"https:\/\/infos-droitshumains.net\/?p=330","title":{"rendered":"Sport : Nomm\u00e9 nouveau s\u00e9lectionneur des L\u00e9opards de la RDC, Qui est H\u00e9ctor C\u00faper ?"},"content":{"rendered":"\n<p>De son vrai nom H\u00e9ctor Ra\u00fal C\u00faper est un footballeur argentin n\u00e9 le 16 novembre 1955 \u00e0 Chabas, Santa Fe en argentine. Il a \u00e9volu\u00e9 au poste d\u00e9fenseur. Il a connu une br\u00e8ve carri\u00e8re internationale avec les albicelestes. Entre 1984 et 1986, il n&rsquo;a connu que trois s\u00e9lections avec la s\u00e9lection argentine.<\/p>\n\n\n\n<p>D\u00e9sormais reconverti en entra\u00eeneur, H\u00e9ctor C\u00faper a dirig\u00e9 l&rsquo;Inter Milan, le Real Majorque, le Betis S\u00e9ville et Parme. L&rsquo;Argentin est surtout connu pour son passage au Valence CF qu&rsquo;il a amen\u00e9 \u00e0 deux finales de la Ligue des Champions cons\u00e9cutives en 2000 et 2001, mais sans remporter le troph\u00e9e.<\/p>\n\n\n\n<p>Entre 2015 et 2018, il a \u00e9t\u00e9 le s\u00e9lectionneur de l&rsquo;\u00c9gypte. Sous sa direction, les Pharaons ont \u00e9t\u00e9 vice-champions d&rsquo;Afrique 2017 et ont particip\u00e9 au Mondial Russie 2018, ce qui ne leur \u00e9tait plus arriv\u00e9 depuis 1990.<\/p>\n\n\n\n<p>A 65 ans, l&rsquo;objectif de C\u00faper reste la qualification pour la Coupe du monde Qatar 2022 o\u00f9 les l\u00e9opards de la RDC vont affront\u00e9s le B\u00e9nin, le Madagascar et la Tanzanie pour obtenir un ticket qualificatif.<\/p>\n\n\n\n<p>L&rsquo;autre d\u00e9fit qui attend le technicien argent est celui li\u00e9 \u00e0 la barri\u00e8re linguistique. Hispanophone, l&rsquo;argentin parle \u00e9galement l&rsquo;anglais, mais il est appel\u00e9 \u00e0 s&rsquo;adapter \u00e0 un milieu francophone qui est la R\u00e9publique D\u00e9mocratique du Congo. Chose qui ne lui sera pas facile avec ses deux ans de contrat.<\/p>\n","protected":false},"excerpt":{"rendered":"<p>De son vrai nom H\u00e9ctor Ra\u00fal C\u00faper est un footballeur argentin n\u00e9 le 16 novembre&#8230;<\/p>\n","protected":false},"author":2,"featured_media":0,"comment_status":"open","ping_status":"open","sticky":false,"template":"","format":"standard","meta":{"_jetpack_memberships_contains_paid_content":false,"footnotes":""},"categories":[1],"tags":[],"class_list":["post-330","post","type-post","status-publish","format-standard","hentry","category-non-classe"],"yoast_head":"<!-- This site is optimized with the Yoast SEO plugin v27.5 - https:\/\/yoast.com\/product\/yoast-seo-wordpress\/ -->\n<title>Sport : Nomm\u00e9 nouveau s\u00e9lectionneur des L\u00e9opards de la RDC, Qui est H\u00e9ctor C\u00faper ? - Infos Droits Humains<\/title>\n<meta name=\"robots\" content=\"index, follow, max-snippet:-1, max-image-preview:large, max-video-preview:-1\" \/>\n<link rel=\"canonical\" href=\"https:\/\/infos-droitshumains.net\/?p=330\" \/>\n<meta property=\"og:locale\" content=\"fr_FR\" \/>\n<meta property=\"og:type\" content=\"article\" \/>\n<meta property=\"og:title\" content=\"Sport : Nomm\u00e9 nouveau s\u00e9lectionneur des L\u00e9opards de la RDC, Qui est H\u00e9ctor C\u00faper ? - Infos Droits Humains\" \/>\n<meta property=\"og:description\" content=\"De son vrai nom H\u00e9ctor Ra\u00fal C\u00faper est un footballeur argentin n\u00e9 le 16 novembre...\" \/>\n<meta property=\"og:url\" content=\"https:\/\/infos-droitshumains.net\/?p=330\" \/>\n<meta property=\"og:site_name\" content=\"Infos Droits Humains\" \/>\n<meta property=\"article:published_time\" content=\"2021-05-14T00:02:48+00:00\" \/>\n<meta property=\"article:modified_time\" content=\"2023-04-06T10:12:26+00:00\" \/>\n<meta name=\"author\" content=\"Jo\u00ebl Diawa\" \/>\n<meta name=\"twitter:card\" content=\"summary_large_image\" \/>\n<meta name=\"twitter:label1\" content=\"\u00c9crit par\" \/>\n\t<meta name=\"twitter:data1\" content=\"Jo\u00ebl Diawa\" \/>\n\t<meta name=\"twitter:label2\" content=\"Dur\u00e9e de lecture estim\u00e9e\" \/>\n\t<meta name=\"twitter:data2\" content=\"1 minute\" \/>\n<script type=\"application\/ld+json\" class=\"yoast-schema-graph\">{\"@context\":\"https:\\\/\\\/schema.org\",\"@graph\":[{\"@type\":\"Article\",\"@id\":\"https:\\\/\\\/infos-droitshumains.net\\\/?p=330#article\",\"isPartOf\":{\"@id\":\"https:\\\/\\\/infos-droitshumains.net\\\/?p=330\"},\"author\":{\"name\":\"Jo\u00ebl Diawa\",\"@id\":\"https:\\\/\\\/infos-droitshumains.net\\\/#\\\/schema\\\/person\\\/3dc5e921c3302172e0ed4362f96faab7\"},\"headline\":\"Sport : Nomm\u00e9 nouveau s\u00e9lectionneur des L\u00e9opards de la RDC, Qui est H\u00e9ctor C\u00faper ?\",\"datePublished\":\"2021-05-14T00:02:48+00:00\",\"dateModified\":\"2023-04-06T10:12:26+00:00\",\"mainEntityOfPage\":{\"@id\":\"https:\\\/\\\/infos-droitshumains.net\\\/?p=330\"},\"wordCount\":247,\"commentCount\":0,\"publisher\":{\"@id\":\"https:\\\/\\\/infos-droitshumains.net\\\/#organization\"},\"inLanguage\":\"fr-FR\",\"potentialAction\":[{\"@type\":\"CommentAction\",\"name\":\"Comment\",\"target\":[\"https:\\\/\\\/infos-droitshumains.net\\\/?p=330#respond\"]}]},{\"@type\":\"WebPage\",\"@id\":\"https:\\\/\\\/infos-droitshumains.net\\\/?p=330\",\"url\":\"https:\\\/\\\/infos-droitshumains.net\\\/?p=330\",\"name\":\"Sport : Nomm\u00e9 nouveau s\u00e9lectionneur des L\u00e9opards de la RDC, Qui est H\u00e9ctor C\u00faper ? - Infos Droits Humains\",\"isPartOf\":{\"@id\":\"https:\\\/\\\/infos-droitshumains.net\\\/#website\"},\"datePublished\":\"2021-05-14T00:02:48+00:00\",\"dateModified\":\"2023-04-06T10:12:26+00:00\",\"breadcrumb\":{\"@id\":\"https:\\\/\\\/infos-droitshumains.net\\\/?p=330#breadcrumb\"},\"inLanguage\":\"fr-FR\",\"potentialAction\":[{\"@type\":\"ReadAction\",\"target\":[\"https:\\\/\\\/infos-droitshumains.net\\\/?p=330\"]}]},{\"@type\":\"BreadcrumbList\",\"@id\":\"https:\\\/\\\/infos-droitshumains.net\\\/?p=330#breadcrumb\",\"itemListElement\":[{\"@type\":\"ListItem\",\"position\":1,\"name\":\"Accueil\",\"item\":\"https:\\\/\\\/infos-droitshumains.net\\\/\"},{\"@type\":\"ListItem\",\"position\":2,\"name\":\"Sport : Nomm\u00e9 nouveau s\u00e9lectionneur des L\u00e9opards de la RDC, Qui est H\u00e9ctor C\u00faper ?\"}]},{\"@type\":\"WebSite\",\"@id\":\"https:\\\/\\\/infos-droitshumains.net\\\/#website\",\"url\":\"https:\\\/\\\/infos-droitshumains.net\\\/\",\"name\":\"Infos Droits Humains\",\"description\":\"S&#039;informer est un droit\",\"publisher\":{\"@id\":\"https:\\\/\\\/infos-droitshumains.net\\\/#organization\"},\"potentialAction\":[{\"@type\":\"SearchAction\",\"target\":{\"@type\":\"EntryPoint\",\"urlTemplate\":\"https:\\\/\\\/infos-droitshumains.net\\\/?s={search_term_string}\"},\"query-input\":{\"@type\":\"PropertyValueSpecification\",\"valueRequired\":true,\"valueName\":\"search_term_string\"}}],\"inLanguage\":\"fr-FR\"},{\"@type\":\"Organization\",\"@id\":\"https:\\\/\\\/infos-droitshumains.net\\\/#organization\",\"name\":\"Infos Droits Humains\",\"url\":\"https:\\\/\\\/infos-droitshumains.net\\\/\",\"logo\":{\"@type\":\"ImageObject\",\"inLanguage\":\"fr-FR\",\"@id\":\"https:\\\/\\\/infos-droitshumains.net\\\/#\\\/schema\\\/logo\\\/image\\\/\",\"url\":\"https:\\\/\\\/i0.wp.com\\\/infos-droitshumains.net\\\/wp-content\\\/uploads\\\/2022\\\/05\\\/Logo.png?fit=333%2C129&ssl=1\",\"contentUrl\":\"https:\\\/\\\/i0.wp.com\\\/infos-droitshumains.net\\\/wp-content\\\/uploads\\\/2022\\\/05\\\/Logo.png?fit=333%2C129&ssl=1\",\"width\":333,\"height\":129,\"caption\":\"Infos Droits Humains\"},\"image\":{\"@id\":\"https:\\\/\\\/infos-droitshumains.net\\\/#\\\/schema\\\/logo\\\/image\\\/\"}},{\"@type\":\"Person\",\"@id\":\"https:\\\/\\\/infos-droitshumains.net\\\/#\\\/schema\\\/person\\\/3dc5e921c3302172e0ed4362f96faab7\",\"name\":\"Jo\u00ebl Diawa\",\"image\":{\"@type\":\"ImageObject\",\"inLanguage\":\"fr-FR\",\"@id\":\"https:\\\/\\\/secure.gravatar.com\\\/avatar\\\/729bea6ff4604c624417803c477363be8e3c7186deaa65713313f9b4b820f41c?s=96&d=mm&r=g\",\"url\":\"https:\\\/\\\/secure.gravatar.com\\\/avatar\\\/729bea6ff4604c624417803c477363be8e3c7186deaa65713313f9b4b820f41c?s=96&d=mm&r=g\",\"contentUrl\":\"https:\\\/\\\/secure.gravatar.com\\\/avatar\\\/729bea6ff4604c624417803c477363be8e3c7186deaa65713313f9b4b820f41c?s=96&d=mm&r=g\",\"caption\":\"Jo\u00ebl Diawa\"},\"sameAs\":[\"https:\\\/\\\/www.infos-droitshumains.net\"],\"url\":\"https:\\\/\\\/infos-droitshumains.net\\\/?author=2\"}]}<\/script>\n<!-- \/ Yoast SEO plugin. -->","yoast_head_json":{"title":"Sport : Nomm\u00e9 nouveau s\u00e9lectionneur des L\u00e9opards de la RDC, Qui est H\u00e9ctor C\u00faper ? - Infos Droits Humains","robots":{"index":"index","follow":"follow","max-snippet":"max-snippet:-1","max-image-preview":"max-image-preview:large","max-video-preview":"max-video-preview:-1"},"canonical":"https:\/\/infos-droitshumains.net\/?p=330","og_locale":"fr_FR","og_type":"article","og_title":"Sport : Nomm\u00e9 nouveau s\u00e9lectionneur des L\u00e9opards de la RDC, Qui est H\u00e9ctor C\u00faper ? - Infos Droits Humains","og_description":"De son vrai nom H\u00e9ctor Ra\u00fal C\u00faper est un footballeur argentin n\u00e9 le 16 novembre...","og_url":"https:\/\/infos-droitshumains.net\/?p=330","og_site_name":"Infos Droits Humains","article_published_time":"2021-05-14T00:02:48+00:00","article_modified_time":"2023-04-06T10:12:26+00:00","author":"Jo\u00ebl Diawa","twitter_card":"summary_large_image","twitter_misc":{"\u00c9crit par":"Jo\u00ebl Diawa","Dur\u00e9e de lecture estim\u00e9e":"1 minute"},"schema":{"@context":"https:\/\/schema.org","@graph":[{"@type":"Article","@id":"https:\/\/infos-droitshumains.net\/?p=330#article","isPartOf":{"@id":"https:\/\/infos-droitshumains.net\/?p=330"},"author":{"name":"Jo\u00ebl Diawa","@id":"https:\/\/infos-droitshumains.net\/#\/schema\/person\/3dc5e921c3302172e0ed4362f96faab7"},"headline":"Sport : Nomm\u00e9 nouveau s\u00e9lectionneur des L\u00e9opards de la RDC, Qui est H\u00e9ctor C\u00faper ?","datePublished":"2021-05-14T00:02:48+00:00","dateModified":"2023-04-06T10:12:26+00:00","mainEntityOfPage":{"@id":"https:\/\/infos-droitshumains.net\/?p=330"},"wordCount":247,"commentCount":0,"publisher":{"@id":"https:\/\/infos-droitshumains.net\/#organization"},"inLanguage":"fr-FR","potentialAction":[{"@type":"CommentAction","name":"Comment","target":["https:\/\/infos-droitshumains.net\/?p=330#respond"]}]},{"@type":"WebPage","@id":"https:\/\/infos-droitshumains.net\/?p=330","url":"https:\/\/infos-droitshumains.net\/?p=330","name":"Sport : Nomm\u00e9 nouveau s\u00e9lectionneur des L\u00e9opards de la RDC, Qui est H\u00e9ctor C\u00faper ? - Infos Droits Humains","isPartOf":{"@id":"https:\/\/infos-droitshumains.net\/#website"},"datePublished":"2021-05-14T00:02:48+00:00","dateModified":"2023-04-06T10:12:26+00:00","breadcrumb":{"@id":"https:\/\/infos-droitshumains.net\/?p=330#breadcrumb"},"inLanguage":"fr-FR","potentialAction":[{"@type":"ReadAction","target":["https:\/\/infos-droitshumains.net\/?p=330"]}]},{"@type":"BreadcrumbList","@id":"https:\/\/infos-droitshumains.net\/?p=330#breadcrumb","itemListElement":[{"@type":"ListItem","position":1,"name":"Accueil","item":"https:\/\/infos-droitshumains.net\/"},{"@type":"ListItem","position":2,"name":"Sport : Nomm\u00e9 nouveau s\u00e9lectionneur des L\u00e9opards de la RDC, Qui est H\u00e9ctor C\u00faper ?"}]},{"@type":"WebSite","@id":"https:\/\/infos-droitshumains.net\/#website","url":"https:\/\/infos-droitshumains.net\/","name":"Infos Droits Humains","description":"S&#039;informer est un droit","publisher":{"@id":"https:\/\/infos-droitshumains.net\/#organization"},"potentialAction":[{"@type":"SearchAction","target":{"@type":"EntryPoint","urlTemplate":"https:\/\/infos-droitshumains.net\/?s={search_term_string}"},"query-input":{"@type":"PropertyValueSpecification","valueRequired":true,"valueName":"search_term_string"}}],"inLanguage":"fr-FR"},{"@type":"Organization","@id":"https:\/\/infos-droitshumains.net\/#organization","name":"Infos Droits Humains","url":"https:\/\/infos-droitshumains.net\/","logo":{"@type":"ImageObject","inLanguage":"fr-FR","@id":"https:\/\/infos-droitshumains.net\/#\/schema\/logo\/image\/","url":"https:\/\/i0.wp.com\/infos-droitshumains.net\/wp-content\/uploads\/2022\/05\/Logo.png?fit=333%2C129&ssl=1","contentUrl":"https:\/\/i0.wp.com\/infos-droitshumains.net\/wp-content\/uploads\/2022\/05\/Logo.png?fit=333%2C129&ssl=1","width":333,"height":129,"caption":"Infos Droits Humains"},"image":{"@id":"https:\/\/infos-droitshumains.net\/#\/schema\/logo\/image\/"}},{"@type":"Person","@id":"https:\/\/infos-droitshumains.net\/#\/schema\/person\/3dc5e921c3302172e0ed4362f96faab7","name":"Jo\u00ebl Diawa","image":{"@type":"ImageObject","inLanguage":"fr-FR","@id":"https:\/\/secure.gravatar.com\/avatar\/729bea6ff4604c624417803c477363be8e3c7186deaa65713313f9b4b820f41c?s=96&d=mm&r=g","url":"https:\/\/secure.gravatar.com\/avatar\/729bea6ff4604c624417803c477363be8e3c7186deaa65713313f9b4b820f41c?s=96&d=mm&r=g","contentUrl":"https:\/\/secure.gravatar.com\/avatar\/729bea6ff4604c624417803c477363be8e3c7186deaa65713313f9b4b820f41c?s=96&d=mm&r=g","caption":"Jo\u00ebl Diawa"},"sameAs":["https:\/\/www.infos-droitshumains.net"],"url":"https:\/\/infos-droitshumains.net\/?author=2"}]}},"featured_image_urls":{"full":"","thumbnail":"","medium":"","medium_large":"","large":"","1536x1536":"","2048x2048":"","covernews-slider-full":"","covernews-slider-center":"","covernews-featured":"","covernews-medium":"","covernews-medium-square":""},"author_info":{"display_name":"Jo\u00ebl Diawa","author_link":"https:\/\/infos-droitshumains.net\/?author=2"},"category_info":"<a href=\"https:\/\/infos-droitshumains.net\/?cat=1\" rel=\"category\">Non class\u00e9<\/a>","tag_info":"Non class\u00e9","comment_count":"0","jetpack_featured_media_url":"","jetpack-related-posts":[],"jetpack_sharing_enabled":true,"_links":{"self":[{"href":"https:\/\/infos-droitshumains.net\/index.php?rest_route=\/wp\/v2\/posts\/330","targetHints":{"allow":["GET"]}}],"collection":[{"href":"https:\/\/infos-droitshumains.net\/index.php?rest_route=\/wp\/v2\/posts"}],"about":[{"href":"https:\/\/infos-droitshumains.net\/index.php?rest_route=\/wp\/v2\/types\/post"}],"author":[{"embeddable":true,"href":"https:\/\/infos-droitshumains.net\/index.php?rest_route=\/wp\/v2\/users\/2"}],"replies":[{"embeddable":true,"href":"https:\/\/infos-droitshumains.net\/index.php?rest_route=%2Fwp%2Fv2%2Fcomments&post=330"}],"version-history":[{"count":3,"href":"https:\/\/infos-droitshumains.net\/index.php?rest_route=\/wp\/v2\/posts\/330\/revisions"}],"predecessor-version":[{"id":334,"href":"https:\/\/infos-droitshumains.net\/index.php?rest_route=\/wp\/v2\/posts\/330\/revisions\/334"}],"wp:attachment":[{"href":"https:\/\/infos-droitshumains.net\/index.php?rest_route=%2Fwp%2Fv2%2Fmedia&parent=330"}],"wp:term":[{"taxonomy":"category","embeddable":true,"href":"https:\/\/infos-droitshumains.net\/index.php?rest_route=%2Fwp%2Fv2%2Fcategories&post=330"},{"taxonomy":"post_tag","embeddable":true,"href":"https:\/\/infos-droitshumains.net\/index.php?rest_route=%2Fwp%2Fv2%2Ftags&post=330"}],"curies":[{"name":"wp","href":"https:\/\/api.w.org\/{rel}","templated":true}]}}