{"id":3222,"date":"2022-04-05T23:06:18","date_gmt":"2022-04-05T21:06:18","guid":{"rendered":"https:\/\/infos-droitshumains.net\/?p=3222"},"modified":"2023-04-06T12:10:03","modified_gmt":"2023-04-06T10:10:03","slug":"affaire-francois-beya-andre-claudel-lubaya-monte-au-creneau-pour-denoncer-les-irregularites-dans-le-traitement-du-dossier","status":"publish","type":"post","link":"https:\/\/infos-droitshumains.net\/?p=3222","title":{"rendered":"Affaire Fran\u00e7ois Beya: Andr\u00e9-Claudel Lubaya monte au cr\u00e9neau pour d\u00e9noncer les irr\u00e9gularit\u00e9s dans le traitement du dossier"},"content":{"rendered":"\n<p><strong>R\u00e9daction:+243817406088<\/strong><\/p>\n\n\n\n<p>Le d\u00e9put\u00e9 national, Andr\u00e9-Claudel Lubaya d\u00e9nonce les irr\u00e9gularit\u00e9s qui entacheraient  la proc\u00e9dure de l&rsquo;arrestation et du transf\u00e8rement de  l&rsquo;ex-conseiller du Chef de l&rsquo;\u00c9tat en mati\u00e8re de s\u00e9curit\u00e9, Fran\u00e7ois Beya \u00e0 la prison centrale de Makala.<\/p>\n\n\n\n<p><em>\u00abEn violation de la constitution et des tous principes qui r\u00e9gissent un \u00c9tat de droit, Monsieur Fran\u00e7ois Beya, ancien conseiller sp\u00e9cial du Pr\u00e9sident de la R\u00e9publique a \u00e9t\u00e9 arbitrairement arr\u00eat\u00e9 depuis le 05 f\u00e9vrier et d\u00e9tenu ill\u00e9galement dans les installations de l\u2019Agence Nationale des Renseignements, ANR. Sans dossier en bonne et due forme, et sans \u00eatre plac\u00e9 sous un mandat d\u2019arr\u00eat, il a \u00e9t\u00e9 transf\u00e9r\u00e9 \u00e0 la prison centrale de Makala, o\u00f9 il croupit dans une cellule, depuis le lundi dans la soir\u00e9e\u00bb<\/em>,  a d\u00e9clar\u00e9 Andr\u00e9-Claudel Lubaya.<\/p>\n\n\n\n<p>Pour lui, le fait que le d\u00e9tenu n&rsquo;a pas \u00e9t\u00e9 entendu par un magistrat comp\u00e9tent avant son transf\u00e8rement \u00e0 la prison centrale de Makala, viole la constitution et le droit de la d\u00e9fense.<\/p>\n\n\n\n<p><em>\u00abEn l\u2019absence d\u2019un dossier judiciaire d\u00fbment instruit par un magistrat, comp\u00e9tent, dans le respect de la loi, celui du droit de la d\u00e9fense garantie \u00e0 toute personne, le placement de l\u2019int\u00e9ress\u00e9 \u00e0 la prison de Makala constitue \u00e0 la fois, une violation de la constitution et une d\u00e9tention toute aussi ill\u00e9gale qu\u2019irr\u00e9guli\u00e8re\u00bb,<\/em> a d\u00e9nonc\u00e9 l\u2019\u00e9lu de Kananga<\/p>\n\n\n\n<p>Dans le m\u00eame ordre d&rsquo;id\u00e9e, le pr\u00e9sident de l\u2019Union D\u00e9mocratique Africaine Originelle, (UDA originelle), dit constater m\u00eame la  violation du principe de la pr\u00e9somption d&rsquo;innocence reconnu \u00e0 tout d\u00e9tenu et pointe du doigt, les autorit\u00e9s de la R\u00e9publique.<\/p>\n\n\n\n<p>\u00ab<em>\u2026l\u2019arrestation de Beya qui, pourtant, jouit pleinement de la pr\u00e9somption d\u2019innocence, rev\u00eat un caract\u00e8re fondamentalement arbitraire qui accable les pouvoirs publics et les couvre de la boue inf\u00e2me\u00bb.<\/em><\/p>\n\n\n\n<p>Une situation qui n\u2019est pas loin d\u2019\u00eatre similaire \u00e0 la loi du plus fort ; Lubaya accuse les bourreaux de Beya d\u2019arrestation arbitraire.<\/p>\n\n\n\n<p><em>\u00abLoin de r\u00e9soudre le probl\u00e8me, ceux qui font la loi du plus fort et qui l\u2019incarnent avec suffisance, ont d\u00e9cid\u00e9 d\u2019aller d\u2019irr\u00e9gularit\u00e9s en irr\u00e9gularit\u00e9s\u2026 La d\u00e9tention de Fran\u00e7ois Beya est arbitraire et cela constitue une infraction punie par le code p\u00e9nal congolais livre II. Ce transfert en prison ne met pas fin aux 60 jours de s\u00e9questration et ne d\u00e9douane pas non plus ceux qui le d\u00e9tiennent et ses collaborateurs de l\u2019infraction d\u2019arrestation et de d\u00e9tention arbitraire, pr\u00e9venue et punie par le code p\u00e9nal congolais livre II, article 67\u00bb.<\/em><\/p>\n\n\n\n<p>Puisqu\u2019il n\u2019est jamais tard pour mieux faire, le pr\u00e9sident de l&rsquo;UDA originelle estime qu&rsquo;il revient aux autorit\u00e9s de sortir de cette posture d\u00e9vastatrice, en mettant fin \u00e0 l\u2019abus de pouvoir d\u2019\u00c9tat, en rendant purement et simplement sa libert\u00e9 \u00e0 Fran\u00e7ois Beya, ou du moins, le pr\u00e9senter imm\u00e9diatement devant l\u2019autorit\u00e9 judiciaire comp\u00e9tente, afin qu\u2019il soit inform\u00e9 des motifs de son arrestation conform\u00e9ment \u00e0 l\u2019article 18 de la constitution.<\/p>\n\n\n\n<p>Pour rappel, Fran\u00e7ois Beya a \u00e9t\u00e9 arr\u00eat\u00e9 le 5 f\u00e9vrier 2022 \u00e0 l&rsquo;agence nationale de renseignement et transf\u00e9r\u00e9 le 4 avril \u00e0 la prison centrale de Makala. L&rsquo;ex-conseiller du chef de l&rsquo;\u00e9tat en mati\u00e8re de s\u00e9curit\u00e9 est soup\u00e7onn\u00e9 de porter atteinte \u00e0 la s\u00fbret\u00e9 de l&rsquo;\u00e9tat.<\/p>\n\n\n\n<p>AM<\/p>\n","protected":false},"excerpt":{"rendered":"<p>R\u00e9daction:+243817406088 Le d\u00e9put\u00e9 national, Andr\u00e9-Claudel Lubaya d\u00e9nonce les irr\u00e9gularit\u00e9s qui entacheraient la proc\u00e9dure de l&rsquo;arrestation&#8230;<\/p>\n","protected":false},"author":2,"featured_media":0,"comment_status":"closed","ping_status":"open","sticky":false,"template":"","format":"standard","meta":{"_jetpack_memberships_contains_paid_content":false,"footnotes":""},"categories":[1],"tags":[],"class_list":["post-3222","post","type-post","status-publish","format-standard","hentry","category-non-classe"],"yoast_head":"<!-- This site is optimized with the Yoast SEO plugin v27.5 - https:\/\/yoast.com\/product\/yoast-seo-wordpress\/ -->\n<title>Affaire Fran\u00e7ois Beya: Andr\u00e9-Claudel Lubaya monte au cr\u00e9neau pour d\u00e9noncer les irr\u00e9gularit\u00e9s dans le traitement du dossier - Infos Droits Humains<\/title>\n<meta name=\"robots\" content=\"index, follow, max-snippet:-1, max-image-preview:large, max-video-preview:-1\" \/>\n<link rel=\"canonical\" href=\"https:\/\/infos-droitshumains.net\/?p=3222\" \/>\n<meta property=\"og:locale\" content=\"fr_FR\" \/>\n<meta property=\"og:type\" content=\"article\" \/>\n<meta property=\"og:title\" content=\"Affaire Fran\u00e7ois Beya: Andr\u00e9-Claudel Lubaya monte au cr\u00e9neau pour d\u00e9noncer les irr\u00e9gularit\u00e9s dans le traitement du dossier - Infos Droits Humains\" \/>\n<meta property=\"og:description\" content=\"R\u00e9daction:+243817406088 Le d\u00e9put\u00e9 national, Andr\u00e9-Claudel Lubaya d\u00e9nonce les irr\u00e9gularit\u00e9s qui entacheraient la proc\u00e9dure de l&rsquo;arrestation...\" \/>\n<meta property=\"og:url\" content=\"https:\/\/infos-droitshumains.net\/?p=3222\" \/>\n<meta property=\"og:site_name\" content=\"Infos Droits Humains\" \/>\n<meta property=\"article:published_time\" content=\"2022-04-05T21:06:18+00:00\" \/>\n<meta property=\"article:modified_time\" content=\"2023-04-06T10:10:03+00:00\" \/>\n<meta name=\"author\" content=\"Jo\u00ebl Diawa\" \/>\n<meta name=\"twitter:card\" content=\"summary_large_image\" \/>\n<meta name=\"twitter:label1\" content=\"\u00c9crit par\" \/>\n\t<meta name=\"twitter:data1\" content=\"Jo\u00ebl Diawa\" \/>\n\t<meta name=\"twitter:label2\" content=\"Dur\u00e9e de lecture estim\u00e9e\" \/>\n\t<meta name=\"twitter:data2\" content=\"3 minutes\" \/>\n<script type=\"application\/ld+json\" class=\"yoast-schema-graph\">{\"@context\":\"https:\\\/\\\/schema.org\",\"@graph\":[{\"@type\":\"Article\",\"@id\":\"https:\\\/\\\/infos-droitshumains.net\\\/?p=3222#article\",\"isPartOf\":{\"@id\":\"https:\\\/\\\/infos-droitshumains.net\\\/?p=3222\"},\"author\":{\"name\":\"Jo\u00ebl Diawa\",\"@id\":\"https:\\\/\\\/infos-droitshumains.net\\\/#\\\/schema\\\/person\\\/3dc5e921c3302172e0ed4362f96faab7\"},\"headline\":\"Affaire Fran\u00e7ois Beya: Andr\u00e9-Claudel Lubaya monte au cr\u00e9neau pour d\u00e9noncer les irr\u00e9gularit\u00e9s dans le traitement du dossier\",\"datePublished\":\"2022-04-05T21:06:18+00:00\",\"dateModified\":\"2023-04-06T10:10:03+00:00\",\"mainEntityOfPage\":{\"@id\":\"https:\\\/\\\/infos-droitshumains.net\\\/?p=3222\"},\"wordCount\":617,\"publisher\":{\"@id\":\"https:\\\/\\\/infos-droitshumains.net\\\/#organization\"},\"inLanguage\":\"fr-FR\"},{\"@type\":\"WebPage\",\"@id\":\"https:\\\/\\\/infos-droitshumains.net\\\/?p=3222\",\"url\":\"https:\\\/\\\/infos-droitshumains.net\\\/?p=3222\",\"name\":\"Affaire Fran\u00e7ois Beya: Andr\u00e9-Claudel Lubaya monte au cr\u00e9neau pour d\u00e9noncer les irr\u00e9gularit\u00e9s dans le traitement du dossier - Infos Droits Humains\",\"isPartOf\":{\"@id\":\"https:\\\/\\\/infos-droitshumains.net\\\/#website\"},\"datePublished\":\"2022-04-05T21:06:18+00:00\",\"dateModified\":\"2023-04-06T10:10:03+00:00\",\"breadcrumb\":{\"@id\":\"https:\\\/\\\/infos-droitshumains.net\\\/?p=3222#breadcrumb\"},\"inLanguage\":\"fr-FR\",\"potentialAction\":[{\"@type\":\"ReadAction\",\"target\":[\"https:\\\/\\\/infos-droitshumains.net\\\/?p=3222\"]}]},{\"@type\":\"BreadcrumbList\",\"@id\":\"https:\\\/\\\/infos-droitshumains.net\\\/?p=3222#breadcrumb\",\"itemListElement\":[{\"@type\":\"ListItem\",\"position\":1,\"name\":\"Accueil\",\"item\":\"https:\\\/\\\/infos-droitshumains.net\\\/\"},{\"@type\":\"ListItem\",\"position\":2,\"name\":\"Affaire Fran\u00e7ois Beya: Andr\u00e9-Claudel Lubaya monte au cr\u00e9neau pour d\u00e9noncer les irr\u00e9gularit\u00e9s dans le traitement du dossier\"}]},{\"@type\":\"WebSite\",\"@id\":\"https:\\\/\\\/infos-droitshumains.net\\\/#website\",\"url\":\"https:\\\/\\\/infos-droitshumains.net\\\/\",\"name\":\"Infos Droits Humains\",\"description\":\"S&#039;informer est un droit\",\"publisher\":{\"@id\":\"https:\\\/\\\/infos-droitshumains.net\\\/#organization\"},\"potentialAction\":[{\"@type\":\"SearchAction\",\"target\":{\"@type\":\"EntryPoint\",\"urlTemplate\":\"https:\\\/\\\/infos-droitshumains.net\\\/?s={search_term_string}\"},\"query-input\":{\"@type\":\"PropertyValueSpecification\",\"valueRequired\":true,\"valueName\":\"search_term_string\"}}],\"inLanguage\":\"fr-FR\"},{\"@type\":\"Organization\",\"@id\":\"https:\\\/\\\/infos-droitshumains.net\\\/#organization\",\"name\":\"Infos Droits Humains\",\"url\":\"https:\\\/\\\/infos-droitshumains.net\\\/\",\"logo\":{\"@type\":\"ImageObject\",\"inLanguage\":\"fr-FR\",\"@id\":\"https:\\\/\\\/infos-droitshumains.net\\\/#\\\/schema\\\/logo\\\/image\\\/\",\"url\":\"https:\\\/\\\/i0.wp.com\\\/infos-droitshumains.net\\\/wp-content\\\/uploads\\\/2022\\\/05\\\/Logo.png?fit=333%2C129&ssl=1\",\"contentUrl\":\"https:\\\/\\\/i0.wp.com\\\/infos-droitshumains.net\\\/wp-content\\\/uploads\\\/2022\\\/05\\\/Logo.png?fit=333%2C129&ssl=1\",\"width\":333,\"height\":129,\"caption\":\"Infos Droits Humains\"},\"image\":{\"@id\":\"https:\\\/\\\/infos-droitshumains.net\\\/#\\\/schema\\\/logo\\\/image\\\/\"}},{\"@type\":\"Person\",\"@id\":\"https:\\\/\\\/infos-droitshumains.net\\\/#\\\/schema\\\/person\\\/3dc5e921c3302172e0ed4362f96faab7\",\"name\":\"Jo\u00ebl Diawa\",\"image\":{\"@type\":\"ImageObject\",\"inLanguage\":\"fr-FR\",\"@id\":\"https:\\\/\\\/secure.gravatar.com\\\/avatar\\\/729bea6ff4604c624417803c477363be8e3c7186deaa65713313f9b4b820f41c?s=96&d=mm&r=g\",\"url\":\"https:\\\/\\\/secure.gravatar.com\\\/avatar\\\/729bea6ff4604c624417803c477363be8e3c7186deaa65713313f9b4b820f41c?s=96&d=mm&r=g\",\"contentUrl\":\"https:\\\/\\\/secure.gravatar.com\\\/avatar\\\/729bea6ff4604c624417803c477363be8e3c7186deaa65713313f9b4b820f41c?s=96&d=mm&r=g\",\"caption\":\"Jo\u00ebl Diawa\"},\"sameAs\":[\"https:\\\/\\\/www.infos-droitshumains.net\"],\"url\":\"https:\\\/\\\/infos-droitshumains.net\\\/?author=2\"}]}<\/script>\n<!-- \/ Yoast SEO plugin. -->","yoast_head_json":{"title":"Affaire Fran\u00e7ois Beya: Andr\u00e9-Claudel Lubaya monte au cr\u00e9neau pour d\u00e9noncer les irr\u00e9gularit\u00e9s dans le traitement du dossier - Infos Droits Humains","robots":{"index":"index","follow":"follow","max-snippet":"max-snippet:-1","max-image-preview":"max-image-preview:large","max-video-preview":"max-video-preview:-1"},"canonical":"https:\/\/infos-droitshumains.net\/?p=3222","og_locale":"fr_FR","og_type":"article","og_title":"Affaire Fran\u00e7ois Beya: Andr\u00e9-Claudel Lubaya monte au cr\u00e9neau pour d\u00e9noncer les irr\u00e9gularit\u00e9s dans le traitement du dossier - Infos Droits Humains","og_description":"R\u00e9daction:+243817406088 Le d\u00e9put\u00e9 national, Andr\u00e9-Claudel Lubaya d\u00e9nonce les irr\u00e9gularit\u00e9s qui entacheraient la proc\u00e9dure de l&rsquo;arrestation...","og_url":"https:\/\/infos-droitshumains.net\/?p=3222","og_site_name":"Infos Droits Humains","article_published_time":"2022-04-05T21:06:18+00:00","article_modified_time":"2023-04-06T10:10:03+00:00","author":"Jo\u00ebl Diawa","twitter_card":"summary_large_image","twitter_misc":{"\u00c9crit par":"Jo\u00ebl Diawa","Dur\u00e9e de lecture estim\u00e9e":"3 minutes"},"schema":{"@context":"https:\/\/schema.org","@graph":[{"@type":"Article","@id":"https:\/\/infos-droitshumains.net\/?p=3222#article","isPartOf":{"@id":"https:\/\/infos-droitshumains.net\/?p=3222"},"author":{"name":"Jo\u00ebl Diawa","@id":"https:\/\/infos-droitshumains.net\/#\/schema\/person\/3dc5e921c3302172e0ed4362f96faab7"},"headline":"Affaire Fran\u00e7ois Beya: Andr\u00e9-Claudel Lubaya monte au cr\u00e9neau pour d\u00e9noncer les irr\u00e9gularit\u00e9s dans le traitement du dossier","datePublished":"2022-04-05T21:06:18+00:00","dateModified":"2023-04-06T10:10:03+00:00","mainEntityOfPage":{"@id":"https:\/\/infos-droitshumains.net\/?p=3222"},"wordCount":617,"publisher":{"@id":"https:\/\/infos-droitshumains.net\/#organization"},"inLanguage":"fr-FR"},{"@type":"WebPage","@id":"https:\/\/infos-droitshumains.net\/?p=3222","url":"https:\/\/infos-droitshumains.net\/?p=3222","name":"Affaire Fran\u00e7ois Beya: Andr\u00e9-Claudel Lubaya monte au cr\u00e9neau pour d\u00e9noncer les irr\u00e9gularit\u00e9s dans le traitement du dossier - Infos Droits Humains","isPartOf":{"@id":"https:\/\/infos-droitshumains.net\/#website"},"datePublished":"2022-04-05T21:06:18+00:00","dateModified":"2023-04-06T10:10:03+00:00","breadcrumb":{"@id":"https:\/\/infos-droitshumains.net\/?p=3222#breadcrumb"},"inLanguage":"fr-FR","potentialAction":[{"@type":"ReadAction","target":["https:\/\/infos-droitshumains.net\/?p=3222"]}]},{"@type":"BreadcrumbList","@id":"https:\/\/infos-droitshumains.net\/?p=3222#breadcrumb","itemListElement":[{"@type":"ListItem","position":1,"name":"Accueil","item":"https:\/\/infos-droitshumains.net\/"},{"@type":"ListItem","position":2,"name":"Affaire Fran\u00e7ois Beya: Andr\u00e9-Claudel Lubaya monte au cr\u00e9neau pour d\u00e9noncer les irr\u00e9gularit\u00e9s dans le traitement du dossier"}]},{"@type":"WebSite","@id":"https:\/\/infos-droitshumains.net\/#website","url":"https:\/\/infos-droitshumains.net\/","name":"Infos Droits Humains","description":"S&#039;informer est un droit","publisher":{"@id":"https:\/\/infos-droitshumains.net\/#organization"},"potentialAction":[{"@type":"SearchAction","target":{"@type":"EntryPoint","urlTemplate":"https:\/\/infos-droitshumains.net\/?s={search_term_string}"},"query-input":{"@type":"PropertyValueSpecification","valueRequired":true,"valueName":"search_term_string"}}],"inLanguage":"fr-FR"},{"@type":"Organization","@id":"https:\/\/infos-droitshumains.net\/#organization","name":"Infos Droits Humains","url":"https:\/\/infos-droitshumains.net\/","logo":{"@type":"ImageObject","inLanguage":"fr-FR","@id":"https:\/\/infos-droitshumains.net\/#\/schema\/logo\/image\/","url":"https:\/\/i0.wp.com\/infos-droitshumains.net\/wp-content\/uploads\/2022\/05\/Logo.png?fit=333%2C129&ssl=1","contentUrl":"https:\/\/i0.wp.com\/infos-droitshumains.net\/wp-content\/uploads\/2022\/05\/Logo.png?fit=333%2C129&ssl=1","width":333,"height":129,"caption":"Infos Droits Humains"},"image":{"@id":"https:\/\/infos-droitshumains.net\/#\/schema\/logo\/image\/"}},{"@type":"Person","@id":"https:\/\/infos-droitshumains.net\/#\/schema\/person\/3dc5e921c3302172e0ed4362f96faab7","name":"Jo\u00ebl Diawa","image":{"@type":"ImageObject","inLanguage":"fr-FR","@id":"https:\/\/secure.gravatar.com\/avatar\/729bea6ff4604c624417803c477363be8e3c7186deaa65713313f9b4b820f41c?s=96&d=mm&r=g","url":"https:\/\/secure.gravatar.com\/avatar\/729bea6ff4604c624417803c477363be8e3c7186deaa65713313f9b4b820f41c?s=96&d=mm&r=g","contentUrl":"https:\/\/secure.gravatar.com\/avatar\/729bea6ff4604c624417803c477363be8e3c7186deaa65713313f9b4b820f41c?s=96&d=mm&r=g","caption":"Jo\u00ebl Diawa"},"sameAs":["https:\/\/www.infos-droitshumains.net"],"url":"https:\/\/infos-droitshumains.net\/?author=2"}]}},"featured_image_urls":{"full":"","thumbnail":"","medium":"","medium_large":"","large":"","1536x1536":"","2048x2048":"","covernews-slider-full":"","covernews-slider-center":"","covernews-featured":"","covernews-medium":"","covernews-medium-square":""},"author_info":{"display_name":"Jo\u00ebl Diawa","author_link":"https:\/\/infos-droitshumains.net\/?author=2"},"category_info":"<a href=\"https:\/\/infos-droitshumains.net\/?cat=1\" rel=\"category\">Non class\u00e9<\/a>","tag_info":"Non class\u00e9","comment_count":"0","jetpack_featured_media_url":"","jetpack-related-posts":[],"jetpack_sharing_enabled":true,"_links":{"self":[{"href":"https:\/\/infos-droitshumains.net\/index.php?rest_route=\/wp\/v2\/posts\/3222","targetHints":{"allow":["GET"]}}],"collection":[{"href":"https:\/\/infos-droitshumains.net\/index.php?rest_route=\/wp\/v2\/posts"}],"about":[{"href":"https:\/\/infos-droitshumains.net\/index.php?rest_route=\/wp\/v2\/types\/post"}],"author":[{"embeddable":true,"href":"https:\/\/infos-droitshumains.net\/index.php?rest_route=\/wp\/v2\/users\/2"}],"replies":[{"embeddable":true,"href":"https:\/\/infos-droitshumains.net\/index.php?rest_route=%2Fwp%2Fv2%2Fcomments&post=3222"}],"version-history":[{"count":2,"href":"https:\/\/infos-droitshumains.net\/index.php?rest_route=\/wp\/v2\/posts\/3222\/revisions"}],"predecessor-version":[{"id":3225,"href":"https:\/\/infos-droitshumains.net\/index.php?rest_route=\/wp\/v2\/posts\/3222\/revisions\/3225"}],"wp:attachment":[{"href":"https:\/\/infos-droitshumains.net\/index.php?rest_route=%2Fwp%2Fv2%2Fmedia&parent=3222"}],"wp:term":[{"taxonomy":"category","embeddable":true,"href":"https:\/\/infos-droitshumains.net\/index.php?rest_route=%2Fwp%2Fv2%2Fcategories&post=3222"},{"taxonomy":"post_tag","embeddable":true,"href":"https:\/\/infos-droitshumains.net\/index.php?rest_route=%2Fwp%2Fv2%2Ftags&post=3222"}],"curies":[{"name":"wp","href":"https:\/\/api.w.org\/{rel}","templated":true}]}}