{"id":318,"date":"2021-05-13T16:47:43","date_gmt":"2021-05-13T14:47:43","guid":{"rendered":"https:\/\/www.infos-droitshumains.net\/?p=318"},"modified":"2023-10-10T14:32:20","modified_gmt":"2023-10-10T12:32:20","slug":"justice-taty-mungende-sangumpamba-le-magistrat-qui-incarne-la-vison-du-chef-de-letat-a-mbankana-vient-detre-recompense","status":"publish","type":"post","link":"https:\/\/infos-droitshumains.net\/?p=318","title":{"rendered":"Kinshasa : Taty Mungende Sangumpamba, ce magistrat qui incarne la vison du chef de l&rsquo;\u00c9tat \u00e0 Mbankana vient d&rsquo;\u00eatre r\u00e9compens\u00e9."},"content":{"rendered":"\n<p><strong>R\u00e9daction :+243817406088<\/strong><\/p>\n\n\n\n<h4 class=\"wp-block-heading has-vivid-red-color has-text-color\">Le bonheur est une r\u00e9compense pour celui qui l&rsquo;a m\u00e9rit\u00e9 sans le chercher dit-on. Taty Mungende Sangumpamba peut bien t\u00e9moigner le contenu de cette pens\u00e9e. Sans l&rsquo;avoir cherch\u00e9 de gr\u00e9 ou de force, le chef de parquet de l\u2019extension du Parquet de Grande Instance \/ Kinkole \u00e0 Mbankana dans le plateau de Bateke a vu ses loyaux services rendus \u00eatre r\u00e9compens\u00e9s par la population locale.<\/h4>\n\n\n\n<p>Surnomm\u00e9 l\u2019homme de flagrance et aigle du plateau, \u00e0 cause des audiences en flagrance organis\u00e9es, le chef du parquet a impos\u00e9 une ligne de conduite caract\u00e9ris\u00e9e par la crainte de la sanction.<\/p>\n\n\n\n<p>Avec sa m\u00e9thodologie de travail dans la rigueur,l\u2019impartialit\u00e9, la r\u00e9pression, la justice et avec un sens \u00e9lev\u00e9 de moralit\u00e9 et personnalit\u00e9, Taty Mungende Sangumpamba qui a \u00e9t\u00e9 adoub\u00e9 par la population locale est dor\u00e9navant, la r\u00e9f\u00e9rence de ce contr\u00e9 en mati\u00e8re de l&rsquo;instauration d&rsquo;une justice juste et \u00e9quitable.<\/p>\n\n\n\n<p>L&rsquo;homme de flagrance a \u00e9galement fait de la lutte contre les violences sexuelles son cheval de bataille  o\u00f9 la tol\u00e9rance est vraiment z\u00e9ro.<\/p>\n\n\n\n<p>Cette excellente cotation aupr\u00e8s de l&rsquo;opinion publique et ses exploits lui ont valu deux r\u00e9compenses majeurs dans sa cette juridiction.<\/p>\n\n\n\n<p>Le chef du groupement Mbankana lui a offert une portion de terre afin d&rsquo;y construire sa r\u00e9sidence, comme pour dire que Taty Mungende Sangumpamba est adoub\u00e9 par la population locale et il peut y rester pour toujours.<\/p>\n\n\n\n<p>La deuxi\u00e8me r\u00e9compense et la plus impressionnante est la d\u00e9baptisation  par le chef de quartier d&rsquo;une avenue de Mbankana en son nom; comme pour dire que ses \u0153uvres ind\u00e9l\u00e9biles resteront pour toujours grav\u00e9es \u00e0 Mbakana. La c\u00e9r\u00e9monie a eu lieu le mercredi 12 mai 2021.<\/p>\n\n\n\n<figure class=\"wp-block-image size-large\"><img data-recalc-dims=\"1\" height=\"853\" width=\"640\" decoding=\"async\" src=\"https:\/\/i0.wp.com\/www.infos-droitshumains.net\/wp-content\/uploads\/2021\/05\/IMG-20210513-WA0002-768x1024.jpg?resize=640%2C853&#038;ssl=1\" alt=\"\" class=\"wp-image-319\"\/><\/figure>\n\n\n\n<p>C&rsquo;est depuis 2018 que cette extension est op\u00e9rationnelle. Taty Mungende Sangumpamba comme chef de parquet a initi\u00e9 plusieurs projets parmi lesquels, la construction de l\u2019amigo central du plateau, la construction en cours des installations hygi\u00e9niques et un b\u00e2timent qui abritera le secr\u00e9tariat, le bureau des inspecteurs et la salle de biens saisis.<\/p>\n\n\n\n<p>S&rsquo;inscrivant dans la ligne droite du chef de l&rsquo;\u00c9tat qui fait de l&rsquo;\u00c9tat de droit et la bonne administration de la justice son cheval de bataille, Taty Mungende Sangumpamba est sans nul doute l&rsquo;homme qui incarne la vision de F\u00e9lix Tshisekedi \u00e0 Mbankana.<\/p>\n\n\n\n<p>Merlin Kamalandua<\/p>\n","protected":false},"excerpt":{"rendered":"<p>R\u00e9daction :+243817406088 Le bonheur est une r\u00e9compense pour celui qui l&rsquo;a m\u00e9rit\u00e9 sans le chercher&#8230;<\/p>\n","protected":false},"author":2,"featured_media":8275,"comment_status":"open","ping_status":"open","sticky":false,"template":"","format":"standard","meta":{"_jetpack_memberships_contains_paid_content":false,"footnotes":""},"categories":[6],"tags":[],"class_list":["post-318","post","type-post","status-publish","format-standard","has-post-thumbnail","hentry","category-justice"],"yoast_head":"<!-- This site is optimized with the Yoast SEO plugin v27.5 - https:\/\/yoast.com\/product\/yoast-seo-wordpress\/ -->\n<title>Kinshasa : Taty Mungende Sangumpamba, ce magistrat qui incarne la vison du chef de l&#039;\u00c9tat \u00e0 Mbankana vient d&#039;\u00eatre r\u00e9compens\u00e9. - Infos Droits Humains<\/title>\n<meta name=\"robots\" content=\"index, follow, max-snippet:-1, max-image-preview:large, max-video-preview:-1\" \/>\n<link rel=\"canonical\" href=\"https:\/\/infos-droitshumains.net\/?p=318\" \/>\n<meta property=\"og:locale\" content=\"fr_FR\" \/>\n<meta property=\"og:type\" content=\"article\" \/>\n<meta property=\"og:title\" content=\"Kinshasa : Taty Mungende Sangumpamba, ce magistrat qui incarne la vison du chef de l&#039;\u00c9tat \u00e0 Mbankana vient d&#039;\u00eatre r\u00e9compens\u00e9. - Infos Droits Humains\" \/>\n<meta property=\"og:description\" content=\"R\u00e9daction :+243817406088 Le bonheur est une r\u00e9compense pour celui qui l&rsquo;a m\u00e9rit\u00e9 sans le chercher...\" \/>\n<meta property=\"og:url\" content=\"https:\/\/infos-droitshumains.net\/?p=318\" \/>\n<meta property=\"og:site_name\" content=\"Infos Droits Humains\" \/>\n<meta property=\"article:published_time\" content=\"2021-05-13T14:47:43+00:00\" \/>\n<meta property=\"article:modified_time\" content=\"2023-10-10T12:32:20+00:00\" \/>\n<meta property=\"og:image\" content=\"https:\/\/infos-droitshumains.net\/wp-content\/uploads\/2021\/05\/IMG_20231005_120915_16.jpg\" \/>\n\t<meta property=\"og:image:width\" content=\"874\" \/>\n\t<meta property=\"og:image:height\" content=\"718\" \/>\n\t<meta property=\"og:image:type\" content=\"image\/jpeg\" \/>\n<meta name=\"author\" content=\"Jo\u00ebl Diawa\" \/>\n<meta name=\"twitter:card\" content=\"summary_large_image\" \/>\n<meta name=\"twitter:label1\" content=\"\u00c9crit par\" \/>\n\t<meta name=\"twitter:data1\" content=\"Jo\u00ebl Diawa\" \/>\n\t<meta name=\"twitter:label2\" content=\"Dur\u00e9e de lecture estim\u00e9e\" \/>\n\t<meta name=\"twitter:data2\" content=\"3 minutes\" \/>\n<script type=\"application\/ld+json\" class=\"yoast-schema-graph\">{\"@context\":\"https:\\\/\\\/schema.org\",\"@graph\":[{\"@type\":\"Article\",\"@id\":\"https:\\\/\\\/infos-droitshumains.net\\\/?p=318#article\",\"isPartOf\":{\"@id\":\"https:\\\/\\\/infos-droitshumains.net\\\/?p=318\"},\"author\":{\"name\":\"Jo\u00ebl Diawa\",\"@id\":\"https:\\\/\\\/infos-droitshumains.net\\\/#\\\/schema\\\/person\\\/3dc5e921c3302172e0ed4362f96faab7\"},\"headline\":\"Kinshasa : Taty Mungende Sangumpamba, ce magistrat qui incarne la vison du chef de l&rsquo;\u00c9tat \u00e0 Mbankana vient d&rsquo;\u00eatre r\u00e9compens\u00e9.\",\"datePublished\":\"2021-05-13T14:47:43+00:00\",\"dateModified\":\"2023-10-10T12:32:20+00:00\",\"mainEntityOfPage\":{\"@id\":\"https:\\\/\\\/infos-droitshumains.net\\\/?p=318\"},\"wordCount\":422,\"commentCount\":0,\"publisher\":{\"@id\":\"https:\\\/\\\/infos-droitshumains.net\\\/#organization\"},\"image\":{\"@id\":\"https:\\\/\\\/infos-droitshumains.net\\\/?p=318#primaryimage\"},\"thumbnailUrl\":\"https:\\\/\\\/i0.wp.com\\\/infos-droitshumains.net\\\/wp-content\\\/uploads\\\/2021\\\/05\\\/IMG_20231005_120915_16.jpg?fit=874%2C718&ssl=1\",\"articleSection\":[\"Justice\"],\"inLanguage\":\"fr-FR\",\"potentialAction\":[{\"@type\":\"CommentAction\",\"name\":\"Comment\",\"target\":[\"https:\\\/\\\/infos-droitshumains.net\\\/?p=318#respond\"]}]},{\"@type\":\"WebPage\",\"@id\":\"https:\\\/\\\/infos-droitshumains.net\\\/?p=318\",\"url\":\"https:\\\/\\\/infos-droitshumains.net\\\/?p=318\",\"name\":\"Kinshasa : Taty Mungende Sangumpamba, ce magistrat qui incarne la vison du chef de l'\u00c9tat \u00e0 Mbankana vient d'\u00eatre r\u00e9compens\u00e9. - Infos Droits Humains\",\"isPartOf\":{\"@id\":\"https:\\\/\\\/infos-droitshumains.net\\\/#website\"},\"primaryImageOfPage\":{\"@id\":\"https:\\\/\\\/infos-droitshumains.net\\\/?p=318#primaryimage\"},\"image\":{\"@id\":\"https:\\\/\\\/infos-droitshumains.net\\\/?p=318#primaryimage\"},\"thumbnailUrl\":\"https:\\\/\\\/i0.wp.com\\\/infos-droitshumains.net\\\/wp-content\\\/uploads\\\/2021\\\/05\\\/IMG_20231005_120915_16.jpg?fit=874%2C718&ssl=1\",\"datePublished\":\"2021-05-13T14:47:43+00:00\",\"dateModified\":\"2023-10-10T12:32:20+00:00\",\"breadcrumb\":{\"@id\":\"https:\\\/\\\/infos-droitshumains.net\\\/?p=318#breadcrumb\"},\"inLanguage\":\"fr-FR\",\"potentialAction\":[{\"@type\":\"ReadAction\",\"target\":[\"https:\\\/\\\/infos-droitshumains.net\\\/?p=318\"]}]},{\"@type\":\"ImageObject\",\"inLanguage\":\"fr-FR\",\"@id\":\"https:\\\/\\\/infos-droitshumains.net\\\/?p=318#primaryimage\",\"url\":\"https:\\\/\\\/i0.wp.com\\\/infos-droitshumains.net\\\/wp-content\\\/uploads\\\/2021\\\/05\\\/IMG_20231005_120915_16.jpg?fit=874%2C718&ssl=1\",\"contentUrl\":\"https:\\\/\\\/i0.wp.com\\\/infos-droitshumains.net\\\/wp-content\\\/uploads\\\/2021\\\/05\\\/IMG_20231005_120915_16.jpg?fit=874%2C718&ssl=1\",\"width\":874,\"height\":718},{\"@type\":\"BreadcrumbList\",\"@id\":\"https:\\\/\\\/infos-droitshumains.net\\\/?p=318#breadcrumb\",\"itemListElement\":[{\"@type\":\"ListItem\",\"position\":1,\"name\":\"Accueil\",\"item\":\"https:\\\/\\\/infos-droitshumains.net\\\/\"},{\"@type\":\"ListItem\",\"position\":2,\"name\":\"Kinshasa : Taty Mungende Sangumpamba, ce magistrat qui incarne la vison du chef de l&rsquo;\u00c9tat \u00e0 Mbankana vient d&rsquo;\u00eatre r\u00e9compens\u00e9.\"}]},{\"@type\":\"WebSite\",\"@id\":\"https:\\\/\\\/infos-droitshumains.net\\\/#website\",\"url\":\"https:\\\/\\\/infos-droitshumains.net\\\/\",\"name\":\"Infos Droits Humains\",\"description\":\"S&#039;informer est un droit\",\"publisher\":{\"@id\":\"https:\\\/\\\/infos-droitshumains.net\\\/#organization\"},\"potentialAction\":[{\"@type\":\"SearchAction\",\"target\":{\"@type\":\"EntryPoint\",\"urlTemplate\":\"https:\\\/\\\/infos-droitshumains.net\\\/?s={search_term_string}\"},\"query-input\":{\"@type\":\"PropertyValueSpecification\",\"valueRequired\":true,\"valueName\":\"search_term_string\"}}],\"inLanguage\":\"fr-FR\"},{\"@type\":\"Organization\",\"@id\":\"https:\\\/\\\/infos-droitshumains.net\\\/#organization\",\"name\":\"Infos Droits Humains\",\"url\":\"https:\\\/\\\/infos-droitshumains.net\\\/\",\"logo\":{\"@type\":\"ImageObject\",\"inLanguage\":\"fr-FR\",\"@id\":\"https:\\\/\\\/infos-droitshumains.net\\\/#\\\/schema\\\/logo\\\/image\\\/\",\"url\":\"https:\\\/\\\/i0.wp.com\\\/infos-droitshumains.net\\\/wp-content\\\/uploads\\\/2022\\\/05\\\/Logo.png?fit=333%2C129&ssl=1\",\"contentUrl\":\"https:\\\/\\\/i0.wp.com\\\/infos-droitshumains.net\\\/wp-content\\\/uploads\\\/2022\\\/05\\\/Logo.png?fit=333%2C129&ssl=1\",\"width\":333,\"height\":129,\"caption\":\"Infos Droits Humains\"},\"image\":{\"@id\":\"https:\\\/\\\/infos-droitshumains.net\\\/#\\\/schema\\\/logo\\\/image\\\/\"}},{\"@type\":\"Person\",\"@id\":\"https:\\\/\\\/infos-droitshumains.net\\\/#\\\/schema\\\/person\\\/3dc5e921c3302172e0ed4362f96faab7\",\"name\":\"Jo\u00ebl Diawa\",\"image\":{\"@type\":\"ImageObject\",\"inLanguage\":\"fr-FR\",\"@id\":\"https:\\\/\\\/secure.gravatar.com\\\/avatar\\\/729bea6ff4604c624417803c477363be8e3c7186deaa65713313f9b4b820f41c?s=96&d=mm&r=g\",\"url\":\"https:\\\/\\\/secure.gravatar.com\\\/avatar\\\/729bea6ff4604c624417803c477363be8e3c7186deaa65713313f9b4b820f41c?s=96&d=mm&r=g\",\"contentUrl\":\"https:\\\/\\\/secure.gravatar.com\\\/avatar\\\/729bea6ff4604c624417803c477363be8e3c7186deaa65713313f9b4b820f41c?s=96&d=mm&r=g\",\"caption\":\"Jo\u00ebl Diawa\"},\"sameAs\":[\"https:\\\/\\\/www.infos-droitshumains.net\"],\"url\":\"https:\\\/\\\/infos-droitshumains.net\\\/?author=2\"}]}<\/script>\n<!-- \/ Yoast SEO plugin. -->","yoast_head_json":{"title":"Kinshasa : Taty Mungende Sangumpamba, ce magistrat qui incarne la vison du chef de l'\u00c9tat \u00e0 Mbankana vient d'\u00eatre r\u00e9compens\u00e9. - Infos Droits Humains","robots":{"index":"index","follow":"follow","max-snippet":"max-snippet:-1","max-image-preview":"max-image-preview:large","max-video-preview":"max-video-preview:-1"},"canonical":"https:\/\/infos-droitshumains.net\/?p=318","og_locale":"fr_FR","og_type":"article","og_title":"Kinshasa : Taty Mungende Sangumpamba, ce magistrat qui incarne la vison du chef de l'\u00c9tat \u00e0 Mbankana vient d'\u00eatre r\u00e9compens\u00e9. - Infos Droits Humains","og_description":"R\u00e9daction :+243817406088 Le bonheur est une r\u00e9compense pour celui qui l&rsquo;a m\u00e9rit\u00e9 sans le chercher...","og_url":"https:\/\/infos-droitshumains.net\/?p=318","og_site_name":"Infos Droits Humains","article_published_time":"2021-05-13T14:47:43+00:00","article_modified_time":"2023-10-10T12:32:20+00:00","og_image":[{"width":874,"height":718,"url":"https:\/\/infos-droitshumains.net\/wp-content\/uploads\/2021\/05\/IMG_20231005_120915_16.jpg","type":"image\/jpeg"}],"author":"Jo\u00ebl Diawa","twitter_card":"summary_large_image","twitter_misc":{"\u00c9crit par":"Jo\u00ebl Diawa","Dur\u00e9e de lecture estim\u00e9e":"3 minutes"},"schema":{"@context":"https:\/\/schema.org","@graph":[{"@type":"Article","@id":"https:\/\/infos-droitshumains.net\/?p=318#article","isPartOf":{"@id":"https:\/\/infos-droitshumains.net\/?p=318"},"author":{"name":"Jo\u00ebl Diawa","@id":"https:\/\/infos-droitshumains.net\/#\/schema\/person\/3dc5e921c3302172e0ed4362f96faab7"},"headline":"Kinshasa : Taty Mungende Sangumpamba, ce magistrat qui incarne la vison du chef de l&rsquo;\u00c9tat \u00e0 Mbankana vient d&rsquo;\u00eatre r\u00e9compens\u00e9.","datePublished":"2021-05-13T14:47:43+00:00","dateModified":"2023-10-10T12:32:20+00:00","mainEntityOfPage":{"@id":"https:\/\/infos-droitshumains.net\/?p=318"},"wordCount":422,"commentCount":0,"publisher":{"@id":"https:\/\/infos-droitshumains.net\/#organization"},"image":{"@id":"https:\/\/infos-droitshumains.net\/?p=318#primaryimage"},"thumbnailUrl":"https:\/\/i0.wp.com\/infos-droitshumains.net\/wp-content\/uploads\/2021\/05\/IMG_20231005_120915_16.jpg?fit=874%2C718&ssl=1","articleSection":["Justice"],"inLanguage":"fr-FR","potentialAction":[{"@type":"CommentAction","name":"Comment","target":["https:\/\/infos-droitshumains.net\/?p=318#respond"]}]},{"@type":"WebPage","@id":"https:\/\/infos-droitshumains.net\/?p=318","url":"https:\/\/infos-droitshumains.net\/?p=318","name":"Kinshasa : Taty Mungende Sangumpamba, ce magistrat qui incarne la vison du chef de l'\u00c9tat \u00e0 Mbankana vient d'\u00eatre r\u00e9compens\u00e9. - Infos Droits Humains","isPartOf":{"@id":"https:\/\/infos-droitshumains.net\/#website"},"primaryImageOfPage":{"@id":"https:\/\/infos-droitshumains.net\/?p=318#primaryimage"},"image":{"@id":"https:\/\/infos-droitshumains.net\/?p=318#primaryimage"},"thumbnailUrl":"https:\/\/i0.wp.com\/infos-droitshumains.net\/wp-content\/uploads\/2021\/05\/IMG_20231005_120915_16.jpg?fit=874%2C718&ssl=1","datePublished":"2021-05-13T14:47:43+00:00","dateModified":"2023-10-10T12:32:20+00:00","breadcrumb":{"@id":"https:\/\/infos-droitshumains.net\/?p=318#breadcrumb"},"inLanguage":"fr-FR","potentialAction":[{"@type":"ReadAction","target":["https:\/\/infos-droitshumains.net\/?p=318"]}]},{"@type":"ImageObject","inLanguage":"fr-FR","@id":"https:\/\/infos-droitshumains.net\/?p=318#primaryimage","url":"https:\/\/i0.wp.com\/infos-droitshumains.net\/wp-content\/uploads\/2021\/05\/IMG_20231005_120915_16.jpg?fit=874%2C718&ssl=1","contentUrl":"https:\/\/i0.wp.com\/infos-droitshumains.net\/wp-content\/uploads\/2021\/05\/IMG_20231005_120915_16.jpg?fit=874%2C718&ssl=1","width":874,"height":718},{"@type":"BreadcrumbList","@id":"https:\/\/infos-droitshumains.net\/?p=318#breadcrumb","itemListElement":[{"@type":"ListItem","position":1,"name":"Accueil","item":"https:\/\/infos-droitshumains.net\/"},{"@type":"ListItem","position":2,"name":"Kinshasa : Taty Mungende Sangumpamba, ce magistrat qui incarne la vison du chef de l&rsquo;\u00c9tat \u00e0 Mbankana vient d&rsquo;\u00eatre r\u00e9compens\u00e9."}]},{"@type":"WebSite","@id":"https:\/\/infos-droitshumains.net\/#website","url":"https:\/\/infos-droitshumains.net\/","name":"Infos Droits Humains","description":"S&#039;informer est un droit","publisher":{"@id":"https:\/\/infos-droitshumains.net\/#organization"},"potentialAction":[{"@type":"SearchAction","target":{"@type":"EntryPoint","urlTemplate":"https:\/\/infos-droitshumains.net\/?s={search_term_string}"},"query-input":{"@type":"PropertyValueSpecification","valueRequired":true,"valueName":"search_term_string"}}],"inLanguage":"fr-FR"},{"@type":"Organization","@id":"https:\/\/infos-droitshumains.net\/#organization","name":"Infos Droits Humains","url":"https:\/\/infos-droitshumains.net\/","logo":{"@type":"ImageObject","inLanguage":"fr-FR","@id":"https:\/\/infos-droitshumains.net\/#\/schema\/logo\/image\/","url":"https:\/\/i0.wp.com\/infos-droitshumains.net\/wp-content\/uploads\/2022\/05\/Logo.png?fit=333%2C129&ssl=1","contentUrl":"https:\/\/i0.wp.com\/infos-droitshumains.net\/wp-content\/uploads\/2022\/05\/Logo.png?fit=333%2C129&ssl=1","width":333,"height":129,"caption":"Infos Droits Humains"},"image":{"@id":"https:\/\/infos-droitshumains.net\/#\/schema\/logo\/image\/"}},{"@type":"Person","@id":"https:\/\/infos-droitshumains.net\/#\/schema\/person\/3dc5e921c3302172e0ed4362f96faab7","name":"Jo\u00ebl Diawa","image":{"@type":"ImageObject","inLanguage":"fr-FR","@id":"https:\/\/secure.gravatar.com\/avatar\/729bea6ff4604c624417803c477363be8e3c7186deaa65713313f9b4b820f41c?s=96&d=mm&r=g","url":"https:\/\/secure.gravatar.com\/avatar\/729bea6ff4604c624417803c477363be8e3c7186deaa65713313f9b4b820f41c?s=96&d=mm&r=g","contentUrl":"https:\/\/secure.gravatar.com\/avatar\/729bea6ff4604c624417803c477363be8e3c7186deaa65713313f9b4b820f41c?s=96&d=mm&r=g","caption":"Jo\u00ebl Diawa"},"sameAs":["https:\/\/www.infos-droitshumains.net"],"url":"https:\/\/infos-droitshumains.net\/?author=2"}]}},"featured_image_urls":{"full":["https:\/\/i0.wp.com\/infos-droitshumains.net\/wp-content\/uploads\/2021\/05\/IMG_20231005_120915_16.jpg?fit=874%2C718&ssl=1",874,718,false],"thumbnail":["https:\/\/i0.wp.com\/infos-droitshumains.net\/wp-content\/uploads\/2021\/05\/IMG_20231005_120915_16.jpg?resize=150%2C150&ssl=1",150,150,true],"medium":["https:\/\/i0.wp.com\/infos-droitshumains.net\/wp-content\/uploads\/2021\/05\/IMG_20231005_120915_16.jpg?fit=300%2C246&ssl=1",300,246,true],"medium_large":["https:\/\/i0.wp.com\/infos-droitshumains.net\/wp-content\/uploads\/2021\/05\/IMG_20231005_120915_16.jpg?fit=640%2C526&ssl=1",640,526,true],"large":["https:\/\/i0.wp.com\/infos-droitshumains.net\/wp-content\/uploads\/2021\/05\/IMG_20231005_120915_16.jpg?fit=640%2C526&ssl=1",640,526,true],"1536x1536":["https:\/\/i0.wp.com\/infos-droitshumains.net\/wp-content\/uploads\/2021\/05\/IMG_20231005_120915_16.jpg?fit=874%2C718&ssl=1",874,718,true],"2048x2048":["https:\/\/i0.wp.com\/infos-droitshumains.net\/wp-content\/uploads\/2021\/05\/IMG_20231005_120915_16.jpg?fit=874%2C718&ssl=1",874,718,true],"covernews-slider-full":["https:\/\/i0.wp.com\/infos-droitshumains.net\/wp-content\/uploads\/2021\/05\/IMG_20231005_120915_16.jpg?resize=874%2C715&ssl=1",874,715,true],"covernews-slider-center":["https:\/\/i0.wp.com\/infos-droitshumains.net\/wp-content\/uploads\/2021\/05\/IMG_20231005_120915_16.jpg?resize=800%2C500&ssl=1",800,500,true],"covernews-featured":["https:\/\/i0.wp.com\/infos-droitshumains.net\/wp-content\/uploads\/2021\/05\/IMG_20231005_120915_16.jpg?fit=874%2C718&ssl=1",874,718,true],"covernews-medium":["https:\/\/i0.wp.com\/infos-droitshumains.net\/wp-content\/uploads\/2021\/05\/IMG_20231005_120915_16.jpg?resize=540%2C340&ssl=1",540,340,true],"covernews-medium-square":["https:\/\/i0.wp.com\/infos-droitshumains.net\/wp-content\/uploads\/2021\/05\/IMG_20231005_120915_16.jpg?resize=400%2C250&ssl=1",400,250,true]},"author_info":{"display_name":"Jo\u00ebl Diawa","author_link":"https:\/\/infos-droitshumains.net\/?author=2"},"category_info":"<a href=\"https:\/\/infos-droitshumains.net\/?cat=6\" rel=\"category\">Justice<\/a>","tag_info":"Justice","comment_count":"0","jetpack_featured_media_url":"https:\/\/i0.wp.com\/infos-droitshumains.net\/wp-content\/uploads\/2021\/05\/IMG_20231005_120915_16.jpg?fit=874%2C718&ssl=1","jetpack-related-posts":[],"jetpack_sharing_enabled":true,"_links":{"self":[{"href":"https:\/\/infos-droitshumains.net\/index.php?rest_route=\/wp\/v2\/posts\/318","targetHints":{"allow":["GET"]}}],"collection":[{"href":"https:\/\/infos-droitshumains.net\/index.php?rest_route=\/wp\/v2\/posts"}],"about":[{"href":"https:\/\/infos-droitshumains.net\/index.php?rest_route=\/wp\/v2\/types\/post"}],"author":[{"embeddable":true,"href":"https:\/\/infos-droitshumains.net\/index.php?rest_route=\/wp\/v2\/users\/2"}],"replies":[{"embeddable":true,"href":"https:\/\/infos-droitshumains.net\/index.php?rest_route=%2Fwp%2Fv2%2Fcomments&post=318"}],"version-history":[{"count":7,"href":"https:\/\/infos-droitshumains.net\/index.php?rest_route=\/wp\/v2\/posts\/318\/revisions"}],"predecessor-version":[{"id":8280,"href":"https:\/\/infos-droitshumains.net\/index.php?rest_route=\/wp\/v2\/posts\/318\/revisions\/8280"}],"wp:featuredmedia":[{"embeddable":true,"href":"https:\/\/infos-droitshumains.net\/index.php?rest_route=\/wp\/v2\/media\/8275"}],"wp:attachment":[{"href":"https:\/\/infos-droitshumains.net\/index.php?rest_route=%2Fwp%2Fv2%2Fmedia&parent=318"}],"wp:term":[{"taxonomy":"category","embeddable":true,"href":"https:\/\/infos-droitshumains.net\/index.php?rest_route=%2Fwp%2Fv2%2Fcategories&post=318"},{"taxonomy":"post_tag","embeddable":true,"href":"https:\/\/infos-droitshumains.net\/index.php?rest_route=%2Fwp%2Fv2%2Ftags&post=318"}],"curies":[{"name":"wp","href":"https:\/\/api.w.org\/{rel}","templated":true}]}}