{"id":312,"date":"2021-05-13T11:35:02","date_gmt":"2021-05-13T09:35:02","guid":{"rendered":"https:\/\/www.infos-droitshumains.net\/?p=312"},"modified":"2023-04-06T12:12:26","modified_gmt":"2023-04-06T10:12:26","slug":"entrepreneuriat-et-pme-le-ministre-eustache-muhanzi-et-loit-unissent-leurs-efforts-pour-promouvoir-lentrepreneuriat-scolaire","status":"publish","type":"post","link":"https:\/\/infos-droitshumains.net\/?p=312","title":{"rendered":"Entrepreneuriat et PME :  Le Ministre Eustache Muhanzi et l&rsquo;OIT unissent leurs efforts pour promouvoir l&rsquo;entrepreneuriat scolaire."},"content":{"rendered":"\n<p>La question de l&rsquo;entreprenariat scolaire \u00e9tait au centre d&rsquo;une audience qu&rsquo;a accord\u00e9 ce mercredi 12 mai, le Ministre d&rsquo;\u00c9tat, Ministre de l&rsquo;Entrepreneuriat, Petites et Moyennes Entreprises \u00e0 la d\u00e9l\u00e9gation de l&rsquo;Organisation Internationale du Travail, OIT, conduite par la Directrice Kinshasa, Aminata Maiba.<\/p>\n\n\n\n<p>Cette Organisation qui ne cesse d&rsquo;accompagner la R\u00e9publique D\u00e9mocratique du Congo dans ses efforts de d\u00e9veloppement est \u00e9galement int\u00e9ress\u00e9e par le secteur de l&rsquo;Entrepreneuriat. C&rsquo;est dans ce cadre que la d\u00e9l\u00e9gation est venue pr\u00e9senter au Ministre d&rsquo;\u00c9tat, Me Eustache Muhanzi Mubembe un projet sur l&rsquo;Entrepreneuriat scolaire d\u00e9nomm\u00e9 \u00a0\u00bb <em>PRODIGE<\/em> \u00ab\u00a0. Ce projet permettra \u00e0 travers le programme PRONADEC \u00a0\u00bb <em>la stimulation des jeunes \u00e0 l&rsquo;Entrepreneuriat dans un cursus purement scolaire<\/em> \u00a0\u00bb a fait savoir Aminata Maiba au sortir de cette audience.<\/p>\n\n\n\n<figure class=\"wp-block-image size-large\"><img data-recalc-dims=\"1\" height=\"427\" width=\"640\" decoding=\"async\" src=\"https:\/\/i0.wp.com\/www.infos-droitshumains.net\/wp-content\/uploads\/2021\/05\/IMG-20210513-WA0018-1024x683.jpg?resize=640%2C427&#038;ssl=1\" alt=\"\" class=\"wp-image-313\" \/><\/figure>\n\n\n\n<p>S\u00e9duit par le contenu du dit projet, le Ministre d&rsquo;\u00c9tat, ministre de l&rsquo;Entrepreneuriat, PME a remerci\u00e9 l&rsquo;OIT pour sa \u00a0\u00bb <em>louable initiative en faveur des jeunes, espoir de demain capable de participer au d\u00e9veloppement \u00c9conomique du pays.<\/em> \u00ab\u00a0<\/p>\n\n\n\n<figure class=\"wp-block-image size-large\"><img data-recalc-dims=\"1\" height=\"427\" width=\"640\" decoding=\"async\" src=\"https:\/\/i0.wp.com\/www.infos-droitshumains.net\/wp-content\/uploads\/2021\/05\/IMG-20210513-WA0019-1024x683.jpg?resize=640%2C427&#038;ssl=1\" alt=\"\" class=\"wp-image-314\" \/><\/figure>\n\n\n\n<p>Me Eustache Muhanzi Mubembe, s&rsquo;est par ailleurs engag\u00e9, \u00e0 s&rsquo;impliquer personnellement dans ce projet en vue de \u00a0\u00bb <em>garantir sa r\u00e9ussite<\/em> .\u00a0\u00bb<\/p>\n\n\n\n<p>La journ\u00e9e de mercredi a visiblement \u00e9t\u00e9 une journ\u00e9e marathon pour le ministre d&rsquo;\u00c9tat qui avant cette audience, avait re\u00e7u la d\u00e9l\u00e9gation syndicale du Secr\u00e9tariat G\u00e9n\u00e9ral de son minist\u00e8re. Cette rencontre s&rsquo;inscrit dans le cadre de sa nouvelle dynamique de faire l&rsquo;\u00e9tat des lieux de toutes les  institutions et les corporations  sous la tutelle de son Minist\u00e8re. Une occasion pour le pr\u00e9sident de la d\u00e9l\u00e9gation syndicale Jean Malemba, de formuler quelques recommandations li\u00e9es au bon fonctionnement de l&rsquo;administration.<\/p>\n\n\n\n<figure class=\"wp-block-image size-large\"><img data-recalc-dims=\"1\" height=\"427\" width=\"640\" decoding=\"async\" src=\"https:\/\/i0.wp.com\/www.infos-droitshumains.net\/wp-content\/uploads\/2021\/05\/IMG-20210513-WA0004-1024x683.jpg?resize=640%2C427&#038;ssl=1\" alt=\"\" class=\"wp-image-315\" \/><\/figure>\n\n\n\n<p>Rappelons que cette rencontre, qui fait suite \u00e0 une s\u00e9rie des prises de contacts initi\u00e9es par le patron de l&rsquo;Entrepreneuriat et PME, lui a permis de recueillir les dol\u00e9ances des repr\u00e9sentants des fonctionnaires, de comprendre leurs probl\u00e8mes au quotidien et d&rsquo;y apporter des solutions appropri\u00e9es. <\/p>\n\n\n\n<p>Pour se faire Me Eustache Muhanzi Mubembe a exprim\u00e9 sa volont\u00e9   de cr\u00e9er un cadre d&rsquo;\u00e9change, une  plate forme de travail qui doit permettre une collaboration franche, permanente et sinc\u00e8re entre le cabinet et l&rsquo;administration.<\/p>\n","protected":false},"excerpt":{"rendered":"<p>La question de l&rsquo;entreprenariat scolaire \u00e9tait au centre d&rsquo;une audience qu&rsquo;a accord\u00e9 ce mercredi 12&#8230;<\/p>\n","protected":false},"author":2,"featured_media":0,"comment_status":"open","ping_status":"open","sticky":false,"template":"","format":"standard","meta":{"_jetpack_memberships_contains_paid_content":false,"footnotes":""},"categories":[1],"tags":[],"class_list":["post-312","post","type-post","status-publish","format-standard","hentry","category-non-classe"],"yoast_head":"<!-- This site is optimized with the Yoast SEO plugin v27.5 - https:\/\/yoast.com\/product\/yoast-seo-wordpress\/ -->\n<title>Entrepreneuriat et PME : Le Ministre Eustache Muhanzi et l&#039;OIT unissent leurs efforts pour promouvoir l&#039;entrepreneuriat scolaire. - Infos Droits Humains<\/title>\n<meta name=\"robots\" content=\"index, follow, max-snippet:-1, max-image-preview:large, max-video-preview:-1\" \/>\n<link rel=\"canonical\" href=\"https:\/\/infos-droitshumains.net\/?p=312\" \/>\n<meta property=\"og:locale\" content=\"fr_FR\" \/>\n<meta property=\"og:type\" content=\"article\" \/>\n<meta property=\"og:title\" content=\"Entrepreneuriat et PME : Le Ministre Eustache Muhanzi et l&#039;OIT unissent leurs efforts pour promouvoir l&#039;entrepreneuriat scolaire. - Infos Droits Humains\" \/>\n<meta property=\"og:description\" content=\"La question de l&rsquo;entreprenariat scolaire \u00e9tait au centre d&rsquo;une audience qu&rsquo;a accord\u00e9 ce mercredi 12...\" \/>\n<meta property=\"og:url\" content=\"https:\/\/infos-droitshumains.net\/?p=312\" \/>\n<meta property=\"og:site_name\" content=\"Infos Droits Humains\" \/>\n<meta property=\"article:published_time\" content=\"2021-05-13T09:35:02+00:00\" \/>\n<meta property=\"article:modified_time\" content=\"2023-04-06T10:12:26+00:00\" \/>\n<meta property=\"og:image\" content=\"https:\/\/www.infos-droitshumains.net\/wp-content\/uploads\/2021\/05\/IMG-20210513-WA0018-1024x683.jpg\" \/>\n<meta name=\"author\" content=\"Jo\u00ebl Diawa\" \/>\n<meta name=\"twitter:card\" content=\"summary_large_image\" \/>\n<meta name=\"twitter:label1\" content=\"\u00c9crit par\" \/>\n\t<meta name=\"twitter:data1\" content=\"Jo\u00ebl Diawa\" \/>\n\t<meta name=\"twitter:label2\" content=\"Dur\u00e9e de lecture estim\u00e9e\" \/>\n\t<meta name=\"twitter:data2\" content=\"2 minutes\" \/>\n<script type=\"application\/ld+json\" class=\"yoast-schema-graph\">{\"@context\":\"https:\\\/\\\/schema.org\",\"@graph\":[{\"@type\":\"Article\",\"@id\":\"https:\\\/\\\/infos-droitshumains.net\\\/?p=312#article\",\"isPartOf\":{\"@id\":\"https:\\\/\\\/infos-droitshumains.net\\\/?p=312\"},\"author\":{\"name\":\"Jo\u00ebl Diawa\",\"@id\":\"https:\\\/\\\/infos-droitshumains.net\\\/#\\\/schema\\\/person\\\/3dc5e921c3302172e0ed4362f96faab7\"},\"headline\":\"Entrepreneuriat et PME : Le Ministre Eustache Muhanzi et l&rsquo;OIT unissent leurs efforts pour promouvoir l&rsquo;entrepreneuriat scolaire.\",\"datePublished\":\"2021-05-13T09:35:02+00:00\",\"dateModified\":\"2023-04-06T10:12:26+00:00\",\"mainEntityOfPage\":{\"@id\":\"https:\\\/\\\/infos-droitshumains.net\\\/?p=312\"},\"wordCount\":385,\"commentCount\":0,\"publisher\":{\"@id\":\"https:\\\/\\\/infos-droitshumains.net\\\/#organization\"},\"image\":{\"@id\":\"https:\\\/\\\/infos-droitshumains.net\\\/?p=312#primaryimage\"},\"thumbnailUrl\":\"https:\\\/\\\/www.infos-droitshumains.net\\\/wp-content\\\/uploads\\\/2021\\\/05\\\/IMG-20210513-WA0018-1024x683.jpg\",\"inLanguage\":\"fr-FR\",\"potentialAction\":[{\"@type\":\"CommentAction\",\"name\":\"Comment\",\"target\":[\"https:\\\/\\\/infos-droitshumains.net\\\/?p=312#respond\"]}]},{\"@type\":\"WebPage\",\"@id\":\"https:\\\/\\\/infos-droitshumains.net\\\/?p=312\",\"url\":\"https:\\\/\\\/infos-droitshumains.net\\\/?p=312\",\"name\":\"Entrepreneuriat et PME : Le Ministre Eustache Muhanzi et l'OIT unissent leurs efforts pour promouvoir l'entrepreneuriat scolaire. - Infos Droits Humains\",\"isPartOf\":{\"@id\":\"https:\\\/\\\/infos-droitshumains.net\\\/#website\"},\"primaryImageOfPage\":{\"@id\":\"https:\\\/\\\/infos-droitshumains.net\\\/?p=312#primaryimage\"},\"image\":{\"@id\":\"https:\\\/\\\/infos-droitshumains.net\\\/?p=312#primaryimage\"},\"thumbnailUrl\":\"https:\\\/\\\/www.infos-droitshumains.net\\\/wp-content\\\/uploads\\\/2021\\\/05\\\/IMG-20210513-WA0018-1024x683.jpg\",\"datePublished\":\"2021-05-13T09:35:02+00:00\",\"dateModified\":\"2023-04-06T10:12:26+00:00\",\"breadcrumb\":{\"@id\":\"https:\\\/\\\/infos-droitshumains.net\\\/?p=312#breadcrumb\"},\"inLanguage\":\"fr-FR\",\"potentialAction\":[{\"@type\":\"ReadAction\",\"target\":[\"https:\\\/\\\/infos-droitshumains.net\\\/?p=312\"]}]},{\"@type\":\"ImageObject\",\"inLanguage\":\"fr-FR\",\"@id\":\"https:\\\/\\\/infos-droitshumains.net\\\/?p=312#primaryimage\",\"url\":\"https:\\\/\\\/www.infos-droitshumains.net\\\/wp-content\\\/uploads\\\/2021\\\/05\\\/IMG-20210513-WA0018-1024x683.jpg\",\"contentUrl\":\"https:\\\/\\\/www.infos-droitshumains.net\\\/wp-content\\\/uploads\\\/2021\\\/05\\\/IMG-20210513-WA0018-1024x683.jpg\"},{\"@type\":\"BreadcrumbList\",\"@id\":\"https:\\\/\\\/infos-droitshumains.net\\\/?p=312#breadcrumb\",\"itemListElement\":[{\"@type\":\"ListItem\",\"position\":1,\"name\":\"Accueil\",\"item\":\"https:\\\/\\\/infos-droitshumains.net\\\/\"},{\"@type\":\"ListItem\",\"position\":2,\"name\":\"Entrepreneuriat et PME : Le Ministre Eustache Muhanzi et l&rsquo;OIT unissent leurs efforts pour promouvoir l&rsquo;entrepreneuriat scolaire.\"}]},{\"@type\":\"WebSite\",\"@id\":\"https:\\\/\\\/infos-droitshumains.net\\\/#website\",\"url\":\"https:\\\/\\\/infos-droitshumains.net\\\/\",\"name\":\"Infos Droits Humains\",\"description\":\"S&#039;informer est un droit\",\"publisher\":{\"@id\":\"https:\\\/\\\/infos-droitshumains.net\\\/#organization\"},\"potentialAction\":[{\"@type\":\"SearchAction\",\"target\":{\"@type\":\"EntryPoint\",\"urlTemplate\":\"https:\\\/\\\/infos-droitshumains.net\\\/?s={search_term_string}\"},\"query-input\":{\"@type\":\"PropertyValueSpecification\",\"valueRequired\":true,\"valueName\":\"search_term_string\"}}],\"inLanguage\":\"fr-FR\"},{\"@type\":\"Organization\",\"@id\":\"https:\\\/\\\/infos-droitshumains.net\\\/#organization\",\"name\":\"Infos Droits Humains\",\"url\":\"https:\\\/\\\/infos-droitshumains.net\\\/\",\"logo\":{\"@type\":\"ImageObject\",\"inLanguage\":\"fr-FR\",\"@id\":\"https:\\\/\\\/infos-droitshumains.net\\\/#\\\/schema\\\/logo\\\/image\\\/\",\"url\":\"https:\\\/\\\/i0.wp.com\\\/infos-droitshumains.net\\\/wp-content\\\/uploads\\\/2022\\\/05\\\/Logo.png?fit=333%2C129&ssl=1\",\"contentUrl\":\"https:\\\/\\\/i0.wp.com\\\/infos-droitshumains.net\\\/wp-content\\\/uploads\\\/2022\\\/05\\\/Logo.png?fit=333%2C129&ssl=1\",\"width\":333,\"height\":129,\"caption\":\"Infos Droits Humains\"},\"image\":{\"@id\":\"https:\\\/\\\/infos-droitshumains.net\\\/#\\\/schema\\\/logo\\\/image\\\/\"}},{\"@type\":\"Person\",\"@id\":\"https:\\\/\\\/infos-droitshumains.net\\\/#\\\/schema\\\/person\\\/3dc5e921c3302172e0ed4362f96faab7\",\"name\":\"Jo\u00ebl Diawa\",\"image\":{\"@type\":\"ImageObject\",\"inLanguage\":\"fr-FR\",\"@id\":\"https:\\\/\\\/secure.gravatar.com\\\/avatar\\\/729bea6ff4604c624417803c477363be8e3c7186deaa65713313f9b4b820f41c?s=96&d=mm&r=g\",\"url\":\"https:\\\/\\\/secure.gravatar.com\\\/avatar\\\/729bea6ff4604c624417803c477363be8e3c7186deaa65713313f9b4b820f41c?s=96&d=mm&r=g\",\"contentUrl\":\"https:\\\/\\\/secure.gravatar.com\\\/avatar\\\/729bea6ff4604c624417803c477363be8e3c7186deaa65713313f9b4b820f41c?s=96&d=mm&r=g\",\"caption\":\"Jo\u00ebl Diawa\"},\"sameAs\":[\"https:\\\/\\\/www.infos-droitshumains.net\"],\"url\":\"https:\\\/\\\/infos-droitshumains.net\\\/?author=2\"}]}<\/script>\n<!-- \/ Yoast SEO plugin. -->","yoast_head_json":{"title":"Entrepreneuriat et PME : Le Ministre Eustache Muhanzi et l'OIT unissent leurs efforts pour promouvoir l'entrepreneuriat scolaire. - Infos Droits Humains","robots":{"index":"index","follow":"follow","max-snippet":"max-snippet:-1","max-image-preview":"max-image-preview:large","max-video-preview":"max-video-preview:-1"},"canonical":"https:\/\/infos-droitshumains.net\/?p=312","og_locale":"fr_FR","og_type":"article","og_title":"Entrepreneuriat et PME : Le Ministre Eustache Muhanzi et l'OIT unissent leurs efforts pour promouvoir l'entrepreneuriat scolaire. - Infos Droits Humains","og_description":"La question de l&rsquo;entreprenariat scolaire \u00e9tait au centre d&rsquo;une audience qu&rsquo;a accord\u00e9 ce mercredi 12...","og_url":"https:\/\/infos-droitshumains.net\/?p=312","og_site_name":"Infos Droits Humains","article_published_time":"2021-05-13T09:35:02+00:00","article_modified_time":"2023-04-06T10:12:26+00:00","og_image":[{"url":"https:\/\/www.infos-droitshumains.net\/wp-content\/uploads\/2021\/05\/IMG-20210513-WA0018-1024x683.jpg","type":"","width":"","height":""}],"author":"Jo\u00ebl Diawa","twitter_card":"summary_large_image","twitter_misc":{"\u00c9crit par":"Jo\u00ebl Diawa","Dur\u00e9e de lecture estim\u00e9e":"2 minutes"},"schema":{"@context":"https:\/\/schema.org","@graph":[{"@type":"Article","@id":"https:\/\/infos-droitshumains.net\/?p=312#article","isPartOf":{"@id":"https:\/\/infos-droitshumains.net\/?p=312"},"author":{"name":"Jo\u00ebl Diawa","@id":"https:\/\/infos-droitshumains.net\/#\/schema\/person\/3dc5e921c3302172e0ed4362f96faab7"},"headline":"Entrepreneuriat et PME : Le Ministre Eustache Muhanzi et l&rsquo;OIT unissent leurs efforts pour promouvoir l&rsquo;entrepreneuriat scolaire.","datePublished":"2021-05-13T09:35:02+00:00","dateModified":"2023-04-06T10:12:26+00:00","mainEntityOfPage":{"@id":"https:\/\/infos-droitshumains.net\/?p=312"},"wordCount":385,"commentCount":0,"publisher":{"@id":"https:\/\/infos-droitshumains.net\/#organization"},"image":{"@id":"https:\/\/infos-droitshumains.net\/?p=312#primaryimage"},"thumbnailUrl":"https:\/\/www.infos-droitshumains.net\/wp-content\/uploads\/2021\/05\/IMG-20210513-WA0018-1024x683.jpg","inLanguage":"fr-FR","potentialAction":[{"@type":"CommentAction","name":"Comment","target":["https:\/\/infos-droitshumains.net\/?p=312#respond"]}]},{"@type":"WebPage","@id":"https:\/\/infos-droitshumains.net\/?p=312","url":"https:\/\/infos-droitshumains.net\/?p=312","name":"Entrepreneuriat et PME : Le Ministre Eustache Muhanzi et l'OIT unissent leurs efforts pour promouvoir l'entrepreneuriat scolaire. - Infos Droits Humains","isPartOf":{"@id":"https:\/\/infos-droitshumains.net\/#website"},"primaryImageOfPage":{"@id":"https:\/\/infos-droitshumains.net\/?p=312#primaryimage"},"image":{"@id":"https:\/\/infos-droitshumains.net\/?p=312#primaryimage"},"thumbnailUrl":"https:\/\/www.infos-droitshumains.net\/wp-content\/uploads\/2021\/05\/IMG-20210513-WA0018-1024x683.jpg","datePublished":"2021-05-13T09:35:02+00:00","dateModified":"2023-04-06T10:12:26+00:00","breadcrumb":{"@id":"https:\/\/infos-droitshumains.net\/?p=312#breadcrumb"},"inLanguage":"fr-FR","potentialAction":[{"@type":"ReadAction","target":["https:\/\/infos-droitshumains.net\/?p=312"]}]},{"@type":"ImageObject","inLanguage":"fr-FR","@id":"https:\/\/infos-droitshumains.net\/?p=312#primaryimage","url":"https:\/\/www.infos-droitshumains.net\/wp-content\/uploads\/2021\/05\/IMG-20210513-WA0018-1024x683.jpg","contentUrl":"https:\/\/www.infos-droitshumains.net\/wp-content\/uploads\/2021\/05\/IMG-20210513-WA0018-1024x683.jpg"},{"@type":"BreadcrumbList","@id":"https:\/\/infos-droitshumains.net\/?p=312#breadcrumb","itemListElement":[{"@type":"ListItem","position":1,"name":"Accueil","item":"https:\/\/infos-droitshumains.net\/"},{"@type":"ListItem","position":2,"name":"Entrepreneuriat et PME : Le Ministre Eustache Muhanzi et l&rsquo;OIT unissent leurs efforts pour promouvoir l&rsquo;entrepreneuriat scolaire."}]},{"@type":"WebSite","@id":"https:\/\/infos-droitshumains.net\/#website","url":"https:\/\/infos-droitshumains.net\/","name":"Infos Droits Humains","description":"S&#039;informer est un droit","publisher":{"@id":"https:\/\/infos-droitshumains.net\/#organization"},"potentialAction":[{"@type":"SearchAction","target":{"@type":"EntryPoint","urlTemplate":"https:\/\/infos-droitshumains.net\/?s={search_term_string}"},"query-input":{"@type":"PropertyValueSpecification","valueRequired":true,"valueName":"search_term_string"}}],"inLanguage":"fr-FR"},{"@type":"Organization","@id":"https:\/\/infos-droitshumains.net\/#organization","name":"Infos Droits Humains","url":"https:\/\/infos-droitshumains.net\/","logo":{"@type":"ImageObject","inLanguage":"fr-FR","@id":"https:\/\/infos-droitshumains.net\/#\/schema\/logo\/image\/","url":"https:\/\/i0.wp.com\/infos-droitshumains.net\/wp-content\/uploads\/2022\/05\/Logo.png?fit=333%2C129&ssl=1","contentUrl":"https:\/\/i0.wp.com\/infos-droitshumains.net\/wp-content\/uploads\/2022\/05\/Logo.png?fit=333%2C129&ssl=1","width":333,"height":129,"caption":"Infos Droits Humains"},"image":{"@id":"https:\/\/infos-droitshumains.net\/#\/schema\/logo\/image\/"}},{"@type":"Person","@id":"https:\/\/infos-droitshumains.net\/#\/schema\/person\/3dc5e921c3302172e0ed4362f96faab7","name":"Jo\u00ebl Diawa","image":{"@type":"ImageObject","inLanguage":"fr-FR","@id":"https:\/\/secure.gravatar.com\/avatar\/729bea6ff4604c624417803c477363be8e3c7186deaa65713313f9b4b820f41c?s=96&d=mm&r=g","url":"https:\/\/secure.gravatar.com\/avatar\/729bea6ff4604c624417803c477363be8e3c7186deaa65713313f9b4b820f41c?s=96&d=mm&r=g","contentUrl":"https:\/\/secure.gravatar.com\/avatar\/729bea6ff4604c624417803c477363be8e3c7186deaa65713313f9b4b820f41c?s=96&d=mm&r=g","caption":"Jo\u00ebl Diawa"},"sameAs":["https:\/\/www.infos-droitshumains.net"],"url":"https:\/\/infos-droitshumains.net\/?author=2"}]}},"featured_image_urls":{"full":"","thumbnail":"","medium":"","medium_large":"","large":"","1536x1536":"","2048x2048":"","covernews-slider-full":"","covernews-slider-center":"","covernews-featured":"","covernews-medium":"","covernews-medium-square":""},"author_info":{"display_name":"Jo\u00ebl Diawa","author_link":"https:\/\/infos-droitshumains.net\/?author=2"},"category_info":"<a href=\"https:\/\/infos-droitshumains.net\/?cat=1\" rel=\"category\">Non class\u00e9<\/a>","tag_info":"Non class\u00e9","comment_count":"0","jetpack_featured_media_url":"","jetpack-related-posts":[],"jetpack_sharing_enabled":true,"_links":{"self":[{"href":"https:\/\/infos-droitshumains.net\/index.php?rest_route=\/wp\/v2\/posts\/312","targetHints":{"allow":["GET"]}}],"collection":[{"href":"https:\/\/infos-droitshumains.net\/index.php?rest_route=\/wp\/v2\/posts"}],"about":[{"href":"https:\/\/infos-droitshumains.net\/index.php?rest_route=\/wp\/v2\/types\/post"}],"author":[{"embeddable":true,"href":"https:\/\/infos-droitshumains.net\/index.php?rest_route=\/wp\/v2\/users\/2"}],"replies":[{"embeddable":true,"href":"https:\/\/infos-droitshumains.net\/index.php?rest_route=%2Fwp%2Fv2%2Fcomments&post=312"}],"version-history":[{"count":1,"href":"https:\/\/infos-droitshumains.net\/index.php?rest_route=\/wp\/v2\/posts\/312\/revisions"}],"predecessor-version":[{"id":317,"href":"https:\/\/infos-droitshumains.net\/index.php?rest_route=\/wp\/v2\/posts\/312\/revisions\/317"}],"wp:attachment":[{"href":"https:\/\/infos-droitshumains.net\/index.php?rest_route=%2Fwp%2Fv2%2Fmedia&parent=312"}],"wp:term":[{"taxonomy":"category","embeddable":true,"href":"https:\/\/infos-droitshumains.net\/index.php?rest_route=%2Fwp%2Fv2%2Fcategories&post=312"},{"taxonomy":"post_tag","embeddable":true,"href":"https:\/\/infos-droitshumains.net\/index.php?rest_route=%2Fwp%2Fv2%2Ftags&post=312"}],"curies":[{"name":"wp","href":"https:\/\/api.w.org\/{rel}","templated":true}]}}