{"id":308,"date":"2021-05-12T20:47:52","date_gmt":"2021-05-12T18:47:52","guid":{"rendered":"https:\/\/www.infos-droitshumains.net\/?p=308"},"modified":"2023-04-06T12:12:26","modified_gmt":"2023-04-06T10:12:26","slug":"justice-guillaume-pepin-manjolo-relaxe-apres-deux-jours-de-detention-pour-un-pretendu-detournement","status":"publish","type":"post","link":"https:\/\/infos-droitshumains.net\/?p=308","title":{"rendered":"Justice :  Guillaume-P\u00e9pin Manjolo relax\u00e9 apr\u00e8s deux jours de d\u00e9tention pour un pr\u00e9tendu d\u00e9tournement."},"content":{"rendered":"\n<p>C&rsquo;est depuis le lundi 10 mai dernier que Guillaume-P\u00e9pin Manjolo \u00e9tait d\u00e9tenu au cachot de la police judiciaire des parquets.<\/p>\n\n\n\n<p>Il \u00e9tait reproch\u00e9 \u00e0 l&rsquo;ex-ministre de la coop\u00e9ration internationale et int\u00e9gration r\u00e9gionale d&rsquo;avoir pr\u00e9tendument d\u00e9tourn\u00e9 la bagatelle somme de 100.000 dollars am\u00e9ricains destin\u00e9s au frais de fonctionnement de son minist\u00e8re.<\/p>\n\n\n\n<p>A en croire l&rsquo;inspecteur en chef du parquet g\u00e9n\u00e9ral pr\u00e8s la cour de cassation, Guillaume-P\u00e9pin Manjolo devait \u00eatre mis \u00e0 la disposition du procureur g\u00e9n\u00e9ral pr\u00e8s la Cour de Cassation ce mercredi ; ce qui fut fait.<\/p>\n\n\n\n<p>Apr\u00e8s son audition, il s&rsquo;av\u00e8re que la situation telle que pr\u00e9sent\u00e9e par une certaine opinion et certains acteurs de la soci\u00e9t\u00e9 civile n&rsquo;\u00e9tait pas telle.<\/p>\n\n\n\n<p>En effet, les 100.000 dollars am\u00e9ricains pr\u00e9sent\u00e9s comme frais de fonctionnement d\u00e9tourn\u00e9 par cet ancien ministre, \u00e9taient plut\u00f4t sa dotation personnelle. Guillaume-P\u00e9pin Manjolo l&rsquo;a d\u00e9montr\u00e9 noir sur blanc devant le procureur qui apr\u00e8s audition, a d\u00e9cid\u00e9 de le relaxer et le ministre honoraire a regagn\u00e9 sa r\u00e9sidence en homme libre.<\/p>\n\n\n\n<p>Cette attitude peu orthodoxe qui ressemble \u00e0 une chasse aux sorci\u00e8res frise l&rsquo;instrumentalisation dans le seul but d&rsquo;\u00e9corner l&rsquo;image de celui qui a \u00e9t\u00e9 l&rsquo;un, si pas le meilleur ministre du gouvernement Ilunkamba. En d\u00e9pit de la cabale, ce diplomate rompu garde son moral intacte nous a souffl\u00e9 l&rsquo;un des ses proches.<\/p>\n","protected":false},"excerpt":{"rendered":"<p>C&rsquo;est depuis le lundi 10 mai dernier que Guillaume-P\u00e9pin Manjolo \u00e9tait d\u00e9tenu au cachot de&#8230;<\/p>\n","protected":false},"author":2,"featured_media":0,"comment_status":"open","ping_status":"open","sticky":false,"template":"","format":"standard","meta":{"_jetpack_memberships_contains_paid_content":false,"footnotes":""},"categories":[1],"tags":[],"class_list":["post-308","post","type-post","status-publish","format-standard","hentry","category-non-classe"],"yoast_head":"<!-- This site is optimized with the Yoast SEO plugin v27.5 - https:\/\/yoast.com\/product\/yoast-seo-wordpress\/ -->\n<title>Justice : Guillaume-P\u00e9pin Manjolo relax\u00e9 apr\u00e8s deux jours de d\u00e9tention pour un pr\u00e9tendu d\u00e9tournement. - Infos Droits Humains<\/title>\n<meta name=\"robots\" content=\"index, follow, max-snippet:-1, max-image-preview:large, max-video-preview:-1\" \/>\n<link rel=\"canonical\" href=\"https:\/\/infos-droitshumains.net\/?p=308\" \/>\n<meta property=\"og:locale\" content=\"fr_FR\" \/>\n<meta property=\"og:type\" content=\"article\" \/>\n<meta property=\"og:title\" content=\"Justice : Guillaume-P\u00e9pin Manjolo relax\u00e9 apr\u00e8s deux jours de d\u00e9tention pour un pr\u00e9tendu d\u00e9tournement. - Infos Droits Humains\" \/>\n<meta property=\"og:description\" content=\"C&rsquo;est depuis le lundi 10 mai dernier que Guillaume-P\u00e9pin Manjolo \u00e9tait d\u00e9tenu au cachot de...\" \/>\n<meta property=\"og:url\" content=\"https:\/\/infos-droitshumains.net\/?p=308\" \/>\n<meta property=\"og:site_name\" content=\"Infos Droits Humains\" \/>\n<meta property=\"article:published_time\" content=\"2021-05-12T18:47:52+00:00\" \/>\n<meta property=\"article:modified_time\" content=\"2023-04-06T10:12:26+00:00\" \/>\n<meta name=\"author\" content=\"Jo\u00ebl Diawa\" \/>\n<meta name=\"twitter:card\" content=\"summary_large_image\" \/>\n<meta name=\"twitter:label1\" content=\"\u00c9crit par\" \/>\n\t<meta name=\"twitter:data1\" content=\"Jo\u00ebl Diawa\" \/>\n\t<meta name=\"twitter:label2\" content=\"Dur\u00e9e de lecture estim\u00e9e\" \/>\n\t<meta name=\"twitter:data2\" content=\"1 minute\" \/>\n<script type=\"application\/ld+json\" class=\"yoast-schema-graph\">{\"@context\":\"https:\\\/\\\/schema.org\",\"@graph\":[{\"@type\":\"Article\",\"@id\":\"https:\\\/\\\/infos-droitshumains.net\\\/?p=308#article\",\"isPartOf\":{\"@id\":\"https:\\\/\\\/infos-droitshumains.net\\\/?p=308\"},\"author\":{\"name\":\"Jo\u00ebl Diawa\",\"@id\":\"https:\\\/\\\/infos-droitshumains.net\\\/#\\\/schema\\\/person\\\/3dc5e921c3302172e0ed4362f96faab7\"},\"headline\":\"Justice : Guillaume-P\u00e9pin Manjolo relax\u00e9 apr\u00e8s deux jours de d\u00e9tention pour un pr\u00e9tendu d\u00e9tournement.\",\"datePublished\":\"2021-05-12T18:47:52+00:00\",\"dateModified\":\"2023-04-06T10:12:26+00:00\",\"mainEntityOfPage\":{\"@id\":\"https:\\\/\\\/infos-droitshumains.net\\\/?p=308\"},\"wordCount\":261,\"commentCount\":0,\"publisher\":{\"@id\":\"https:\\\/\\\/infos-droitshumains.net\\\/#organization\"},\"inLanguage\":\"fr-FR\",\"potentialAction\":[{\"@type\":\"CommentAction\",\"name\":\"Comment\",\"target\":[\"https:\\\/\\\/infos-droitshumains.net\\\/?p=308#respond\"]}]},{\"@type\":\"WebPage\",\"@id\":\"https:\\\/\\\/infos-droitshumains.net\\\/?p=308\",\"url\":\"https:\\\/\\\/infos-droitshumains.net\\\/?p=308\",\"name\":\"Justice : Guillaume-P\u00e9pin Manjolo relax\u00e9 apr\u00e8s deux jours de d\u00e9tention pour un pr\u00e9tendu d\u00e9tournement. - Infos Droits Humains\",\"isPartOf\":{\"@id\":\"https:\\\/\\\/infos-droitshumains.net\\\/#website\"},\"datePublished\":\"2021-05-12T18:47:52+00:00\",\"dateModified\":\"2023-04-06T10:12:26+00:00\",\"breadcrumb\":{\"@id\":\"https:\\\/\\\/infos-droitshumains.net\\\/?p=308#breadcrumb\"},\"inLanguage\":\"fr-FR\",\"potentialAction\":[{\"@type\":\"ReadAction\",\"target\":[\"https:\\\/\\\/infos-droitshumains.net\\\/?p=308\"]}]},{\"@type\":\"BreadcrumbList\",\"@id\":\"https:\\\/\\\/infos-droitshumains.net\\\/?p=308#breadcrumb\",\"itemListElement\":[{\"@type\":\"ListItem\",\"position\":1,\"name\":\"Accueil\",\"item\":\"https:\\\/\\\/infos-droitshumains.net\\\/\"},{\"@type\":\"ListItem\",\"position\":2,\"name\":\"Justice : Guillaume-P\u00e9pin Manjolo relax\u00e9 apr\u00e8s deux jours de d\u00e9tention pour un pr\u00e9tendu d\u00e9tournement.\"}]},{\"@type\":\"WebSite\",\"@id\":\"https:\\\/\\\/infos-droitshumains.net\\\/#website\",\"url\":\"https:\\\/\\\/infos-droitshumains.net\\\/\",\"name\":\"Infos Droits Humains\",\"description\":\"S&#039;informer est un droit\",\"publisher\":{\"@id\":\"https:\\\/\\\/infos-droitshumains.net\\\/#organization\"},\"potentialAction\":[{\"@type\":\"SearchAction\",\"target\":{\"@type\":\"EntryPoint\",\"urlTemplate\":\"https:\\\/\\\/infos-droitshumains.net\\\/?s={search_term_string}\"},\"query-input\":{\"@type\":\"PropertyValueSpecification\",\"valueRequired\":true,\"valueName\":\"search_term_string\"}}],\"inLanguage\":\"fr-FR\"},{\"@type\":\"Organization\",\"@id\":\"https:\\\/\\\/infos-droitshumains.net\\\/#organization\",\"name\":\"Infos Droits Humains\",\"url\":\"https:\\\/\\\/infos-droitshumains.net\\\/\",\"logo\":{\"@type\":\"ImageObject\",\"inLanguage\":\"fr-FR\",\"@id\":\"https:\\\/\\\/infos-droitshumains.net\\\/#\\\/schema\\\/logo\\\/image\\\/\",\"url\":\"https:\\\/\\\/i0.wp.com\\\/infos-droitshumains.net\\\/wp-content\\\/uploads\\\/2022\\\/05\\\/Logo.png?fit=333%2C129&ssl=1\",\"contentUrl\":\"https:\\\/\\\/i0.wp.com\\\/infos-droitshumains.net\\\/wp-content\\\/uploads\\\/2022\\\/05\\\/Logo.png?fit=333%2C129&ssl=1\",\"width\":333,\"height\":129,\"caption\":\"Infos Droits Humains\"},\"image\":{\"@id\":\"https:\\\/\\\/infos-droitshumains.net\\\/#\\\/schema\\\/logo\\\/image\\\/\"}},{\"@type\":\"Person\",\"@id\":\"https:\\\/\\\/infos-droitshumains.net\\\/#\\\/schema\\\/person\\\/3dc5e921c3302172e0ed4362f96faab7\",\"name\":\"Jo\u00ebl Diawa\",\"image\":{\"@type\":\"ImageObject\",\"inLanguage\":\"fr-FR\",\"@id\":\"https:\\\/\\\/secure.gravatar.com\\\/avatar\\\/729bea6ff4604c624417803c477363be8e3c7186deaa65713313f9b4b820f41c?s=96&d=mm&r=g\",\"url\":\"https:\\\/\\\/secure.gravatar.com\\\/avatar\\\/729bea6ff4604c624417803c477363be8e3c7186deaa65713313f9b4b820f41c?s=96&d=mm&r=g\",\"contentUrl\":\"https:\\\/\\\/secure.gravatar.com\\\/avatar\\\/729bea6ff4604c624417803c477363be8e3c7186deaa65713313f9b4b820f41c?s=96&d=mm&r=g\",\"caption\":\"Jo\u00ebl Diawa\"},\"sameAs\":[\"https:\\\/\\\/www.infos-droitshumains.net\"],\"url\":\"https:\\\/\\\/infos-droitshumains.net\\\/?author=2\"}]}<\/script>\n<!-- \/ Yoast SEO plugin. -->","yoast_head_json":{"title":"Justice : Guillaume-P\u00e9pin Manjolo relax\u00e9 apr\u00e8s deux jours de d\u00e9tention pour un pr\u00e9tendu d\u00e9tournement. - Infos Droits Humains","robots":{"index":"index","follow":"follow","max-snippet":"max-snippet:-1","max-image-preview":"max-image-preview:large","max-video-preview":"max-video-preview:-1"},"canonical":"https:\/\/infos-droitshumains.net\/?p=308","og_locale":"fr_FR","og_type":"article","og_title":"Justice : Guillaume-P\u00e9pin Manjolo relax\u00e9 apr\u00e8s deux jours de d\u00e9tention pour un pr\u00e9tendu d\u00e9tournement. - Infos Droits Humains","og_description":"C&rsquo;est depuis le lundi 10 mai dernier que Guillaume-P\u00e9pin Manjolo \u00e9tait d\u00e9tenu au cachot de...","og_url":"https:\/\/infos-droitshumains.net\/?p=308","og_site_name":"Infos Droits Humains","article_published_time":"2021-05-12T18:47:52+00:00","article_modified_time":"2023-04-06T10:12:26+00:00","author":"Jo\u00ebl Diawa","twitter_card":"summary_large_image","twitter_misc":{"\u00c9crit par":"Jo\u00ebl Diawa","Dur\u00e9e de lecture estim\u00e9e":"1 minute"},"schema":{"@context":"https:\/\/schema.org","@graph":[{"@type":"Article","@id":"https:\/\/infos-droitshumains.net\/?p=308#article","isPartOf":{"@id":"https:\/\/infos-droitshumains.net\/?p=308"},"author":{"name":"Jo\u00ebl Diawa","@id":"https:\/\/infos-droitshumains.net\/#\/schema\/person\/3dc5e921c3302172e0ed4362f96faab7"},"headline":"Justice : Guillaume-P\u00e9pin Manjolo relax\u00e9 apr\u00e8s deux jours de d\u00e9tention pour un pr\u00e9tendu d\u00e9tournement.","datePublished":"2021-05-12T18:47:52+00:00","dateModified":"2023-04-06T10:12:26+00:00","mainEntityOfPage":{"@id":"https:\/\/infos-droitshumains.net\/?p=308"},"wordCount":261,"commentCount":0,"publisher":{"@id":"https:\/\/infos-droitshumains.net\/#organization"},"inLanguage":"fr-FR","potentialAction":[{"@type":"CommentAction","name":"Comment","target":["https:\/\/infos-droitshumains.net\/?p=308#respond"]}]},{"@type":"WebPage","@id":"https:\/\/infos-droitshumains.net\/?p=308","url":"https:\/\/infos-droitshumains.net\/?p=308","name":"Justice : Guillaume-P\u00e9pin Manjolo relax\u00e9 apr\u00e8s deux jours de d\u00e9tention pour un pr\u00e9tendu d\u00e9tournement. - Infos Droits Humains","isPartOf":{"@id":"https:\/\/infos-droitshumains.net\/#website"},"datePublished":"2021-05-12T18:47:52+00:00","dateModified":"2023-04-06T10:12:26+00:00","breadcrumb":{"@id":"https:\/\/infos-droitshumains.net\/?p=308#breadcrumb"},"inLanguage":"fr-FR","potentialAction":[{"@type":"ReadAction","target":["https:\/\/infos-droitshumains.net\/?p=308"]}]},{"@type":"BreadcrumbList","@id":"https:\/\/infos-droitshumains.net\/?p=308#breadcrumb","itemListElement":[{"@type":"ListItem","position":1,"name":"Accueil","item":"https:\/\/infos-droitshumains.net\/"},{"@type":"ListItem","position":2,"name":"Justice : Guillaume-P\u00e9pin Manjolo relax\u00e9 apr\u00e8s deux jours de d\u00e9tention pour un pr\u00e9tendu d\u00e9tournement."}]},{"@type":"WebSite","@id":"https:\/\/infos-droitshumains.net\/#website","url":"https:\/\/infos-droitshumains.net\/","name":"Infos Droits Humains","description":"S&#039;informer est un droit","publisher":{"@id":"https:\/\/infos-droitshumains.net\/#organization"},"potentialAction":[{"@type":"SearchAction","target":{"@type":"EntryPoint","urlTemplate":"https:\/\/infos-droitshumains.net\/?s={search_term_string}"},"query-input":{"@type":"PropertyValueSpecification","valueRequired":true,"valueName":"search_term_string"}}],"inLanguage":"fr-FR"},{"@type":"Organization","@id":"https:\/\/infos-droitshumains.net\/#organization","name":"Infos Droits Humains","url":"https:\/\/infos-droitshumains.net\/","logo":{"@type":"ImageObject","inLanguage":"fr-FR","@id":"https:\/\/infos-droitshumains.net\/#\/schema\/logo\/image\/","url":"https:\/\/i0.wp.com\/infos-droitshumains.net\/wp-content\/uploads\/2022\/05\/Logo.png?fit=333%2C129&ssl=1","contentUrl":"https:\/\/i0.wp.com\/infos-droitshumains.net\/wp-content\/uploads\/2022\/05\/Logo.png?fit=333%2C129&ssl=1","width":333,"height":129,"caption":"Infos Droits Humains"},"image":{"@id":"https:\/\/infos-droitshumains.net\/#\/schema\/logo\/image\/"}},{"@type":"Person","@id":"https:\/\/infos-droitshumains.net\/#\/schema\/person\/3dc5e921c3302172e0ed4362f96faab7","name":"Jo\u00ebl Diawa","image":{"@type":"ImageObject","inLanguage":"fr-FR","@id":"https:\/\/secure.gravatar.com\/avatar\/729bea6ff4604c624417803c477363be8e3c7186deaa65713313f9b4b820f41c?s=96&d=mm&r=g","url":"https:\/\/secure.gravatar.com\/avatar\/729bea6ff4604c624417803c477363be8e3c7186deaa65713313f9b4b820f41c?s=96&d=mm&r=g","contentUrl":"https:\/\/secure.gravatar.com\/avatar\/729bea6ff4604c624417803c477363be8e3c7186deaa65713313f9b4b820f41c?s=96&d=mm&r=g","caption":"Jo\u00ebl Diawa"},"sameAs":["https:\/\/www.infos-droitshumains.net"],"url":"https:\/\/infos-droitshumains.net\/?author=2"}]}},"featured_image_urls":{"full":"","thumbnail":"","medium":"","medium_large":"","large":"","1536x1536":"","2048x2048":"","covernews-slider-full":"","covernews-slider-center":"","covernews-featured":"","covernews-medium":"","covernews-medium-square":""},"author_info":{"display_name":"Jo\u00ebl Diawa","author_link":"https:\/\/infos-droitshumains.net\/?author=2"},"category_info":"<a href=\"https:\/\/infos-droitshumains.net\/?cat=1\" rel=\"category\">Non class\u00e9<\/a>","tag_info":"Non class\u00e9","comment_count":"0","jetpack_featured_media_url":"","jetpack-related-posts":[],"jetpack_sharing_enabled":true,"_links":{"self":[{"href":"https:\/\/infos-droitshumains.net\/index.php?rest_route=\/wp\/v2\/posts\/308","targetHints":{"allow":["GET"]}}],"collection":[{"href":"https:\/\/infos-droitshumains.net\/index.php?rest_route=\/wp\/v2\/posts"}],"about":[{"href":"https:\/\/infos-droitshumains.net\/index.php?rest_route=\/wp\/v2\/types\/post"}],"author":[{"embeddable":true,"href":"https:\/\/infos-droitshumains.net\/index.php?rest_route=\/wp\/v2\/users\/2"}],"replies":[{"embeddable":true,"href":"https:\/\/infos-droitshumains.net\/index.php?rest_route=%2Fwp%2Fv2%2Fcomments&post=308"}],"version-history":[{"count":1,"href":"https:\/\/infos-droitshumains.net\/index.php?rest_route=\/wp\/v2\/posts\/308\/revisions"}],"predecessor-version":[{"id":310,"href":"https:\/\/infos-droitshumains.net\/index.php?rest_route=\/wp\/v2\/posts\/308\/revisions\/310"}],"wp:attachment":[{"href":"https:\/\/infos-droitshumains.net\/index.php?rest_route=%2Fwp%2Fv2%2Fmedia&parent=308"}],"wp:term":[{"taxonomy":"category","embeddable":true,"href":"https:\/\/infos-droitshumains.net\/index.php?rest_route=%2Fwp%2Fv2%2Fcategories&post=308"},{"taxonomy":"post_tag","embeddable":true,"href":"https:\/\/infos-droitshumains.net\/index.php?rest_route=%2Fwp%2Fv2%2Ftags&post=308"}],"curies":[{"name":"wp","href":"https:\/\/api.w.org\/{rel}","templated":true}]}}