{"id":304,"date":"2021-05-12T17:53:51","date_gmt":"2021-05-12T15:53:51","guid":{"rendered":"https:\/\/www.infos-droitshumains.net\/?p=304"},"modified":"2023-04-06T12:12:26","modified_gmt":"2023-04-06T10:12:26","slug":"la-rdc-risque-de-perdre-371-milliards-de-dollars-dans-le-cadre-de-transactions-minieres-conclues-avec-dan-gertler","status":"publish","type":"post","link":"https:\/\/infos-droitshumains.net\/?p=304","title":{"rendered":"La RDC risque de perdre 3,71 milliards de dollars dans le cadre de transactions mini\u00e8res conclues avec Dan Gertler."},"content":{"rendered":"\n<p><\/p>\n\n\n\n<p>Cette r\u00e9v\u00e9lation a \u00e9t\u00e9 fait dans une enqu\u00eate publi\u00e9e ce mardi \u00e0 Kinshasa par la coalition anti-corruption \u00ab\u00a0Le Congo N&rsquo;est Pas \u00e0 vendre\u00a0\u00bb.<\/p>\n\n\n\n<p>Le secteur minier reste le poumon de l&rsquo;\u00e9conomie en R\u00e9publique D\u00e9mocratique du Congo. Il contribue \u00e0 55% des revenus du pays depuis 2017 et repr\u00e9sente 99% des exportations totales du pays.<\/p>\n\n\n\n<p>Au coeur de ce secteur, un sulfureux homme d&rsquo;affaires isra\u00e9lien, Dan Gertler. Depuis pr\u00e8s de vingt ans, il tire profit de ses relations \u00e9troites avec Joseph Kabila, pr\u00e9sident de la RDC entre 2001 et 2019, et fait office d\u2019interm\u00e9diaire sur les plus gros contrats miniers du pays. De suite de ces contrats, \u00a0\u00bb <em>la RDC a perdu entre 2003 et 2021, 1,95 milliard de dollars de recettes<\/em> \u00a0\u00bb r\u00e9v\u00e8le une enqu\u00eate de la coalition anti-corruption \u00ab\u00a0Le Congo N&rsquo;est Pas \u00e0 Vendre\u00a0\u00bb qui poursuit que \u00a0\u00bb <em>si rien n\u2019est fait pour stopper cette h\u00e9morragie, 1,76 milliard de dollars suppl\u00e9mentaires au titre de royalties pourrait \u00e9chapper aux caisses de l&rsquo;\u00c9tat entre 2021 et 2039<\/em> \u00a0\u00bb ce qui fera un total de  3,71 milliards de dollars.<\/p>\n\n\n\n<p>Gertler fait l\u2019objet d\u2019all\u00e9gations de corruption depuis de nombreuses ann\u00e9es. En 2013, la fondation Africa Progress Panel de l\u2019ancien Secr\u00e9taire g\u00e9n\u00e9ral de l\u2019ONU Kofi Annan avait publi\u00e9 un rapport phare qui avait d\u00e9voil\u00e9 pour la premi\u00e8re fois les montants astronomiques dont a \u00e9t\u00e9 priv\u00e9e la RDC en faisant affaire avec les soci\u00e9t\u00e9s offshores de Dan Gertler. Le document a r\u00e9v\u00e9l\u00e9 que les accords avec Gertler portant sur cinq concessions tr\u00e8s pris\u00e9es de cuivre et de cobalt ont priv\u00e9 la RDC de 1,36 milliard de dollars. <br>\nL&rsquo;analyse financi\u00e8re publi\u00e9e aujourd&rsquo;hui par le CNPV met \u00e0 jour les calculs r\u00e9alis\u00e9s par Africa <br>\nProgress Panel il y a huit ans. Gr\u00e2ce \u00e0 de nouvelles informations, \u00ab\u00a0Le Congo n\u2019est pas \u00e0 <br>\nvendre\u00a0\u00bb d\u00e9montre que \u00a0\u00bb <em>les pertes subies par la RDC n\u2019ont fait qu\u2019augmenter au cours des derni\u00e8res ann\u00e9es<\/em> .\u00a0\u00bb<\/p>\n\n\n\n<p>La coalition regrette que le pr\u00e9sident F\u00e9lix Tshisekedi ait d\u00e9clar\u00e9 s\u2019engager \u00e0 combattre la corruption dans le pays, mais n\u2019ait pour l&rsquo;heure pris aucune mesure visant \u00e0 enqu\u00eater sur les transactions mini\u00e8res de Dan Gertler.<\/p>\n\n\n\n<p>Au vu des conclusions de cette nouvelle enqu\u00eate, le Congo N&rsquo;est pas \u00e0 vendre invite le chef de l&rsquo;\u00c9tat \u00e0 diligenter une enqu\u00eate s\u00e9rieuse :<\/p>\n\n\n\n<p>\u00a0\u00bb <em>Le Pr\u00e9sident Tshisekedi n\u2019a pas d&rsquo;alternative; il doit imm\u00e9diatement prendre ses responsabilit\u00e9s et diligenter une enqu\u00eate m\u00e9ticuleuse et cr\u00e9dible sur tous les contrats miniers impliquant Dan Gertler<\/em> .\u00a0\u00bb<\/p>\n\n\n\n\n\n<ul class=\"wp-block-list\"><li><\/li><\/ul>\n","protected":false},"excerpt":{"rendered":"<p>Cette r\u00e9v\u00e9lation a \u00e9t\u00e9 fait dans une enqu\u00eate publi\u00e9e ce mardi \u00e0 Kinshasa par la&#8230;<\/p>\n","protected":false},"author":2,"featured_media":0,"comment_status":"open","ping_status":"open","sticky":false,"template":"","format":"standard","meta":{"_jetpack_memberships_contains_paid_content":false,"footnotes":""},"categories":[1],"tags":[],"class_list":["post-304","post","type-post","status-publish","format-standard","hentry","category-non-classe"],"yoast_head":"<!-- This site is optimized with the Yoast SEO plugin v27.5 - https:\/\/yoast.com\/product\/yoast-seo-wordpress\/ -->\n<title>La RDC risque de perdre 3,71 milliards de dollars dans le cadre de transactions mini\u00e8res conclues avec Dan Gertler. - Infos Droits Humains<\/title>\n<meta name=\"robots\" content=\"index, follow, max-snippet:-1, max-image-preview:large, max-video-preview:-1\" \/>\n<link rel=\"canonical\" href=\"https:\/\/infos-droitshumains.net\/?p=304\" \/>\n<meta property=\"og:locale\" content=\"fr_FR\" \/>\n<meta property=\"og:type\" content=\"article\" \/>\n<meta property=\"og:title\" content=\"La RDC risque de perdre 3,71 milliards de dollars dans le cadre de transactions mini\u00e8res conclues avec Dan Gertler. - Infos Droits Humains\" \/>\n<meta property=\"og:description\" content=\"Cette r\u00e9v\u00e9lation a \u00e9t\u00e9 fait dans une enqu\u00eate publi\u00e9e ce mardi \u00e0 Kinshasa par la...\" \/>\n<meta property=\"og:url\" content=\"https:\/\/infos-droitshumains.net\/?p=304\" \/>\n<meta property=\"og:site_name\" content=\"Infos Droits Humains\" \/>\n<meta property=\"article:published_time\" content=\"2021-05-12T15:53:51+00:00\" \/>\n<meta property=\"article:modified_time\" content=\"2023-04-06T10:12:26+00:00\" \/>\n<meta name=\"author\" content=\"Jo\u00ebl Diawa\" \/>\n<meta name=\"twitter:card\" content=\"summary_large_image\" \/>\n<meta name=\"twitter:label1\" content=\"\u00c9crit par\" \/>\n\t<meta name=\"twitter:data1\" content=\"Jo\u00ebl Diawa\" \/>\n\t<meta name=\"twitter:label2\" content=\"Dur\u00e9e de lecture estim\u00e9e\" \/>\n\t<meta name=\"twitter:data2\" content=\"2 minutes\" \/>\n<script type=\"application\/ld+json\" class=\"yoast-schema-graph\">{\"@context\":\"https:\\\/\\\/schema.org\",\"@graph\":[{\"@type\":\"Article\",\"@id\":\"https:\\\/\\\/infos-droitshumains.net\\\/?p=304#article\",\"isPartOf\":{\"@id\":\"https:\\\/\\\/infos-droitshumains.net\\\/?p=304\"},\"author\":{\"name\":\"Jo\u00ebl Diawa\",\"@id\":\"https:\\\/\\\/infos-droitshumains.net\\\/#\\\/schema\\\/person\\\/3dc5e921c3302172e0ed4362f96faab7\"},\"headline\":\"La RDC risque de perdre 3,71 milliards de dollars dans le cadre de transactions mini\u00e8res conclues avec Dan Gertler.\",\"datePublished\":\"2021-05-12T15:53:51+00:00\",\"dateModified\":\"2023-04-06T10:12:26+00:00\",\"mainEntityOfPage\":{\"@id\":\"https:\\\/\\\/infos-droitshumains.net\\\/?p=304\"},\"wordCount\":454,\"commentCount\":0,\"publisher\":{\"@id\":\"https:\\\/\\\/infos-droitshumains.net\\\/#organization\"},\"inLanguage\":\"fr-FR\",\"potentialAction\":[{\"@type\":\"CommentAction\",\"name\":\"Comment\",\"target\":[\"https:\\\/\\\/infos-droitshumains.net\\\/?p=304#respond\"]}]},{\"@type\":\"WebPage\",\"@id\":\"https:\\\/\\\/infos-droitshumains.net\\\/?p=304\",\"url\":\"https:\\\/\\\/infos-droitshumains.net\\\/?p=304\",\"name\":\"La RDC risque de perdre 3,71 milliards de dollars dans le cadre de transactions mini\u00e8res conclues avec Dan Gertler. - Infos Droits Humains\",\"isPartOf\":{\"@id\":\"https:\\\/\\\/infos-droitshumains.net\\\/#website\"},\"datePublished\":\"2021-05-12T15:53:51+00:00\",\"dateModified\":\"2023-04-06T10:12:26+00:00\",\"breadcrumb\":{\"@id\":\"https:\\\/\\\/infos-droitshumains.net\\\/?p=304#breadcrumb\"},\"inLanguage\":\"fr-FR\",\"potentialAction\":[{\"@type\":\"ReadAction\",\"target\":[\"https:\\\/\\\/infos-droitshumains.net\\\/?p=304\"]}]},{\"@type\":\"BreadcrumbList\",\"@id\":\"https:\\\/\\\/infos-droitshumains.net\\\/?p=304#breadcrumb\",\"itemListElement\":[{\"@type\":\"ListItem\",\"position\":1,\"name\":\"Accueil\",\"item\":\"https:\\\/\\\/infos-droitshumains.net\\\/\"},{\"@type\":\"ListItem\",\"position\":2,\"name\":\"La RDC risque de perdre 3,71 milliards de dollars dans le cadre de transactions mini\u00e8res conclues avec Dan Gertler.\"}]},{\"@type\":\"WebSite\",\"@id\":\"https:\\\/\\\/infos-droitshumains.net\\\/#website\",\"url\":\"https:\\\/\\\/infos-droitshumains.net\\\/\",\"name\":\"Infos Droits Humains\",\"description\":\"S&#039;informer est un droit\",\"publisher\":{\"@id\":\"https:\\\/\\\/infos-droitshumains.net\\\/#organization\"},\"potentialAction\":[{\"@type\":\"SearchAction\",\"target\":{\"@type\":\"EntryPoint\",\"urlTemplate\":\"https:\\\/\\\/infos-droitshumains.net\\\/?s={search_term_string}\"},\"query-input\":{\"@type\":\"PropertyValueSpecification\",\"valueRequired\":true,\"valueName\":\"search_term_string\"}}],\"inLanguage\":\"fr-FR\"},{\"@type\":\"Organization\",\"@id\":\"https:\\\/\\\/infos-droitshumains.net\\\/#organization\",\"name\":\"Infos Droits Humains\",\"url\":\"https:\\\/\\\/infos-droitshumains.net\\\/\",\"logo\":{\"@type\":\"ImageObject\",\"inLanguage\":\"fr-FR\",\"@id\":\"https:\\\/\\\/infos-droitshumains.net\\\/#\\\/schema\\\/logo\\\/image\\\/\",\"url\":\"https:\\\/\\\/i0.wp.com\\\/infos-droitshumains.net\\\/wp-content\\\/uploads\\\/2022\\\/05\\\/Logo.png?fit=333%2C129&ssl=1\",\"contentUrl\":\"https:\\\/\\\/i0.wp.com\\\/infos-droitshumains.net\\\/wp-content\\\/uploads\\\/2022\\\/05\\\/Logo.png?fit=333%2C129&ssl=1\",\"width\":333,\"height\":129,\"caption\":\"Infos Droits Humains\"},\"image\":{\"@id\":\"https:\\\/\\\/infos-droitshumains.net\\\/#\\\/schema\\\/logo\\\/image\\\/\"}},{\"@type\":\"Person\",\"@id\":\"https:\\\/\\\/infos-droitshumains.net\\\/#\\\/schema\\\/person\\\/3dc5e921c3302172e0ed4362f96faab7\",\"name\":\"Jo\u00ebl Diawa\",\"image\":{\"@type\":\"ImageObject\",\"inLanguage\":\"fr-FR\",\"@id\":\"https:\\\/\\\/secure.gravatar.com\\\/avatar\\\/729bea6ff4604c624417803c477363be8e3c7186deaa65713313f9b4b820f41c?s=96&d=mm&r=g\",\"url\":\"https:\\\/\\\/secure.gravatar.com\\\/avatar\\\/729bea6ff4604c624417803c477363be8e3c7186deaa65713313f9b4b820f41c?s=96&d=mm&r=g\",\"contentUrl\":\"https:\\\/\\\/secure.gravatar.com\\\/avatar\\\/729bea6ff4604c624417803c477363be8e3c7186deaa65713313f9b4b820f41c?s=96&d=mm&r=g\",\"caption\":\"Jo\u00ebl Diawa\"},\"sameAs\":[\"https:\\\/\\\/www.infos-droitshumains.net\"],\"url\":\"https:\\\/\\\/infos-droitshumains.net\\\/?author=2\"}]}<\/script>\n<!-- \/ Yoast SEO plugin. -->","yoast_head_json":{"title":"La RDC risque de perdre 3,71 milliards de dollars dans le cadre de transactions mini\u00e8res conclues avec Dan Gertler. - Infos Droits Humains","robots":{"index":"index","follow":"follow","max-snippet":"max-snippet:-1","max-image-preview":"max-image-preview:large","max-video-preview":"max-video-preview:-1"},"canonical":"https:\/\/infos-droitshumains.net\/?p=304","og_locale":"fr_FR","og_type":"article","og_title":"La RDC risque de perdre 3,71 milliards de dollars dans le cadre de transactions mini\u00e8res conclues avec Dan Gertler. - Infos Droits Humains","og_description":"Cette r\u00e9v\u00e9lation a \u00e9t\u00e9 fait dans une enqu\u00eate publi\u00e9e ce mardi \u00e0 Kinshasa par la...","og_url":"https:\/\/infos-droitshumains.net\/?p=304","og_site_name":"Infos Droits Humains","article_published_time":"2021-05-12T15:53:51+00:00","article_modified_time":"2023-04-06T10:12:26+00:00","author":"Jo\u00ebl Diawa","twitter_card":"summary_large_image","twitter_misc":{"\u00c9crit par":"Jo\u00ebl Diawa","Dur\u00e9e de lecture estim\u00e9e":"2 minutes"},"schema":{"@context":"https:\/\/schema.org","@graph":[{"@type":"Article","@id":"https:\/\/infos-droitshumains.net\/?p=304#article","isPartOf":{"@id":"https:\/\/infos-droitshumains.net\/?p=304"},"author":{"name":"Jo\u00ebl Diawa","@id":"https:\/\/infos-droitshumains.net\/#\/schema\/person\/3dc5e921c3302172e0ed4362f96faab7"},"headline":"La RDC risque de perdre 3,71 milliards de dollars dans le cadre de transactions mini\u00e8res conclues avec Dan Gertler.","datePublished":"2021-05-12T15:53:51+00:00","dateModified":"2023-04-06T10:12:26+00:00","mainEntityOfPage":{"@id":"https:\/\/infos-droitshumains.net\/?p=304"},"wordCount":454,"commentCount":0,"publisher":{"@id":"https:\/\/infos-droitshumains.net\/#organization"},"inLanguage":"fr-FR","potentialAction":[{"@type":"CommentAction","name":"Comment","target":["https:\/\/infos-droitshumains.net\/?p=304#respond"]}]},{"@type":"WebPage","@id":"https:\/\/infos-droitshumains.net\/?p=304","url":"https:\/\/infos-droitshumains.net\/?p=304","name":"La RDC risque de perdre 3,71 milliards de dollars dans le cadre de transactions mini\u00e8res conclues avec Dan Gertler. - Infos Droits Humains","isPartOf":{"@id":"https:\/\/infos-droitshumains.net\/#website"},"datePublished":"2021-05-12T15:53:51+00:00","dateModified":"2023-04-06T10:12:26+00:00","breadcrumb":{"@id":"https:\/\/infos-droitshumains.net\/?p=304#breadcrumb"},"inLanguage":"fr-FR","potentialAction":[{"@type":"ReadAction","target":["https:\/\/infos-droitshumains.net\/?p=304"]}]},{"@type":"BreadcrumbList","@id":"https:\/\/infos-droitshumains.net\/?p=304#breadcrumb","itemListElement":[{"@type":"ListItem","position":1,"name":"Accueil","item":"https:\/\/infos-droitshumains.net\/"},{"@type":"ListItem","position":2,"name":"La RDC risque de perdre 3,71 milliards de dollars dans le cadre de transactions mini\u00e8res conclues avec Dan Gertler."}]},{"@type":"WebSite","@id":"https:\/\/infos-droitshumains.net\/#website","url":"https:\/\/infos-droitshumains.net\/","name":"Infos Droits Humains","description":"S&#039;informer est un droit","publisher":{"@id":"https:\/\/infos-droitshumains.net\/#organization"},"potentialAction":[{"@type":"SearchAction","target":{"@type":"EntryPoint","urlTemplate":"https:\/\/infos-droitshumains.net\/?s={search_term_string}"},"query-input":{"@type":"PropertyValueSpecification","valueRequired":true,"valueName":"search_term_string"}}],"inLanguage":"fr-FR"},{"@type":"Organization","@id":"https:\/\/infos-droitshumains.net\/#organization","name":"Infos Droits Humains","url":"https:\/\/infos-droitshumains.net\/","logo":{"@type":"ImageObject","inLanguage":"fr-FR","@id":"https:\/\/infos-droitshumains.net\/#\/schema\/logo\/image\/","url":"https:\/\/i0.wp.com\/infos-droitshumains.net\/wp-content\/uploads\/2022\/05\/Logo.png?fit=333%2C129&ssl=1","contentUrl":"https:\/\/i0.wp.com\/infos-droitshumains.net\/wp-content\/uploads\/2022\/05\/Logo.png?fit=333%2C129&ssl=1","width":333,"height":129,"caption":"Infos Droits Humains"},"image":{"@id":"https:\/\/infos-droitshumains.net\/#\/schema\/logo\/image\/"}},{"@type":"Person","@id":"https:\/\/infos-droitshumains.net\/#\/schema\/person\/3dc5e921c3302172e0ed4362f96faab7","name":"Jo\u00ebl Diawa","image":{"@type":"ImageObject","inLanguage":"fr-FR","@id":"https:\/\/secure.gravatar.com\/avatar\/729bea6ff4604c624417803c477363be8e3c7186deaa65713313f9b4b820f41c?s=96&d=mm&r=g","url":"https:\/\/secure.gravatar.com\/avatar\/729bea6ff4604c624417803c477363be8e3c7186deaa65713313f9b4b820f41c?s=96&d=mm&r=g","contentUrl":"https:\/\/secure.gravatar.com\/avatar\/729bea6ff4604c624417803c477363be8e3c7186deaa65713313f9b4b820f41c?s=96&d=mm&r=g","caption":"Jo\u00ebl Diawa"},"sameAs":["https:\/\/www.infos-droitshumains.net"],"url":"https:\/\/infos-droitshumains.net\/?author=2"}]}},"featured_image_urls":{"full":"","thumbnail":"","medium":"","medium_large":"","large":"","1536x1536":"","2048x2048":"","covernews-slider-full":"","covernews-slider-center":"","covernews-featured":"","covernews-medium":"","covernews-medium-square":""},"author_info":{"display_name":"Jo\u00ebl Diawa","author_link":"https:\/\/infos-droitshumains.net\/?author=2"},"category_info":"<a href=\"https:\/\/infos-droitshumains.net\/?cat=1\" rel=\"category\">Non class\u00e9<\/a>","tag_info":"Non class\u00e9","comment_count":"0","jetpack_featured_media_url":"","jetpack-related-posts":[],"jetpack_sharing_enabled":true,"_links":{"self":[{"href":"https:\/\/infos-droitshumains.net\/index.php?rest_route=\/wp\/v2\/posts\/304","targetHints":{"allow":["GET"]}}],"collection":[{"href":"https:\/\/infos-droitshumains.net\/index.php?rest_route=\/wp\/v2\/posts"}],"about":[{"href":"https:\/\/infos-droitshumains.net\/index.php?rest_route=\/wp\/v2\/types\/post"}],"author":[{"embeddable":true,"href":"https:\/\/infos-droitshumains.net\/index.php?rest_route=\/wp\/v2\/users\/2"}],"replies":[{"embeddable":true,"href":"https:\/\/infos-droitshumains.net\/index.php?rest_route=%2Fwp%2Fv2%2Fcomments&post=304"}],"version-history":[{"count":1,"href":"https:\/\/infos-droitshumains.net\/index.php?rest_route=\/wp\/v2\/posts\/304\/revisions"}],"predecessor-version":[{"id":306,"href":"https:\/\/infos-droitshumains.net\/index.php?rest_route=\/wp\/v2\/posts\/304\/revisions\/306"}],"wp:attachment":[{"href":"https:\/\/infos-droitshumains.net\/index.php?rest_route=%2Fwp%2Fv2%2Fmedia&parent=304"}],"wp:term":[{"taxonomy":"category","embeddable":true,"href":"https:\/\/infos-droitshumains.net\/index.php?rest_route=%2Fwp%2Fv2%2Fcategories&post=304"},{"taxonomy":"post_tag","embeddable":true,"href":"https:\/\/infos-droitshumains.net\/index.php?rest_route=%2Fwp%2Fv2%2Ftags&post=304"}],"curies":[{"name":"wp","href":"https:\/\/api.w.org\/{rel}","templated":true}]}}