{"id":3032,"date":"2022-03-29T09:32:50","date_gmt":"2022-03-29T07:32:50","guid":{"rendered":"https:\/\/infos-droitshumains.net\/?p=3032"},"modified":"2023-04-06T12:10:04","modified_gmt":"2023-04-06T10:10:04","slug":"cloture-du-mois-de-la-femme-lafemac-sensibilise-ses-membres-sur-le-cancer-des-seins","status":"publish","type":"post","link":"https:\/\/infos-droitshumains.net\/?p=3032","title":{"rendered":"Cl\u00f4ture du mois de la femme: l&rsquo;AFEMAC sensibilise ses membres sur le cancer des seins"},"content":{"rendered":"\n<p><strong>R\u00e9daction:+243817406088<\/strong><\/p>\n\n\n\n<p><strong>Dans le cadre de ses activit\u00e9s marquant la cl\u00f4ture du mois de la femme, l&rsquo;Association des Femmes Magistrates de la RDC, AFEMAC, a, le 28 mars 2022, dans la salle de c\u00e9r\u00e9monie de la cour d&rsquo;appel de Kinshasa\/Gombe, organis\u00e9 une journ\u00e9e scientifique \u00e0 l&rsquo;intention de ses membres et plusieurs autres invit\u00e9s.<\/strong><\/p>\n\n\n\n<p>Les participantes ont \u00e9t\u00e9 entretenues autour de la maladie du cancer des seins, l&rsquo;une des maladies les plus r\u00e9currentes chez les femmes.<\/p>\n\n\n\n<p>Getride Mubanza, canc\u00e9rologue de son \u00e9tat, a pass\u00e9 en revue tous les aspects li\u00e9s au cancer des seins, notamment ses causes, sympt\u00f4mes, traitement et ses moyens de pr\u00e9vention. Le but pour cette oratrice \u00e9tait, de permettre aux femmes Magistrates, membres de l&rsquo;AFEMAC de savoir un peu plus sur cette maladie et de prendre des dispositions pratiques.<\/p>\n\n\n\n<p>A en croire Mujinga Bumansha, pr\u00e9sidente de l&rsquo;AFEMAC, le choix de ce sujet si int\u00e9ressant entre dans le cadre de la sensibilisation des membres de sa structure.<\/p>\n\n\n\n<p><em>\u00abLe sujet abord\u00e9 \u00e0 cette occasion est une sorte de sensibilisation pour les femmes qui sont pr\u00e9sentes afin de les aider \u00e0 ma\u00eetriser la question du cancer, cette maladie qui est plus contract\u00e9e par les femmes\u00bb,<\/em> a-t-elle d\u00e9clar\u00e9<\/p>\n\n\n\n<p>Et d\u2019ajouter <em>\u00abcomme dit-on un esprit sain dans un corps sain, cette journ\u00e9e a permis \u00e0 la femme de l&rsquo;AFEMAC d&rsquo;avoir l&rsquo;id\u00e9e sur le cancer des seins et les modes de pr\u00e9vention\u00bb.<\/em><\/p>\n\n\n\n<p>Associ\u00e9es \u00e0 cette journ\u00e9e scientifique, les femmes avocates, membres de l&rsquo;Association des Femmes Avocates de la RDC, AFEAC, ont \u00e9galement b\u00e9n\u00e9fici\u00e9 des connaissances sur le sujet du jour . La pr\u00e9sidente de l&rsquo;AFEAC a, tout en saluant l&rsquo;initiative, invit\u00e9 les femmes de sa structure \u00e0 se faire d\u00e9pister afin de savoir l&rsquo;\u00e9tat de sant\u00e9 de leurs corps, pr\u00e9cis\u00e9ment leurs seins.<\/p>\n\n\n\n<p><em>\u00abApr\u00e8s cette rencontre, j&rsquo;appelle toutes les femmes ici pr\u00e9sentes et particuli\u00e8rement celles de l&rsquo;AFEAC de se faire d\u00e9pister pour savoir l&rsquo;\u00e9tat de leurs seins\u00bb,<\/em> a souhait\u00e9 Ma\u00eetre Gis\u00e8le Kapinga.<\/p>\n\n\n\n<p>Cette journ\u00e9e a aussi connu la pr\u00e9sence d&rsquo;Ad\u00e8le Nzundu, Procureur de la R\u00e9publique du Parquet Pr\u00e8s le Tribunal de Grande Instance de Kinshasa\/Matete.<\/p>\n\n\n\n<p>AM<\/p>\n","protected":false},"excerpt":{"rendered":"<p>R\u00e9daction:+243817406088 Dans le cadre de ses activit\u00e9s marquant la cl\u00f4ture du mois de la femme,&#8230;<\/p>\n","protected":false},"author":2,"featured_media":0,"comment_status":"closed","ping_status":"open","sticky":false,"template":"","format":"standard","meta":{"_jetpack_memberships_contains_paid_content":false,"footnotes":""},"categories":[28,8],"tags":[],"class_list":["post-3032","post","type-post","status-publish","format-standard","hentry","category-culture","category-societe"],"yoast_head":"<!-- This site is optimized with the Yoast SEO plugin v27.5 - https:\/\/yoast.com\/product\/yoast-seo-wordpress\/ -->\n<title>Cl\u00f4ture du mois de la femme: l&#039;AFEMAC sensibilise ses membres sur le cancer des seins - Infos Droits Humains<\/title>\n<meta name=\"robots\" content=\"index, follow, max-snippet:-1, max-image-preview:large, max-video-preview:-1\" \/>\n<link rel=\"canonical\" href=\"https:\/\/infos-droitshumains.net\/?p=3032\" \/>\n<meta property=\"og:locale\" content=\"fr_FR\" \/>\n<meta property=\"og:type\" content=\"article\" \/>\n<meta property=\"og:title\" content=\"Cl\u00f4ture du mois de la femme: l&#039;AFEMAC sensibilise ses membres sur le cancer des seins - Infos Droits Humains\" \/>\n<meta property=\"og:description\" content=\"R\u00e9daction:+243817406088 Dans le cadre de ses activit\u00e9s marquant la cl\u00f4ture du mois de la femme,...\" \/>\n<meta property=\"og:url\" content=\"https:\/\/infos-droitshumains.net\/?p=3032\" \/>\n<meta property=\"og:site_name\" content=\"Infos Droits Humains\" \/>\n<meta property=\"article:published_time\" content=\"2022-03-29T07:32:50+00:00\" \/>\n<meta property=\"article:modified_time\" content=\"2023-04-06T10:10:04+00:00\" \/>\n<meta name=\"author\" content=\"Jo\u00ebl Diawa\" \/>\n<meta name=\"twitter:card\" content=\"summary_large_image\" \/>\n<meta name=\"twitter:label1\" content=\"\u00c9crit par\" \/>\n\t<meta name=\"twitter:data1\" content=\"Jo\u00ebl Diawa\" \/>\n\t<meta name=\"twitter:label2\" content=\"Dur\u00e9e de lecture estim\u00e9e\" \/>\n\t<meta name=\"twitter:data2\" content=\"2 minutes\" \/>\n<script type=\"application\/ld+json\" class=\"yoast-schema-graph\">{\"@context\":\"https:\\\/\\\/schema.org\",\"@graph\":[{\"@type\":\"Article\",\"@id\":\"https:\\\/\\\/infos-droitshumains.net\\\/?p=3032#article\",\"isPartOf\":{\"@id\":\"https:\\\/\\\/infos-droitshumains.net\\\/?p=3032\"},\"author\":{\"name\":\"Jo\u00ebl Diawa\",\"@id\":\"https:\\\/\\\/infos-droitshumains.net\\\/#\\\/schema\\\/person\\\/3dc5e921c3302172e0ed4362f96faab7\"},\"headline\":\"Cl\u00f4ture du mois de la femme: l&rsquo;AFEMAC sensibilise ses membres sur le cancer des seins\",\"datePublished\":\"2022-03-29T07:32:50+00:00\",\"dateModified\":\"2023-04-06T10:10:04+00:00\",\"mainEntityOfPage\":{\"@id\":\"https:\\\/\\\/infos-droitshumains.net\\\/?p=3032\"},\"wordCount\":392,\"publisher\":{\"@id\":\"https:\\\/\\\/infos-droitshumains.net\\\/#organization\"},\"articleSection\":[\"Culture\",\"Soci\u00e9t\u00e9\"],\"inLanguage\":\"fr-FR\"},{\"@type\":\"WebPage\",\"@id\":\"https:\\\/\\\/infos-droitshumains.net\\\/?p=3032\",\"url\":\"https:\\\/\\\/infos-droitshumains.net\\\/?p=3032\",\"name\":\"Cl\u00f4ture du mois de la femme: l'AFEMAC sensibilise ses membres sur le cancer des seins - Infos Droits Humains\",\"isPartOf\":{\"@id\":\"https:\\\/\\\/infos-droitshumains.net\\\/#website\"},\"datePublished\":\"2022-03-29T07:32:50+00:00\",\"dateModified\":\"2023-04-06T10:10:04+00:00\",\"breadcrumb\":{\"@id\":\"https:\\\/\\\/infos-droitshumains.net\\\/?p=3032#breadcrumb\"},\"inLanguage\":\"fr-FR\",\"potentialAction\":[{\"@type\":\"ReadAction\",\"target\":[\"https:\\\/\\\/infos-droitshumains.net\\\/?p=3032\"]}]},{\"@type\":\"BreadcrumbList\",\"@id\":\"https:\\\/\\\/infos-droitshumains.net\\\/?p=3032#breadcrumb\",\"itemListElement\":[{\"@type\":\"ListItem\",\"position\":1,\"name\":\"Accueil\",\"item\":\"https:\\\/\\\/infos-droitshumains.net\\\/\"},{\"@type\":\"ListItem\",\"position\":2,\"name\":\"Cl\u00f4ture du mois de la femme: l&rsquo;AFEMAC sensibilise ses membres sur le cancer des seins\"}]},{\"@type\":\"WebSite\",\"@id\":\"https:\\\/\\\/infos-droitshumains.net\\\/#website\",\"url\":\"https:\\\/\\\/infos-droitshumains.net\\\/\",\"name\":\"Infos Droits Humains\",\"description\":\"S&#039;informer est un droit\",\"publisher\":{\"@id\":\"https:\\\/\\\/infos-droitshumains.net\\\/#organization\"},\"potentialAction\":[{\"@type\":\"SearchAction\",\"target\":{\"@type\":\"EntryPoint\",\"urlTemplate\":\"https:\\\/\\\/infos-droitshumains.net\\\/?s={search_term_string}\"},\"query-input\":{\"@type\":\"PropertyValueSpecification\",\"valueRequired\":true,\"valueName\":\"search_term_string\"}}],\"inLanguage\":\"fr-FR\"},{\"@type\":\"Organization\",\"@id\":\"https:\\\/\\\/infos-droitshumains.net\\\/#organization\",\"name\":\"Infos Droits Humains\",\"url\":\"https:\\\/\\\/infos-droitshumains.net\\\/\",\"logo\":{\"@type\":\"ImageObject\",\"inLanguage\":\"fr-FR\",\"@id\":\"https:\\\/\\\/infos-droitshumains.net\\\/#\\\/schema\\\/logo\\\/image\\\/\",\"url\":\"https:\\\/\\\/i0.wp.com\\\/infos-droitshumains.net\\\/wp-content\\\/uploads\\\/2022\\\/05\\\/Logo.png?fit=333%2C129&ssl=1\",\"contentUrl\":\"https:\\\/\\\/i0.wp.com\\\/infos-droitshumains.net\\\/wp-content\\\/uploads\\\/2022\\\/05\\\/Logo.png?fit=333%2C129&ssl=1\",\"width\":333,\"height\":129,\"caption\":\"Infos Droits Humains\"},\"image\":{\"@id\":\"https:\\\/\\\/infos-droitshumains.net\\\/#\\\/schema\\\/logo\\\/image\\\/\"}},{\"@type\":\"Person\",\"@id\":\"https:\\\/\\\/infos-droitshumains.net\\\/#\\\/schema\\\/person\\\/3dc5e921c3302172e0ed4362f96faab7\",\"name\":\"Jo\u00ebl Diawa\",\"image\":{\"@type\":\"ImageObject\",\"inLanguage\":\"fr-FR\",\"@id\":\"https:\\\/\\\/secure.gravatar.com\\\/avatar\\\/729bea6ff4604c624417803c477363be8e3c7186deaa65713313f9b4b820f41c?s=96&d=mm&r=g\",\"url\":\"https:\\\/\\\/secure.gravatar.com\\\/avatar\\\/729bea6ff4604c624417803c477363be8e3c7186deaa65713313f9b4b820f41c?s=96&d=mm&r=g\",\"contentUrl\":\"https:\\\/\\\/secure.gravatar.com\\\/avatar\\\/729bea6ff4604c624417803c477363be8e3c7186deaa65713313f9b4b820f41c?s=96&d=mm&r=g\",\"caption\":\"Jo\u00ebl Diawa\"},\"sameAs\":[\"https:\\\/\\\/www.infos-droitshumains.net\"],\"url\":\"https:\\\/\\\/infos-droitshumains.net\\\/?author=2\"}]}<\/script>\n<!-- \/ Yoast SEO plugin. -->","yoast_head_json":{"title":"Cl\u00f4ture du mois de la femme: l'AFEMAC sensibilise ses membres sur le cancer des seins - Infos Droits Humains","robots":{"index":"index","follow":"follow","max-snippet":"max-snippet:-1","max-image-preview":"max-image-preview:large","max-video-preview":"max-video-preview:-1"},"canonical":"https:\/\/infos-droitshumains.net\/?p=3032","og_locale":"fr_FR","og_type":"article","og_title":"Cl\u00f4ture du mois de la femme: l'AFEMAC sensibilise ses membres sur le cancer des seins - Infos Droits Humains","og_description":"R\u00e9daction:+243817406088 Dans le cadre de ses activit\u00e9s marquant la cl\u00f4ture du mois de la femme,...","og_url":"https:\/\/infos-droitshumains.net\/?p=3032","og_site_name":"Infos Droits Humains","article_published_time":"2022-03-29T07:32:50+00:00","article_modified_time":"2023-04-06T10:10:04+00:00","author":"Jo\u00ebl Diawa","twitter_card":"summary_large_image","twitter_misc":{"\u00c9crit par":"Jo\u00ebl Diawa","Dur\u00e9e de lecture estim\u00e9e":"2 minutes"},"schema":{"@context":"https:\/\/schema.org","@graph":[{"@type":"Article","@id":"https:\/\/infos-droitshumains.net\/?p=3032#article","isPartOf":{"@id":"https:\/\/infos-droitshumains.net\/?p=3032"},"author":{"name":"Jo\u00ebl Diawa","@id":"https:\/\/infos-droitshumains.net\/#\/schema\/person\/3dc5e921c3302172e0ed4362f96faab7"},"headline":"Cl\u00f4ture du mois de la femme: l&rsquo;AFEMAC sensibilise ses membres sur le cancer des seins","datePublished":"2022-03-29T07:32:50+00:00","dateModified":"2023-04-06T10:10:04+00:00","mainEntityOfPage":{"@id":"https:\/\/infos-droitshumains.net\/?p=3032"},"wordCount":392,"publisher":{"@id":"https:\/\/infos-droitshumains.net\/#organization"},"articleSection":["Culture","Soci\u00e9t\u00e9"],"inLanguage":"fr-FR"},{"@type":"WebPage","@id":"https:\/\/infos-droitshumains.net\/?p=3032","url":"https:\/\/infos-droitshumains.net\/?p=3032","name":"Cl\u00f4ture du mois de la femme: l'AFEMAC sensibilise ses membres sur le cancer des seins - Infos Droits Humains","isPartOf":{"@id":"https:\/\/infos-droitshumains.net\/#website"},"datePublished":"2022-03-29T07:32:50+00:00","dateModified":"2023-04-06T10:10:04+00:00","breadcrumb":{"@id":"https:\/\/infos-droitshumains.net\/?p=3032#breadcrumb"},"inLanguage":"fr-FR","potentialAction":[{"@type":"ReadAction","target":["https:\/\/infos-droitshumains.net\/?p=3032"]}]},{"@type":"BreadcrumbList","@id":"https:\/\/infos-droitshumains.net\/?p=3032#breadcrumb","itemListElement":[{"@type":"ListItem","position":1,"name":"Accueil","item":"https:\/\/infos-droitshumains.net\/"},{"@type":"ListItem","position":2,"name":"Cl\u00f4ture du mois de la femme: l&rsquo;AFEMAC sensibilise ses membres sur le cancer des seins"}]},{"@type":"WebSite","@id":"https:\/\/infos-droitshumains.net\/#website","url":"https:\/\/infos-droitshumains.net\/","name":"Infos Droits Humains","description":"S&#039;informer est un droit","publisher":{"@id":"https:\/\/infos-droitshumains.net\/#organization"},"potentialAction":[{"@type":"SearchAction","target":{"@type":"EntryPoint","urlTemplate":"https:\/\/infos-droitshumains.net\/?s={search_term_string}"},"query-input":{"@type":"PropertyValueSpecification","valueRequired":true,"valueName":"search_term_string"}}],"inLanguage":"fr-FR"},{"@type":"Organization","@id":"https:\/\/infos-droitshumains.net\/#organization","name":"Infos Droits Humains","url":"https:\/\/infos-droitshumains.net\/","logo":{"@type":"ImageObject","inLanguage":"fr-FR","@id":"https:\/\/infos-droitshumains.net\/#\/schema\/logo\/image\/","url":"https:\/\/i0.wp.com\/infos-droitshumains.net\/wp-content\/uploads\/2022\/05\/Logo.png?fit=333%2C129&ssl=1","contentUrl":"https:\/\/i0.wp.com\/infos-droitshumains.net\/wp-content\/uploads\/2022\/05\/Logo.png?fit=333%2C129&ssl=1","width":333,"height":129,"caption":"Infos Droits Humains"},"image":{"@id":"https:\/\/infos-droitshumains.net\/#\/schema\/logo\/image\/"}},{"@type":"Person","@id":"https:\/\/infos-droitshumains.net\/#\/schema\/person\/3dc5e921c3302172e0ed4362f96faab7","name":"Jo\u00ebl Diawa","image":{"@type":"ImageObject","inLanguage":"fr-FR","@id":"https:\/\/secure.gravatar.com\/avatar\/729bea6ff4604c624417803c477363be8e3c7186deaa65713313f9b4b820f41c?s=96&d=mm&r=g","url":"https:\/\/secure.gravatar.com\/avatar\/729bea6ff4604c624417803c477363be8e3c7186deaa65713313f9b4b820f41c?s=96&d=mm&r=g","contentUrl":"https:\/\/secure.gravatar.com\/avatar\/729bea6ff4604c624417803c477363be8e3c7186deaa65713313f9b4b820f41c?s=96&d=mm&r=g","caption":"Jo\u00ebl Diawa"},"sameAs":["https:\/\/www.infos-droitshumains.net"],"url":"https:\/\/infos-droitshumains.net\/?author=2"}]}},"featured_image_urls":{"full":"","thumbnail":"","medium":"","medium_large":"","large":"","1536x1536":"","2048x2048":"","covernews-slider-full":"","covernews-slider-center":"","covernews-featured":"","covernews-medium":"","covernews-medium-square":""},"author_info":{"display_name":"Jo\u00ebl Diawa","author_link":"https:\/\/infos-droitshumains.net\/?author=2"},"category_info":"<a href=\"https:\/\/infos-droitshumains.net\/?cat=28\" rel=\"category\">Culture<\/a> <a href=\"https:\/\/infos-droitshumains.net\/?cat=8\" rel=\"category\">Soci\u00e9t\u00e9<\/a>","tag_info":"Soci\u00e9t\u00e9","comment_count":"0","jetpack_featured_media_url":"","jetpack-related-posts":[],"jetpack_sharing_enabled":true,"_links":{"self":[{"href":"https:\/\/infos-droitshumains.net\/index.php?rest_route=\/wp\/v2\/posts\/3032","targetHints":{"allow":["GET"]}}],"collection":[{"href":"https:\/\/infos-droitshumains.net\/index.php?rest_route=\/wp\/v2\/posts"}],"about":[{"href":"https:\/\/infos-droitshumains.net\/index.php?rest_route=\/wp\/v2\/types\/post"}],"author":[{"embeddable":true,"href":"https:\/\/infos-droitshumains.net\/index.php?rest_route=\/wp\/v2\/users\/2"}],"replies":[{"embeddable":true,"href":"https:\/\/infos-droitshumains.net\/index.php?rest_route=%2Fwp%2Fv2%2Fcomments&post=3032"}],"version-history":[{"count":3,"href":"https:\/\/infos-droitshumains.net\/index.php?rest_route=\/wp\/v2\/posts\/3032\/revisions"}],"predecessor-version":[{"id":3036,"href":"https:\/\/infos-droitshumains.net\/index.php?rest_route=\/wp\/v2\/posts\/3032\/revisions\/3036"}],"wp:attachment":[{"href":"https:\/\/infos-droitshumains.net\/index.php?rest_route=%2Fwp%2Fv2%2Fmedia&parent=3032"}],"wp:term":[{"taxonomy":"category","embeddable":true,"href":"https:\/\/infos-droitshumains.net\/index.php?rest_route=%2Fwp%2Fv2%2Fcategories&post=3032"},{"taxonomy":"post_tag","embeddable":true,"href":"https:\/\/infos-droitshumains.net\/index.php?rest_route=%2Fwp%2Fv2%2Ftags&post=3032"}],"curies":[{"name":"wp","href":"https:\/\/api.w.org\/{rel}","templated":true}]}}