{"id":288,"date":"2021-05-12T00:01:28","date_gmt":"2021-05-11T22:01:28","guid":{"rendered":"https:\/\/www.infos-droitshumains.net\/?p=288"},"modified":"2023-04-06T12:12:26","modified_gmt":"2023-04-06T10:12:26","slug":"rdc-le-ministre-fabrice-puela-recoit-un-soutien-des-usa-pour-la-promotion-des-droits-humains","status":"publish","type":"post","link":"https:\/\/infos-droitshumains.net\/?p=288","title":{"rendered":"RDC: Le ministre Fabrice Puela re\u00e7oit un soutien des USA pour la promotion des Droits Humains."},"content":{"rendered":"\n<p><\/p>\n\n\n\n<p><\/p>\n\n\n\n<p><\/p>\n\n\n\n<p>Le ministre des Droits Humains, Me Albert-Fabrice Puela d\u00e9termin\u00e9 \u00e0 en finir avec les violations des Droits Humains en R\u00e9publique D\u00e9mocratique du Congo. Cette mission ne peut \u00eatre r\u00e9alis\u00e9e entre autre que gr\u00e2ce \u00e0 l&rsquo;appui des partenaires ext\u00e9rieurs. C&rsquo;est dans cette optique que le patron des Droits Humains accord\u00e9 ce mardi 11 mai 2021 dans son cabinet de travail, une audience \u00e0 l&rsquo;ambassadeur des USA accr\u00e9dit\u00e9 en RDC.<\/p>\n\n\n\n<p>Au menu des \u00e9changes entre Me Albert-Fabrice Puela et Mike hammer, la situation de la promotion des Droits de L&rsquo;homme au pays de F\u00e9lix Tshisekedi.<\/p>\n\n\n\n<figure class=\"wp-block-image size-large\"><img data-recalc-dims=\"1\" height=\"426\" width=\"640\" decoding=\"async\" src=\"https:\/\/i0.wp.com\/www.infos-droitshumains.net\/wp-content\/uploads\/2021\/05\/IMG-20210511-WA0066-1024x682.jpg?resize=640%2C426&#038;ssl=1\" alt=\"\" class=\"wp-image-289\" \/><\/figure>\n\n\n\n<p>Les USA s&rsquo;engagent \u00e0 apporter leur soutien au gouvernement de la RDC pour l&rsquo;am\u00e9lioration des droits de l&rsquo;homme. Mike Hammer a rassur\u00e9 le Ministre Puela de la disponibilit\u00e9 de son Etat \u00e0 aider la RDC \u00e0 atteindre cet objectif crucial qui est aussi un de cheval de bataille du Pr\u00e9sident Tshisekedi.<\/p>\n\n\n\n<figure class=\"wp-block-image size-large\"><img data-recalc-dims=\"1\" height=\"426\" width=\"640\" decoding=\"async\" src=\"https:\/\/i0.wp.com\/www.infos-droitshumains.net\/wp-content\/uploads\/2021\/05\/IMG-20210511-WA0065-1024x682.jpg?resize=640%2C426&#038;ssl=1\" alt=\"\" class=\"wp-image-290\" \/><\/figure>\n\n\n\n<p>Autres questions abord\u00e9es \u00e9taient celles li\u00e9es \u00e0 la situation de l&rsquo;Est du pays o\u00f9 les groupes arm\u00e9s et les terroristes brillent par leurs atrocit\u00e9s qui causent des graves violations des Droits de L&rsquo;homme.<\/p>\n\n\n\n<p>\u00c0-travers l&rsquo;\u00e9tat de si\u00e8ge d\u00e9cr\u00e9t\u00e9 par le Pr\u00e9sident de la R\u00e9publique, l&rsquo;ambassadeur Hammer souhaite voir les autorit\u00e9s et les FARDC travailler pour le seul int\u00e9r\u00eat de la population et ne pas verser dans les violations sur cette population meurtrie depuis des ann\u00e9es . <\/p>\n\n\n\n<figure class=\"wp-block-image size-large\"><img data-recalc-dims=\"1\" height=\"426\" width=\"640\" decoding=\"async\" src=\"https:\/\/i0.wp.com\/www.infos-droitshumains.net\/wp-content\/uploads\/2021\/05\/IMG-20210511-WA0061-1024x682.jpg?resize=640%2C426&#038;ssl=1\" alt=\"\" class=\"wp-image-291\" \/><\/figure>\n\n\n\n<p>Les questions li\u00e9es \u00e0 la protection des journalistes ainsi que celles li\u00e9es \u00e0 la lutte contre les enfants soldats et ceux travaillant dans les mines ont \u00e9t\u00e9s \u00e9galement \u00e9voqu\u00e9es . <\/p>\n\n\n\n<figure class=\"wp-block-image size-large\"><img data-recalc-dims=\"1\" decoding=\"async\" src=\"https:\/\/i0.wp.com\/www.infos-droitshumains.net\/wp-content\/uploads\/2021\/05\/IMG-20210511-WA0062.jpg?w=640&#038;ssl=1\" alt=\"\" class=\"wp-image-292\" \/><\/figure>\n\n\n\n<p>Notons que depuis son entr\u00e9e dans ce minist\u00e8re, Fabrice Puela a re\u00e7u plusieurs visites des acteurs \u0153uvrant dans le secteur de son portefeuille. Ces derniers ont promis de l&rsquo;accompagner pendant son mandat \u00e0 la t\u00eate de ce minist\u00e8re si important.<\/p>\n\n\n\n<p>Chantal kabasua<\/p>\n","protected":false},"excerpt":{"rendered":"<p>Le ministre des Droits Humains, Me Albert-Fabrice Puela d\u00e9termin\u00e9 \u00e0 en finir avec les violations&#8230;<\/p>\n","protected":false},"author":2,"featured_media":0,"comment_status":"open","ping_status":"open","sticky":false,"template":"","format":"standard","meta":{"_jetpack_memberships_contains_paid_content":false,"footnotes":""},"categories":[1],"tags":[],"class_list":["post-288","post","type-post","status-publish","format-standard","hentry","category-non-classe"],"yoast_head":"<!-- This site is optimized with the Yoast SEO plugin v27.5 - https:\/\/yoast.com\/product\/yoast-seo-wordpress\/ -->\n<title>RDC: Le ministre Fabrice Puela re\u00e7oit un soutien des USA pour la promotion des Droits Humains. - Infos Droits Humains<\/title>\n<meta name=\"robots\" content=\"index, follow, max-snippet:-1, max-image-preview:large, max-video-preview:-1\" \/>\n<link rel=\"canonical\" href=\"https:\/\/infos-droitshumains.net\/?p=288\" \/>\n<meta property=\"og:locale\" content=\"fr_FR\" \/>\n<meta property=\"og:type\" content=\"article\" \/>\n<meta property=\"og:title\" content=\"RDC: Le ministre Fabrice Puela re\u00e7oit un soutien des USA pour la promotion des Droits Humains. - Infos Droits Humains\" \/>\n<meta property=\"og:description\" content=\"Le ministre des Droits Humains, Me Albert-Fabrice Puela d\u00e9termin\u00e9 \u00e0 en finir avec les violations...\" \/>\n<meta property=\"og:url\" content=\"https:\/\/infos-droitshumains.net\/?p=288\" \/>\n<meta property=\"og:site_name\" content=\"Infos Droits Humains\" \/>\n<meta property=\"article:published_time\" content=\"2021-05-11T22:01:28+00:00\" \/>\n<meta property=\"article:modified_time\" content=\"2023-04-06T10:12:26+00:00\" \/>\n<meta property=\"og:image\" content=\"https:\/\/www.infos-droitshumains.net\/wp-content\/uploads\/2021\/05\/IMG-20210511-WA0066-1024x682.jpg\" \/>\n<meta name=\"author\" content=\"Jo\u00ebl Diawa\" \/>\n<meta name=\"twitter:card\" content=\"summary_large_image\" \/>\n<meta name=\"twitter:label1\" content=\"\u00c9crit par\" \/>\n\t<meta name=\"twitter:data1\" content=\"Jo\u00ebl Diawa\" \/>\n\t<meta name=\"twitter:label2\" content=\"Dur\u00e9e de lecture estim\u00e9e\" \/>\n\t<meta name=\"twitter:data2\" content=\"2 minutes\" \/>\n<script type=\"application\/ld+json\" class=\"yoast-schema-graph\">{\"@context\":\"https:\\\/\\\/schema.org\",\"@graph\":[{\"@type\":\"Article\",\"@id\":\"https:\\\/\\\/infos-droitshumains.net\\\/?p=288#article\",\"isPartOf\":{\"@id\":\"https:\\\/\\\/infos-droitshumains.net\\\/?p=288\"},\"author\":{\"name\":\"Jo\u00ebl Diawa\",\"@id\":\"https:\\\/\\\/infos-droitshumains.net\\\/#\\\/schema\\\/person\\\/3dc5e921c3302172e0ed4362f96faab7\"},\"headline\":\"RDC: Le ministre Fabrice Puela re\u00e7oit un soutien des USA pour la promotion des Droits Humains.\",\"datePublished\":\"2021-05-11T22:01:28+00:00\",\"dateModified\":\"2023-04-06T10:12:26+00:00\",\"mainEntityOfPage\":{\"@id\":\"https:\\\/\\\/infos-droitshumains.net\\\/?p=288\"},\"wordCount\":329,\"commentCount\":0,\"publisher\":{\"@id\":\"https:\\\/\\\/infos-droitshumains.net\\\/#organization\"},\"image\":{\"@id\":\"https:\\\/\\\/infos-droitshumains.net\\\/?p=288#primaryimage\"},\"thumbnailUrl\":\"https:\\\/\\\/www.infos-droitshumains.net\\\/wp-content\\\/uploads\\\/2021\\\/05\\\/IMG-20210511-WA0066-1024x682.jpg\",\"inLanguage\":\"fr-FR\",\"potentialAction\":[{\"@type\":\"CommentAction\",\"name\":\"Comment\",\"target\":[\"https:\\\/\\\/infos-droitshumains.net\\\/?p=288#respond\"]}]},{\"@type\":\"WebPage\",\"@id\":\"https:\\\/\\\/infos-droitshumains.net\\\/?p=288\",\"url\":\"https:\\\/\\\/infos-droitshumains.net\\\/?p=288\",\"name\":\"RDC: Le ministre Fabrice Puela re\u00e7oit un soutien des USA pour la promotion des Droits Humains. - Infos Droits Humains\",\"isPartOf\":{\"@id\":\"https:\\\/\\\/infos-droitshumains.net\\\/#website\"},\"primaryImageOfPage\":{\"@id\":\"https:\\\/\\\/infos-droitshumains.net\\\/?p=288#primaryimage\"},\"image\":{\"@id\":\"https:\\\/\\\/infos-droitshumains.net\\\/?p=288#primaryimage\"},\"thumbnailUrl\":\"https:\\\/\\\/www.infos-droitshumains.net\\\/wp-content\\\/uploads\\\/2021\\\/05\\\/IMG-20210511-WA0066-1024x682.jpg\",\"datePublished\":\"2021-05-11T22:01:28+00:00\",\"dateModified\":\"2023-04-06T10:12:26+00:00\",\"breadcrumb\":{\"@id\":\"https:\\\/\\\/infos-droitshumains.net\\\/?p=288#breadcrumb\"},\"inLanguage\":\"fr-FR\",\"potentialAction\":[{\"@type\":\"ReadAction\",\"target\":[\"https:\\\/\\\/infos-droitshumains.net\\\/?p=288\"]}]},{\"@type\":\"ImageObject\",\"inLanguage\":\"fr-FR\",\"@id\":\"https:\\\/\\\/infos-droitshumains.net\\\/?p=288#primaryimage\",\"url\":\"https:\\\/\\\/www.infos-droitshumains.net\\\/wp-content\\\/uploads\\\/2021\\\/05\\\/IMG-20210511-WA0066-1024x682.jpg\",\"contentUrl\":\"https:\\\/\\\/www.infos-droitshumains.net\\\/wp-content\\\/uploads\\\/2021\\\/05\\\/IMG-20210511-WA0066-1024x682.jpg\"},{\"@type\":\"BreadcrumbList\",\"@id\":\"https:\\\/\\\/infos-droitshumains.net\\\/?p=288#breadcrumb\",\"itemListElement\":[{\"@type\":\"ListItem\",\"position\":1,\"name\":\"Accueil\",\"item\":\"https:\\\/\\\/infos-droitshumains.net\\\/\"},{\"@type\":\"ListItem\",\"position\":2,\"name\":\"RDC: Le ministre Fabrice Puela re\u00e7oit un soutien des USA pour la promotion des Droits Humains.\"}]},{\"@type\":\"WebSite\",\"@id\":\"https:\\\/\\\/infos-droitshumains.net\\\/#website\",\"url\":\"https:\\\/\\\/infos-droitshumains.net\\\/\",\"name\":\"Infos Droits Humains\",\"description\":\"S&#039;informer est un droit\",\"publisher\":{\"@id\":\"https:\\\/\\\/infos-droitshumains.net\\\/#organization\"},\"potentialAction\":[{\"@type\":\"SearchAction\",\"target\":{\"@type\":\"EntryPoint\",\"urlTemplate\":\"https:\\\/\\\/infos-droitshumains.net\\\/?s={search_term_string}\"},\"query-input\":{\"@type\":\"PropertyValueSpecification\",\"valueRequired\":true,\"valueName\":\"search_term_string\"}}],\"inLanguage\":\"fr-FR\"},{\"@type\":\"Organization\",\"@id\":\"https:\\\/\\\/infos-droitshumains.net\\\/#organization\",\"name\":\"Infos Droits Humains\",\"url\":\"https:\\\/\\\/infos-droitshumains.net\\\/\",\"logo\":{\"@type\":\"ImageObject\",\"inLanguage\":\"fr-FR\",\"@id\":\"https:\\\/\\\/infos-droitshumains.net\\\/#\\\/schema\\\/logo\\\/image\\\/\",\"url\":\"https:\\\/\\\/i0.wp.com\\\/infos-droitshumains.net\\\/wp-content\\\/uploads\\\/2022\\\/05\\\/Logo.png?fit=333%2C129&ssl=1\",\"contentUrl\":\"https:\\\/\\\/i0.wp.com\\\/infos-droitshumains.net\\\/wp-content\\\/uploads\\\/2022\\\/05\\\/Logo.png?fit=333%2C129&ssl=1\",\"width\":333,\"height\":129,\"caption\":\"Infos Droits Humains\"},\"image\":{\"@id\":\"https:\\\/\\\/infos-droitshumains.net\\\/#\\\/schema\\\/logo\\\/image\\\/\"}},{\"@type\":\"Person\",\"@id\":\"https:\\\/\\\/infos-droitshumains.net\\\/#\\\/schema\\\/person\\\/3dc5e921c3302172e0ed4362f96faab7\",\"name\":\"Jo\u00ebl Diawa\",\"image\":{\"@type\":\"ImageObject\",\"inLanguage\":\"fr-FR\",\"@id\":\"https:\\\/\\\/secure.gravatar.com\\\/avatar\\\/729bea6ff4604c624417803c477363be8e3c7186deaa65713313f9b4b820f41c?s=96&d=mm&r=g\",\"url\":\"https:\\\/\\\/secure.gravatar.com\\\/avatar\\\/729bea6ff4604c624417803c477363be8e3c7186deaa65713313f9b4b820f41c?s=96&d=mm&r=g\",\"contentUrl\":\"https:\\\/\\\/secure.gravatar.com\\\/avatar\\\/729bea6ff4604c624417803c477363be8e3c7186deaa65713313f9b4b820f41c?s=96&d=mm&r=g\",\"caption\":\"Jo\u00ebl Diawa\"},\"sameAs\":[\"https:\\\/\\\/www.infos-droitshumains.net\"],\"url\":\"https:\\\/\\\/infos-droitshumains.net\\\/?author=2\"}]}<\/script>\n<!-- \/ Yoast SEO plugin. -->","yoast_head_json":{"title":"RDC: Le ministre Fabrice Puela re\u00e7oit un soutien des USA pour la promotion des Droits Humains. - Infos Droits Humains","robots":{"index":"index","follow":"follow","max-snippet":"max-snippet:-1","max-image-preview":"max-image-preview:large","max-video-preview":"max-video-preview:-1"},"canonical":"https:\/\/infos-droitshumains.net\/?p=288","og_locale":"fr_FR","og_type":"article","og_title":"RDC: Le ministre Fabrice Puela re\u00e7oit un soutien des USA pour la promotion des Droits Humains. - Infos Droits Humains","og_description":"Le ministre des Droits Humains, Me Albert-Fabrice Puela d\u00e9termin\u00e9 \u00e0 en finir avec les violations...","og_url":"https:\/\/infos-droitshumains.net\/?p=288","og_site_name":"Infos Droits Humains","article_published_time":"2021-05-11T22:01:28+00:00","article_modified_time":"2023-04-06T10:12:26+00:00","og_image":[{"url":"https:\/\/www.infos-droitshumains.net\/wp-content\/uploads\/2021\/05\/IMG-20210511-WA0066-1024x682.jpg","type":"","width":"","height":""}],"author":"Jo\u00ebl Diawa","twitter_card":"summary_large_image","twitter_misc":{"\u00c9crit par":"Jo\u00ebl Diawa","Dur\u00e9e de lecture estim\u00e9e":"2 minutes"},"schema":{"@context":"https:\/\/schema.org","@graph":[{"@type":"Article","@id":"https:\/\/infos-droitshumains.net\/?p=288#article","isPartOf":{"@id":"https:\/\/infos-droitshumains.net\/?p=288"},"author":{"name":"Jo\u00ebl Diawa","@id":"https:\/\/infos-droitshumains.net\/#\/schema\/person\/3dc5e921c3302172e0ed4362f96faab7"},"headline":"RDC: Le ministre Fabrice Puela re\u00e7oit un soutien des USA pour la promotion des Droits Humains.","datePublished":"2021-05-11T22:01:28+00:00","dateModified":"2023-04-06T10:12:26+00:00","mainEntityOfPage":{"@id":"https:\/\/infos-droitshumains.net\/?p=288"},"wordCount":329,"commentCount":0,"publisher":{"@id":"https:\/\/infos-droitshumains.net\/#organization"},"image":{"@id":"https:\/\/infos-droitshumains.net\/?p=288#primaryimage"},"thumbnailUrl":"https:\/\/www.infos-droitshumains.net\/wp-content\/uploads\/2021\/05\/IMG-20210511-WA0066-1024x682.jpg","inLanguage":"fr-FR","potentialAction":[{"@type":"CommentAction","name":"Comment","target":["https:\/\/infos-droitshumains.net\/?p=288#respond"]}]},{"@type":"WebPage","@id":"https:\/\/infos-droitshumains.net\/?p=288","url":"https:\/\/infos-droitshumains.net\/?p=288","name":"RDC: Le ministre Fabrice Puela re\u00e7oit un soutien des USA pour la promotion des Droits Humains. - Infos Droits Humains","isPartOf":{"@id":"https:\/\/infos-droitshumains.net\/#website"},"primaryImageOfPage":{"@id":"https:\/\/infos-droitshumains.net\/?p=288#primaryimage"},"image":{"@id":"https:\/\/infos-droitshumains.net\/?p=288#primaryimage"},"thumbnailUrl":"https:\/\/www.infos-droitshumains.net\/wp-content\/uploads\/2021\/05\/IMG-20210511-WA0066-1024x682.jpg","datePublished":"2021-05-11T22:01:28+00:00","dateModified":"2023-04-06T10:12:26+00:00","breadcrumb":{"@id":"https:\/\/infos-droitshumains.net\/?p=288#breadcrumb"},"inLanguage":"fr-FR","potentialAction":[{"@type":"ReadAction","target":["https:\/\/infos-droitshumains.net\/?p=288"]}]},{"@type":"ImageObject","inLanguage":"fr-FR","@id":"https:\/\/infos-droitshumains.net\/?p=288#primaryimage","url":"https:\/\/www.infos-droitshumains.net\/wp-content\/uploads\/2021\/05\/IMG-20210511-WA0066-1024x682.jpg","contentUrl":"https:\/\/www.infos-droitshumains.net\/wp-content\/uploads\/2021\/05\/IMG-20210511-WA0066-1024x682.jpg"},{"@type":"BreadcrumbList","@id":"https:\/\/infos-droitshumains.net\/?p=288#breadcrumb","itemListElement":[{"@type":"ListItem","position":1,"name":"Accueil","item":"https:\/\/infos-droitshumains.net\/"},{"@type":"ListItem","position":2,"name":"RDC: Le ministre Fabrice Puela re\u00e7oit un soutien des USA pour la promotion des Droits Humains."}]},{"@type":"WebSite","@id":"https:\/\/infos-droitshumains.net\/#website","url":"https:\/\/infos-droitshumains.net\/","name":"Infos Droits Humains","description":"S&#039;informer est un droit","publisher":{"@id":"https:\/\/infos-droitshumains.net\/#organization"},"potentialAction":[{"@type":"SearchAction","target":{"@type":"EntryPoint","urlTemplate":"https:\/\/infos-droitshumains.net\/?s={search_term_string}"},"query-input":{"@type":"PropertyValueSpecification","valueRequired":true,"valueName":"search_term_string"}}],"inLanguage":"fr-FR"},{"@type":"Organization","@id":"https:\/\/infos-droitshumains.net\/#organization","name":"Infos Droits Humains","url":"https:\/\/infos-droitshumains.net\/","logo":{"@type":"ImageObject","inLanguage":"fr-FR","@id":"https:\/\/infos-droitshumains.net\/#\/schema\/logo\/image\/","url":"https:\/\/i0.wp.com\/infos-droitshumains.net\/wp-content\/uploads\/2022\/05\/Logo.png?fit=333%2C129&ssl=1","contentUrl":"https:\/\/i0.wp.com\/infos-droitshumains.net\/wp-content\/uploads\/2022\/05\/Logo.png?fit=333%2C129&ssl=1","width":333,"height":129,"caption":"Infos Droits Humains"},"image":{"@id":"https:\/\/infos-droitshumains.net\/#\/schema\/logo\/image\/"}},{"@type":"Person","@id":"https:\/\/infos-droitshumains.net\/#\/schema\/person\/3dc5e921c3302172e0ed4362f96faab7","name":"Jo\u00ebl Diawa","image":{"@type":"ImageObject","inLanguage":"fr-FR","@id":"https:\/\/secure.gravatar.com\/avatar\/729bea6ff4604c624417803c477363be8e3c7186deaa65713313f9b4b820f41c?s=96&d=mm&r=g","url":"https:\/\/secure.gravatar.com\/avatar\/729bea6ff4604c624417803c477363be8e3c7186deaa65713313f9b4b820f41c?s=96&d=mm&r=g","contentUrl":"https:\/\/secure.gravatar.com\/avatar\/729bea6ff4604c624417803c477363be8e3c7186deaa65713313f9b4b820f41c?s=96&d=mm&r=g","caption":"Jo\u00ebl Diawa"},"sameAs":["https:\/\/www.infos-droitshumains.net"],"url":"https:\/\/infos-droitshumains.net\/?author=2"}]}},"featured_image_urls":{"full":"","thumbnail":"","medium":"","medium_large":"","large":"","1536x1536":"","2048x2048":"","covernews-slider-full":"","covernews-slider-center":"","covernews-featured":"","covernews-medium":"","covernews-medium-square":""},"author_info":{"display_name":"Jo\u00ebl Diawa","author_link":"https:\/\/infos-droitshumains.net\/?author=2"},"category_info":"<a href=\"https:\/\/infos-droitshumains.net\/?cat=1\" rel=\"category\">Non class\u00e9<\/a>","tag_info":"Non class\u00e9","comment_count":"0","jetpack_featured_media_url":"","jetpack-related-posts":[],"jetpack_sharing_enabled":true,"_links":{"self":[{"href":"https:\/\/infos-droitshumains.net\/index.php?rest_route=\/wp\/v2\/posts\/288","targetHints":{"allow":["GET"]}}],"collection":[{"href":"https:\/\/infos-droitshumains.net\/index.php?rest_route=\/wp\/v2\/posts"}],"about":[{"href":"https:\/\/infos-droitshumains.net\/index.php?rest_route=\/wp\/v2\/types\/post"}],"author":[{"embeddable":true,"href":"https:\/\/infos-droitshumains.net\/index.php?rest_route=\/wp\/v2\/users\/2"}],"replies":[{"embeddable":true,"href":"https:\/\/infos-droitshumains.net\/index.php?rest_route=%2Fwp%2Fv2%2Fcomments&post=288"}],"version-history":[{"count":4,"href":"https:\/\/infos-droitshumains.net\/index.php?rest_route=\/wp\/v2\/posts\/288\/revisions"}],"predecessor-version":[{"id":297,"href":"https:\/\/infos-droitshumains.net\/index.php?rest_route=\/wp\/v2\/posts\/288\/revisions\/297"}],"wp:attachment":[{"href":"https:\/\/infos-droitshumains.net\/index.php?rest_route=%2Fwp%2Fv2%2Fmedia&parent=288"}],"wp:term":[{"taxonomy":"category","embeddable":true,"href":"https:\/\/infos-droitshumains.net\/index.php?rest_route=%2Fwp%2Fv2%2Fcategories&post=288"},{"taxonomy":"post_tag","embeddable":true,"href":"https:\/\/infos-droitshumains.net\/index.php?rest_route=%2Fwp%2Fv2%2Ftags&post=288"}],"curies":[{"name":"wp","href":"https:\/\/api.w.org\/{rel}","templated":true}]}}