{"id":2812,"date":"2022-03-23T13:00:12","date_gmt":"2022-03-23T12:00:12","guid":{"rendered":"https:\/\/infos-droitshumains.net\/?p=2812"},"modified":"2023-04-06T12:10:04","modified_gmt":"2023-04-06T10:10:04","slug":"a-la-decouverte-de-theo-bongonda-un-atout-offensif-majeur-pour-la-selection-nationale-de-la-rdc","status":"publish","type":"post","link":"https:\/\/infos-droitshumains.net\/?p=2812","title":{"rendered":"A la d\u00e9couverte de  Th\u00e9o Bongonda : Un atout offensif majeur pour la s\u00e9lection nationale de la RDC"},"content":{"rendered":"\n<p><strong>R\u00e9daction:+243817406088<\/strong><\/p>\n\n\n\n<p>Depuis qu&rsquo;il a annonc\u00e9 son envie de jouer pour la RDC, l&rsquo;attaquant de Genk devient de plus en plus, l\u2019attraction de la plan\u00e8te du football.<\/p>\n\n\n\n<p>De son nom complet, Th\u00e9o Bongonda Mbul&rsquo;Ofeko Batombo est n\u00e9 le 20 novembre 1995 \u00e0 Charleroi (Belgique), des parents d&rsquo;origine congolaise. Ce footballeur exp\u00e9riment\u00e9 de 1,77m pour 73kg \u00e9volue au poste attaquant, beaucoup plus ailier gauche.<\/p>\n\n\n\n<p><strong><em>Contrat avort\u00e9 \u00e0 Manchester City et retour en Belgique<\/em><\/strong><\/p>\n\n\n\n<p>Il a commenc\u00e9 le foot tr\u00e8s jeune, \u00e0 l&rsquo;\u00e2ge de 9ans. Il a \u00e9volu\u00e9 dans plusieurs petits clubs de sa r\u00e9gion pendant deux ans avant de rejoindre Sporting Charleroi a l&rsquo;\u00e2ge de 11ans.<\/p>\n\n\n\n<p>Deux ann\u00e9es plus tard, le joueur a int\u00e9gr\u00e9 l&rsquo;Acad\u00e9mie Jean-Marc Guillou, club o\u00f9 il y reste jusqu&rsquo;\u00e0 peu plus de 17ans.<\/p>\n\n\n\n<p>Pour acqu\u00e9rir d&rsquo;autres exp\u00e9riences dans ce sport qui le passionnait tant, il s&rsquo;est dirig\u00e9 en Angleterre du c\u00f4t\u00e9 de Manchester City pour effectuer un stage de trois mois.<\/p>\n\n\n\n<p>Chez les Citizens, il a re\u00e7u une proposition de joueur avec les Espoirs du club, mais comme il voulait jouer dans une \u00e9quipe premi\u00e8re Th\u00e9o est revenu en Belgique pour enfin signer en \u00e9quipe premi\u00e8re \u00e0 Zulte Waregem, en 2013.<\/p>\n\n\n\n<figure class=\"wp-block-image alignfull size-large\"><img data-recalc-dims=\"1\" height=\"360\" width=\"640\" decoding=\"async\" src=\"https:\/\/i0.wp.com\/infos-droitshumains.net\/wp-content\/uploads\/2022\/03\/20220323_130758-1024x576.jpg?resize=640%2C360&#038;ssl=1\" alt=\"\" class=\"wp-image-2815\"\/><\/figure>\n\n\n\n<figure class=\"wp-block-image alignfull size-large\"><img data-recalc-dims=\"1\" height=\"636\" width=\"640\" decoding=\"async\" src=\"https:\/\/i0.wp.com\/infos-droitshumains.net\/wp-content\/uploads\/2022\/03\/20220323_130905-1024x1018.jpg?resize=640%2C636&#038;ssl=1\" alt=\"\" class=\"wp-image-2817\"\/><\/figure>\n\n\n\n<figure class=\"wp-block-image alignfull size-large\"><img data-recalc-dims=\"1\" decoding=\"async\" src=\"https:\/\/i0.wp.com\/infos-droitshumains.net\/wp-content\/uploads\/2022\/03\/20220323_130734.jpg?w=640&#038;ssl=1\" alt=\"\" class=\"wp-image-2819\"\/><\/figure>\n\n\n\n<figure class=\"wp-block-image alignfull size-large\"><img data-recalc-dims=\"1\" decoding=\"async\" src=\"https:\/\/i0.wp.com\/infos-droitshumains.net\/wp-content\/uploads\/2022\/03\/20220323_130711.jpg?w=640&#038;ssl=1\" alt=\"\" class=\"wp-image-2821\"\/><\/figure>\n\n\n\n<p><strong><em>Celta Vigo, une aventure pas d\u00e9cevante<\/em><\/strong><\/p>\n\n\n\n<p>Apr\u00e8s une saison et demie r\u00e9ussie \u00e0 Zulte, il est transf\u00e9r\u00e9 en janvier 2015 \u00e0 Celta Vigo (Espagne) pour vivre l&rsquo;une des plus belles exp\u00e9riences de sa vie. Il n&rsquo;avait que 19ans. Titulaire indiscutable, il a r\u00e9ussi \u00e0 s&rsquo;imposer dans ce club jusqu&rsquo;\u00e0 terminer sa premi\u00e8re saison en Espagne avec 30 matches jou\u00e9s.<\/p>\n\n\n\n<figure class=\"wp-block-image alignfull size-large\"><img data-recalc-dims=\"1\" decoding=\"async\" src=\"https:\/\/i0.wp.com\/infos-droitshumains.net\/wp-content\/uploads\/2022\/03\/20220323_131515.jpg?w=640&#038;ssl=1\" alt=\"\" class=\"wp-image-2823\"\/><\/figure>\n\n\n\n<figure class=\"wp-block-image alignfull size-large\"><img data-recalc-dims=\"1\" decoding=\"async\" src=\"https:\/\/i0.wp.com\/infos-droitshumains.net\/wp-content\/uploads\/2022\/03\/20220323_131410.jpg?w=640&#038;ssl=1\" alt=\"\" class=\"wp-image-2825\"\/><\/figure>\n\n\n\n<figure class=\"wp-block-image alignfull size-large\"><img data-recalc-dims=\"1\" height=\"346\" width=\"640\" decoding=\"async\" src=\"https:\/\/i0.wp.com\/infos-droitshumains.net\/wp-content\/uploads\/2022\/03\/20220323_131436-1024x554.jpg?resize=640%2C346&#038;ssl=1\" alt=\"\" class=\"wp-image-2827\"\/><\/figure>\n\n\n\n<p>Malgr\u00e9 son court passage par pr\u00eat \u00e0 Trabzonspor (Turquie) en 2017, l&rsquo;attaquant belgo-congolais a d\u00fb passer 3 saisons du c\u00f4t\u00e9 de la Liga (2015-2018) en jouant pas moins de 77 matchs et inscrivant un total de 5 buts.<\/p>\n\n\n\n<figure class=\"wp-block-image alignfull size-large\"><img data-recalc-dims=\"1\" height=\"665\" width=\"640\" decoding=\"async\" src=\"https:\/\/i0.wp.com\/infos-droitshumains.net\/wp-content\/uploads\/2022\/03\/20220323_130944-986x1024.jpg?resize=640%2C665&#038;ssl=1\" alt=\"\" class=\"wp-image-2829\"\/><\/figure>\n\n\n\n<figure class=\"wp-block-image alignfull size-large\"><img data-recalc-dims=\"1\" height=\"427\" width=\"640\" decoding=\"async\" src=\"https:\/\/i0.wp.com\/infos-droitshumains.net\/wp-content\/uploads\/2022\/03\/20220323_130923-1024x683.jpg?resize=640%2C427&#038;ssl=1\" alt=\"\" class=\"wp-image-2831\"\/><\/figure>\n\n\n\n<figure class=\"wp-block-image alignfull size-large\"><img data-recalc-dims=\"1\" height=\"427\" width=\"640\" decoding=\"async\" src=\"https:\/\/i0.wp.com\/infos-droitshumains.net\/wp-content\/uploads\/2022\/03\/20220323_130850-1024x683.jpg?resize=640%2C427&#038;ssl=1\" alt=\"\" class=\"wp-image-2833\"\/><\/figure>\n\n\n\n<p><strong><em>Genk, le sommet de l&rsquo;art<\/em><\/strong><\/p>\n\n\n\n<p>\u00c0 l&rsquo;\u00e9t\u00e9 2018, l&rsquo;ailier gauche a fait son retour en Jupiler Pro League de Belgique, \u00e0 Zulte Waregem, le club o\u00f9 il a fait ses d\u00e9buts en professionnel. Mais la saison \u00e9tait loin d&rsquo;\u00eatre convaincante car, le club comptait plus sur les relents comme Thorgan Hazard et Soualiho Meite.<\/p>\n\n\n\n<figure class=\"wp-block-image alignfull size-large\"><img data-recalc-dims=\"1\" height=\"415\" width=\"640\" decoding=\"async\" src=\"https:\/\/i0.wp.com\/infos-droitshumains.net\/wp-content\/uploads\/2022\/03\/20220323_130657-1024x664.jpg?resize=640%2C415&#038;ssl=1\" alt=\"\" class=\"wp-image-2835\"\/><\/figure>\n\n\n\n<figure class=\"wp-block-image alignfull size-large\"><img data-recalc-dims=\"1\" decoding=\"async\" src=\"https:\/\/i0.wp.com\/infos-droitshumains.net\/wp-content\/uploads\/2022\/03\/20220323_130643.jpg?w=640&#038;ssl=1\" alt=\"\" class=\"wp-image-2837\"\/><\/figure>\n\n\n\n<p>En 2019, il fait un nouveau pas en avant dans sa carri\u00e8re en signant au RC Genk contre une somme importante de 7 millions d&rsquo;euros.<\/p>\n\n\n\n<figure class=\"wp-block-image alignfull size-large\"><img data-recalc-dims=\"1\" decoding=\"async\" src=\"https:\/\/i0.wp.com\/infos-droitshumains.net\/wp-content\/uploads\/2022\/03\/Screenshot_20220323-130319.png?w=640&#038;ssl=1\" alt=\"\" class=\"wp-image-2839\"\/><\/figure>\n\n\n\n<p>La premi\u00e8re ann\u00e9e a \u00e9t\u00e9 assez compliqu\u00e9e pour des raisons d&rsquo;une blessure au dos qui l&rsquo;a \u00e9loign\u00e9 du terrain durant 12 semaines. Professionnel qu&rsquo;il est, il a su revenir et retrouver ses sensations d&rsquo;aller encore plus loin. <\/p>\n\n\n\n<figure class=\"wp-block-image alignfull size-large\"><img data-recalc-dims=\"1\" decoding=\"async\" src=\"https:\/\/i0.wp.com\/infos-droitshumains.net\/wp-content\/uploads\/2022\/03\/20220323_130609.jpg?w=640&#038;ssl=1\" alt=\"\" class=\"wp-image-2841\"\/><\/figure>\n\n\n\n<p>Devenu plus tard capitaine de l&rsquo;\u00e9quipe, le l\u00e9opard a fait ses d\u00e9buts en ligue des Champions contre Naples la m\u00eame ann\u00e9e. Il s&rsquo;est impos\u00e9 dans cette \u00e9quipe comme l&rsquo;un des \u00e9l\u00e9ments dangereux. Auteur de 5 buts en 28 matchs lors de sa premi\u00e8re saison, avec \u00e0 la cl\u00e9, un titre de super coupe de Belgique.<\/p>\n\n\n\n<figure class=\"wp-block-image alignfull size-large\"><img data-recalc-dims=\"1\" height=\"335\" width=\"640\" decoding=\"async\" src=\"https:\/\/i0.wp.com\/infos-droitshumains.net\/wp-content\/uploads\/2022\/03\/20220323_130538-1024x536.jpg?resize=640%2C335&#038;ssl=1\" alt=\"\" class=\"wp-image-2843\"\/><\/figure>\n\n\n\n<figure class=\"wp-block-image alignfull size-large\"><img data-recalc-dims=\"1\" decoding=\"async\" src=\"https:\/\/i0.wp.com\/infos-droitshumains.net\/wp-content\/uploads\/2022\/03\/Screenshot_20220323-130402.png?w=640&#038;ssl=1\" alt=\"\" class=\"wp-image-2845\"\/><\/figure>\n\n\n\n<p>Lors de la saison 2020-2021, les statistiques de Th\u00e9o Bonganda sont impressionnantes, 19 r\u00e9alisations en 40 matchs, aur\u00e9ol\u00e9e par un coupe de Belgique.<\/p>\n\n\n\n<figure class=\"wp-block-image alignfull size-large\"><img data-recalc-dims=\"1\" height=\"213\" width=\"640\" decoding=\"async\" src=\"https:\/\/i0.wp.com\/infos-droitshumains.net\/wp-content\/uploads\/2022\/03\/20220323_130448-1024x341.jpg?resize=640%2C213&#038;ssl=1\" alt=\"\" class=\"wp-image-2849\"\/><\/figure>\n\n\n\n<p>A partir du mois de janvier de la saison en cours, tout se passe bien. L&rsquo;attaquant international congolais marche sur des roulettes, et ne cesse de produire de belles prestations \u00e0 Genk. D\u00e9j\u00e0 auteur de 11 buts et 4 passes d\u00e9cisives en 27.<\/p>\n\n\n\n<figure class=\"wp-block-image alignfull size-large\"><img data-recalc-dims=\"1\" height=\"360\" width=\"640\" decoding=\"async\" src=\"https:\/\/i0.wp.com\/infos-droitshumains.net\/wp-content\/uploads\/2022\/03\/20220323_130555-1-1024x576.jpg?resize=640%2C360&#038;ssl=1\" alt=\"\" class=\"wp-image-2851\"\/><\/figure>\n\n\n\n<p>Joueur assez rapide, technique, explosif et d\u00e9cisif, il a pour mod\u00e8le le joueur de Tottenham Heung-Min Soon. Ses statistiques prouvent \u00e0 suffisance que ce l\u00e9opard de 26 ans est un atout offensif majeur pour son club et la s\u00e9lection nationale congolaise.<\/p>\n\n\n\n<figure class=\"wp-block-image alignfull size-large\"><img data-recalc-dims=\"1\" decoding=\"async\" src=\"https:\/\/i0.wp.com\/infos-droitshumains.net\/wp-content\/uploads\/2022\/03\/Screenshot_20220323-133622.png?w=640&#038;ssl=1\" alt=\"\" class=\"wp-image-2853\"\/><\/figure>\n\n\n\n<p><strong><em>Une carri\u00e8re internationale partag\u00e9e entre Diables Rouges et L\u00e9opards<\/em><\/strong><\/p>\n\n\n\n<p>Th\u00e9o Bongonda a jou\u00e9 pour les Diables rouges de la Belgique de moins de 19 ans, puis Belgique Espoirs. En 8 s\u00e9lections avec les Diables Rouges espoirs, il n&rsquo;a inscrit que deux petits buts, avant de d\u00e9clarer sa flamme pour le pays de ses origines.<\/p>\n\n\n\n<figure class=\"wp-block-image alignfull size-large\"><img data-recalc-dims=\"1\" decoding=\"async\" src=\"https:\/\/i0.wp.com\/infos-droitshumains.net\/wp-content\/uploads\/2022\/03\/images-68.jpeg?w=640&#038;ssl=1\" alt=\"\" class=\"wp-image-2859\"\/><\/figure>\n\n\n\n<p>Convoqu\u00e9 pour la premi\u00e8re fois par Hector Cuper lors du stage des l\u00e9opards au Bahre\u00efn du 24 janvier au 2 f\u00e9vrier, Th\u00e9o Bongonda a endoss\u00e9 pour la premi\u00e8re fois, la tunique de l&rsquo;\u00e9quipe nationale lors du match amical face \u00e0 la s\u00e9lection locale, le 1er f\u00e9vrier. <\/p>\n\n\n\n<figure class=\"wp-block-image alignfull size-large\"><img data-recalc-dims=\"1\" decoding=\"async\" src=\"https:\/\/i0.wp.com\/infos-droitshumains.net\/wp-content\/uploads\/2022\/03\/IMG-20220223-WA0059_2.jpg?w=640&#038;ssl=1\" alt=\"\" class=\"wp-image-2855\"\/><\/figure>\n\n\n\n<p>Gr\u00e2ce \u00e0 ses qualit\u00e9s inestimables, le joueur du RC Genk a vu son nom figurer sur la liste des 28 l\u00e9opards convoqu\u00e9s par le s\u00e9lectionneur national pour les matchs de barrages de la Coupe du monde Qatar 2022, face au Maroc. Une occasion pour lui d&rsquo;honorer son premier cap en match officiel avec les l\u00e9opards.<\/p>\n\n\n\n<figure class=\"wp-block-image alignfull size-large\"><img data-recalc-dims=\"1\" decoding=\"async\" src=\"https:\/\/i0.wp.com\/infos-droitshumains.net\/wp-content\/uploads\/2022\/03\/images-70.jpeg?w=640&#038;ssl=1\" alt=\"\" class=\"wp-image-2857\"\/><\/figure>\n\n\n\n<p>Sacr\u00e9 Bayekula<\/p>\n","protected":false},"excerpt":{"rendered":"<p>R\u00e9daction:+243817406088 Depuis qu&rsquo;il a annonc\u00e9 son envie de jouer pour la RDC, l&rsquo;attaquant de Genk&#8230;<\/p>\n","protected":false},"author":2,"featured_media":0,"comment_status":"closed","ping_status":"open","sticky":false,"template":"","format":"standard","meta":{"_jetpack_memberships_contains_paid_content":false,"footnotes":""},"categories":[9],"tags":[],"class_list":["post-2812","post","type-post","status-publish","format-standard","hentry","category-sports"],"yoast_head":"<!-- This site is optimized with the Yoast SEO plugin v27.5 - https:\/\/yoast.com\/product\/yoast-seo-wordpress\/ -->\n<title>A la d\u00e9couverte de Th\u00e9o Bongonda : Un atout offensif majeur pour la s\u00e9lection nationale de la RDC - Infos Droits Humains<\/title>\n<meta name=\"robots\" content=\"index, follow, max-snippet:-1, max-image-preview:large, max-video-preview:-1\" \/>\n<link rel=\"canonical\" href=\"https:\/\/infos-droitshumains.net\/?p=2812\" \/>\n<meta property=\"og:locale\" content=\"fr_FR\" \/>\n<meta property=\"og:type\" content=\"article\" \/>\n<meta property=\"og:title\" content=\"A la d\u00e9couverte de Th\u00e9o Bongonda : Un atout offensif majeur pour la s\u00e9lection nationale de la RDC - Infos Droits Humains\" \/>\n<meta property=\"og:description\" content=\"R\u00e9daction:+243817406088 Depuis qu&rsquo;il a annonc\u00e9 son envie de jouer pour la RDC, l&rsquo;attaquant de Genk...\" \/>\n<meta property=\"og:url\" content=\"https:\/\/infos-droitshumains.net\/?p=2812\" \/>\n<meta property=\"og:site_name\" content=\"Infos Droits Humains\" \/>\n<meta property=\"article:published_time\" content=\"2022-03-23T12:00:12+00:00\" \/>\n<meta property=\"article:modified_time\" content=\"2023-04-06T10:10:04+00:00\" \/>\n<meta property=\"og:image\" content=\"https:\/\/infos-droitshumains.net\/wp-content\/uploads\/2022\/03\/20220323_130758-1024x576.jpg\" \/>\n<meta name=\"author\" content=\"Jo\u00ebl Diawa\" \/>\n<meta name=\"twitter:card\" content=\"summary_large_image\" \/>\n<meta name=\"twitter:label1\" content=\"\u00c9crit par\" \/>\n\t<meta name=\"twitter:data1\" content=\"Jo\u00ebl Diawa\" \/>\n\t<meta name=\"twitter:label2\" content=\"Dur\u00e9e de lecture estim\u00e9e\" \/>\n\t<meta name=\"twitter:data2\" content=\"4 minutes\" \/>\n<script type=\"application\/ld+json\" class=\"yoast-schema-graph\">{\"@context\":\"https:\\\/\\\/schema.org\",\"@graph\":[{\"@type\":\"Article\",\"@id\":\"https:\\\/\\\/infos-droitshumains.net\\\/?p=2812#article\",\"isPartOf\":{\"@id\":\"https:\\\/\\\/infos-droitshumains.net\\\/?p=2812\"},\"author\":{\"name\":\"Jo\u00ebl Diawa\",\"@id\":\"https:\\\/\\\/infos-droitshumains.net\\\/#\\\/schema\\\/person\\\/3dc5e921c3302172e0ed4362f96faab7\"},\"headline\":\"A la d\u00e9couverte de Th\u00e9o Bongonda : Un atout offensif majeur pour la s\u00e9lection nationale de la RDC\",\"datePublished\":\"2022-03-23T12:00:12+00:00\",\"dateModified\":\"2023-04-06T10:10:04+00:00\",\"mainEntityOfPage\":{\"@id\":\"https:\\\/\\\/infos-droitshumains.net\\\/?p=2812\"},\"wordCount\":777,\"publisher\":{\"@id\":\"https:\\\/\\\/infos-droitshumains.net\\\/#organization\"},\"image\":{\"@id\":\"https:\\\/\\\/infos-droitshumains.net\\\/?p=2812#primaryimage\"},\"thumbnailUrl\":\"https:\\\/\\\/infos-droitshumains.net\\\/wp-content\\\/uploads\\\/2022\\\/03\\\/20220323_130758-1024x576.jpg\",\"articleSection\":[\"Sports\"],\"inLanguage\":\"fr-FR\"},{\"@type\":\"WebPage\",\"@id\":\"https:\\\/\\\/infos-droitshumains.net\\\/?p=2812\",\"url\":\"https:\\\/\\\/infos-droitshumains.net\\\/?p=2812\",\"name\":\"A la d\u00e9couverte de Th\u00e9o Bongonda : Un atout offensif majeur pour la s\u00e9lection nationale de la RDC - Infos Droits Humains\",\"isPartOf\":{\"@id\":\"https:\\\/\\\/infos-droitshumains.net\\\/#website\"},\"primaryImageOfPage\":{\"@id\":\"https:\\\/\\\/infos-droitshumains.net\\\/?p=2812#primaryimage\"},\"image\":{\"@id\":\"https:\\\/\\\/infos-droitshumains.net\\\/?p=2812#primaryimage\"},\"thumbnailUrl\":\"https:\\\/\\\/infos-droitshumains.net\\\/wp-content\\\/uploads\\\/2022\\\/03\\\/20220323_130758-1024x576.jpg\",\"datePublished\":\"2022-03-23T12:00:12+00:00\",\"dateModified\":\"2023-04-06T10:10:04+00:00\",\"breadcrumb\":{\"@id\":\"https:\\\/\\\/infos-droitshumains.net\\\/?p=2812#breadcrumb\"},\"inLanguage\":\"fr-FR\",\"potentialAction\":[{\"@type\":\"ReadAction\",\"target\":[\"https:\\\/\\\/infos-droitshumains.net\\\/?p=2812\"]}]},{\"@type\":\"ImageObject\",\"inLanguage\":\"fr-FR\",\"@id\":\"https:\\\/\\\/infos-droitshumains.net\\\/?p=2812#primaryimage\",\"url\":\"https:\\\/\\\/infos-droitshumains.net\\\/wp-content\\\/uploads\\\/2022\\\/03\\\/20220323_130758-1024x576.jpg\",\"contentUrl\":\"https:\\\/\\\/infos-droitshumains.net\\\/wp-content\\\/uploads\\\/2022\\\/03\\\/20220323_130758-1024x576.jpg\"},{\"@type\":\"BreadcrumbList\",\"@id\":\"https:\\\/\\\/infos-droitshumains.net\\\/?p=2812#breadcrumb\",\"itemListElement\":[{\"@type\":\"ListItem\",\"position\":1,\"name\":\"Accueil\",\"item\":\"https:\\\/\\\/infos-droitshumains.net\\\/\"},{\"@type\":\"ListItem\",\"position\":2,\"name\":\"A la d\u00e9couverte de Th\u00e9o Bongonda : Un atout offensif majeur pour la s\u00e9lection nationale de la RDC\"}]},{\"@type\":\"WebSite\",\"@id\":\"https:\\\/\\\/infos-droitshumains.net\\\/#website\",\"url\":\"https:\\\/\\\/infos-droitshumains.net\\\/\",\"name\":\"Infos Droits Humains\",\"description\":\"S&#039;informer est un droit\",\"publisher\":{\"@id\":\"https:\\\/\\\/infos-droitshumains.net\\\/#organization\"},\"potentialAction\":[{\"@type\":\"SearchAction\",\"target\":{\"@type\":\"EntryPoint\",\"urlTemplate\":\"https:\\\/\\\/infos-droitshumains.net\\\/?s={search_term_string}\"},\"query-input\":{\"@type\":\"PropertyValueSpecification\",\"valueRequired\":true,\"valueName\":\"search_term_string\"}}],\"inLanguage\":\"fr-FR\"},{\"@type\":\"Organization\",\"@id\":\"https:\\\/\\\/infos-droitshumains.net\\\/#organization\",\"name\":\"Infos Droits Humains\",\"url\":\"https:\\\/\\\/infos-droitshumains.net\\\/\",\"logo\":{\"@type\":\"ImageObject\",\"inLanguage\":\"fr-FR\",\"@id\":\"https:\\\/\\\/infos-droitshumains.net\\\/#\\\/schema\\\/logo\\\/image\\\/\",\"url\":\"https:\\\/\\\/i0.wp.com\\\/infos-droitshumains.net\\\/wp-content\\\/uploads\\\/2022\\\/05\\\/Logo.png?fit=333%2C129&ssl=1\",\"contentUrl\":\"https:\\\/\\\/i0.wp.com\\\/infos-droitshumains.net\\\/wp-content\\\/uploads\\\/2022\\\/05\\\/Logo.png?fit=333%2C129&ssl=1\",\"width\":333,\"height\":129,\"caption\":\"Infos Droits Humains\"},\"image\":{\"@id\":\"https:\\\/\\\/infos-droitshumains.net\\\/#\\\/schema\\\/logo\\\/image\\\/\"}},{\"@type\":\"Person\",\"@id\":\"https:\\\/\\\/infos-droitshumains.net\\\/#\\\/schema\\\/person\\\/3dc5e921c3302172e0ed4362f96faab7\",\"name\":\"Jo\u00ebl Diawa\",\"image\":{\"@type\":\"ImageObject\",\"inLanguage\":\"fr-FR\",\"@id\":\"https:\\\/\\\/secure.gravatar.com\\\/avatar\\\/729bea6ff4604c624417803c477363be8e3c7186deaa65713313f9b4b820f41c?s=96&d=mm&r=g\",\"url\":\"https:\\\/\\\/secure.gravatar.com\\\/avatar\\\/729bea6ff4604c624417803c477363be8e3c7186deaa65713313f9b4b820f41c?s=96&d=mm&r=g\",\"contentUrl\":\"https:\\\/\\\/secure.gravatar.com\\\/avatar\\\/729bea6ff4604c624417803c477363be8e3c7186deaa65713313f9b4b820f41c?s=96&d=mm&r=g\",\"caption\":\"Jo\u00ebl Diawa\"},\"sameAs\":[\"https:\\\/\\\/www.infos-droitshumains.net\"],\"url\":\"https:\\\/\\\/infos-droitshumains.net\\\/?author=2\"}]}<\/script>\n<!-- \/ Yoast SEO plugin. -->","yoast_head_json":{"title":"A la d\u00e9couverte de Th\u00e9o Bongonda : Un atout offensif majeur pour la s\u00e9lection nationale de la RDC - Infos Droits Humains","robots":{"index":"index","follow":"follow","max-snippet":"max-snippet:-1","max-image-preview":"max-image-preview:large","max-video-preview":"max-video-preview:-1"},"canonical":"https:\/\/infos-droitshumains.net\/?p=2812","og_locale":"fr_FR","og_type":"article","og_title":"A la d\u00e9couverte de Th\u00e9o Bongonda : Un atout offensif majeur pour la s\u00e9lection nationale de la RDC - Infos Droits Humains","og_description":"R\u00e9daction:+243817406088 Depuis qu&rsquo;il a annonc\u00e9 son envie de jouer pour la RDC, l&rsquo;attaquant de Genk...","og_url":"https:\/\/infos-droitshumains.net\/?p=2812","og_site_name":"Infos Droits Humains","article_published_time":"2022-03-23T12:00:12+00:00","article_modified_time":"2023-04-06T10:10:04+00:00","og_image":[{"url":"https:\/\/infos-droitshumains.net\/wp-content\/uploads\/2022\/03\/20220323_130758-1024x576.jpg","type":"","width":"","height":""}],"author":"Jo\u00ebl Diawa","twitter_card":"summary_large_image","twitter_misc":{"\u00c9crit par":"Jo\u00ebl Diawa","Dur\u00e9e de lecture estim\u00e9e":"4 minutes"},"schema":{"@context":"https:\/\/schema.org","@graph":[{"@type":"Article","@id":"https:\/\/infos-droitshumains.net\/?p=2812#article","isPartOf":{"@id":"https:\/\/infos-droitshumains.net\/?p=2812"},"author":{"name":"Jo\u00ebl Diawa","@id":"https:\/\/infos-droitshumains.net\/#\/schema\/person\/3dc5e921c3302172e0ed4362f96faab7"},"headline":"A la d\u00e9couverte de Th\u00e9o Bongonda : Un atout offensif majeur pour la s\u00e9lection nationale de la RDC","datePublished":"2022-03-23T12:00:12+00:00","dateModified":"2023-04-06T10:10:04+00:00","mainEntityOfPage":{"@id":"https:\/\/infos-droitshumains.net\/?p=2812"},"wordCount":777,"publisher":{"@id":"https:\/\/infos-droitshumains.net\/#organization"},"image":{"@id":"https:\/\/infos-droitshumains.net\/?p=2812#primaryimage"},"thumbnailUrl":"https:\/\/infos-droitshumains.net\/wp-content\/uploads\/2022\/03\/20220323_130758-1024x576.jpg","articleSection":["Sports"],"inLanguage":"fr-FR"},{"@type":"WebPage","@id":"https:\/\/infos-droitshumains.net\/?p=2812","url":"https:\/\/infos-droitshumains.net\/?p=2812","name":"A la d\u00e9couverte de Th\u00e9o Bongonda : Un atout offensif majeur pour la s\u00e9lection nationale de la RDC - Infos Droits Humains","isPartOf":{"@id":"https:\/\/infos-droitshumains.net\/#website"},"primaryImageOfPage":{"@id":"https:\/\/infos-droitshumains.net\/?p=2812#primaryimage"},"image":{"@id":"https:\/\/infos-droitshumains.net\/?p=2812#primaryimage"},"thumbnailUrl":"https:\/\/infos-droitshumains.net\/wp-content\/uploads\/2022\/03\/20220323_130758-1024x576.jpg","datePublished":"2022-03-23T12:00:12+00:00","dateModified":"2023-04-06T10:10:04+00:00","breadcrumb":{"@id":"https:\/\/infos-droitshumains.net\/?p=2812#breadcrumb"},"inLanguage":"fr-FR","potentialAction":[{"@type":"ReadAction","target":["https:\/\/infos-droitshumains.net\/?p=2812"]}]},{"@type":"ImageObject","inLanguage":"fr-FR","@id":"https:\/\/infos-droitshumains.net\/?p=2812#primaryimage","url":"https:\/\/infos-droitshumains.net\/wp-content\/uploads\/2022\/03\/20220323_130758-1024x576.jpg","contentUrl":"https:\/\/infos-droitshumains.net\/wp-content\/uploads\/2022\/03\/20220323_130758-1024x576.jpg"},{"@type":"BreadcrumbList","@id":"https:\/\/infos-droitshumains.net\/?p=2812#breadcrumb","itemListElement":[{"@type":"ListItem","position":1,"name":"Accueil","item":"https:\/\/infos-droitshumains.net\/"},{"@type":"ListItem","position":2,"name":"A la d\u00e9couverte de Th\u00e9o Bongonda : Un atout offensif majeur pour la s\u00e9lection nationale de la RDC"}]},{"@type":"WebSite","@id":"https:\/\/infos-droitshumains.net\/#website","url":"https:\/\/infos-droitshumains.net\/","name":"Infos Droits Humains","description":"S&#039;informer est un droit","publisher":{"@id":"https:\/\/infos-droitshumains.net\/#organization"},"potentialAction":[{"@type":"SearchAction","target":{"@type":"EntryPoint","urlTemplate":"https:\/\/infos-droitshumains.net\/?s={search_term_string}"},"query-input":{"@type":"PropertyValueSpecification","valueRequired":true,"valueName":"search_term_string"}}],"inLanguage":"fr-FR"},{"@type":"Organization","@id":"https:\/\/infos-droitshumains.net\/#organization","name":"Infos Droits Humains","url":"https:\/\/infos-droitshumains.net\/","logo":{"@type":"ImageObject","inLanguage":"fr-FR","@id":"https:\/\/infos-droitshumains.net\/#\/schema\/logo\/image\/","url":"https:\/\/i0.wp.com\/infos-droitshumains.net\/wp-content\/uploads\/2022\/05\/Logo.png?fit=333%2C129&ssl=1","contentUrl":"https:\/\/i0.wp.com\/infos-droitshumains.net\/wp-content\/uploads\/2022\/05\/Logo.png?fit=333%2C129&ssl=1","width":333,"height":129,"caption":"Infos Droits Humains"},"image":{"@id":"https:\/\/infos-droitshumains.net\/#\/schema\/logo\/image\/"}},{"@type":"Person","@id":"https:\/\/infos-droitshumains.net\/#\/schema\/person\/3dc5e921c3302172e0ed4362f96faab7","name":"Jo\u00ebl Diawa","image":{"@type":"ImageObject","inLanguage":"fr-FR","@id":"https:\/\/secure.gravatar.com\/avatar\/729bea6ff4604c624417803c477363be8e3c7186deaa65713313f9b4b820f41c?s=96&d=mm&r=g","url":"https:\/\/secure.gravatar.com\/avatar\/729bea6ff4604c624417803c477363be8e3c7186deaa65713313f9b4b820f41c?s=96&d=mm&r=g","contentUrl":"https:\/\/secure.gravatar.com\/avatar\/729bea6ff4604c624417803c477363be8e3c7186deaa65713313f9b4b820f41c?s=96&d=mm&r=g","caption":"Jo\u00ebl Diawa"},"sameAs":["https:\/\/www.infos-droitshumains.net"],"url":"https:\/\/infos-droitshumains.net\/?author=2"}]}},"featured_image_urls":{"full":"","thumbnail":"","medium":"","medium_large":"","large":"","1536x1536":"","2048x2048":"","covernews-slider-full":"","covernews-slider-center":"","covernews-featured":"","covernews-medium":"","covernews-medium-square":""},"author_info":{"display_name":"Jo\u00ebl Diawa","author_link":"https:\/\/infos-droitshumains.net\/?author=2"},"category_info":"<a href=\"https:\/\/infos-droitshumains.net\/?cat=9\" rel=\"category\">Sports<\/a>","tag_info":"Sports","comment_count":"0","jetpack_featured_media_url":"","jetpack-related-posts":[],"jetpack_sharing_enabled":true,"_links":{"self":[{"href":"https:\/\/infos-droitshumains.net\/index.php?rest_route=\/wp\/v2\/posts\/2812","targetHints":{"allow":["GET"]}}],"collection":[{"href":"https:\/\/infos-droitshumains.net\/index.php?rest_route=\/wp\/v2\/posts"}],"about":[{"href":"https:\/\/infos-droitshumains.net\/index.php?rest_route=\/wp\/v2\/types\/post"}],"author":[{"embeddable":true,"href":"https:\/\/infos-droitshumains.net\/index.php?rest_route=\/wp\/v2\/users\/2"}],"replies":[{"embeddable":true,"href":"https:\/\/infos-droitshumains.net\/index.php?rest_route=%2Fwp%2Fv2%2Fcomments&post=2812"}],"version-history":[{"count":25,"href":"https:\/\/infos-droitshumains.net\/index.php?rest_route=\/wp\/v2\/posts\/2812\/revisions"}],"predecessor-version":[{"id":2860,"href":"https:\/\/infos-droitshumains.net\/index.php?rest_route=\/wp\/v2\/posts\/2812\/revisions\/2860"}],"wp:attachment":[{"href":"https:\/\/infos-droitshumains.net\/index.php?rest_route=%2Fwp%2Fv2%2Fmedia&parent=2812"}],"wp:term":[{"taxonomy":"category","embeddable":true,"href":"https:\/\/infos-droitshumains.net\/index.php?rest_route=%2Fwp%2Fv2%2Fcategories&post=2812"},{"taxonomy":"post_tag","embeddable":true,"href":"https:\/\/infos-droitshumains.net\/index.php?rest_route=%2Fwp%2Fv2%2Ftags&post=2812"}],"curies":[{"name":"wp","href":"https:\/\/api.w.org\/{rel}","templated":true}]}}