{"id":278,"date":"2021-04-29T15:32:33","date_gmt":"2021-04-29T13:32:33","guid":{"rendered":"https:\/\/www.infos-droitshumains.net\/?p=278"},"modified":"2023-04-06T12:12:26","modified_gmt":"2023-04-06T10:12:26","slug":"proces-100-jours-samih-jammal-saisit-les-instances-internationales","status":"publish","type":"post","link":"https:\/\/infos-droitshumains.net\/?p=278","title":{"rendered":"Proc\u00e8s 100 jours : Samih Jammal saisit les instances internationales."},"content":{"rendered":"\n<p>Condamn\u00e9 \u00e0 20 ans de prison pour d\u00e9tournement des deniers publics, corruption et blanchiment des capitaux, dans le c\u00e9l\u00e8bre proc\u00e8s dit de 100 jours, le Libanais Samih Jammal, patron des entreprises Samibo Congo sarl et Husman sarl, \u00ab Soci\u00e9t\u00e9s destin\u00e9es \u00e0 fournir les maisons pr\u00e9fabriqu\u00e9es \u00bb continue \u00e0 croupir dans les pavillons de la prison centrale de makala.<\/p>\n\n\n\n<p>Dans l\u2019entre temps, ces avocats comptent engager des poursuites, notamment pour torture. Dans leur viseur, plusieurs personnalit\u00e9s politiques congolaises.<\/p>\n\n\n\n<p>Jacqueline Laffont, Benjamin Grundler, Jemal Taleb et Fran\u00e7ois Artuphel, avocats conseils de l\u2019homme d\u2019affaire libanais s\u2019appr\u00eatent, selon les informations de jeune afrique, \u00e0 saisir le Centre international pour le r\u00e8glement des diff\u00e9rends relatifs aux investissements, Cirdi, et l\u2019Organisation pour l\u2019Harmonisation en Afrique du Droit des Affaires, Ohada.<\/p>\n\n\n\n<p>Selon la m\u00eame source, ces avocats annoncent \u00e9galement porter plainte pour torture devant le tribunal de premi\u00e8re instance de Bruxelles, au nom de la comp\u00e9tence universelle. Au moins, trois responsables congolais sont vis\u00e9s. Il s\u2019agit de D\u00e9sir\u00e9 Cashmir Eberande Kolongele, ancien directeur de cabinet int\u00e9rimaire de du chef de l\u2019Etat, Fran\u00e7ois Beya, son conseiller sp\u00e9cial en mati\u00e8re de s\u00e9curit\u00e9 et Sylvestre Ilunga Ilunkamba, Premier ministre honoraire.<\/p>\n\n\n\n<p>Dans une lettre qu\u2019ils ont fait parvenir au pr\u00e9sident F\u00e9lix Tshisekedi, ces avocats demandent lib\u00e9ration imm\u00e9diate de leur ckiznt, et son transfert en Turquie.<\/p>\n\n\n\n<p>\u00a0\u00bb <em>L\u2019homme d\u2019affaires libanais doit subir une intervention chirurgicale \u00e0 l\u2019h\u00f4pital de l\u2019universit\u00e9 d\u2019Istinye, situ\u00e9 \u00e0 Istanbul. Une fois l\u2019op\u00e9ration chirurgicale effectu\u00e9e, Jammal prend l\u2019engagement solennel de retourner \u00e0 Kinshasa et de se pr\u00e9senter \u00e0 l\u2019audience qui se tiendra devant la Cour d\u2019appel, d\u00e8s qu\u2019une date sera fix\u00e9e<\/em> \u00bb. peut-on lire dans cette correspondance.<\/p>\n","protected":false},"excerpt":{"rendered":"<p>Condamn\u00e9 \u00e0 20 ans de prison pour d\u00e9tournement des deniers publics, corruption et blanchiment des&#8230;<\/p>\n","protected":false},"author":2,"featured_media":0,"comment_status":"open","ping_status":"open","sticky":false,"template":"","format":"standard","meta":{"_jetpack_memberships_contains_paid_content":false,"footnotes":""},"categories":[1],"tags":[],"class_list":["post-278","post","type-post","status-publish","format-standard","hentry","category-non-classe"],"yoast_head":"<!-- This site is optimized with the Yoast SEO plugin v27.5 - https:\/\/yoast.com\/product\/yoast-seo-wordpress\/ -->\n<title>Proc\u00e8s 100 jours : Samih Jammal saisit les instances internationales. - Infos Droits Humains<\/title>\n<meta name=\"robots\" content=\"index, follow, max-snippet:-1, max-image-preview:large, max-video-preview:-1\" \/>\n<link rel=\"canonical\" href=\"https:\/\/infos-droitshumains.net\/?p=278\" \/>\n<meta property=\"og:locale\" content=\"fr_FR\" \/>\n<meta property=\"og:type\" content=\"article\" \/>\n<meta property=\"og:title\" content=\"Proc\u00e8s 100 jours : Samih Jammal saisit les instances internationales. - Infos Droits Humains\" \/>\n<meta property=\"og:description\" content=\"Condamn\u00e9 \u00e0 20 ans de prison pour d\u00e9tournement des deniers publics, corruption et blanchiment des...\" \/>\n<meta property=\"og:url\" content=\"https:\/\/infos-droitshumains.net\/?p=278\" \/>\n<meta property=\"og:site_name\" content=\"Infos Droits Humains\" \/>\n<meta property=\"article:published_time\" content=\"2021-04-29T13:32:33+00:00\" \/>\n<meta property=\"article:modified_time\" content=\"2023-04-06T10:12:26+00:00\" \/>\n<meta name=\"author\" content=\"Jo\u00ebl Diawa\" \/>\n<meta name=\"twitter:card\" content=\"summary_large_image\" \/>\n<meta name=\"twitter:label1\" content=\"\u00c9crit par\" \/>\n\t<meta name=\"twitter:data1\" content=\"Jo\u00ebl Diawa\" \/>\n\t<meta name=\"twitter:label2\" content=\"Dur\u00e9e de lecture estim\u00e9e\" \/>\n\t<meta name=\"twitter:data2\" content=\"2 minutes\" \/>\n<script type=\"application\/ld+json\" class=\"yoast-schema-graph\">{\"@context\":\"https:\\\/\\\/schema.org\",\"@graph\":[{\"@type\":\"Article\",\"@id\":\"https:\\\/\\\/infos-droitshumains.net\\\/?p=278#article\",\"isPartOf\":{\"@id\":\"https:\\\/\\\/infos-droitshumains.net\\\/?p=278\"},\"author\":{\"name\":\"Jo\u00ebl Diawa\",\"@id\":\"https:\\\/\\\/infos-droitshumains.net\\\/#\\\/schema\\\/person\\\/3dc5e921c3302172e0ed4362f96faab7\"},\"headline\":\"Proc\u00e8s 100 jours : Samih Jammal saisit les instances internationales.\",\"datePublished\":\"2021-04-29T13:32:33+00:00\",\"dateModified\":\"2023-04-06T10:12:26+00:00\",\"mainEntityOfPage\":{\"@id\":\"https:\\\/\\\/infos-droitshumains.net\\\/?p=278\"},\"wordCount\":316,\"commentCount\":0,\"publisher\":{\"@id\":\"https:\\\/\\\/infos-droitshumains.net\\\/#organization\"},\"inLanguage\":\"fr-FR\",\"potentialAction\":[{\"@type\":\"CommentAction\",\"name\":\"Comment\",\"target\":[\"https:\\\/\\\/infos-droitshumains.net\\\/?p=278#respond\"]}]},{\"@type\":\"WebPage\",\"@id\":\"https:\\\/\\\/infos-droitshumains.net\\\/?p=278\",\"url\":\"https:\\\/\\\/infos-droitshumains.net\\\/?p=278\",\"name\":\"Proc\u00e8s 100 jours : Samih Jammal saisit les instances internationales. - Infos Droits Humains\",\"isPartOf\":{\"@id\":\"https:\\\/\\\/infos-droitshumains.net\\\/#website\"},\"datePublished\":\"2021-04-29T13:32:33+00:00\",\"dateModified\":\"2023-04-06T10:12:26+00:00\",\"breadcrumb\":{\"@id\":\"https:\\\/\\\/infos-droitshumains.net\\\/?p=278#breadcrumb\"},\"inLanguage\":\"fr-FR\",\"potentialAction\":[{\"@type\":\"ReadAction\",\"target\":[\"https:\\\/\\\/infos-droitshumains.net\\\/?p=278\"]}]},{\"@type\":\"BreadcrumbList\",\"@id\":\"https:\\\/\\\/infos-droitshumains.net\\\/?p=278#breadcrumb\",\"itemListElement\":[{\"@type\":\"ListItem\",\"position\":1,\"name\":\"Accueil\",\"item\":\"https:\\\/\\\/infos-droitshumains.net\\\/\"},{\"@type\":\"ListItem\",\"position\":2,\"name\":\"Proc\u00e8s 100 jours : Samih Jammal saisit les instances internationales.\"}]},{\"@type\":\"WebSite\",\"@id\":\"https:\\\/\\\/infos-droitshumains.net\\\/#website\",\"url\":\"https:\\\/\\\/infos-droitshumains.net\\\/\",\"name\":\"Infos Droits Humains\",\"description\":\"S&#039;informer est un droit\",\"publisher\":{\"@id\":\"https:\\\/\\\/infos-droitshumains.net\\\/#organization\"},\"potentialAction\":[{\"@type\":\"SearchAction\",\"target\":{\"@type\":\"EntryPoint\",\"urlTemplate\":\"https:\\\/\\\/infos-droitshumains.net\\\/?s={search_term_string}\"},\"query-input\":{\"@type\":\"PropertyValueSpecification\",\"valueRequired\":true,\"valueName\":\"search_term_string\"}}],\"inLanguage\":\"fr-FR\"},{\"@type\":\"Organization\",\"@id\":\"https:\\\/\\\/infos-droitshumains.net\\\/#organization\",\"name\":\"Infos Droits Humains\",\"url\":\"https:\\\/\\\/infos-droitshumains.net\\\/\",\"logo\":{\"@type\":\"ImageObject\",\"inLanguage\":\"fr-FR\",\"@id\":\"https:\\\/\\\/infos-droitshumains.net\\\/#\\\/schema\\\/logo\\\/image\\\/\",\"url\":\"https:\\\/\\\/i0.wp.com\\\/infos-droitshumains.net\\\/wp-content\\\/uploads\\\/2022\\\/05\\\/Logo.png?fit=333%2C129&ssl=1\",\"contentUrl\":\"https:\\\/\\\/i0.wp.com\\\/infos-droitshumains.net\\\/wp-content\\\/uploads\\\/2022\\\/05\\\/Logo.png?fit=333%2C129&ssl=1\",\"width\":333,\"height\":129,\"caption\":\"Infos Droits Humains\"},\"image\":{\"@id\":\"https:\\\/\\\/infos-droitshumains.net\\\/#\\\/schema\\\/logo\\\/image\\\/\"}},{\"@type\":\"Person\",\"@id\":\"https:\\\/\\\/infos-droitshumains.net\\\/#\\\/schema\\\/person\\\/3dc5e921c3302172e0ed4362f96faab7\",\"name\":\"Jo\u00ebl Diawa\",\"image\":{\"@type\":\"ImageObject\",\"inLanguage\":\"fr-FR\",\"@id\":\"https:\\\/\\\/secure.gravatar.com\\\/avatar\\\/729bea6ff4604c624417803c477363be8e3c7186deaa65713313f9b4b820f41c?s=96&d=mm&r=g\",\"url\":\"https:\\\/\\\/secure.gravatar.com\\\/avatar\\\/729bea6ff4604c624417803c477363be8e3c7186deaa65713313f9b4b820f41c?s=96&d=mm&r=g\",\"contentUrl\":\"https:\\\/\\\/secure.gravatar.com\\\/avatar\\\/729bea6ff4604c624417803c477363be8e3c7186deaa65713313f9b4b820f41c?s=96&d=mm&r=g\",\"caption\":\"Jo\u00ebl Diawa\"},\"sameAs\":[\"https:\\\/\\\/www.infos-droitshumains.net\"],\"url\":\"https:\\\/\\\/infos-droitshumains.net\\\/?author=2\"}]}<\/script>\n<!-- \/ Yoast SEO plugin. -->","yoast_head_json":{"title":"Proc\u00e8s 100 jours : Samih Jammal saisit les instances internationales. - Infos Droits Humains","robots":{"index":"index","follow":"follow","max-snippet":"max-snippet:-1","max-image-preview":"max-image-preview:large","max-video-preview":"max-video-preview:-1"},"canonical":"https:\/\/infos-droitshumains.net\/?p=278","og_locale":"fr_FR","og_type":"article","og_title":"Proc\u00e8s 100 jours : Samih Jammal saisit les instances internationales. - Infos Droits Humains","og_description":"Condamn\u00e9 \u00e0 20 ans de prison pour d\u00e9tournement des deniers publics, corruption et blanchiment des...","og_url":"https:\/\/infos-droitshumains.net\/?p=278","og_site_name":"Infos Droits Humains","article_published_time":"2021-04-29T13:32:33+00:00","article_modified_time":"2023-04-06T10:12:26+00:00","author":"Jo\u00ebl Diawa","twitter_card":"summary_large_image","twitter_misc":{"\u00c9crit par":"Jo\u00ebl Diawa","Dur\u00e9e de lecture estim\u00e9e":"2 minutes"},"schema":{"@context":"https:\/\/schema.org","@graph":[{"@type":"Article","@id":"https:\/\/infos-droitshumains.net\/?p=278#article","isPartOf":{"@id":"https:\/\/infos-droitshumains.net\/?p=278"},"author":{"name":"Jo\u00ebl Diawa","@id":"https:\/\/infos-droitshumains.net\/#\/schema\/person\/3dc5e921c3302172e0ed4362f96faab7"},"headline":"Proc\u00e8s 100 jours : Samih Jammal saisit les instances internationales.","datePublished":"2021-04-29T13:32:33+00:00","dateModified":"2023-04-06T10:12:26+00:00","mainEntityOfPage":{"@id":"https:\/\/infos-droitshumains.net\/?p=278"},"wordCount":316,"commentCount":0,"publisher":{"@id":"https:\/\/infos-droitshumains.net\/#organization"},"inLanguage":"fr-FR","potentialAction":[{"@type":"CommentAction","name":"Comment","target":["https:\/\/infos-droitshumains.net\/?p=278#respond"]}]},{"@type":"WebPage","@id":"https:\/\/infos-droitshumains.net\/?p=278","url":"https:\/\/infos-droitshumains.net\/?p=278","name":"Proc\u00e8s 100 jours : Samih Jammal saisit les instances internationales. - Infos Droits Humains","isPartOf":{"@id":"https:\/\/infos-droitshumains.net\/#website"},"datePublished":"2021-04-29T13:32:33+00:00","dateModified":"2023-04-06T10:12:26+00:00","breadcrumb":{"@id":"https:\/\/infos-droitshumains.net\/?p=278#breadcrumb"},"inLanguage":"fr-FR","potentialAction":[{"@type":"ReadAction","target":["https:\/\/infos-droitshumains.net\/?p=278"]}]},{"@type":"BreadcrumbList","@id":"https:\/\/infos-droitshumains.net\/?p=278#breadcrumb","itemListElement":[{"@type":"ListItem","position":1,"name":"Accueil","item":"https:\/\/infos-droitshumains.net\/"},{"@type":"ListItem","position":2,"name":"Proc\u00e8s 100 jours : Samih Jammal saisit les instances internationales."}]},{"@type":"WebSite","@id":"https:\/\/infos-droitshumains.net\/#website","url":"https:\/\/infos-droitshumains.net\/","name":"Infos Droits Humains","description":"S&#039;informer est un droit","publisher":{"@id":"https:\/\/infos-droitshumains.net\/#organization"},"potentialAction":[{"@type":"SearchAction","target":{"@type":"EntryPoint","urlTemplate":"https:\/\/infos-droitshumains.net\/?s={search_term_string}"},"query-input":{"@type":"PropertyValueSpecification","valueRequired":true,"valueName":"search_term_string"}}],"inLanguage":"fr-FR"},{"@type":"Organization","@id":"https:\/\/infos-droitshumains.net\/#organization","name":"Infos Droits Humains","url":"https:\/\/infos-droitshumains.net\/","logo":{"@type":"ImageObject","inLanguage":"fr-FR","@id":"https:\/\/infos-droitshumains.net\/#\/schema\/logo\/image\/","url":"https:\/\/i0.wp.com\/infos-droitshumains.net\/wp-content\/uploads\/2022\/05\/Logo.png?fit=333%2C129&ssl=1","contentUrl":"https:\/\/i0.wp.com\/infos-droitshumains.net\/wp-content\/uploads\/2022\/05\/Logo.png?fit=333%2C129&ssl=1","width":333,"height":129,"caption":"Infos Droits Humains"},"image":{"@id":"https:\/\/infos-droitshumains.net\/#\/schema\/logo\/image\/"}},{"@type":"Person","@id":"https:\/\/infos-droitshumains.net\/#\/schema\/person\/3dc5e921c3302172e0ed4362f96faab7","name":"Jo\u00ebl Diawa","image":{"@type":"ImageObject","inLanguage":"fr-FR","@id":"https:\/\/secure.gravatar.com\/avatar\/729bea6ff4604c624417803c477363be8e3c7186deaa65713313f9b4b820f41c?s=96&d=mm&r=g","url":"https:\/\/secure.gravatar.com\/avatar\/729bea6ff4604c624417803c477363be8e3c7186deaa65713313f9b4b820f41c?s=96&d=mm&r=g","contentUrl":"https:\/\/secure.gravatar.com\/avatar\/729bea6ff4604c624417803c477363be8e3c7186deaa65713313f9b4b820f41c?s=96&d=mm&r=g","caption":"Jo\u00ebl Diawa"},"sameAs":["https:\/\/www.infos-droitshumains.net"],"url":"https:\/\/infos-droitshumains.net\/?author=2"}]}},"featured_image_urls":{"full":"","thumbnail":"","medium":"","medium_large":"","large":"","1536x1536":"","2048x2048":"","covernews-slider-full":"","covernews-slider-center":"","covernews-featured":"","covernews-medium":"","covernews-medium-square":""},"author_info":{"display_name":"Jo\u00ebl Diawa","author_link":"https:\/\/infos-droitshumains.net\/?author=2"},"category_info":"<a href=\"https:\/\/infos-droitshumains.net\/?cat=1\" rel=\"category\">Non class\u00e9<\/a>","tag_info":"Non class\u00e9","comment_count":"0","jetpack_featured_media_url":"","jetpack-related-posts":[],"jetpack_sharing_enabled":true,"_links":{"self":[{"href":"https:\/\/infos-droitshumains.net\/index.php?rest_route=\/wp\/v2\/posts\/278","targetHints":{"allow":["GET"]}}],"collection":[{"href":"https:\/\/infos-droitshumains.net\/index.php?rest_route=\/wp\/v2\/posts"}],"about":[{"href":"https:\/\/infos-droitshumains.net\/index.php?rest_route=\/wp\/v2\/types\/post"}],"author":[{"embeddable":true,"href":"https:\/\/infos-droitshumains.net\/index.php?rest_route=\/wp\/v2\/users\/2"}],"replies":[{"embeddable":true,"href":"https:\/\/infos-droitshumains.net\/index.php?rest_route=%2Fwp%2Fv2%2Fcomments&post=278"}],"version-history":[{"count":1,"href":"https:\/\/infos-droitshumains.net\/index.php?rest_route=\/wp\/v2\/posts\/278\/revisions"}],"predecessor-version":[{"id":280,"href":"https:\/\/infos-droitshumains.net\/index.php?rest_route=\/wp\/v2\/posts\/278\/revisions\/280"}],"wp:attachment":[{"href":"https:\/\/infos-droitshumains.net\/index.php?rest_route=%2Fwp%2Fv2%2Fmedia&parent=278"}],"wp:term":[{"taxonomy":"category","embeddable":true,"href":"https:\/\/infos-droitshumains.net\/index.php?rest_route=%2Fwp%2Fv2%2Fcategories&post=278"},{"taxonomy":"post_tag","embeddable":true,"href":"https:\/\/infos-droitshumains.net\/index.php?rest_route=%2Fwp%2Fv2%2Ftags&post=278"}],"curies":[{"name":"wp","href":"https:\/\/api.w.org\/{rel}","templated":true}]}}