{"id":274,"date":"2021-04-29T14:34:47","date_gmt":"2021-04-29T12:34:47","guid":{"rendered":"https:\/\/www.infos-droitshumains.net\/?p=274"},"modified":"2023-04-06T12:12:26","modified_gmt":"2023-04-06T10:12:26","slug":"rdc-le-tweet-attribue-au-nouveau-president-de-la-cour-constitutionnelle-est-une-intox","status":"publish","type":"post","link":"https:\/\/infos-droitshumains.net\/?p=274","title":{"rendered":"RDC : Le tweet attribu\u00e9 au nouveau pr\u00e9sident de la cour constitutionnelle est une intox."},"content":{"rendered":"\n<p>Depuis quelques jours un tweet viral circule sur les r\u00e9seaux sociaux encourageant l\u2019audit des membres du gouvernement Sylvestre Ilunga Ilunkamba et leur interdiction de quitter le territoire national avant cet audit :<\/p>\n\n\n\n<p>\u00ab <em>Nous encourageons un audit syst\u00e9matique des membres du gouvernement sortant et leur interdiction temporaire de sortir du territoire national. Jusqu\u2019\u00e0 ce que chacun justifie l\u2019usage qu\u2019il a fait des moyens mis \u00e0 sa disposition par l\u2019Etat pour l\u2019int\u00e9r\u00eat de la R\u00e9publique.<\/em> \u00bb Lit-on dans ce tweet.<\/p>\n\n\n\n<figure class=\"wp-block-image size-large\"><img data-recalc-dims=\"1\" decoding=\"async\" src=\"https:\/\/i0.wp.com\/www.infos-droitshumains.net\/wp-content\/uploads\/2021\/04\/IMG-20210429-WA0007.jpg?w=640&#038;ssl=1\" alt=\"\" class=\"wp-image-275\" \/><\/figure>\n\n\n\n<p>Comme vous-pouvez le constater, ce tweet a \u00e9t\u00e9 attribu\u00e9 au professeur Dieudonn\u00e9 Kaluba Dibwa, actuel pr\u00e9sident de la cour constitutionnelle et du conseil sup\u00e9rieur de la magistrature.<\/p>\n\n\n\n<p><br> Selon les cables de infos-droits humains.net \u00e0 la cour constitutionnelle, cette information est fausse. \u00ab <em>Le pr\u00e9sident Dieudonn\u00e9 Kaluba n\u2019est ni de loin, ni de pr\u00e8s l\u2019auteur de ce tweet<\/em> \u00bb nous a souffl\u00e9 l\u2019un des proches du pr\u00e9sident de la cour constitutionnelle.<\/p>\n\n\n\n<p>Cela rel\u00e8ve de l\u2019intox si pas de l\u2019infox concoct\u00e9 par des officines occultes dans le seul but de nuire \u00e0 la personne de Dieudonn\u00e9 Kaluba. Malheureusement pour ses d\u00e9tracteurs, cette tentative ne reste qu\u2019un coup d\u2019\u00e9p\u00e9e dans l\u2019eau qui ne va pas d\u00e9courager ce constitutionaliste de renom qui reste dispos\u00e9 \u00e0 servir la nation congolaise.<\/p>\n","protected":false},"excerpt":{"rendered":"<p>Depuis quelques jours un tweet viral circule sur les r\u00e9seaux sociaux encourageant l\u2019audit des membres&#8230;<\/p>\n","protected":false},"author":2,"featured_media":0,"comment_status":"open","ping_status":"open","sticky":false,"template":"","format":"standard","meta":{"_jetpack_memberships_contains_paid_content":false,"footnotes":""},"categories":[1],"tags":[],"class_list":["post-274","post","type-post","status-publish","format-standard","hentry","category-non-classe"],"yoast_head":"<!-- This site is optimized with the Yoast SEO plugin v27.5 - https:\/\/yoast.com\/product\/yoast-seo-wordpress\/ -->\n<title>RDC : Le tweet attribu\u00e9 au nouveau pr\u00e9sident de la cour constitutionnelle est une intox. - Infos Droits Humains<\/title>\n<meta name=\"robots\" content=\"index, follow, max-snippet:-1, max-image-preview:large, max-video-preview:-1\" \/>\n<link rel=\"canonical\" href=\"https:\/\/infos-droitshumains.net\/?p=274\" \/>\n<meta property=\"og:locale\" content=\"fr_FR\" \/>\n<meta property=\"og:type\" content=\"article\" \/>\n<meta property=\"og:title\" content=\"RDC : Le tweet attribu\u00e9 au nouveau pr\u00e9sident de la cour constitutionnelle est une intox. - Infos Droits Humains\" \/>\n<meta property=\"og:description\" content=\"Depuis quelques jours un tweet viral circule sur les r\u00e9seaux sociaux encourageant l\u2019audit des membres...\" \/>\n<meta property=\"og:url\" content=\"https:\/\/infos-droitshumains.net\/?p=274\" \/>\n<meta property=\"og:site_name\" content=\"Infos Droits Humains\" \/>\n<meta property=\"article:published_time\" content=\"2021-04-29T12:34:47+00:00\" \/>\n<meta property=\"article:modified_time\" content=\"2023-04-06T10:12:26+00:00\" \/>\n<meta property=\"og:image\" content=\"https:\/\/www.infos-droitshumains.net\/wp-content\/uploads\/2021\/04\/IMG-20210429-WA0007.jpg\" \/>\n<meta name=\"author\" content=\"Jo\u00ebl Diawa\" \/>\n<meta name=\"twitter:card\" content=\"summary_large_image\" \/>\n<meta name=\"twitter:label1\" content=\"\u00c9crit par\" \/>\n\t<meta name=\"twitter:data1\" content=\"Jo\u00ebl Diawa\" \/>\n\t<meta name=\"twitter:label2\" content=\"Dur\u00e9e de lecture estim\u00e9e\" \/>\n\t<meta name=\"twitter:data2\" content=\"1 minute\" \/>\n<script type=\"application\/ld+json\" class=\"yoast-schema-graph\">{\"@context\":\"https:\\\/\\\/schema.org\",\"@graph\":[{\"@type\":\"Article\",\"@id\":\"https:\\\/\\\/infos-droitshumains.net\\\/?p=274#article\",\"isPartOf\":{\"@id\":\"https:\\\/\\\/infos-droitshumains.net\\\/?p=274\"},\"author\":{\"name\":\"Jo\u00ebl Diawa\",\"@id\":\"https:\\\/\\\/infos-droitshumains.net\\\/#\\\/schema\\\/person\\\/3dc5e921c3302172e0ed4362f96faab7\"},\"headline\":\"RDC : Le tweet attribu\u00e9 au nouveau pr\u00e9sident de la cour constitutionnelle est une intox.\",\"datePublished\":\"2021-04-29T12:34:47+00:00\",\"dateModified\":\"2023-04-06T10:12:26+00:00\",\"mainEntityOfPage\":{\"@id\":\"https:\\\/\\\/infos-droitshumains.net\\\/?p=274\"},\"wordCount\":238,\"commentCount\":0,\"publisher\":{\"@id\":\"https:\\\/\\\/infos-droitshumains.net\\\/#organization\"},\"image\":{\"@id\":\"https:\\\/\\\/infos-droitshumains.net\\\/?p=274#primaryimage\"},\"thumbnailUrl\":\"https:\\\/\\\/www.infos-droitshumains.net\\\/wp-content\\\/uploads\\\/2021\\\/04\\\/IMG-20210429-WA0007.jpg\",\"inLanguage\":\"fr-FR\",\"potentialAction\":[{\"@type\":\"CommentAction\",\"name\":\"Comment\",\"target\":[\"https:\\\/\\\/infos-droitshumains.net\\\/?p=274#respond\"]}]},{\"@type\":\"WebPage\",\"@id\":\"https:\\\/\\\/infos-droitshumains.net\\\/?p=274\",\"url\":\"https:\\\/\\\/infos-droitshumains.net\\\/?p=274\",\"name\":\"RDC : Le tweet attribu\u00e9 au nouveau pr\u00e9sident de la cour constitutionnelle est une intox. - Infos Droits Humains\",\"isPartOf\":{\"@id\":\"https:\\\/\\\/infos-droitshumains.net\\\/#website\"},\"primaryImageOfPage\":{\"@id\":\"https:\\\/\\\/infos-droitshumains.net\\\/?p=274#primaryimage\"},\"image\":{\"@id\":\"https:\\\/\\\/infos-droitshumains.net\\\/?p=274#primaryimage\"},\"thumbnailUrl\":\"https:\\\/\\\/www.infos-droitshumains.net\\\/wp-content\\\/uploads\\\/2021\\\/04\\\/IMG-20210429-WA0007.jpg\",\"datePublished\":\"2021-04-29T12:34:47+00:00\",\"dateModified\":\"2023-04-06T10:12:26+00:00\",\"breadcrumb\":{\"@id\":\"https:\\\/\\\/infos-droitshumains.net\\\/?p=274#breadcrumb\"},\"inLanguage\":\"fr-FR\",\"potentialAction\":[{\"@type\":\"ReadAction\",\"target\":[\"https:\\\/\\\/infos-droitshumains.net\\\/?p=274\"]}]},{\"@type\":\"ImageObject\",\"inLanguage\":\"fr-FR\",\"@id\":\"https:\\\/\\\/infos-droitshumains.net\\\/?p=274#primaryimage\",\"url\":\"https:\\\/\\\/www.infos-droitshumains.net\\\/wp-content\\\/uploads\\\/2021\\\/04\\\/IMG-20210429-WA0007.jpg\",\"contentUrl\":\"https:\\\/\\\/www.infos-droitshumains.net\\\/wp-content\\\/uploads\\\/2021\\\/04\\\/IMG-20210429-WA0007.jpg\"},{\"@type\":\"BreadcrumbList\",\"@id\":\"https:\\\/\\\/infos-droitshumains.net\\\/?p=274#breadcrumb\",\"itemListElement\":[{\"@type\":\"ListItem\",\"position\":1,\"name\":\"Accueil\",\"item\":\"https:\\\/\\\/infos-droitshumains.net\\\/\"},{\"@type\":\"ListItem\",\"position\":2,\"name\":\"RDC : Le tweet attribu\u00e9 au nouveau pr\u00e9sident de la cour constitutionnelle est une intox.\"}]},{\"@type\":\"WebSite\",\"@id\":\"https:\\\/\\\/infos-droitshumains.net\\\/#website\",\"url\":\"https:\\\/\\\/infos-droitshumains.net\\\/\",\"name\":\"Infos Droits Humains\",\"description\":\"S&#039;informer est un droit\",\"publisher\":{\"@id\":\"https:\\\/\\\/infos-droitshumains.net\\\/#organization\"},\"potentialAction\":[{\"@type\":\"SearchAction\",\"target\":{\"@type\":\"EntryPoint\",\"urlTemplate\":\"https:\\\/\\\/infos-droitshumains.net\\\/?s={search_term_string}\"},\"query-input\":{\"@type\":\"PropertyValueSpecification\",\"valueRequired\":true,\"valueName\":\"search_term_string\"}}],\"inLanguage\":\"fr-FR\"},{\"@type\":\"Organization\",\"@id\":\"https:\\\/\\\/infos-droitshumains.net\\\/#organization\",\"name\":\"Infos Droits Humains\",\"url\":\"https:\\\/\\\/infos-droitshumains.net\\\/\",\"logo\":{\"@type\":\"ImageObject\",\"inLanguage\":\"fr-FR\",\"@id\":\"https:\\\/\\\/infos-droitshumains.net\\\/#\\\/schema\\\/logo\\\/image\\\/\",\"url\":\"https:\\\/\\\/i0.wp.com\\\/infos-droitshumains.net\\\/wp-content\\\/uploads\\\/2022\\\/05\\\/Logo.png?fit=333%2C129&ssl=1\",\"contentUrl\":\"https:\\\/\\\/i0.wp.com\\\/infos-droitshumains.net\\\/wp-content\\\/uploads\\\/2022\\\/05\\\/Logo.png?fit=333%2C129&ssl=1\",\"width\":333,\"height\":129,\"caption\":\"Infos Droits Humains\"},\"image\":{\"@id\":\"https:\\\/\\\/infos-droitshumains.net\\\/#\\\/schema\\\/logo\\\/image\\\/\"}},{\"@type\":\"Person\",\"@id\":\"https:\\\/\\\/infos-droitshumains.net\\\/#\\\/schema\\\/person\\\/3dc5e921c3302172e0ed4362f96faab7\",\"name\":\"Jo\u00ebl Diawa\",\"image\":{\"@type\":\"ImageObject\",\"inLanguage\":\"fr-FR\",\"@id\":\"https:\\\/\\\/secure.gravatar.com\\\/avatar\\\/729bea6ff4604c624417803c477363be8e3c7186deaa65713313f9b4b820f41c?s=96&d=mm&r=g\",\"url\":\"https:\\\/\\\/secure.gravatar.com\\\/avatar\\\/729bea6ff4604c624417803c477363be8e3c7186deaa65713313f9b4b820f41c?s=96&d=mm&r=g\",\"contentUrl\":\"https:\\\/\\\/secure.gravatar.com\\\/avatar\\\/729bea6ff4604c624417803c477363be8e3c7186deaa65713313f9b4b820f41c?s=96&d=mm&r=g\",\"caption\":\"Jo\u00ebl Diawa\"},\"sameAs\":[\"https:\\\/\\\/www.infos-droitshumains.net\"],\"url\":\"https:\\\/\\\/infos-droitshumains.net\\\/?author=2\"}]}<\/script>\n<!-- \/ Yoast SEO plugin. -->","yoast_head_json":{"title":"RDC : Le tweet attribu\u00e9 au nouveau pr\u00e9sident de la cour constitutionnelle est une intox. - Infos Droits Humains","robots":{"index":"index","follow":"follow","max-snippet":"max-snippet:-1","max-image-preview":"max-image-preview:large","max-video-preview":"max-video-preview:-1"},"canonical":"https:\/\/infos-droitshumains.net\/?p=274","og_locale":"fr_FR","og_type":"article","og_title":"RDC : Le tweet attribu\u00e9 au nouveau pr\u00e9sident de la cour constitutionnelle est une intox. - Infos Droits Humains","og_description":"Depuis quelques jours un tweet viral circule sur les r\u00e9seaux sociaux encourageant l\u2019audit des membres...","og_url":"https:\/\/infos-droitshumains.net\/?p=274","og_site_name":"Infos Droits Humains","article_published_time":"2021-04-29T12:34:47+00:00","article_modified_time":"2023-04-06T10:12:26+00:00","og_image":[{"url":"https:\/\/www.infos-droitshumains.net\/wp-content\/uploads\/2021\/04\/IMG-20210429-WA0007.jpg","type":"","width":"","height":""}],"author":"Jo\u00ebl Diawa","twitter_card":"summary_large_image","twitter_misc":{"\u00c9crit par":"Jo\u00ebl Diawa","Dur\u00e9e de lecture estim\u00e9e":"1 minute"},"schema":{"@context":"https:\/\/schema.org","@graph":[{"@type":"Article","@id":"https:\/\/infos-droitshumains.net\/?p=274#article","isPartOf":{"@id":"https:\/\/infos-droitshumains.net\/?p=274"},"author":{"name":"Jo\u00ebl Diawa","@id":"https:\/\/infos-droitshumains.net\/#\/schema\/person\/3dc5e921c3302172e0ed4362f96faab7"},"headline":"RDC : Le tweet attribu\u00e9 au nouveau pr\u00e9sident de la cour constitutionnelle est une intox.","datePublished":"2021-04-29T12:34:47+00:00","dateModified":"2023-04-06T10:12:26+00:00","mainEntityOfPage":{"@id":"https:\/\/infos-droitshumains.net\/?p=274"},"wordCount":238,"commentCount":0,"publisher":{"@id":"https:\/\/infos-droitshumains.net\/#organization"},"image":{"@id":"https:\/\/infos-droitshumains.net\/?p=274#primaryimage"},"thumbnailUrl":"https:\/\/www.infos-droitshumains.net\/wp-content\/uploads\/2021\/04\/IMG-20210429-WA0007.jpg","inLanguage":"fr-FR","potentialAction":[{"@type":"CommentAction","name":"Comment","target":["https:\/\/infos-droitshumains.net\/?p=274#respond"]}]},{"@type":"WebPage","@id":"https:\/\/infos-droitshumains.net\/?p=274","url":"https:\/\/infos-droitshumains.net\/?p=274","name":"RDC : Le tweet attribu\u00e9 au nouveau pr\u00e9sident de la cour constitutionnelle est une intox. - Infos Droits Humains","isPartOf":{"@id":"https:\/\/infos-droitshumains.net\/#website"},"primaryImageOfPage":{"@id":"https:\/\/infos-droitshumains.net\/?p=274#primaryimage"},"image":{"@id":"https:\/\/infos-droitshumains.net\/?p=274#primaryimage"},"thumbnailUrl":"https:\/\/www.infos-droitshumains.net\/wp-content\/uploads\/2021\/04\/IMG-20210429-WA0007.jpg","datePublished":"2021-04-29T12:34:47+00:00","dateModified":"2023-04-06T10:12:26+00:00","breadcrumb":{"@id":"https:\/\/infos-droitshumains.net\/?p=274#breadcrumb"},"inLanguage":"fr-FR","potentialAction":[{"@type":"ReadAction","target":["https:\/\/infos-droitshumains.net\/?p=274"]}]},{"@type":"ImageObject","inLanguage":"fr-FR","@id":"https:\/\/infos-droitshumains.net\/?p=274#primaryimage","url":"https:\/\/www.infos-droitshumains.net\/wp-content\/uploads\/2021\/04\/IMG-20210429-WA0007.jpg","contentUrl":"https:\/\/www.infos-droitshumains.net\/wp-content\/uploads\/2021\/04\/IMG-20210429-WA0007.jpg"},{"@type":"BreadcrumbList","@id":"https:\/\/infos-droitshumains.net\/?p=274#breadcrumb","itemListElement":[{"@type":"ListItem","position":1,"name":"Accueil","item":"https:\/\/infos-droitshumains.net\/"},{"@type":"ListItem","position":2,"name":"RDC : Le tweet attribu\u00e9 au nouveau pr\u00e9sident de la cour constitutionnelle est une intox."}]},{"@type":"WebSite","@id":"https:\/\/infos-droitshumains.net\/#website","url":"https:\/\/infos-droitshumains.net\/","name":"Infos Droits Humains","description":"S&#039;informer est un droit","publisher":{"@id":"https:\/\/infos-droitshumains.net\/#organization"},"potentialAction":[{"@type":"SearchAction","target":{"@type":"EntryPoint","urlTemplate":"https:\/\/infos-droitshumains.net\/?s={search_term_string}"},"query-input":{"@type":"PropertyValueSpecification","valueRequired":true,"valueName":"search_term_string"}}],"inLanguage":"fr-FR"},{"@type":"Organization","@id":"https:\/\/infos-droitshumains.net\/#organization","name":"Infos Droits Humains","url":"https:\/\/infos-droitshumains.net\/","logo":{"@type":"ImageObject","inLanguage":"fr-FR","@id":"https:\/\/infos-droitshumains.net\/#\/schema\/logo\/image\/","url":"https:\/\/i0.wp.com\/infos-droitshumains.net\/wp-content\/uploads\/2022\/05\/Logo.png?fit=333%2C129&ssl=1","contentUrl":"https:\/\/i0.wp.com\/infos-droitshumains.net\/wp-content\/uploads\/2022\/05\/Logo.png?fit=333%2C129&ssl=1","width":333,"height":129,"caption":"Infos Droits Humains"},"image":{"@id":"https:\/\/infos-droitshumains.net\/#\/schema\/logo\/image\/"}},{"@type":"Person","@id":"https:\/\/infos-droitshumains.net\/#\/schema\/person\/3dc5e921c3302172e0ed4362f96faab7","name":"Jo\u00ebl Diawa","image":{"@type":"ImageObject","inLanguage":"fr-FR","@id":"https:\/\/secure.gravatar.com\/avatar\/729bea6ff4604c624417803c477363be8e3c7186deaa65713313f9b4b820f41c?s=96&d=mm&r=g","url":"https:\/\/secure.gravatar.com\/avatar\/729bea6ff4604c624417803c477363be8e3c7186deaa65713313f9b4b820f41c?s=96&d=mm&r=g","contentUrl":"https:\/\/secure.gravatar.com\/avatar\/729bea6ff4604c624417803c477363be8e3c7186deaa65713313f9b4b820f41c?s=96&d=mm&r=g","caption":"Jo\u00ebl Diawa"},"sameAs":["https:\/\/www.infos-droitshumains.net"],"url":"https:\/\/infos-droitshumains.net\/?author=2"}]}},"featured_image_urls":{"full":"","thumbnail":"","medium":"","medium_large":"","large":"","1536x1536":"","2048x2048":"","covernews-slider-full":"","covernews-slider-center":"","covernews-featured":"","covernews-medium":"","covernews-medium-square":""},"author_info":{"display_name":"Jo\u00ebl Diawa","author_link":"https:\/\/infos-droitshumains.net\/?author=2"},"category_info":"<a href=\"https:\/\/infos-droitshumains.net\/?cat=1\" rel=\"category\">Non class\u00e9<\/a>","tag_info":"Non class\u00e9","comment_count":"0","jetpack_featured_media_url":"","jetpack-related-posts":[],"jetpack_sharing_enabled":true,"_links":{"self":[{"href":"https:\/\/infos-droitshumains.net\/index.php?rest_route=\/wp\/v2\/posts\/274","targetHints":{"allow":["GET"]}}],"collection":[{"href":"https:\/\/infos-droitshumains.net\/index.php?rest_route=\/wp\/v2\/posts"}],"about":[{"href":"https:\/\/infos-droitshumains.net\/index.php?rest_route=\/wp\/v2\/types\/post"}],"author":[{"embeddable":true,"href":"https:\/\/infos-droitshumains.net\/index.php?rest_route=\/wp\/v2\/users\/2"}],"replies":[{"embeddable":true,"href":"https:\/\/infos-droitshumains.net\/index.php?rest_route=%2Fwp%2Fv2%2Fcomments&post=274"}],"version-history":[{"count":1,"href":"https:\/\/infos-droitshumains.net\/index.php?rest_route=\/wp\/v2\/posts\/274\/revisions"}],"predecessor-version":[{"id":277,"href":"https:\/\/infos-droitshumains.net\/index.php?rest_route=\/wp\/v2\/posts\/274\/revisions\/277"}],"wp:attachment":[{"href":"https:\/\/infos-droitshumains.net\/index.php?rest_route=%2Fwp%2Fv2%2Fmedia&parent=274"}],"wp:term":[{"taxonomy":"category","embeddable":true,"href":"https:\/\/infos-droitshumains.net\/index.php?rest_route=%2Fwp%2Fv2%2Fcategories&post=274"},{"taxonomy":"post_tag","embeddable":true,"href":"https:\/\/infos-droitshumains.net\/index.php?rest_route=%2Fwp%2Fv2%2Ftags&post=274"}],"curies":[{"name":"wp","href":"https:\/\/api.w.org\/{rel}","templated":true}]}}