{"id":2690,"date":"2022-03-19T17:04:49","date_gmt":"2022-03-19T16:04:49","guid":{"rendered":"https:\/\/infos-droitshumains.net\/?p=2690"},"modified":"2023-04-06T12:10:05","modified_gmt":"2023-04-06T10:10:05","slug":"justice-me-abed-kayembe-enrichit-larmoire-scientifique-avec-deux-nouveaux-ouvrages","status":"publish","type":"post","link":"https:\/\/infos-droitshumains.net\/?p=2690","title":{"rendered":"Justice : Me. Abed Kayembe enrichit l&rsquo;armoire scientifique avec deux nouveaux ouvrages"},"content":{"rendered":"\n<p><strong>R\u00e9daction:+243817406088<\/strong><\/p>\n\n\n\n<p><strong><em>\u00abLa probl\u00e9matique de la note circulaire n\u00b0001 du 04 mars 2021 du Premier Pr\u00e9sident de la Cour de cassation de la RDC sous l\u2019\u00e8re du droit OHADA\u00bb et \u00abLa revue juridique et judiciaire SCA-MAK\u00bb sont les titres des deux nouveaux ouvrages qui viennent d\u2019\u00eatre publi\u00e9s par Ma\u00eetre Abed Kayembe Ngoy.<\/em><\/strong><\/p>\n\n\n\n<p>L\u2019auteur a, dans le premier ouvrage, d\u2019abord, analys\u00e9 la premi\u00e8re circulaire num\u00e9ro 002 du 6 juin 2019 qui interdisait aux pr\u00e9sidents des tribunaux de commerce de pouvoir autoriser les saisies conservatoires, les saisies attributions au motif que l\u2019article 49 de l\u2019Acte Uniforme donnerait cette comp\u00e9tence aux Tribunaux de Grande Instance, en suite, \u00e9voquer les cons\u00e9quences qui d\u00e9coulent apr\u00e8s que le premier Pr\u00e9sident de la Cour de Cassation a pris la n\u00b0001 du 04 mars 2021 abrogeant la premi\u00e8re.<\/p>\n\n\n\n<figure class=\"wp-block-image alignfull size-large\"><img data-recalc-dims=\"1\" height=\"480\" width=\"640\" decoding=\"async\" src=\"https:\/\/i0.wp.com\/infos-droitshumains.net\/wp-content\/uploads\/2022\/03\/IMG_20220317_123816_274-1024x768.jpg?resize=640%2C480&#038;ssl=1\" alt=\"\" class=\"wp-image-2694\"\/><\/figure>\n\n\n\n<p>Me. Abed Kayembe a pour se faire, ressorti 15 probl\u00e9matiques qui d\u00e9coulent de cette situation dont voici : <\/p>\n\n\n\n<ol class=\"wp-block-list\"><li>Quelle est la nature juridique de la pr\u00e9sente circulaire n\u00b0001 du 04 mars 2021 du premier pr\u00e9sident de la Cour de cassation ?<\/li><li>Quels sont les effets juridiques d\u00e9coulant du retrait de la Circulaire n\u00b0002 du 06 juin 2019 relative \u00e0 l\u2019interdiction des autorisations des saisies-arr\u00eats et saisies-conservatoires par les pr\u00e9sidents des tribunaux de commerce, par la circulaire n\u00b0001 du 04 mars 2021 par le premier pr\u00e9sident de la Cour cassation ?<\/li><li>Quel est l\u2019\u00e9tat actuel de la comp\u00e9tence du juge de l\u2019urgence de l\u2019article 49 de l\u2019AUPSRVE apr\u00e8s la pr\u00e9sente circulaire n\u00b0001 du 04 mars 2021 du premier pr\u00e9sident de la Cour de cassation ?<\/li><li>Quel est le sort des d\u00e9cisions judicaires rendues par les juridictions autres que celles du Tribunal de commerce ?<\/li><li>Quelle est la valeur contraignante ou ex\u00e9cutoire de telles d\u00e9cisions ?<\/li><li>Quelles sont les voies de recours possibles contre lesdites d\u00e9cisions judiciaires ?<\/li><li>Quelle est la valeur judiciaire ou administrative des saisies pratiqu\u00e9es, des ventes publiques ou aux ench\u00e8res organis\u00e9es sous l\u2019\u00e9gide de la circulaire r\u00e9tract\u00e9e n\u00b0002 du 06 juin 2019, des adjudications, des d\u00e9caissements des fonds aupr\u00e8s des tiers-saisis ou des d\u00e9biteurs poursuivis ?<\/li><li>Quelle est la suite \u00e0 r\u00e9server aux r\u00e9quisitions \u00e9tablies par les greffes non comp\u00e9tents sous l\u2019\u00e9gide de la circulaire n\u00b0002 du 06 juin 2019 pr\u00e9-rappel\u00e9e dont le r\u00e8gne a \u00e9t\u00e9 du 6 juin 2019 au 4 mars 2021 ?<\/li><li>Quelle est la suite \u00e0 r\u00e9server au d\u00e9guerpissement intervenu par suite des d\u00e9cisions judiciaires (ordonnance d\u2019expulsion ou jugement de d\u00e9guerpissement coul\u00e9e en force de chose jug\u00e9e)  rendues par les juridictions autres que celles des Tribunaux de commerce, sous l\u2019\u00e9gide de la circulaire n\u00b0002 du 06 juin 2019 r\u00e9tract\u00e9e par circulaire n\u00b0001 du 04 mars 2021 ?<\/li><li>Quelle est la cons\u00e9quence juridique \u00e0 tirer des actes juridictionnels pos\u00e9s par les magistrats ou juges des juridictions autres que celles des Tribunaux de commerce ayant statu\u00e9 sous l\u2019\u00e9gide de la circulaire n\u00b0002 du 06 juin 2019 pr\u00e9-rappel\u00e9e, par rapport \u00e0 leur devoir de l\u00e9galit\u00e9 et la port\u00e9e de l\u2019article 150 alin\u00e9as 1 et 2 et l\u2019article 153 de la constitution de la RDC ?<\/li><li>Quel danger \u00e9conomique et social repr\u00e9sente la circulaire n\u00b0001 du 04 mars 2021 du premier pr\u00e9sident de la Cour de cassation rapportant celle n\u00b0002 du 06 juin 2019 relative \u00e0 l\u2019interdiction des autorisations des saisies-arr\u00eats et saisies-conservatoires par les pr\u00e9sidents des tribunaux de commerce ?<\/li><li>Peut-on affirmer que par la pr\u00e9sente circulaire n\u00b0001 du 04 mars 2021 du Premier pr\u00e9sident de la Cour de cassation rapportant celle n\u00b0002 du 06 juin 2019 a atteint l\u2019objectif de paix sociale ?<\/li><li>Quid des victimes du d\u00e9guerpissement forc\u00e9 sous l\u2019\u00e9gide de la circulaire r\u00e9glementaire n\u00b0002 du 06 juin 2019 relative \u00e0 l\u2019interdiction des autorisations des saisies-arr\u00eats et saisies-conservatoires par les pr\u00e9sidents des tribunaux de commerce ?<\/li><li>Quel est le degr\u00e9 de satisfaction des justiciables sur les deux circulaires prises par le pr\u00e9sident de la Cour de cassation respectivement n\u00b0002 du 06 juin 2019 relative \u00e0 l\u2019interdiction des autorisations des saisies-arr\u00eats et saisies-conservatoires par les pr\u00e9sidents des Tribunaux de commerce et celle n\u00b0001 du 04 mars 2021 rapportant celle-ci ?<\/li><li>Peut-on dire que les juridictions autres que celles des Tribunaux de commerce ayant statu\u00e9 sous l\u2019\u00e9gide de la circulaire n\u00b0002 du 06 juin 2019 relative \u00e0 l\u2019interdiction des saisies-arr\u00eats et saisies-conservatoires par les pr\u00e9sidents des Tribunaux de commerce ont agi sous l\u2019autorit\u00e9 de la loi pr\u00e9conis\u00e9e \u00e0 l\u2019article 150 alin\u00e9as 1 et 2 et article 153 alin\u00e9a 4 de la constitution de la RDC en vigueur dans leur mission de dire droit <br>\n\u00abAujourd\u2019hui, c\u2019est l\u2019aboutissement d\u2019un combat men\u00e9 et qui a produit ses effets par l\u2019arr\u00eat de principe de la Cour constitutionnelle annulant la  Circulaire n\u00b0002 du 06 juin 2019\u00bb, a d\u00e9clar\u00e9 l\u2019auteur.<\/li><\/ol>\n\n\n\n<p>Il a par ailleurs invit\u00e9 tous les partenaires de la justice \u00e0 <em>\u00abS\u2019impr\u00e9gner de ces deux s\u00e9sames scientifiques afin d\u2019aiguiser leur plume pour relancer la bataille judiciaire\u00bb.<\/em><\/p>\n\n\n\n<p>Ces deux ouvrages ont \u00e9t\u00e9 port\u00e9 sur le fond baptissmo le jeudi 17 mars 2022 \u00e0 Kinshasa par Me. Jean-Claude Mbaki, b\u00e2tonnier de l\u2019ordre du barreau de Kinshasa\/Gombe.<\/p>\n\n\n\n<figure class=\"wp-block-image alignfull size-large\"><img data-recalc-dims=\"1\" height=\"480\" width=\"640\" decoding=\"async\" src=\"https:\/\/i0.wp.com\/infos-droitshumains.net\/wp-content\/uploads\/2022\/03\/IMG_20220317_141313_483-1024x768.jpg?resize=640%2C480&#038;ssl=1\" alt=\"\" class=\"wp-image-2696\"\/><\/figure>\n\n\n\n<p>Jo\u00ebl Diawa<\/p>\n","protected":false},"excerpt":{"rendered":"<p>R\u00e9daction:+243817406088 \u00abLa probl\u00e9matique de la note circulaire n\u00b0001 du 04 mars 2021 du Premier Pr\u00e9sident&#8230;<\/p>\n","protected":false},"author":2,"featured_media":0,"comment_status":"closed","ping_status":"open","sticky":false,"template":"","format":"standard","meta":{"_jetpack_memberships_contains_paid_content":false,"footnotes":""},"categories":[28,6],"tags":[],"class_list":["post-2690","post","type-post","status-publish","format-standard","hentry","category-culture","category-justice"],"yoast_head":"<!-- This site is optimized with the Yoast SEO plugin v27.5 - https:\/\/yoast.com\/product\/yoast-seo-wordpress\/ -->\n<title>Justice : Me. Abed Kayembe enrichit l&#039;armoire scientifique avec deux nouveaux ouvrages - Infos Droits Humains<\/title>\n<meta name=\"robots\" content=\"index, follow, max-snippet:-1, max-image-preview:large, max-video-preview:-1\" \/>\n<link rel=\"canonical\" href=\"https:\/\/infos-droitshumains.net\/?p=2690\" \/>\n<meta property=\"og:locale\" content=\"fr_FR\" \/>\n<meta property=\"og:type\" content=\"article\" \/>\n<meta property=\"og:title\" content=\"Justice : Me. Abed Kayembe enrichit l&#039;armoire scientifique avec deux nouveaux ouvrages - Infos Droits Humains\" \/>\n<meta property=\"og:description\" content=\"R\u00e9daction:+243817406088 \u00abLa probl\u00e9matique de la note circulaire n\u00b0001 du 04 mars 2021 du Premier Pr\u00e9sident...\" \/>\n<meta property=\"og:url\" content=\"https:\/\/infos-droitshumains.net\/?p=2690\" \/>\n<meta property=\"og:site_name\" content=\"Infos Droits Humains\" \/>\n<meta property=\"article:published_time\" content=\"2022-03-19T16:04:49+00:00\" \/>\n<meta property=\"article:modified_time\" content=\"2023-04-06T10:10:05+00:00\" \/>\n<meta property=\"og:image\" content=\"https:\/\/infos-droitshumains.net\/wp-content\/uploads\/2022\/03\/IMG_20220317_123816_274-1024x768.jpg\" \/>\n<meta name=\"author\" content=\"Jo\u00ebl Diawa\" \/>\n<meta name=\"twitter:card\" content=\"summary_large_image\" \/>\n<meta name=\"twitter:label1\" content=\"\u00c9crit par\" \/>\n\t<meta name=\"twitter:data1\" content=\"Jo\u00ebl Diawa\" \/>\n\t<meta name=\"twitter:label2\" content=\"Dur\u00e9e de lecture estim\u00e9e\" \/>\n\t<meta name=\"twitter:data2\" content=\"4 minutes\" \/>\n<script type=\"application\/ld+json\" class=\"yoast-schema-graph\">{\"@context\":\"https:\\\/\\\/schema.org\",\"@graph\":[{\"@type\":\"Article\",\"@id\":\"https:\\\/\\\/infos-droitshumains.net\\\/?p=2690#article\",\"isPartOf\":{\"@id\":\"https:\\\/\\\/infos-droitshumains.net\\\/?p=2690\"},\"author\":{\"name\":\"Jo\u00ebl Diawa\",\"@id\":\"https:\\\/\\\/infos-droitshumains.net\\\/#\\\/schema\\\/person\\\/3dc5e921c3302172e0ed4362f96faab7\"},\"headline\":\"Justice : Me. Abed Kayembe enrichit l&rsquo;armoire scientifique avec deux nouveaux ouvrages\",\"datePublished\":\"2022-03-19T16:04:49+00:00\",\"dateModified\":\"2023-04-06T10:10:05+00:00\",\"mainEntityOfPage\":{\"@id\":\"https:\\\/\\\/infos-droitshumains.net\\\/?p=2690\"},\"wordCount\":867,\"publisher\":{\"@id\":\"https:\\\/\\\/infos-droitshumains.net\\\/#organization\"},\"image\":{\"@id\":\"https:\\\/\\\/infos-droitshumains.net\\\/?p=2690#primaryimage\"},\"thumbnailUrl\":\"https:\\\/\\\/infos-droitshumains.net\\\/wp-content\\\/uploads\\\/2022\\\/03\\\/IMG_20220317_123816_274-1024x768.jpg\",\"articleSection\":[\"Culture\",\"Justice\"],\"inLanguage\":\"fr-FR\"},{\"@type\":\"WebPage\",\"@id\":\"https:\\\/\\\/infos-droitshumains.net\\\/?p=2690\",\"url\":\"https:\\\/\\\/infos-droitshumains.net\\\/?p=2690\",\"name\":\"Justice : Me. Abed Kayembe enrichit l'armoire scientifique avec deux nouveaux ouvrages - Infos Droits Humains\",\"isPartOf\":{\"@id\":\"https:\\\/\\\/infos-droitshumains.net\\\/#website\"},\"primaryImageOfPage\":{\"@id\":\"https:\\\/\\\/infos-droitshumains.net\\\/?p=2690#primaryimage\"},\"image\":{\"@id\":\"https:\\\/\\\/infos-droitshumains.net\\\/?p=2690#primaryimage\"},\"thumbnailUrl\":\"https:\\\/\\\/infos-droitshumains.net\\\/wp-content\\\/uploads\\\/2022\\\/03\\\/IMG_20220317_123816_274-1024x768.jpg\",\"datePublished\":\"2022-03-19T16:04:49+00:00\",\"dateModified\":\"2023-04-06T10:10:05+00:00\",\"breadcrumb\":{\"@id\":\"https:\\\/\\\/infos-droitshumains.net\\\/?p=2690#breadcrumb\"},\"inLanguage\":\"fr-FR\",\"potentialAction\":[{\"@type\":\"ReadAction\",\"target\":[\"https:\\\/\\\/infos-droitshumains.net\\\/?p=2690\"]}]},{\"@type\":\"ImageObject\",\"inLanguage\":\"fr-FR\",\"@id\":\"https:\\\/\\\/infos-droitshumains.net\\\/?p=2690#primaryimage\",\"url\":\"https:\\\/\\\/infos-droitshumains.net\\\/wp-content\\\/uploads\\\/2022\\\/03\\\/IMG_20220317_123816_274-1024x768.jpg\",\"contentUrl\":\"https:\\\/\\\/infos-droitshumains.net\\\/wp-content\\\/uploads\\\/2022\\\/03\\\/IMG_20220317_123816_274-1024x768.jpg\"},{\"@type\":\"BreadcrumbList\",\"@id\":\"https:\\\/\\\/infos-droitshumains.net\\\/?p=2690#breadcrumb\",\"itemListElement\":[{\"@type\":\"ListItem\",\"position\":1,\"name\":\"Accueil\",\"item\":\"https:\\\/\\\/infos-droitshumains.net\\\/\"},{\"@type\":\"ListItem\",\"position\":2,\"name\":\"Justice : Me. Abed Kayembe enrichit l&rsquo;armoire scientifique avec deux nouveaux ouvrages\"}]},{\"@type\":\"WebSite\",\"@id\":\"https:\\\/\\\/infos-droitshumains.net\\\/#website\",\"url\":\"https:\\\/\\\/infos-droitshumains.net\\\/\",\"name\":\"Infos Droits Humains\",\"description\":\"S&#039;informer est un droit\",\"publisher\":{\"@id\":\"https:\\\/\\\/infos-droitshumains.net\\\/#organization\"},\"potentialAction\":[{\"@type\":\"SearchAction\",\"target\":{\"@type\":\"EntryPoint\",\"urlTemplate\":\"https:\\\/\\\/infos-droitshumains.net\\\/?s={search_term_string}\"},\"query-input\":{\"@type\":\"PropertyValueSpecification\",\"valueRequired\":true,\"valueName\":\"search_term_string\"}}],\"inLanguage\":\"fr-FR\"},{\"@type\":\"Organization\",\"@id\":\"https:\\\/\\\/infos-droitshumains.net\\\/#organization\",\"name\":\"Infos Droits Humains\",\"url\":\"https:\\\/\\\/infos-droitshumains.net\\\/\",\"logo\":{\"@type\":\"ImageObject\",\"inLanguage\":\"fr-FR\",\"@id\":\"https:\\\/\\\/infos-droitshumains.net\\\/#\\\/schema\\\/logo\\\/image\\\/\",\"url\":\"https:\\\/\\\/i0.wp.com\\\/infos-droitshumains.net\\\/wp-content\\\/uploads\\\/2022\\\/05\\\/Logo.png?fit=333%2C129&ssl=1\",\"contentUrl\":\"https:\\\/\\\/i0.wp.com\\\/infos-droitshumains.net\\\/wp-content\\\/uploads\\\/2022\\\/05\\\/Logo.png?fit=333%2C129&ssl=1\",\"width\":333,\"height\":129,\"caption\":\"Infos Droits Humains\"},\"image\":{\"@id\":\"https:\\\/\\\/infos-droitshumains.net\\\/#\\\/schema\\\/logo\\\/image\\\/\"}},{\"@type\":\"Person\",\"@id\":\"https:\\\/\\\/infos-droitshumains.net\\\/#\\\/schema\\\/person\\\/3dc5e921c3302172e0ed4362f96faab7\",\"name\":\"Jo\u00ebl Diawa\",\"image\":{\"@type\":\"ImageObject\",\"inLanguage\":\"fr-FR\",\"@id\":\"https:\\\/\\\/secure.gravatar.com\\\/avatar\\\/729bea6ff4604c624417803c477363be8e3c7186deaa65713313f9b4b820f41c?s=96&d=mm&r=g\",\"url\":\"https:\\\/\\\/secure.gravatar.com\\\/avatar\\\/729bea6ff4604c624417803c477363be8e3c7186deaa65713313f9b4b820f41c?s=96&d=mm&r=g\",\"contentUrl\":\"https:\\\/\\\/secure.gravatar.com\\\/avatar\\\/729bea6ff4604c624417803c477363be8e3c7186deaa65713313f9b4b820f41c?s=96&d=mm&r=g\",\"caption\":\"Jo\u00ebl Diawa\"},\"sameAs\":[\"https:\\\/\\\/www.infos-droitshumains.net\"],\"url\":\"https:\\\/\\\/infos-droitshumains.net\\\/?author=2\"}]}<\/script>\n<!-- \/ Yoast SEO plugin. -->","yoast_head_json":{"title":"Justice : Me. Abed Kayembe enrichit l'armoire scientifique avec deux nouveaux ouvrages - Infos Droits Humains","robots":{"index":"index","follow":"follow","max-snippet":"max-snippet:-1","max-image-preview":"max-image-preview:large","max-video-preview":"max-video-preview:-1"},"canonical":"https:\/\/infos-droitshumains.net\/?p=2690","og_locale":"fr_FR","og_type":"article","og_title":"Justice : Me. Abed Kayembe enrichit l'armoire scientifique avec deux nouveaux ouvrages - Infos Droits Humains","og_description":"R\u00e9daction:+243817406088 \u00abLa probl\u00e9matique de la note circulaire n\u00b0001 du 04 mars 2021 du Premier Pr\u00e9sident...","og_url":"https:\/\/infos-droitshumains.net\/?p=2690","og_site_name":"Infos Droits Humains","article_published_time":"2022-03-19T16:04:49+00:00","article_modified_time":"2023-04-06T10:10:05+00:00","og_image":[{"url":"https:\/\/infos-droitshumains.net\/wp-content\/uploads\/2022\/03\/IMG_20220317_123816_274-1024x768.jpg","type":"","width":"","height":""}],"author":"Jo\u00ebl Diawa","twitter_card":"summary_large_image","twitter_misc":{"\u00c9crit par":"Jo\u00ebl Diawa","Dur\u00e9e de lecture estim\u00e9e":"4 minutes"},"schema":{"@context":"https:\/\/schema.org","@graph":[{"@type":"Article","@id":"https:\/\/infos-droitshumains.net\/?p=2690#article","isPartOf":{"@id":"https:\/\/infos-droitshumains.net\/?p=2690"},"author":{"name":"Jo\u00ebl Diawa","@id":"https:\/\/infos-droitshumains.net\/#\/schema\/person\/3dc5e921c3302172e0ed4362f96faab7"},"headline":"Justice : Me. Abed Kayembe enrichit l&rsquo;armoire scientifique avec deux nouveaux ouvrages","datePublished":"2022-03-19T16:04:49+00:00","dateModified":"2023-04-06T10:10:05+00:00","mainEntityOfPage":{"@id":"https:\/\/infos-droitshumains.net\/?p=2690"},"wordCount":867,"publisher":{"@id":"https:\/\/infos-droitshumains.net\/#organization"},"image":{"@id":"https:\/\/infos-droitshumains.net\/?p=2690#primaryimage"},"thumbnailUrl":"https:\/\/infos-droitshumains.net\/wp-content\/uploads\/2022\/03\/IMG_20220317_123816_274-1024x768.jpg","articleSection":["Culture","Justice"],"inLanguage":"fr-FR"},{"@type":"WebPage","@id":"https:\/\/infos-droitshumains.net\/?p=2690","url":"https:\/\/infos-droitshumains.net\/?p=2690","name":"Justice : Me. Abed Kayembe enrichit l'armoire scientifique avec deux nouveaux ouvrages - Infos Droits Humains","isPartOf":{"@id":"https:\/\/infos-droitshumains.net\/#website"},"primaryImageOfPage":{"@id":"https:\/\/infos-droitshumains.net\/?p=2690#primaryimage"},"image":{"@id":"https:\/\/infos-droitshumains.net\/?p=2690#primaryimage"},"thumbnailUrl":"https:\/\/infos-droitshumains.net\/wp-content\/uploads\/2022\/03\/IMG_20220317_123816_274-1024x768.jpg","datePublished":"2022-03-19T16:04:49+00:00","dateModified":"2023-04-06T10:10:05+00:00","breadcrumb":{"@id":"https:\/\/infos-droitshumains.net\/?p=2690#breadcrumb"},"inLanguage":"fr-FR","potentialAction":[{"@type":"ReadAction","target":["https:\/\/infos-droitshumains.net\/?p=2690"]}]},{"@type":"ImageObject","inLanguage":"fr-FR","@id":"https:\/\/infos-droitshumains.net\/?p=2690#primaryimage","url":"https:\/\/infos-droitshumains.net\/wp-content\/uploads\/2022\/03\/IMG_20220317_123816_274-1024x768.jpg","contentUrl":"https:\/\/infos-droitshumains.net\/wp-content\/uploads\/2022\/03\/IMG_20220317_123816_274-1024x768.jpg"},{"@type":"BreadcrumbList","@id":"https:\/\/infos-droitshumains.net\/?p=2690#breadcrumb","itemListElement":[{"@type":"ListItem","position":1,"name":"Accueil","item":"https:\/\/infos-droitshumains.net\/"},{"@type":"ListItem","position":2,"name":"Justice : Me. Abed Kayembe enrichit l&rsquo;armoire scientifique avec deux nouveaux ouvrages"}]},{"@type":"WebSite","@id":"https:\/\/infos-droitshumains.net\/#website","url":"https:\/\/infos-droitshumains.net\/","name":"Infos Droits Humains","description":"S&#039;informer est un droit","publisher":{"@id":"https:\/\/infos-droitshumains.net\/#organization"},"potentialAction":[{"@type":"SearchAction","target":{"@type":"EntryPoint","urlTemplate":"https:\/\/infos-droitshumains.net\/?s={search_term_string}"},"query-input":{"@type":"PropertyValueSpecification","valueRequired":true,"valueName":"search_term_string"}}],"inLanguage":"fr-FR"},{"@type":"Organization","@id":"https:\/\/infos-droitshumains.net\/#organization","name":"Infos Droits Humains","url":"https:\/\/infos-droitshumains.net\/","logo":{"@type":"ImageObject","inLanguage":"fr-FR","@id":"https:\/\/infos-droitshumains.net\/#\/schema\/logo\/image\/","url":"https:\/\/i0.wp.com\/infos-droitshumains.net\/wp-content\/uploads\/2022\/05\/Logo.png?fit=333%2C129&ssl=1","contentUrl":"https:\/\/i0.wp.com\/infos-droitshumains.net\/wp-content\/uploads\/2022\/05\/Logo.png?fit=333%2C129&ssl=1","width":333,"height":129,"caption":"Infos Droits Humains"},"image":{"@id":"https:\/\/infos-droitshumains.net\/#\/schema\/logo\/image\/"}},{"@type":"Person","@id":"https:\/\/infos-droitshumains.net\/#\/schema\/person\/3dc5e921c3302172e0ed4362f96faab7","name":"Jo\u00ebl Diawa","image":{"@type":"ImageObject","inLanguage":"fr-FR","@id":"https:\/\/secure.gravatar.com\/avatar\/729bea6ff4604c624417803c477363be8e3c7186deaa65713313f9b4b820f41c?s=96&d=mm&r=g","url":"https:\/\/secure.gravatar.com\/avatar\/729bea6ff4604c624417803c477363be8e3c7186deaa65713313f9b4b820f41c?s=96&d=mm&r=g","contentUrl":"https:\/\/secure.gravatar.com\/avatar\/729bea6ff4604c624417803c477363be8e3c7186deaa65713313f9b4b820f41c?s=96&d=mm&r=g","caption":"Jo\u00ebl Diawa"},"sameAs":["https:\/\/www.infos-droitshumains.net"],"url":"https:\/\/infos-droitshumains.net\/?author=2"}]}},"featured_image_urls":{"full":"","thumbnail":"","medium":"","medium_large":"","large":"","1536x1536":"","2048x2048":"","covernews-slider-full":"","covernews-slider-center":"","covernews-featured":"","covernews-medium":"","covernews-medium-square":""},"author_info":{"display_name":"Jo\u00ebl Diawa","author_link":"https:\/\/infos-droitshumains.net\/?author=2"},"category_info":"<a href=\"https:\/\/infos-droitshumains.net\/?cat=28\" rel=\"category\">Culture<\/a> <a href=\"https:\/\/infos-droitshumains.net\/?cat=6\" rel=\"category\">Justice<\/a>","tag_info":"Justice","comment_count":"0","jetpack_featured_media_url":"","jetpack-related-posts":[],"jetpack_sharing_enabled":true,"_links":{"self":[{"href":"https:\/\/infos-droitshumains.net\/index.php?rest_route=\/wp\/v2\/posts\/2690","targetHints":{"allow":["GET"]}}],"collection":[{"href":"https:\/\/infos-droitshumains.net\/index.php?rest_route=\/wp\/v2\/posts"}],"about":[{"href":"https:\/\/infos-droitshumains.net\/index.php?rest_route=\/wp\/v2\/types\/post"}],"author":[{"embeddable":true,"href":"https:\/\/infos-droitshumains.net\/index.php?rest_route=\/wp\/v2\/users\/2"}],"replies":[{"embeddable":true,"href":"https:\/\/infos-droitshumains.net\/index.php?rest_route=%2Fwp%2Fv2%2Fcomments&post=2690"}],"version-history":[{"count":5,"href":"https:\/\/infos-droitshumains.net\/index.php?rest_route=\/wp\/v2\/posts\/2690\/revisions"}],"predecessor-version":[{"id":2698,"href":"https:\/\/infos-droitshumains.net\/index.php?rest_route=\/wp\/v2\/posts\/2690\/revisions\/2698"}],"wp:attachment":[{"href":"https:\/\/infos-droitshumains.net\/index.php?rest_route=%2Fwp%2Fv2%2Fmedia&parent=2690"}],"wp:term":[{"taxonomy":"category","embeddable":true,"href":"https:\/\/infos-droitshumains.net\/index.php?rest_route=%2Fwp%2Fv2%2Fcategories&post=2690"},{"taxonomy":"post_tag","embeddable":true,"href":"https:\/\/infos-droitshumains.net\/index.php?rest_route=%2Fwp%2Fv2%2Ftags&post=2690"}],"curies":[{"name":"wp","href":"https:\/\/api.w.org\/{rel}","templated":true}]}}