{"id":2627,"date":"2022-03-17T09:54:33","date_gmt":"2022-03-17T08:54:33","guid":{"rendered":"https:\/\/infos-droitshumains.net\/?p=2627"},"modified":"2023-04-06T12:10:29","modified_gmt":"2023-04-06T10:10:29","slug":"assemblee-nationale-la-participation-de-willy-bakonga-a-louverture-de-la-session-de-mars-enerve-la-constitution-me-victor-ebenya","status":"publish","type":"post","link":"https:\/\/infos-droitshumains.net\/?p=2627","title":{"rendered":"Assembl\u00e9e Nationale : La participation de Willy Bakonga \u00e0 l\u2019ouverture de la session de mars \u00e9nerve la constitution (Me. Victor Ebenya)"},"content":{"rendered":"\n<p><strong><em>R\u00e9daction:+243817406088<\/em><\/strong><\/p>\n\n\n\n<p>C\u2019est depuis le mardi 15 mars dernier que les d\u00e9put\u00e9s nationaux et s\u00e9nateurs ont repris le chemin de l\u2019h\u00e9micycle pour la session parlementaire de mars.<\/p>\n\n\n\n<p>Un fait extraordinaire a marqu\u00e9 cette pl\u00e9ni\u00e8re de rent\u00e9e parlementaire au niveau de l\u2019Assembl\u00e9e Nationale. Il s\u2019agit, de la pr\u00e9sence de Willy Bakonga Wilima.<\/p>\n\n\n\n<p>Apr\u00e8s sa condamnation l\u2019ann\u00e9e pass\u00e9e par la cour de cassation pour blanchiment des capitaux, l\u2019ancien ministre de l\u2019Enseignement Primaire, Secondaire et Technique avait perdu tous ces droits civiques, et il ne devait plus si\u00e9ger comme d\u00e9put\u00e9 national d\u00e9nonce Ma\u00eetre Victor Ebenya Molongi.<\/p>\n\n\n\n<p><strong><em>\u00abEffet, l\u2019article 110 point 8 de la Constitution dispose : Le mandat de D\u00e9put\u00e9 National ou de S\u00e9nateur prend fin par condamnation irr\u00e9vocable \u00e0 une peine de servitude p\u00e9nale principale pour infraction intentionnelle\u00bb.<\/em><\/strong><\/p>\n\n\n\n<p>Partant de cette disposition constitutionnelle, <strong><em>\u00abun D\u00e9put\u00e9 National ou S\u00e9nateur qui a \u00e9t\u00e9 condamn\u00e9 par une d\u00e9cision de justice irr\u00e9vocable (non susceptible de recours), ne peut plus si\u00e9ger de nouveau apr\u00e8s avoir purg\u00e9 sa peine\u00bb.<\/em><\/strong><\/p>\n\n\n\n<p>B\u00e9n\u00e9ficiaire de la gr\u00e2ce pr\u00e9sidentiellene, Willy Bakonga n&rsquo;a-t-il pas recouvr\u00e9 ses immunit\u00e9s parlementaires ? Non ! R\u00e9pond le coordonnateur de l\u2019asbl Droit Plus.<\/p>\n\n\n\n<p><strong><em>\u00abCelle-ci (gr\u00e2ce pr\u00e9sidentielle) ne rend pas vierge le casier judiciaire. La personne b\u00e9n\u00e9ficiaire de cette gr\u00e2ce sera toujours consid\u00e9r\u00e9e comme quelqu\u2019un qui a d\u00e9j\u00e0 \u00e9t\u00e9 condamn\u00e9 par la justice\u00bb.<\/em><\/strong><\/p>\n\n\n\n<p>Me. Victor Ebenya Molongi interpelle pour se faire, l\u2019Assembl\u00e9e Nationale, afin que cette erreur soit imm\u00e9diatement r\u00e9par\u00e9e, si non, cela donnerait l\u2019impression que <em><strong>\u00ables accords politiques priment sur le droit\u00bb<\/strong><\/em> a-t-il conclu.<\/p>\n","protected":false},"excerpt":{"rendered":"<p>R\u00e9daction:+243817406088 C\u2019est depuis le mardi 15 mars dernier que les d\u00e9put\u00e9s nationaux et s\u00e9nateurs ont&#8230;<\/p>\n","protected":false},"author":2,"featured_media":0,"comment_status":"closed","ping_status":"open","sticky":false,"template":"","format":"standard","meta":{"_jetpack_memberships_contains_paid_content":false,"footnotes":""},"categories":[3],"tags":[],"class_list":["post-2627","post","type-post","status-publish","format-standard","hentry","category-politique"],"yoast_head":"<!-- This site is optimized with the Yoast SEO plugin v27.5 - https:\/\/yoast.com\/product\/yoast-seo-wordpress\/ -->\n<title>Assembl\u00e9e Nationale : La participation de Willy Bakonga \u00e0 l\u2019ouverture de la session de mars \u00e9nerve la constitution (Me. Victor Ebenya) - Infos Droits Humains<\/title>\n<meta name=\"robots\" content=\"index, follow, max-snippet:-1, max-image-preview:large, max-video-preview:-1\" \/>\n<link rel=\"canonical\" href=\"https:\/\/infos-droitshumains.net\/?p=2627\" \/>\n<meta property=\"og:locale\" content=\"fr_FR\" \/>\n<meta property=\"og:type\" content=\"article\" \/>\n<meta property=\"og:title\" content=\"Assembl\u00e9e Nationale : La participation de Willy Bakonga \u00e0 l\u2019ouverture de la session de mars \u00e9nerve la constitution (Me. Victor Ebenya) - Infos Droits Humains\" \/>\n<meta property=\"og:description\" content=\"R\u00e9daction:+243817406088 C\u2019est depuis le mardi 15 mars dernier que les d\u00e9put\u00e9s nationaux et s\u00e9nateurs ont...\" \/>\n<meta property=\"og:url\" content=\"https:\/\/infos-droitshumains.net\/?p=2627\" \/>\n<meta property=\"og:site_name\" content=\"Infos Droits Humains\" \/>\n<meta property=\"article:published_time\" content=\"2022-03-17T08:54:33+00:00\" \/>\n<meta property=\"article:modified_time\" content=\"2023-04-06T10:10:29+00:00\" \/>\n<meta name=\"author\" content=\"Jo\u00ebl Diawa\" \/>\n<meta name=\"twitter:card\" content=\"summary_large_image\" \/>\n<meta name=\"twitter:label1\" content=\"\u00c9crit par\" \/>\n\t<meta name=\"twitter:data1\" content=\"Jo\u00ebl Diawa\" \/>\n\t<meta name=\"twitter:label2\" content=\"Dur\u00e9e de lecture estim\u00e9e\" \/>\n\t<meta name=\"twitter:data2\" content=\"1 minute\" \/>\n<script type=\"application\/ld+json\" class=\"yoast-schema-graph\">{\"@context\":\"https:\\\/\\\/schema.org\",\"@graph\":[{\"@type\":\"Article\",\"@id\":\"https:\\\/\\\/infos-droitshumains.net\\\/?p=2627#article\",\"isPartOf\":{\"@id\":\"https:\\\/\\\/infos-droitshumains.net\\\/?p=2627\"},\"author\":{\"name\":\"Jo\u00ebl Diawa\",\"@id\":\"https:\\\/\\\/infos-droitshumains.net\\\/#\\\/schema\\\/person\\\/3dc5e921c3302172e0ed4362f96faab7\"},\"headline\":\"Assembl\u00e9e Nationale : La participation de Willy Bakonga \u00e0 l\u2019ouverture de la session de mars \u00e9nerve la constitution (Me. Victor Ebenya)\",\"datePublished\":\"2022-03-17T08:54:33+00:00\",\"dateModified\":\"2023-04-06T10:10:29+00:00\",\"mainEntityOfPage\":{\"@id\":\"https:\\\/\\\/infos-droitshumains.net\\\/?p=2627\"},\"wordCount\":315,\"publisher\":{\"@id\":\"https:\\\/\\\/infos-droitshumains.net\\\/#organization\"},\"articleSection\":[\"Politique\"],\"inLanguage\":\"fr-FR\"},{\"@type\":\"WebPage\",\"@id\":\"https:\\\/\\\/infos-droitshumains.net\\\/?p=2627\",\"url\":\"https:\\\/\\\/infos-droitshumains.net\\\/?p=2627\",\"name\":\"Assembl\u00e9e Nationale : La participation de Willy Bakonga \u00e0 l\u2019ouverture de la session de mars \u00e9nerve la constitution (Me. Victor Ebenya) - Infos Droits Humains\",\"isPartOf\":{\"@id\":\"https:\\\/\\\/infos-droitshumains.net\\\/#website\"},\"datePublished\":\"2022-03-17T08:54:33+00:00\",\"dateModified\":\"2023-04-06T10:10:29+00:00\",\"breadcrumb\":{\"@id\":\"https:\\\/\\\/infos-droitshumains.net\\\/?p=2627#breadcrumb\"},\"inLanguage\":\"fr-FR\",\"potentialAction\":[{\"@type\":\"ReadAction\",\"target\":[\"https:\\\/\\\/infos-droitshumains.net\\\/?p=2627\"]}]},{\"@type\":\"BreadcrumbList\",\"@id\":\"https:\\\/\\\/infos-droitshumains.net\\\/?p=2627#breadcrumb\",\"itemListElement\":[{\"@type\":\"ListItem\",\"position\":1,\"name\":\"Accueil\",\"item\":\"https:\\\/\\\/infos-droitshumains.net\\\/\"},{\"@type\":\"ListItem\",\"position\":2,\"name\":\"Assembl\u00e9e Nationale : La participation de Willy Bakonga \u00e0 l\u2019ouverture de la session de mars \u00e9nerve la constitution (Me. Victor Ebenya)\"}]},{\"@type\":\"WebSite\",\"@id\":\"https:\\\/\\\/infos-droitshumains.net\\\/#website\",\"url\":\"https:\\\/\\\/infos-droitshumains.net\\\/\",\"name\":\"Infos Droits Humains\",\"description\":\"S&#039;informer est un droit\",\"publisher\":{\"@id\":\"https:\\\/\\\/infos-droitshumains.net\\\/#organization\"},\"potentialAction\":[{\"@type\":\"SearchAction\",\"target\":{\"@type\":\"EntryPoint\",\"urlTemplate\":\"https:\\\/\\\/infos-droitshumains.net\\\/?s={search_term_string}\"},\"query-input\":{\"@type\":\"PropertyValueSpecification\",\"valueRequired\":true,\"valueName\":\"search_term_string\"}}],\"inLanguage\":\"fr-FR\"},{\"@type\":\"Organization\",\"@id\":\"https:\\\/\\\/infos-droitshumains.net\\\/#organization\",\"name\":\"Infos Droits Humains\",\"url\":\"https:\\\/\\\/infos-droitshumains.net\\\/\",\"logo\":{\"@type\":\"ImageObject\",\"inLanguage\":\"fr-FR\",\"@id\":\"https:\\\/\\\/infos-droitshumains.net\\\/#\\\/schema\\\/logo\\\/image\\\/\",\"url\":\"https:\\\/\\\/i0.wp.com\\\/infos-droitshumains.net\\\/wp-content\\\/uploads\\\/2022\\\/05\\\/Logo.png?fit=333%2C129&ssl=1\",\"contentUrl\":\"https:\\\/\\\/i0.wp.com\\\/infos-droitshumains.net\\\/wp-content\\\/uploads\\\/2022\\\/05\\\/Logo.png?fit=333%2C129&ssl=1\",\"width\":333,\"height\":129,\"caption\":\"Infos Droits Humains\"},\"image\":{\"@id\":\"https:\\\/\\\/infos-droitshumains.net\\\/#\\\/schema\\\/logo\\\/image\\\/\"}},{\"@type\":\"Person\",\"@id\":\"https:\\\/\\\/infos-droitshumains.net\\\/#\\\/schema\\\/person\\\/3dc5e921c3302172e0ed4362f96faab7\",\"name\":\"Jo\u00ebl Diawa\",\"image\":{\"@type\":\"ImageObject\",\"inLanguage\":\"fr-FR\",\"@id\":\"https:\\\/\\\/secure.gravatar.com\\\/avatar\\\/729bea6ff4604c624417803c477363be8e3c7186deaa65713313f9b4b820f41c?s=96&d=mm&r=g\",\"url\":\"https:\\\/\\\/secure.gravatar.com\\\/avatar\\\/729bea6ff4604c624417803c477363be8e3c7186deaa65713313f9b4b820f41c?s=96&d=mm&r=g\",\"contentUrl\":\"https:\\\/\\\/secure.gravatar.com\\\/avatar\\\/729bea6ff4604c624417803c477363be8e3c7186deaa65713313f9b4b820f41c?s=96&d=mm&r=g\",\"caption\":\"Jo\u00ebl Diawa\"},\"sameAs\":[\"https:\\\/\\\/www.infos-droitshumains.net\"],\"url\":\"https:\\\/\\\/infos-droitshumains.net\\\/?author=2\"}]}<\/script>\n<!-- \/ Yoast SEO plugin. -->","yoast_head_json":{"title":"Assembl\u00e9e Nationale : La participation de Willy Bakonga \u00e0 l\u2019ouverture de la session de mars \u00e9nerve la constitution (Me. Victor Ebenya) - Infos Droits Humains","robots":{"index":"index","follow":"follow","max-snippet":"max-snippet:-1","max-image-preview":"max-image-preview:large","max-video-preview":"max-video-preview:-1"},"canonical":"https:\/\/infos-droitshumains.net\/?p=2627","og_locale":"fr_FR","og_type":"article","og_title":"Assembl\u00e9e Nationale : La participation de Willy Bakonga \u00e0 l\u2019ouverture de la session de mars \u00e9nerve la constitution (Me. Victor Ebenya) - Infos Droits Humains","og_description":"R\u00e9daction:+243817406088 C\u2019est depuis le mardi 15 mars dernier que les d\u00e9put\u00e9s nationaux et s\u00e9nateurs ont...","og_url":"https:\/\/infos-droitshumains.net\/?p=2627","og_site_name":"Infos Droits Humains","article_published_time":"2022-03-17T08:54:33+00:00","article_modified_time":"2023-04-06T10:10:29+00:00","author":"Jo\u00ebl Diawa","twitter_card":"summary_large_image","twitter_misc":{"\u00c9crit par":"Jo\u00ebl Diawa","Dur\u00e9e de lecture estim\u00e9e":"1 minute"},"schema":{"@context":"https:\/\/schema.org","@graph":[{"@type":"Article","@id":"https:\/\/infos-droitshumains.net\/?p=2627#article","isPartOf":{"@id":"https:\/\/infos-droitshumains.net\/?p=2627"},"author":{"name":"Jo\u00ebl Diawa","@id":"https:\/\/infos-droitshumains.net\/#\/schema\/person\/3dc5e921c3302172e0ed4362f96faab7"},"headline":"Assembl\u00e9e Nationale : La participation de Willy Bakonga \u00e0 l\u2019ouverture de la session de mars \u00e9nerve la constitution (Me. Victor Ebenya)","datePublished":"2022-03-17T08:54:33+00:00","dateModified":"2023-04-06T10:10:29+00:00","mainEntityOfPage":{"@id":"https:\/\/infos-droitshumains.net\/?p=2627"},"wordCount":315,"publisher":{"@id":"https:\/\/infos-droitshumains.net\/#organization"},"articleSection":["Politique"],"inLanguage":"fr-FR"},{"@type":"WebPage","@id":"https:\/\/infos-droitshumains.net\/?p=2627","url":"https:\/\/infos-droitshumains.net\/?p=2627","name":"Assembl\u00e9e Nationale : La participation de Willy Bakonga \u00e0 l\u2019ouverture de la session de mars \u00e9nerve la constitution (Me. Victor Ebenya) - Infos Droits Humains","isPartOf":{"@id":"https:\/\/infos-droitshumains.net\/#website"},"datePublished":"2022-03-17T08:54:33+00:00","dateModified":"2023-04-06T10:10:29+00:00","breadcrumb":{"@id":"https:\/\/infos-droitshumains.net\/?p=2627#breadcrumb"},"inLanguage":"fr-FR","potentialAction":[{"@type":"ReadAction","target":["https:\/\/infos-droitshumains.net\/?p=2627"]}]},{"@type":"BreadcrumbList","@id":"https:\/\/infos-droitshumains.net\/?p=2627#breadcrumb","itemListElement":[{"@type":"ListItem","position":1,"name":"Accueil","item":"https:\/\/infos-droitshumains.net\/"},{"@type":"ListItem","position":2,"name":"Assembl\u00e9e Nationale : La participation de Willy Bakonga \u00e0 l\u2019ouverture de la session de mars \u00e9nerve la constitution (Me. Victor Ebenya)"}]},{"@type":"WebSite","@id":"https:\/\/infos-droitshumains.net\/#website","url":"https:\/\/infos-droitshumains.net\/","name":"Infos Droits Humains","description":"S&#039;informer est un droit","publisher":{"@id":"https:\/\/infos-droitshumains.net\/#organization"},"potentialAction":[{"@type":"SearchAction","target":{"@type":"EntryPoint","urlTemplate":"https:\/\/infos-droitshumains.net\/?s={search_term_string}"},"query-input":{"@type":"PropertyValueSpecification","valueRequired":true,"valueName":"search_term_string"}}],"inLanguage":"fr-FR"},{"@type":"Organization","@id":"https:\/\/infos-droitshumains.net\/#organization","name":"Infos Droits Humains","url":"https:\/\/infos-droitshumains.net\/","logo":{"@type":"ImageObject","inLanguage":"fr-FR","@id":"https:\/\/infos-droitshumains.net\/#\/schema\/logo\/image\/","url":"https:\/\/i0.wp.com\/infos-droitshumains.net\/wp-content\/uploads\/2022\/05\/Logo.png?fit=333%2C129&ssl=1","contentUrl":"https:\/\/i0.wp.com\/infos-droitshumains.net\/wp-content\/uploads\/2022\/05\/Logo.png?fit=333%2C129&ssl=1","width":333,"height":129,"caption":"Infos Droits Humains"},"image":{"@id":"https:\/\/infos-droitshumains.net\/#\/schema\/logo\/image\/"}},{"@type":"Person","@id":"https:\/\/infos-droitshumains.net\/#\/schema\/person\/3dc5e921c3302172e0ed4362f96faab7","name":"Jo\u00ebl Diawa","image":{"@type":"ImageObject","inLanguage":"fr-FR","@id":"https:\/\/secure.gravatar.com\/avatar\/729bea6ff4604c624417803c477363be8e3c7186deaa65713313f9b4b820f41c?s=96&d=mm&r=g","url":"https:\/\/secure.gravatar.com\/avatar\/729bea6ff4604c624417803c477363be8e3c7186deaa65713313f9b4b820f41c?s=96&d=mm&r=g","contentUrl":"https:\/\/secure.gravatar.com\/avatar\/729bea6ff4604c624417803c477363be8e3c7186deaa65713313f9b4b820f41c?s=96&d=mm&r=g","caption":"Jo\u00ebl Diawa"},"sameAs":["https:\/\/www.infos-droitshumains.net"],"url":"https:\/\/infos-droitshumains.net\/?author=2"}]}},"featured_image_urls":{"full":"","thumbnail":"","medium":"","medium_large":"","large":"","1536x1536":"","2048x2048":"","covernews-slider-full":"","covernews-slider-center":"","covernews-featured":"","covernews-medium":"","covernews-medium-square":""},"author_info":{"display_name":"Jo\u00ebl Diawa","author_link":"https:\/\/infos-droitshumains.net\/?author=2"},"category_info":"<a href=\"https:\/\/infos-droitshumains.net\/?cat=3\" rel=\"category\">Politique<\/a>","tag_info":"Politique","comment_count":"0","jetpack_featured_media_url":"","jetpack-related-posts":[],"jetpack_sharing_enabled":true,"_links":{"self":[{"href":"https:\/\/infos-droitshumains.net\/index.php?rest_route=\/wp\/v2\/posts\/2627","targetHints":{"allow":["GET"]}}],"collection":[{"href":"https:\/\/infos-droitshumains.net\/index.php?rest_route=\/wp\/v2\/posts"}],"about":[{"href":"https:\/\/infos-droitshumains.net\/index.php?rest_route=\/wp\/v2\/types\/post"}],"author":[{"embeddable":true,"href":"https:\/\/infos-droitshumains.net\/index.php?rest_route=\/wp\/v2\/users\/2"}],"replies":[{"embeddable":true,"href":"https:\/\/infos-droitshumains.net\/index.php?rest_route=%2Fwp%2Fv2%2Fcomments&post=2627"}],"version-history":[{"count":3,"href":"https:\/\/infos-droitshumains.net\/index.php?rest_route=\/wp\/v2\/posts\/2627\/revisions"}],"predecessor-version":[{"id":2631,"href":"https:\/\/infos-droitshumains.net\/index.php?rest_route=\/wp\/v2\/posts\/2627\/revisions\/2631"}],"wp:attachment":[{"href":"https:\/\/infos-droitshumains.net\/index.php?rest_route=%2Fwp%2Fv2%2Fmedia&parent=2627"}],"wp:term":[{"taxonomy":"category","embeddable":true,"href":"https:\/\/infos-droitshumains.net\/index.php?rest_route=%2Fwp%2Fv2%2Fcategories&post=2627"},{"taxonomy":"post_tag","embeddable":true,"href":"https:\/\/infos-droitshumains.net\/index.php?rest_route=%2Fwp%2Fv2%2Ftags&post=2627"}],"curies":[{"name":"wp","href":"https:\/\/api.w.org\/{rel}","templated":true}]}}