{"id":2587,"date":"2022-03-16T09:23:23","date_gmt":"2022-03-16T08:23:23","guid":{"rendered":"https:\/\/infos-droitshumains.net\/?p=2587"},"modified":"2023-04-06T12:10:29","modified_gmt":"2023-04-06T10:10:29","slug":"proces-ferdinand-kambere-des-revelations-accablantes-a-quelques-heures-du-verdict","status":"publish","type":"post","link":"https:\/\/infos-droitshumains.net\/?p=2587","title":{"rendered":"Proc\u00e8s Ferdinand Kambere : Des r\u00e9v\u00e9lations accablantes \u00e0 quelques heures du verdict"},"content":{"rendered":"\n<p><strong>R\u00e9daction:+243817406088<\/strong><\/p>\n\n\n\n<p><strong>C\u2019est ce jeudi 17 mars que le Tribunal de Grande Instance de Kinshasa\/Gombe pourra rendre son jugement dans l\u2019affaire qui oppose  Ferdinand Kambere contre Ardant Kabambi. La plaidoirie qui s\u2019est d\u00e9roul\u00e9e le 7 mars dernier avait d\u00e9j\u00e0  permis \u00e0 l\u2019opinion de d\u00e9couvrir les dessous des cartes de cette affaire.<\/strong><\/p>\n\n\n\n<p><strong>Convoitise du Poste de Ferdinand Kambere<\/strong><\/p>\n\n\n\n<p>Dans leur plaidoirie, les avocats de la partie civile ont \u00e9voqu\u00e9 \u00ab<em>le m\u00e9pris qu\u2019aurait le pr\u00e9venu de l\u2019article 23 de la constitution qui consacre la libert\u00e9 d\u2019expression\u00bb<\/em>. Pour eux, le meurtre que Ferdinand Kambere aurait tent\u00e9 de commettre sur Ardant Kabambi a pour soubassement <em>\u00able refus de l\u2019expression de l\u2019autre au sein de leur parti le PPRD\u00bb.<\/em><\/p>\n\n\n\n<p>En effet, au sein du Parti du Peuple pour la Reconstruction et la D\u00e9mocratie o\u00f9 Ferdinand Kambere occupe le poste de Secr\u00e9taire Permanent Adjoint, il a \u00e9t\u00e9 cr\u00e9\u00e9 un mouvement dit r\u00e9volutionnaire, dont Ardant Kabamabi fairait partie. Ce mouvement s\u2019est assign\u00e9 entre autres pour mission, de renverser les organes du parti, tenus jusque l\u00e0, par les caciques. Pour la partla civile,  Kambere \u00e9tait en train de chercher l\u2019un des organisateurs de ce mouvement pour en finir avec lui, et Kabambi en \u00e9tait la victime.<\/p>\n\n\n\n<p>Un raccordement frauduleux dans la mesure o\u00f9 c\u2019est plut\u00f4t Kambere qui avait \u00e9t\u00e9 invit\u00e9 au restaurant tant\u00f4t par Kabambi, tant\u00f4t par Nyabirungu. Cette r\u00e9v\u00e9lation faite par les Avocats de la partie civile d\u00e9montre \u00e0 suffisance que c\u2019est plut\u00f4t Ardant Kabambi et sa bande qui convoitise le poste qu\u2019occupe Kambere au sein du parti. Et surtout que, les avocats de la partie civile le qualifie d\u2019un <em><strong>\u00abposte juteux\u00bb.<\/strong><\/em><\/p>\n\n\n\n<p><em><strong>\u00abCe proc\u00e8s m\u2019a permis de comprendre que ce mouvement qui s\u2019appelle r\u00e9volutionnaire et qui cherchait ma t\u00eate, est pass\u00e9 par le professeur Nyabirungu pour finalement m\u2019atteindre\u00bb,<\/strong><\/em> a d\u00e9clar\u00e9 le pr\u00e9venu Kambere lors de la plaidoirie.<\/p>\n\n\n\n<p><strong><em>Manque d\u2019\u00e9l\u00e9ments constitutifs de tentative de meurtre<\/em><\/strong><\/p>\n\n\n\n<p>Appel\u00e9 par le minist\u00e8re public \u00e0 \u00eatre condamn\u00e9 \u00e0 la peine capitale, Ferdinand Kambere estime que le minist\u00e8re public n\u2019a pu d\u00e9velopper les \u00e9l\u00e9ments constitutifs de la tentative de meurtre. Plut\u00f4t, d\u00e9clare-t-il, <strong><em>\u00abil a d\u00e9velopp\u00e9 les \u00e9l\u00e9ments constitutifs de meurtre\u00bb<\/em><\/strong>, bien que les deux infractions aient la m\u00eame peine.<\/p>\n\n\n\n<p><strong><em>Ferdinand Kambere, victime de son appartenance au PPRD ?<\/em><\/strong><\/p>\n\n\n\n<p>Le Parti du Peuple pour la Reconstruction et la D\u00e9mocratie, PPRD, o\u00f9 Ferdinand Kambere occupe le poste de Secr\u00e9taire Permanent Adjoint est rest\u00e9 observateur passif depuis le d\u00e9but de l\u2019affaire. \u00c0 la veille du verdict, ce parti de Joseph Kabila a bris\u00e9 le silence afin d\u2019apporter son soutien ind\u00e9fectible \u00e0 l\u2019un de ses cadres.<\/p>\n\n\n\n<p><strong><em>\u00abFerdinand Kambere est victime de ses opinions politiques, et surtout, de son appartenance au PPRD, parti de l\u2019opposition pour le moment\u00bb <\/em><\/strong>peut-on lire dans un communiqu\u00e9 du parti sign\u00e9 par Emmanuel Ramazani Shadari.<\/p>\n\n\n\n<p>A en croire le Secr\u00e9taire Permanent du PPRD, <em><strong>\u00abce dossier est un proc\u00e8s politique mont\u00e9 savamment par le pouvoir actuel\u2026\u00bb<\/strong><\/em><\/p>\n\n\n\n<p>L\u2019opinion reste persuad\u00e9e que le Tribunal, dans son jugement, tiendra compte de tous les \u00e9l\u00e9ments pr\u00e9sent\u00e9s par les deux parties, et surtout que le pr\u00e9venu s\u2019\u00e9tait montr\u00e9, lors de la plaidoirie, confiant en la justice.<\/p>\n\n\n\n<p>Pour rappel, c\u2019est depuis le lundi 21 d\u00e9cembre que Ferdinand Kambere est en d\u00e9tention apr\u00e8s une altercation avec Ardant Kabambi dans un restaurant de la place.<\/p>\n\n\n\n<p>Il \u00e9tait poursuivi pour coups et blessures volontaires, il a vu son infraction \u00eatre requalifi\u00e9e en tentative de meurtre.<\/p>\n\n\n\n<p>Jo\u00ebl Diawa<\/p>\n","protected":false},"excerpt":{"rendered":"<p>R\u00e9daction:+243817406088 C\u2019est ce jeudi 17 mars que le Tribunal de Grande Instance de Kinshasa\/Gombe pourra&#8230;<\/p>\n","protected":false},"author":2,"featured_media":0,"comment_status":"closed","ping_status":"open","sticky":false,"template":"","format":"standard","meta":{"_jetpack_memberships_contains_paid_content":false,"footnotes":""},"categories":[1],"tags":[],"class_list":["post-2587","post","type-post","status-publish","format-standard","hentry","category-non-classe"],"yoast_head":"<!-- This site is optimized with the Yoast SEO plugin v27.5 - https:\/\/yoast.com\/product\/yoast-seo-wordpress\/ -->\n<title>Proc\u00e8s Ferdinand Kambere : Des r\u00e9v\u00e9lations accablantes \u00e0 quelques heures du verdict - Infos Droits Humains<\/title>\n<meta name=\"robots\" content=\"index, follow, max-snippet:-1, max-image-preview:large, max-video-preview:-1\" \/>\n<link rel=\"canonical\" href=\"https:\/\/infos-droitshumains.net\/?p=2587\" \/>\n<meta property=\"og:locale\" content=\"fr_FR\" \/>\n<meta property=\"og:type\" content=\"article\" \/>\n<meta property=\"og:title\" content=\"Proc\u00e8s Ferdinand Kambere : Des r\u00e9v\u00e9lations accablantes \u00e0 quelques heures du verdict - Infos Droits Humains\" \/>\n<meta property=\"og:description\" content=\"R\u00e9daction:+243817406088 C\u2019est ce jeudi 17 mars que le Tribunal de Grande Instance de Kinshasa\/Gombe pourra...\" \/>\n<meta property=\"og:url\" content=\"https:\/\/infos-droitshumains.net\/?p=2587\" \/>\n<meta property=\"og:site_name\" content=\"Infos Droits Humains\" \/>\n<meta property=\"article:published_time\" content=\"2022-03-16T08:23:23+00:00\" \/>\n<meta property=\"article:modified_time\" content=\"2023-04-06T10:10:29+00:00\" \/>\n<meta name=\"author\" content=\"Jo\u00ebl Diawa\" \/>\n<meta name=\"twitter:card\" content=\"summary_large_image\" \/>\n<meta name=\"twitter:label1\" content=\"\u00c9crit par\" \/>\n\t<meta name=\"twitter:data1\" content=\"Jo\u00ebl Diawa\" \/>\n\t<meta name=\"twitter:label2\" content=\"Dur\u00e9e de lecture estim\u00e9e\" \/>\n\t<meta name=\"twitter:data2\" content=\"3 minutes\" \/>\n<script type=\"application\/ld+json\" class=\"yoast-schema-graph\">{\"@context\":\"https:\\\/\\\/schema.org\",\"@graph\":[{\"@type\":\"Article\",\"@id\":\"https:\\\/\\\/infos-droitshumains.net\\\/?p=2587#article\",\"isPartOf\":{\"@id\":\"https:\\\/\\\/infos-droitshumains.net\\\/?p=2587\"},\"author\":{\"name\":\"Jo\u00ebl Diawa\",\"@id\":\"https:\\\/\\\/infos-droitshumains.net\\\/#\\\/schema\\\/person\\\/3dc5e921c3302172e0ed4362f96faab7\"},\"headline\":\"Proc\u00e8s Ferdinand Kambere : Des r\u00e9v\u00e9lations accablantes \u00e0 quelques heures du verdict\",\"datePublished\":\"2022-03-16T08:23:23+00:00\",\"dateModified\":\"2023-04-06T10:10:29+00:00\",\"mainEntityOfPage\":{\"@id\":\"https:\\\/\\\/infos-droitshumains.net\\\/?p=2587\"},\"wordCount\":631,\"publisher\":{\"@id\":\"https:\\\/\\\/infos-droitshumains.net\\\/#organization\"},\"inLanguage\":\"fr-FR\"},{\"@type\":\"WebPage\",\"@id\":\"https:\\\/\\\/infos-droitshumains.net\\\/?p=2587\",\"url\":\"https:\\\/\\\/infos-droitshumains.net\\\/?p=2587\",\"name\":\"Proc\u00e8s Ferdinand Kambere : Des r\u00e9v\u00e9lations accablantes \u00e0 quelques heures du verdict - Infos Droits Humains\",\"isPartOf\":{\"@id\":\"https:\\\/\\\/infos-droitshumains.net\\\/#website\"},\"datePublished\":\"2022-03-16T08:23:23+00:00\",\"dateModified\":\"2023-04-06T10:10:29+00:00\",\"breadcrumb\":{\"@id\":\"https:\\\/\\\/infos-droitshumains.net\\\/?p=2587#breadcrumb\"},\"inLanguage\":\"fr-FR\",\"potentialAction\":[{\"@type\":\"ReadAction\",\"target\":[\"https:\\\/\\\/infos-droitshumains.net\\\/?p=2587\"]}]},{\"@type\":\"BreadcrumbList\",\"@id\":\"https:\\\/\\\/infos-droitshumains.net\\\/?p=2587#breadcrumb\",\"itemListElement\":[{\"@type\":\"ListItem\",\"position\":1,\"name\":\"Accueil\",\"item\":\"https:\\\/\\\/infos-droitshumains.net\\\/\"},{\"@type\":\"ListItem\",\"position\":2,\"name\":\"Proc\u00e8s Ferdinand Kambere : Des r\u00e9v\u00e9lations accablantes \u00e0 quelques heures du verdict\"}]},{\"@type\":\"WebSite\",\"@id\":\"https:\\\/\\\/infos-droitshumains.net\\\/#website\",\"url\":\"https:\\\/\\\/infos-droitshumains.net\\\/\",\"name\":\"Infos Droits Humains\",\"description\":\"S&#039;informer est un droit\",\"publisher\":{\"@id\":\"https:\\\/\\\/infos-droitshumains.net\\\/#organization\"},\"potentialAction\":[{\"@type\":\"SearchAction\",\"target\":{\"@type\":\"EntryPoint\",\"urlTemplate\":\"https:\\\/\\\/infos-droitshumains.net\\\/?s={search_term_string}\"},\"query-input\":{\"@type\":\"PropertyValueSpecification\",\"valueRequired\":true,\"valueName\":\"search_term_string\"}}],\"inLanguage\":\"fr-FR\"},{\"@type\":\"Organization\",\"@id\":\"https:\\\/\\\/infos-droitshumains.net\\\/#organization\",\"name\":\"Infos Droits Humains\",\"url\":\"https:\\\/\\\/infos-droitshumains.net\\\/\",\"logo\":{\"@type\":\"ImageObject\",\"inLanguage\":\"fr-FR\",\"@id\":\"https:\\\/\\\/infos-droitshumains.net\\\/#\\\/schema\\\/logo\\\/image\\\/\",\"url\":\"https:\\\/\\\/i0.wp.com\\\/infos-droitshumains.net\\\/wp-content\\\/uploads\\\/2022\\\/05\\\/Logo.png?fit=333%2C129&ssl=1\",\"contentUrl\":\"https:\\\/\\\/i0.wp.com\\\/infos-droitshumains.net\\\/wp-content\\\/uploads\\\/2022\\\/05\\\/Logo.png?fit=333%2C129&ssl=1\",\"width\":333,\"height\":129,\"caption\":\"Infos Droits Humains\"},\"image\":{\"@id\":\"https:\\\/\\\/infos-droitshumains.net\\\/#\\\/schema\\\/logo\\\/image\\\/\"}},{\"@type\":\"Person\",\"@id\":\"https:\\\/\\\/infos-droitshumains.net\\\/#\\\/schema\\\/person\\\/3dc5e921c3302172e0ed4362f96faab7\",\"name\":\"Jo\u00ebl Diawa\",\"image\":{\"@type\":\"ImageObject\",\"inLanguage\":\"fr-FR\",\"@id\":\"https:\\\/\\\/secure.gravatar.com\\\/avatar\\\/729bea6ff4604c624417803c477363be8e3c7186deaa65713313f9b4b820f41c?s=96&d=mm&r=g\",\"url\":\"https:\\\/\\\/secure.gravatar.com\\\/avatar\\\/729bea6ff4604c624417803c477363be8e3c7186deaa65713313f9b4b820f41c?s=96&d=mm&r=g\",\"contentUrl\":\"https:\\\/\\\/secure.gravatar.com\\\/avatar\\\/729bea6ff4604c624417803c477363be8e3c7186deaa65713313f9b4b820f41c?s=96&d=mm&r=g\",\"caption\":\"Jo\u00ebl Diawa\"},\"sameAs\":[\"https:\\\/\\\/www.infos-droitshumains.net\"],\"url\":\"https:\\\/\\\/infos-droitshumains.net\\\/?author=2\"}]}<\/script>\n<!-- \/ Yoast SEO plugin. -->","yoast_head_json":{"title":"Proc\u00e8s Ferdinand Kambere : Des r\u00e9v\u00e9lations accablantes \u00e0 quelques heures du verdict - Infos Droits Humains","robots":{"index":"index","follow":"follow","max-snippet":"max-snippet:-1","max-image-preview":"max-image-preview:large","max-video-preview":"max-video-preview:-1"},"canonical":"https:\/\/infos-droitshumains.net\/?p=2587","og_locale":"fr_FR","og_type":"article","og_title":"Proc\u00e8s Ferdinand Kambere : Des r\u00e9v\u00e9lations accablantes \u00e0 quelques heures du verdict - Infos Droits Humains","og_description":"R\u00e9daction:+243817406088 C\u2019est ce jeudi 17 mars que le Tribunal de Grande Instance de Kinshasa\/Gombe pourra...","og_url":"https:\/\/infos-droitshumains.net\/?p=2587","og_site_name":"Infos Droits Humains","article_published_time":"2022-03-16T08:23:23+00:00","article_modified_time":"2023-04-06T10:10:29+00:00","author":"Jo\u00ebl Diawa","twitter_card":"summary_large_image","twitter_misc":{"\u00c9crit par":"Jo\u00ebl Diawa","Dur\u00e9e de lecture estim\u00e9e":"3 minutes"},"schema":{"@context":"https:\/\/schema.org","@graph":[{"@type":"Article","@id":"https:\/\/infos-droitshumains.net\/?p=2587#article","isPartOf":{"@id":"https:\/\/infos-droitshumains.net\/?p=2587"},"author":{"name":"Jo\u00ebl Diawa","@id":"https:\/\/infos-droitshumains.net\/#\/schema\/person\/3dc5e921c3302172e0ed4362f96faab7"},"headline":"Proc\u00e8s Ferdinand Kambere : Des r\u00e9v\u00e9lations accablantes \u00e0 quelques heures du verdict","datePublished":"2022-03-16T08:23:23+00:00","dateModified":"2023-04-06T10:10:29+00:00","mainEntityOfPage":{"@id":"https:\/\/infos-droitshumains.net\/?p=2587"},"wordCount":631,"publisher":{"@id":"https:\/\/infos-droitshumains.net\/#organization"},"inLanguage":"fr-FR"},{"@type":"WebPage","@id":"https:\/\/infos-droitshumains.net\/?p=2587","url":"https:\/\/infos-droitshumains.net\/?p=2587","name":"Proc\u00e8s Ferdinand Kambere : Des r\u00e9v\u00e9lations accablantes \u00e0 quelques heures du verdict - Infos Droits Humains","isPartOf":{"@id":"https:\/\/infos-droitshumains.net\/#website"},"datePublished":"2022-03-16T08:23:23+00:00","dateModified":"2023-04-06T10:10:29+00:00","breadcrumb":{"@id":"https:\/\/infos-droitshumains.net\/?p=2587#breadcrumb"},"inLanguage":"fr-FR","potentialAction":[{"@type":"ReadAction","target":["https:\/\/infos-droitshumains.net\/?p=2587"]}]},{"@type":"BreadcrumbList","@id":"https:\/\/infos-droitshumains.net\/?p=2587#breadcrumb","itemListElement":[{"@type":"ListItem","position":1,"name":"Accueil","item":"https:\/\/infos-droitshumains.net\/"},{"@type":"ListItem","position":2,"name":"Proc\u00e8s Ferdinand Kambere : Des r\u00e9v\u00e9lations accablantes \u00e0 quelques heures du verdict"}]},{"@type":"WebSite","@id":"https:\/\/infos-droitshumains.net\/#website","url":"https:\/\/infos-droitshumains.net\/","name":"Infos Droits Humains","description":"S&#039;informer est un droit","publisher":{"@id":"https:\/\/infos-droitshumains.net\/#organization"},"potentialAction":[{"@type":"SearchAction","target":{"@type":"EntryPoint","urlTemplate":"https:\/\/infos-droitshumains.net\/?s={search_term_string}"},"query-input":{"@type":"PropertyValueSpecification","valueRequired":true,"valueName":"search_term_string"}}],"inLanguage":"fr-FR"},{"@type":"Organization","@id":"https:\/\/infos-droitshumains.net\/#organization","name":"Infos Droits Humains","url":"https:\/\/infos-droitshumains.net\/","logo":{"@type":"ImageObject","inLanguage":"fr-FR","@id":"https:\/\/infos-droitshumains.net\/#\/schema\/logo\/image\/","url":"https:\/\/i0.wp.com\/infos-droitshumains.net\/wp-content\/uploads\/2022\/05\/Logo.png?fit=333%2C129&ssl=1","contentUrl":"https:\/\/i0.wp.com\/infos-droitshumains.net\/wp-content\/uploads\/2022\/05\/Logo.png?fit=333%2C129&ssl=1","width":333,"height":129,"caption":"Infos Droits Humains"},"image":{"@id":"https:\/\/infos-droitshumains.net\/#\/schema\/logo\/image\/"}},{"@type":"Person","@id":"https:\/\/infos-droitshumains.net\/#\/schema\/person\/3dc5e921c3302172e0ed4362f96faab7","name":"Jo\u00ebl Diawa","image":{"@type":"ImageObject","inLanguage":"fr-FR","@id":"https:\/\/secure.gravatar.com\/avatar\/729bea6ff4604c624417803c477363be8e3c7186deaa65713313f9b4b820f41c?s=96&d=mm&r=g","url":"https:\/\/secure.gravatar.com\/avatar\/729bea6ff4604c624417803c477363be8e3c7186deaa65713313f9b4b820f41c?s=96&d=mm&r=g","contentUrl":"https:\/\/secure.gravatar.com\/avatar\/729bea6ff4604c624417803c477363be8e3c7186deaa65713313f9b4b820f41c?s=96&d=mm&r=g","caption":"Jo\u00ebl Diawa"},"sameAs":["https:\/\/www.infos-droitshumains.net"],"url":"https:\/\/infos-droitshumains.net\/?author=2"}]}},"featured_image_urls":{"full":"","thumbnail":"","medium":"","medium_large":"","large":"","1536x1536":"","2048x2048":"","covernews-slider-full":"","covernews-slider-center":"","covernews-featured":"","covernews-medium":"","covernews-medium-square":""},"author_info":{"display_name":"Jo\u00ebl Diawa","author_link":"https:\/\/infos-droitshumains.net\/?author=2"},"category_info":"<a href=\"https:\/\/infos-droitshumains.net\/?cat=1\" rel=\"category\">Non class\u00e9<\/a>","tag_info":"Non class\u00e9","comment_count":"0","jetpack_featured_media_url":"","jetpack-related-posts":[],"jetpack_sharing_enabled":true,"_links":{"self":[{"href":"https:\/\/infos-droitshumains.net\/index.php?rest_route=\/wp\/v2\/posts\/2587","targetHints":{"allow":["GET"]}}],"collection":[{"href":"https:\/\/infos-droitshumains.net\/index.php?rest_route=\/wp\/v2\/posts"}],"about":[{"href":"https:\/\/infos-droitshumains.net\/index.php?rest_route=\/wp\/v2\/types\/post"}],"author":[{"embeddable":true,"href":"https:\/\/infos-droitshumains.net\/index.php?rest_route=\/wp\/v2\/users\/2"}],"replies":[{"embeddable":true,"href":"https:\/\/infos-droitshumains.net\/index.php?rest_route=%2Fwp%2Fv2%2Fcomments&post=2587"}],"version-history":[{"count":5,"href":"https:\/\/infos-droitshumains.net\/index.php?rest_route=\/wp\/v2\/posts\/2587\/revisions"}],"predecessor-version":[{"id":2615,"href":"https:\/\/infos-droitshumains.net\/index.php?rest_route=\/wp\/v2\/posts\/2587\/revisions\/2615"}],"wp:attachment":[{"href":"https:\/\/infos-droitshumains.net\/index.php?rest_route=%2Fwp%2Fv2%2Fmedia&parent=2587"}],"wp:term":[{"taxonomy":"category","embeddable":true,"href":"https:\/\/infos-droitshumains.net\/index.php?rest_route=%2Fwp%2Fv2%2Fcategories&post=2587"},{"taxonomy":"post_tag","embeddable":true,"href":"https:\/\/infos-droitshumains.net\/index.php?rest_route=%2Fwp%2Fv2%2Ftags&post=2587"}],"curies":[{"name":"wp","href":"https:\/\/api.w.org\/{rel}","templated":true}]}}