{"id":2560,"date":"2022-03-15T21:45:46","date_gmt":"2022-03-15T20:45:46","guid":{"rendered":"https:\/\/infos-droitshumains.net\/?p=2560"},"modified":"2023-04-06T12:10:29","modified_gmt":"2023-04-06T10:10:29","slug":"rentree-parlementaire-au-senat-eddy-mundela-kanku-un-acteur-majeur-de-la-reussite-de-cette-pleniere-douverture","status":"publish","type":"post","link":"https:\/\/infos-droitshumains.net\/?p=2560","title":{"rendered":"Rentr\u00e9e parlementaire au S\u00e9nat: Eddy Mundela Kanku, un acteur majeur de la r\u00e9ussite de cette pl\u00e9ni\u00e8re d\u2019ouverture"},"content":{"rendered":"\n<p><strong>R\u00e9daction:+243817406088<\/strong><\/p>\n\n\n\n<p>C\u2019est ce mardi 15 mars que s\u2019est ouvert la session ordinaire du mois de mars dans les deux chambres.<\/p>\n\n\n\n<p>Au s\u00e9nat, le pr\u00e9sident Modeste Bahati Lukwebo qui a pr\u00e9sid\u00e9 la s\u00e9ance pl\u00e9ni\u00e8re, a \u00e9mis le v\u0153u de voir le budget, cesser d\u2019\u00eatre <strong><em>\u00abune simple formalit\u00e9 ou un rituel annuel de bonnes intentions sans impact r\u00e9el sur le quotidien du peuple Congolais\u00bb.<\/em><\/strong><\/p>\n\n\n\n<p>Pour y parvenir, le num\u00e9ro un de la chambre haute du parlement a exhort\u00e9 le gouvernement \u00e0<em><strong> \u00abse pencher sur les mesures fiscales d\u00e9j\u00e0 d\u00e9finies pour atteindre ses objectifs afin de lui permettre de r\u00e9aliser l\u2019initiative par une bonne ex\u00e9cution du budget 2022\u00bb.<\/strong><\/em><\/p>\n\n\n\n<p><strong><em>\u00abCe qui lui permettrait d\u2019\u00e9viter le paradoxe entre les mauvaises conditions de vie de la population et l\u2019abondance des ressources dont regorge le pays\u00bb <\/em><\/strong>a-t-il poursuivi.<\/p>\n\n\n\n<figure class=\"wp-block-image alignfull size-large\"><img data-recalc-dims=\"1\" decoding=\"async\" src=\"https:\/\/i0.wp.com\/infos-droitshumains.net\/wp-content\/uploads\/2022\/03\/bitmap_500_nocrop_1_1_20210402134339365049-d24f4557-b6d6-409d-940e-f0f6aec53567_1.jpg?w=640&#038;ssl=1\" alt=\"\" class=\"wp-image-2573\"\/><\/figure>\n\n\n\n<p>Modeste Bahati Lukwebo a \u00e9galement pass\u00e9 en revue, les exploits diplomatiques enregistr\u00e9s par le chef de l&rsquo;\u00c9tat, F\u00e9lix-Antoine Tshisekedi lors de son mandat \u00e0 la t\u00eate de l&rsquo;Union africaine. Une gestion positive qui lui a valu la reconnaissance au niveau r\u00e9gional.<\/p>\n\n\n\n<p>Le speaker de la chambre haute du parlement a, pour se faire, souhait\u00e9 un fructueux mandat au chef de l&rsquo;\u00c9tat \u00e9lu r\u00e9cemment \u00e0 la t\u00eate de la Communaut\u00e9 Economique des \u00c9tats de l&rsquo;Afrique Centrale, CEAC,  tout en mettant un accent particulier sur la prise officielle par la RDC de la pr\u00e9sidence du M\u00e9canisme R\u00e9gional de Suivi de l&rsquo;Accord de Paix, de S\u00e9curit\u00e9 et de Coop\u00e9ration d&rsquo;Addis-Abeba.<\/p>\n\n\n\n<p>Le premier vice-pr\u00e9sident du S\u00e9nat, Eddy Mundela Kanku qui a prit part \u00e0 cette pl\u00e9ni\u00e8re d\u2019ouverture, a \u00e9t\u00e9 un artisan majeur pour la r\u00e9ussite de cette pl\u00e9ni\u00e8re.<\/p>\n\n\n\n<figure class=\"wp-block-image alignfull size-large\"><img data-recalc-dims=\"1\" height=\"401\" width=\"640\" decoding=\"async\" src=\"https:\/\/i0.wp.com\/infos-droitshumains.net\/wp-content\/uploads\/2022\/03\/IMG-20220315-WA0046_1-1024x641.jpg?resize=640%2C401&#038;ssl=1\" alt=\"\" class=\"wp-image-2575\"\/><\/figure>\n\n\n\n<p>Nonobstant le fait d\u2019avoir contribuer \u00e9norm\u00e9ment \u00e0 l\u2019\u00e9laboration de la politique strat\u00e9gique pour la r\u00e9ussite de cette journ\u00e9e, Eddy Mundela Kanku a eu des brefs entretiens avec le Vice-premier ministre, ministre de l\u2019int\u00e9rieur, s\u00e9curit\u00e9 et affaires coutumi\u00e8res, e la ministre d\u2019\u00c9tat, ministre de la justice et garde des sceaux.<\/p>\n\n\n\n<figure class=\"wp-block-image alignfull size-large\"><img data-recalc-dims=\"1\" height=\"427\" width=\"640\" decoding=\"async\" src=\"https:\/\/i0.wp.com\/infos-droitshumains.net\/wp-content\/uploads\/2022\/03\/IMG-20220315-WA0048_1-1024x683.jpg?resize=640%2C427&#038;ssl=1\" alt=\"\" class=\"wp-image-2571\"\/><\/figure>\n\n\n\n<figure class=\"wp-block-image alignfull size-large\"><img data-recalc-dims=\"1\" height=\"427\" width=\"640\" decoding=\"async\" src=\"https:\/\/i0.wp.com\/infos-droitshumains.net\/wp-content\/uploads\/2022\/03\/IMG-20220315-WA0049_1-1024x683.jpg?resize=640%2C427&#038;ssl=1\" alt=\"\" class=\"wp-image-2569\"\/><\/figure>\n\n\n\n<p>Ces \u00e9changes ont \u00e9t\u00e9 ax\u00e9s sur les questions li\u00e9es \u00e0 la survie de la nation.<\/p>\n\n\n\n<p>Jo\u00ebl Diawa<\/p>\n","protected":false},"excerpt":{"rendered":"<p>R\u00e9daction:+243817406088 C\u2019est ce mardi 15 mars que s\u2019est ouvert la session ordinaire du mois de&#8230;<\/p>\n","protected":false},"author":2,"featured_media":0,"comment_status":"closed","ping_status":"open","sticky":false,"template":"","format":"standard","meta":{"_jetpack_memberships_contains_paid_content":false,"footnotes":""},"categories":[3],"tags":[],"class_list":["post-2560","post","type-post","status-publish","format-standard","hentry","category-politique"],"yoast_head":"<!-- This site is optimized with the Yoast SEO plugin v27.5 - https:\/\/yoast.com\/product\/yoast-seo-wordpress\/ -->\n<title>Rentr\u00e9e parlementaire au S\u00e9nat: Eddy Mundela Kanku, un acteur majeur de la r\u00e9ussite de cette pl\u00e9ni\u00e8re d\u2019ouverture - Infos Droits Humains<\/title>\n<meta name=\"robots\" content=\"index, follow, max-snippet:-1, max-image-preview:large, max-video-preview:-1\" \/>\n<link rel=\"canonical\" href=\"https:\/\/infos-droitshumains.net\/?p=2560\" \/>\n<meta property=\"og:locale\" content=\"fr_FR\" \/>\n<meta property=\"og:type\" content=\"article\" \/>\n<meta property=\"og:title\" content=\"Rentr\u00e9e parlementaire au S\u00e9nat: Eddy Mundela Kanku, un acteur majeur de la r\u00e9ussite de cette pl\u00e9ni\u00e8re d\u2019ouverture - Infos Droits Humains\" \/>\n<meta property=\"og:description\" content=\"R\u00e9daction:+243817406088 C\u2019est ce mardi 15 mars que s\u2019est ouvert la session ordinaire du mois de...\" \/>\n<meta property=\"og:url\" content=\"https:\/\/infos-droitshumains.net\/?p=2560\" \/>\n<meta property=\"og:site_name\" content=\"Infos Droits Humains\" \/>\n<meta property=\"article:published_time\" content=\"2022-03-15T20:45:46+00:00\" \/>\n<meta property=\"article:modified_time\" content=\"2023-04-06T10:10:29+00:00\" \/>\n<meta property=\"og:image\" content=\"https:\/\/infos-droitshumains.net\/wp-content\/uploads\/2022\/03\/bitmap_500_nocrop_1_1_20210402134339365049-d24f4557-b6d6-409d-940e-f0f6aec53567_1.jpg\" \/>\n<meta name=\"author\" content=\"Jo\u00ebl Diawa\" \/>\n<meta name=\"twitter:card\" content=\"summary_large_image\" \/>\n<meta name=\"twitter:label1\" content=\"\u00c9crit par\" \/>\n\t<meta name=\"twitter:data1\" content=\"Jo\u00ebl Diawa\" \/>\n\t<meta name=\"twitter:label2\" content=\"Dur\u00e9e de lecture estim\u00e9e\" \/>\n\t<meta name=\"twitter:data2\" content=\"2 minutes\" \/>\n<script type=\"application\/ld+json\" class=\"yoast-schema-graph\">{\"@context\":\"https:\\\/\\\/schema.org\",\"@graph\":[{\"@type\":\"Article\",\"@id\":\"https:\\\/\\\/infos-droitshumains.net\\\/?p=2560#article\",\"isPartOf\":{\"@id\":\"https:\\\/\\\/infos-droitshumains.net\\\/?p=2560\"},\"author\":{\"name\":\"Jo\u00ebl Diawa\",\"@id\":\"https:\\\/\\\/infos-droitshumains.net\\\/#\\\/schema\\\/person\\\/3dc5e921c3302172e0ed4362f96faab7\"},\"headline\":\"Rentr\u00e9e parlementaire au S\u00e9nat: Eddy Mundela Kanku, un acteur majeur de la r\u00e9ussite de cette pl\u00e9ni\u00e8re d\u2019ouverture\",\"datePublished\":\"2022-03-15T20:45:46+00:00\",\"dateModified\":\"2023-04-06T10:10:29+00:00\",\"mainEntityOfPage\":{\"@id\":\"https:\\\/\\\/infos-droitshumains.net\\\/?p=2560\"},\"wordCount\":401,\"publisher\":{\"@id\":\"https:\\\/\\\/infos-droitshumains.net\\\/#organization\"},\"image\":{\"@id\":\"https:\\\/\\\/infos-droitshumains.net\\\/?p=2560#primaryimage\"},\"thumbnailUrl\":\"https:\\\/\\\/infos-droitshumains.net\\\/wp-content\\\/uploads\\\/2022\\\/03\\\/bitmap_500_nocrop_1_1_20210402134339365049-d24f4557-b6d6-409d-940e-f0f6aec53567_1.jpg\",\"articleSection\":[\"Politique\"],\"inLanguage\":\"fr-FR\"},{\"@type\":\"WebPage\",\"@id\":\"https:\\\/\\\/infos-droitshumains.net\\\/?p=2560\",\"url\":\"https:\\\/\\\/infos-droitshumains.net\\\/?p=2560\",\"name\":\"Rentr\u00e9e parlementaire au S\u00e9nat: Eddy Mundela Kanku, un acteur majeur de la r\u00e9ussite de cette pl\u00e9ni\u00e8re d\u2019ouverture - Infos Droits Humains\",\"isPartOf\":{\"@id\":\"https:\\\/\\\/infos-droitshumains.net\\\/#website\"},\"primaryImageOfPage\":{\"@id\":\"https:\\\/\\\/infos-droitshumains.net\\\/?p=2560#primaryimage\"},\"image\":{\"@id\":\"https:\\\/\\\/infos-droitshumains.net\\\/?p=2560#primaryimage\"},\"thumbnailUrl\":\"https:\\\/\\\/infos-droitshumains.net\\\/wp-content\\\/uploads\\\/2022\\\/03\\\/bitmap_500_nocrop_1_1_20210402134339365049-d24f4557-b6d6-409d-940e-f0f6aec53567_1.jpg\",\"datePublished\":\"2022-03-15T20:45:46+00:00\",\"dateModified\":\"2023-04-06T10:10:29+00:00\",\"breadcrumb\":{\"@id\":\"https:\\\/\\\/infos-droitshumains.net\\\/?p=2560#breadcrumb\"},\"inLanguage\":\"fr-FR\",\"potentialAction\":[{\"@type\":\"ReadAction\",\"target\":[\"https:\\\/\\\/infos-droitshumains.net\\\/?p=2560\"]}]},{\"@type\":\"ImageObject\",\"inLanguage\":\"fr-FR\",\"@id\":\"https:\\\/\\\/infos-droitshumains.net\\\/?p=2560#primaryimage\",\"url\":\"https:\\\/\\\/infos-droitshumains.net\\\/wp-content\\\/uploads\\\/2022\\\/03\\\/bitmap_500_nocrop_1_1_20210402134339365049-d24f4557-b6d6-409d-940e-f0f6aec53567_1.jpg\",\"contentUrl\":\"https:\\\/\\\/infos-droitshumains.net\\\/wp-content\\\/uploads\\\/2022\\\/03\\\/bitmap_500_nocrop_1_1_20210402134339365049-d24f4557-b6d6-409d-940e-f0f6aec53567_1.jpg\"},{\"@type\":\"BreadcrumbList\",\"@id\":\"https:\\\/\\\/infos-droitshumains.net\\\/?p=2560#breadcrumb\",\"itemListElement\":[{\"@type\":\"ListItem\",\"position\":1,\"name\":\"Accueil\",\"item\":\"https:\\\/\\\/infos-droitshumains.net\\\/\"},{\"@type\":\"ListItem\",\"position\":2,\"name\":\"Rentr\u00e9e parlementaire au S\u00e9nat: Eddy Mundela Kanku, un acteur majeur de la r\u00e9ussite de cette pl\u00e9ni\u00e8re d\u2019ouverture\"}]},{\"@type\":\"WebSite\",\"@id\":\"https:\\\/\\\/infos-droitshumains.net\\\/#website\",\"url\":\"https:\\\/\\\/infos-droitshumains.net\\\/\",\"name\":\"Infos Droits Humains\",\"description\":\"S&#039;informer est un droit\",\"publisher\":{\"@id\":\"https:\\\/\\\/infos-droitshumains.net\\\/#organization\"},\"potentialAction\":[{\"@type\":\"SearchAction\",\"target\":{\"@type\":\"EntryPoint\",\"urlTemplate\":\"https:\\\/\\\/infos-droitshumains.net\\\/?s={search_term_string}\"},\"query-input\":{\"@type\":\"PropertyValueSpecification\",\"valueRequired\":true,\"valueName\":\"search_term_string\"}}],\"inLanguage\":\"fr-FR\"},{\"@type\":\"Organization\",\"@id\":\"https:\\\/\\\/infos-droitshumains.net\\\/#organization\",\"name\":\"Infos Droits Humains\",\"url\":\"https:\\\/\\\/infos-droitshumains.net\\\/\",\"logo\":{\"@type\":\"ImageObject\",\"inLanguage\":\"fr-FR\",\"@id\":\"https:\\\/\\\/infos-droitshumains.net\\\/#\\\/schema\\\/logo\\\/image\\\/\",\"url\":\"https:\\\/\\\/i0.wp.com\\\/infos-droitshumains.net\\\/wp-content\\\/uploads\\\/2022\\\/05\\\/Logo.png?fit=333%2C129&ssl=1\",\"contentUrl\":\"https:\\\/\\\/i0.wp.com\\\/infos-droitshumains.net\\\/wp-content\\\/uploads\\\/2022\\\/05\\\/Logo.png?fit=333%2C129&ssl=1\",\"width\":333,\"height\":129,\"caption\":\"Infos Droits Humains\"},\"image\":{\"@id\":\"https:\\\/\\\/infos-droitshumains.net\\\/#\\\/schema\\\/logo\\\/image\\\/\"}},{\"@type\":\"Person\",\"@id\":\"https:\\\/\\\/infos-droitshumains.net\\\/#\\\/schema\\\/person\\\/3dc5e921c3302172e0ed4362f96faab7\",\"name\":\"Jo\u00ebl Diawa\",\"image\":{\"@type\":\"ImageObject\",\"inLanguage\":\"fr-FR\",\"@id\":\"https:\\\/\\\/secure.gravatar.com\\\/avatar\\\/729bea6ff4604c624417803c477363be8e3c7186deaa65713313f9b4b820f41c?s=96&d=mm&r=g\",\"url\":\"https:\\\/\\\/secure.gravatar.com\\\/avatar\\\/729bea6ff4604c624417803c477363be8e3c7186deaa65713313f9b4b820f41c?s=96&d=mm&r=g\",\"contentUrl\":\"https:\\\/\\\/secure.gravatar.com\\\/avatar\\\/729bea6ff4604c624417803c477363be8e3c7186deaa65713313f9b4b820f41c?s=96&d=mm&r=g\",\"caption\":\"Jo\u00ebl Diawa\"},\"sameAs\":[\"https:\\\/\\\/www.infos-droitshumains.net\"],\"url\":\"https:\\\/\\\/infos-droitshumains.net\\\/?author=2\"}]}<\/script>\n<!-- \/ Yoast SEO plugin. -->","yoast_head_json":{"title":"Rentr\u00e9e parlementaire au S\u00e9nat: Eddy Mundela Kanku, un acteur majeur de la r\u00e9ussite de cette pl\u00e9ni\u00e8re d\u2019ouverture - Infos Droits Humains","robots":{"index":"index","follow":"follow","max-snippet":"max-snippet:-1","max-image-preview":"max-image-preview:large","max-video-preview":"max-video-preview:-1"},"canonical":"https:\/\/infos-droitshumains.net\/?p=2560","og_locale":"fr_FR","og_type":"article","og_title":"Rentr\u00e9e parlementaire au S\u00e9nat: Eddy Mundela Kanku, un acteur majeur de la r\u00e9ussite de cette pl\u00e9ni\u00e8re d\u2019ouverture - Infos Droits Humains","og_description":"R\u00e9daction:+243817406088 C\u2019est ce mardi 15 mars que s\u2019est ouvert la session ordinaire du mois de...","og_url":"https:\/\/infos-droitshumains.net\/?p=2560","og_site_name":"Infos Droits Humains","article_published_time":"2022-03-15T20:45:46+00:00","article_modified_time":"2023-04-06T10:10:29+00:00","og_image":[{"url":"https:\/\/infos-droitshumains.net\/wp-content\/uploads\/2022\/03\/bitmap_500_nocrop_1_1_20210402134339365049-d24f4557-b6d6-409d-940e-f0f6aec53567_1.jpg","type":"","width":"","height":""}],"author":"Jo\u00ebl Diawa","twitter_card":"summary_large_image","twitter_misc":{"\u00c9crit par":"Jo\u00ebl Diawa","Dur\u00e9e de lecture estim\u00e9e":"2 minutes"},"schema":{"@context":"https:\/\/schema.org","@graph":[{"@type":"Article","@id":"https:\/\/infos-droitshumains.net\/?p=2560#article","isPartOf":{"@id":"https:\/\/infos-droitshumains.net\/?p=2560"},"author":{"name":"Jo\u00ebl Diawa","@id":"https:\/\/infos-droitshumains.net\/#\/schema\/person\/3dc5e921c3302172e0ed4362f96faab7"},"headline":"Rentr\u00e9e parlementaire au S\u00e9nat: Eddy Mundela Kanku, un acteur majeur de la r\u00e9ussite de cette pl\u00e9ni\u00e8re d\u2019ouverture","datePublished":"2022-03-15T20:45:46+00:00","dateModified":"2023-04-06T10:10:29+00:00","mainEntityOfPage":{"@id":"https:\/\/infos-droitshumains.net\/?p=2560"},"wordCount":401,"publisher":{"@id":"https:\/\/infos-droitshumains.net\/#organization"},"image":{"@id":"https:\/\/infos-droitshumains.net\/?p=2560#primaryimage"},"thumbnailUrl":"https:\/\/infos-droitshumains.net\/wp-content\/uploads\/2022\/03\/bitmap_500_nocrop_1_1_20210402134339365049-d24f4557-b6d6-409d-940e-f0f6aec53567_1.jpg","articleSection":["Politique"],"inLanguage":"fr-FR"},{"@type":"WebPage","@id":"https:\/\/infos-droitshumains.net\/?p=2560","url":"https:\/\/infos-droitshumains.net\/?p=2560","name":"Rentr\u00e9e parlementaire au S\u00e9nat: Eddy Mundela Kanku, un acteur majeur de la r\u00e9ussite de cette pl\u00e9ni\u00e8re d\u2019ouverture - Infos Droits Humains","isPartOf":{"@id":"https:\/\/infos-droitshumains.net\/#website"},"primaryImageOfPage":{"@id":"https:\/\/infos-droitshumains.net\/?p=2560#primaryimage"},"image":{"@id":"https:\/\/infos-droitshumains.net\/?p=2560#primaryimage"},"thumbnailUrl":"https:\/\/infos-droitshumains.net\/wp-content\/uploads\/2022\/03\/bitmap_500_nocrop_1_1_20210402134339365049-d24f4557-b6d6-409d-940e-f0f6aec53567_1.jpg","datePublished":"2022-03-15T20:45:46+00:00","dateModified":"2023-04-06T10:10:29+00:00","breadcrumb":{"@id":"https:\/\/infos-droitshumains.net\/?p=2560#breadcrumb"},"inLanguage":"fr-FR","potentialAction":[{"@type":"ReadAction","target":["https:\/\/infos-droitshumains.net\/?p=2560"]}]},{"@type":"ImageObject","inLanguage":"fr-FR","@id":"https:\/\/infos-droitshumains.net\/?p=2560#primaryimage","url":"https:\/\/infos-droitshumains.net\/wp-content\/uploads\/2022\/03\/bitmap_500_nocrop_1_1_20210402134339365049-d24f4557-b6d6-409d-940e-f0f6aec53567_1.jpg","contentUrl":"https:\/\/infos-droitshumains.net\/wp-content\/uploads\/2022\/03\/bitmap_500_nocrop_1_1_20210402134339365049-d24f4557-b6d6-409d-940e-f0f6aec53567_1.jpg"},{"@type":"BreadcrumbList","@id":"https:\/\/infos-droitshumains.net\/?p=2560#breadcrumb","itemListElement":[{"@type":"ListItem","position":1,"name":"Accueil","item":"https:\/\/infos-droitshumains.net\/"},{"@type":"ListItem","position":2,"name":"Rentr\u00e9e parlementaire au S\u00e9nat: Eddy Mundela Kanku, un acteur majeur de la r\u00e9ussite de cette pl\u00e9ni\u00e8re d\u2019ouverture"}]},{"@type":"WebSite","@id":"https:\/\/infos-droitshumains.net\/#website","url":"https:\/\/infos-droitshumains.net\/","name":"Infos Droits Humains","description":"S&#039;informer est un droit","publisher":{"@id":"https:\/\/infos-droitshumains.net\/#organization"},"potentialAction":[{"@type":"SearchAction","target":{"@type":"EntryPoint","urlTemplate":"https:\/\/infos-droitshumains.net\/?s={search_term_string}"},"query-input":{"@type":"PropertyValueSpecification","valueRequired":true,"valueName":"search_term_string"}}],"inLanguage":"fr-FR"},{"@type":"Organization","@id":"https:\/\/infos-droitshumains.net\/#organization","name":"Infos Droits Humains","url":"https:\/\/infos-droitshumains.net\/","logo":{"@type":"ImageObject","inLanguage":"fr-FR","@id":"https:\/\/infos-droitshumains.net\/#\/schema\/logo\/image\/","url":"https:\/\/i0.wp.com\/infos-droitshumains.net\/wp-content\/uploads\/2022\/05\/Logo.png?fit=333%2C129&ssl=1","contentUrl":"https:\/\/i0.wp.com\/infos-droitshumains.net\/wp-content\/uploads\/2022\/05\/Logo.png?fit=333%2C129&ssl=1","width":333,"height":129,"caption":"Infos Droits Humains"},"image":{"@id":"https:\/\/infos-droitshumains.net\/#\/schema\/logo\/image\/"}},{"@type":"Person","@id":"https:\/\/infos-droitshumains.net\/#\/schema\/person\/3dc5e921c3302172e0ed4362f96faab7","name":"Jo\u00ebl Diawa","image":{"@type":"ImageObject","inLanguage":"fr-FR","@id":"https:\/\/secure.gravatar.com\/avatar\/729bea6ff4604c624417803c477363be8e3c7186deaa65713313f9b4b820f41c?s=96&d=mm&r=g","url":"https:\/\/secure.gravatar.com\/avatar\/729bea6ff4604c624417803c477363be8e3c7186deaa65713313f9b4b820f41c?s=96&d=mm&r=g","contentUrl":"https:\/\/secure.gravatar.com\/avatar\/729bea6ff4604c624417803c477363be8e3c7186deaa65713313f9b4b820f41c?s=96&d=mm&r=g","caption":"Jo\u00ebl Diawa"},"sameAs":["https:\/\/www.infos-droitshumains.net"],"url":"https:\/\/infos-droitshumains.net\/?author=2"}]}},"featured_image_urls":{"full":"","thumbnail":"","medium":"","medium_large":"","large":"","1536x1536":"","2048x2048":"","covernews-slider-full":"","covernews-slider-center":"","covernews-featured":"","covernews-medium":"","covernews-medium-square":""},"author_info":{"display_name":"Jo\u00ebl Diawa","author_link":"https:\/\/infos-droitshumains.net\/?author=2"},"category_info":"<a href=\"https:\/\/infos-droitshumains.net\/?cat=3\" rel=\"category\">Politique<\/a>","tag_info":"Politique","comment_count":"0","jetpack_featured_media_url":"","jetpack-related-posts":[],"jetpack_sharing_enabled":true,"_links":{"self":[{"href":"https:\/\/infos-droitshumains.net\/index.php?rest_route=\/wp\/v2\/posts\/2560","targetHints":{"allow":["GET"]}}],"collection":[{"href":"https:\/\/infos-droitshumains.net\/index.php?rest_route=\/wp\/v2\/posts"}],"about":[{"href":"https:\/\/infos-droitshumains.net\/index.php?rest_route=\/wp\/v2\/types\/post"}],"author":[{"embeddable":true,"href":"https:\/\/infos-droitshumains.net\/index.php?rest_route=\/wp\/v2\/users\/2"}],"replies":[{"embeddable":true,"href":"https:\/\/infos-droitshumains.net\/index.php?rest_route=%2Fwp%2Fv2%2Fcomments&post=2560"}],"version-history":[{"count":12,"href":"https:\/\/infos-droitshumains.net\/index.php?rest_route=\/wp\/v2\/posts\/2560\/revisions"}],"predecessor-version":[{"id":2578,"href":"https:\/\/infos-droitshumains.net\/index.php?rest_route=\/wp\/v2\/posts\/2560\/revisions\/2578"}],"wp:attachment":[{"href":"https:\/\/infos-droitshumains.net\/index.php?rest_route=%2Fwp%2Fv2%2Fmedia&parent=2560"}],"wp:term":[{"taxonomy":"category","embeddable":true,"href":"https:\/\/infos-droitshumains.net\/index.php?rest_route=%2Fwp%2Fv2%2Fcategories&post=2560"},{"taxonomy":"post_tag","embeddable":true,"href":"https:\/\/infos-droitshumains.net\/index.php?rest_route=%2Fwp%2Fv2%2Ftags&post=2560"}],"curies":[{"name":"wp","href":"https:\/\/api.w.org\/{rel}","templated":true}]}}