{"id":2543,"date":"2022-03-16T10:30:00","date_gmt":"2022-03-16T09:30:00","guid":{"rendered":"https:\/\/infos-droitshumains.net\/?p=2543"},"modified":"2023-04-06T12:10:29","modified_gmt":"2023-04-06T10:10:29","slug":"tgi-gombe-sous-lere-pierrot-bakenge-une-juridiction-un-reflet-de-letat-de-droit","status":"publish","type":"post","link":"https:\/\/infos-droitshumains.net\/?p=2543","title":{"rendered":"TGI\/Gombe sous l&rsquo;\u00e8re Pierrot Bakenge : une juridiction, un reflet de l&rsquo;\u00c9tat de Droit"},"content":{"rendered":"\n<p><strong>R\u00e9daction :+243817406088<\/strong><\/p>\n\n\n\n<p><strong>C\u2019est depuis le 17 juillet 2020 que Pierrot Bakenge Mvita a \u00e9t\u00e9 nomm\u00e9, par ordonnance pr\u00e9sidentielle, Pr\u00e9sident du Tribunal de Grande Instance de Kinshasa\/Gombe. Apr\u00e8s 20 mois seulement, il est parvenu \u00e0 fa\u00e7onner cette juridiction, en la donnant une image plus que positive.<\/strong><\/p>\n\n\n\n<p><strong><em>Assainissement du milieu professionnel<\/em><\/strong><\/p>\n\n\n\n<p>D\u00e8s l&rsquo;av\u00e8nement de Pierrot Bakenge, le TGI\/Gombe a rev\u00eatu la plus belle robe qu\u2019elle n&rsquo;a jamais port\u00e9e.<\/p>\n\n\n\n<p>Toutes les trois salles d\u2019audience ont \u00e9t\u00e9 \u00e9quip\u00e9es, repeintes et climatis\u00e9es; les salles de banquet et tous les bureaux ne \u00e9taient pas en reste.<\/p>\n\n\n\n<figure class=\"wp-block-image alignfull size-large\"><img data-recalc-dims=\"1\" decoding=\"async\" src=\"https:\/\/i0.wp.com\/infos-droitshumains.net\/wp-content\/uploads\/2022\/03\/IMG_9963.jpg?w=640&#038;ssl=1\" alt=\"\" class=\"wp-image-2595\"\/><\/figure>\n\n\n\n<figure class=\"wp-block-image alignfull size-large\"><img data-recalc-dims=\"1\" decoding=\"async\" src=\"https:\/\/i0.wp.com\/infos-droitshumains.net\/wp-content\/uploads\/2022\/03\/IMG_9962.jpg?w=640&#038;ssl=1\" alt=\"\" class=\"wp-image-2597\"\/><\/figure>\n\n\n\n<p>Dans tous les couloirs du TGI\/Gombe, on aspire d\u00e9sormais, un air frais, et r\u00e9guli\u00e8rement, il y a une touche de peinture.<\/p>\n\n\n\n<p>De quoi r\u00e9jouir tout le personnel qui y travaille d\u00e9sormais, dans une atmosph\u00e8re sereine.<\/p>\n\n\n\n<figure class=\"wp-block-image alignfull size-large\"><img data-recalc-dims=\"1\" decoding=\"async\" src=\"https:\/\/i0.wp.com\/infos-droitshumains.net\/wp-content\/uploads\/2022\/03\/IMG_12.jpg?w=640&#038;ssl=1\" alt=\"\" class=\"wp-image-2599\"\/><\/figure>\n\n\n\n<figure class=\"wp-block-image alignfull size-large\"><img data-recalc-dims=\"1\" decoding=\"async\" src=\"https:\/\/i0.wp.com\/infos-droitshumains.net\/wp-content\/uploads\/2022\/03\/IMG_13.jpg?w=640&#038;ssl=1\" alt=\"\" class=\"wp-image-2601\"\/><\/figure>\n\n\n\n<p><em><strong>\u00abNous faisons un effort pour que les magistrats soient dans des conditions plus au moins acceptable, les justiciables que nous recevons, les soient aussi\u00bb<\/strong><\/em> a d\u00e9clar\u00e9 Pierrot Bakenge, parlant de la raison de cette action.<\/p>\n\n\n\n<p>Une action qui a redonn\u00e9e l\u2019image positive du TGI\/Gombe, consid\u00e9r\u00e9 depuis, comme l&rsquo;une des r\u00e9f\u00e9rences de la justice congolaise.<\/p>\n\n\n\n<figure class=\"wp-block-image alignfull size-large\"><img data-recalc-dims=\"1\" decoding=\"async\" src=\"https:\/\/i0.wp.com\/infos-droitshumains.net\/wp-content\/uploads\/2022\/03\/IMG_19.jpg?w=640&#038;ssl=1\" alt=\"\" class=\"wp-image-2603\"\/><\/figure>\n\n\n\n<p><strong><em>Les 5 axes qui font la force de l\u2019action Bakenge<\/em><\/strong><\/p>\n\n\n\n<p>Surnomm\u00e9 <strong>coach<\/strong> par ses collaborateurs, Pierrot Bakenge Mvita a repos\u00e9 son action sur cinq axes prioritaires afin d\u2019instaurer la bonne administration de la justice, gage de l&rsquo;\u00e9tat de droit.<\/p>\n\n\n\n<figure class=\"wp-block-image alignfull size-large\"><img data-recalc-dims=\"1\" decoding=\"async\" src=\"https:\/\/i0.wp.com\/infos-droitshumains.net\/wp-content\/uploads\/2022\/03\/IMG_9993.jpg?w=640&#038;ssl=1\" alt=\"\" class=\"wp-image-2605\"\/><\/figure>\n\n\n\n<p><strong>D\u00e8s son arriv\u00e9e, le num\u00e9ro un du TGI\/Gombe a fait de son mieux pour que les d\u00e9lais des prononc\u00e9s soient respect\u00e9<\/strong>s.<\/p>\n\n\n\n<p><em>\u00abJe me suis fix\u00e9 comme objectif, d\u2019\u00eatre derni\u00e8re les juges pour que les d\u00e9cisions soient rendues dans le d\u00e9lai pr\u00e9vu par la loi, ou dans le d\u00e9lai raisonnable. Et nous nous y attelons\u00bb.<\/em><\/p>\n\n\n\n<p><strong>Deuxi\u00e8mement,  il a fait de son mieux pour \u00e9viter les r\u00e9ouvertures des d\u00e9bats de complaisance.<\/strong><\/p>\n\n\n\n<p><em>\u00abVous voyez les gens prendre les dossiers en d\u00e9lib\u00e9r\u00e9, et au bout d\u2019un certain temps, au lieu de se prononcer sur le litige, ils exigent la r\u00e9ouverture du d\u00e9bat. J\u2019ai mis fin \u00e0 cette pratique\u00bb<\/em>.<\/p>\n\n\n\n<p><strong>Pierrot Bakenge Mvita a, pour rendre les magistrats de sa juridiction comp\u00e9titifs et assidus, mis l&rsquo;accent sur la formation.<\/strong><\/p>\n\n\n\n<p><em>\u00abLe justiciable a droit \u00e0 un juge bien form\u00e9. Un juge qui est bien form\u00e9, peut bien dire le droit, voil\u00e0 pourquoi j\u2019ai instaur\u00e9 le syst\u00e8me des pl\u00e9ni\u00e8res, qui se tiennent r\u00e9guli\u00e8rement, pour d\u00e9battre des questions de droit et \u00e9changer avec les magistrats, aborder des dossiers assez complexes et trouver des solutions d\u2019ensemble\u00bb<\/em>.<\/p>\n\n\n\n<figure class=\"wp-block-image alignfull size-large\"><img data-recalc-dims=\"1\" decoding=\"async\" src=\"https:\/\/i0.wp.com\/infos-droitshumains.net\/wp-content\/uploads\/2022\/03\/IMG_9975.jpg?w=640&#038;ssl=1\" alt=\"\" class=\"wp-image-2607\"\/><\/figure>\n\n\n\n<p>Avec 57 magistrats, le Tribunal de Grande Instance de Kinshasa\/Gombe semble \u00eatre la juridiction la plus pl\u00e9thorique de la R\u00e9publique. Mais au regard des dossiers enregistr\u00e9s, aucun d\u2019entre eux tourne les pouces. <strong>Pierrot Bakenge a mis tout le monde au service.<\/strong><\/p>\n\n\n\n<p><em>\u00abDans ma juridiction, vous ne trouverez pas les magistrats qui sont mis \u00e0 l\u2019\u00e9cart pour tel ou tel raison. Tout le monde travail, et j\u2019en ai pour preuve les roulements qui sont publi\u00e9s\u00bb.<\/em><\/p>\n\n\n\n<figure class=\"wp-block-image alignfull size-large\"><img data-recalc-dims=\"1\" decoding=\"async\" src=\"https:\/\/i0.wp.com\/infos-droitshumains.net\/wp-content\/uploads\/2022\/03\/IMG_9948.jpg?w=640&#038;ssl=1\" alt=\"\" class=\"wp-image-2609\"\/><\/figure>\n\n\n\n<p><strong>La baisse de certains frais de justice est \u00e9galement \u00e0 mettre \u00e0 l\u2019actif de Pierrot Bakenge<\/strong>.<\/p>\n\n\n\n<p>A l\u2019\u00e9poque pour avoir une ordonnance abr\u00e9viative de d\u00e9lai, il fallait payer <strong>100$<\/strong>, mais depuis qu\u2019il est arriv\u00e9 \u00e0 la t\u00eate de cette juridiction,  le prix a \u00e9t\u00e9 rabattu \u00e0 <strong>20$<\/strong>. De quoi soulager la peine des justiciables.<\/p>\n\n\n\n<p>Sur le plan administratif, il y a de quoi envi\u00e9e cette juridiction. Tous les greffes, du civile au p\u00e9nal, en passant par le divisionnaire, le travail se passe dans un climat de s\u00e9r\u00e9nit\u00e9. Tous les dossiers sont trait\u00e9s avec promptitude et sont, bien archiv\u00e9s\u00bb laisse entendre un greffier.<\/p>\n\n\n\n<p><strong><em>Victime des difficult\u00e9s inh\u00e9rentes \u00e0 la justice congolaise<\/em><\/strong><\/p>\n\n\n\n<p>Comme l&rsquo;ensemble de l&rsquo;appareil judiciaire RD congolais, le Tribunal de Grande Instance de Kinshasa Gombe \u00e9prouve les m\u00eames difficult\u00e9s, li\u00e9es au moyen de fonctionnement.<\/p>\n\n\n\n<p>Lorsque par exemple les magistrats sont appel\u00e9s \u00e0 aller tenir des audiences en prison, c\u2019est \u00e0 leurs propres frais. Ils sont oblig\u00e9s de recourir aux moyens de bord. Pour se faire, Pierrot Bakenge plaide pour que la justice soit dot\u00e9e d\u2019un budget cons\u00e9quent.<\/p>\n\n\n\n<figure class=\"wp-block-image alignfull size-large\"><img data-recalc-dims=\"1\" decoding=\"async\" src=\"https:\/\/i0.wp.com\/infos-droitshumains.net\/wp-content\/uploads\/2022\/03\/IMG_19-1.jpg?w=640&#038;ssl=1\" alt=\"\" class=\"wp-image-2611\"\/><\/figure>\n\n\n\n<p><em>\u00ab\u2026nous sommes vraiment oblig\u00e9s \u00e0 fournir des efforts, nous sommes appel\u00e9s \u00e0 un esprit d\u2019initiative pour faire marcher les choses, c\u2019est tr\u00e8s difficile. Notre souhait c\u2019est que nous soyons dot\u00e9 d\u2019un  budget de fonctionnement cons\u00e9quent, ce qui nous permettrait de faire pas mal des choses et de travailler dans des meilleurs conditions\u00bb.<\/em><\/p>\n\n\n\n<p><strong><em>Un reflet de l\u2019Etat de droit<\/em><\/strong><\/p>\n\n\n\n<p>Le directeur de la prison, par une correspondance adress\u00e9e aux autorit\u00e9s judiciaires, avait lanc\u00e9 un cri d\u2019alarmes sur la surpopulation carc\u00e9rale. Faisant sienne cette situation, le Pr\u00e9sident du TGI\/Gombe a instruit aux magistrats de sa juridiction de prendre le plus grand nombre des dossiers en d\u00e9lib\u00e9r\u00e9, et de les traiter avec diligence. Pierrot Bakenge s\u2019\u00e9tait personnellement rendu \u00e0 la prison centrale de Makala pour se rendre compte de l\u2019application de ces instructions.<\/p>\n\n\n\n<p>Malgr\u00e9 les efforts consentis \u00e0 instaurer un v\u00e9ritable \u00e9tat de droit, bon nombre des congolais restent encore dubitatifs. Pierrot Bakenge les invite \u00e0 ne pas perdre espoir, car, dit-il, \u00abil y a des signes perceptibles qui montrent que nous sommes en train d\u2019aller vers l\u2019instauration totale d\u2019un \u00e9tat de droit\u00bb.<\/p>\n\n\n\n<p>Le num\u00e9ro un du TGI\/Gombe  comprend leur scepticisme, mais les invitent \u00e0 faire confiance en la justice, gage du d\u00e9veloppement de la soci\u00e9t\u00e9 :<\/p>\n\n\n\n<p><em>\u00abJe comprends le d\u00e9sarroi, l\u2019incr\u00e9dulit\u00e9 des uns et des autres. Nous avons \u00e9volu\u00e9 pendant tr\u00e8s longtemps dans une r\u00e9publique banani\u00e8re. Maintenant que le chef de l\u2019\u00c9tat veut instaurer un \u00c9tat de droit, les difficult\u00e9s du d\u00e9but am\u00e8nent certaines \u00e0 ne pas y croire\u00bb<\/em>. Il veut pour preuve de cette absence de l\u2019interf\u00e9rence du politique dans le judiciaire. <em>\u00abNous vivons un certaine ind\u00e9pendance. Avec le temps, les gens se rendront bien compte que nous sommes en plein \u00e9tat de droit\u00bb.<\/em><\/p>\n\n\n\n<figure class=\"wp-block-image alignfull size-large\"><img data-recalc-dims=\"1\" decoding=\"async\" src=\"https:\/\/i0.wp.com\/infos-droitshumains.net\/wp-content\/uploads\/2022\/03\/IMG_9994.jpg?w=640&#038;ssl=1\" alt=\"\" class=\"wp-image-2613\"\/><\/figure>\n\n\n\n<p>Les d\u00e9fis sont encore \u00e9normes, mais avec ce qui est d\u00e9j\u00e0 r\u00e9alis\u00e9, le TGI Gombe s\u2019installe comme la r\u00e9f\u00e9rence au sein de l\u2019appareil judiciaire congolais.<\/p>\n\n\n\n<p>Nous veillons pour que les proc\u00e9dures soient respect\u00e9es, nous faisons de notre mieux pour que les droits des uns et des autres soient observ\u00e9s, nous veillons pour qu\u2019il n\u2019y ait pas d\u2019abus. Nous sommes \u00e0 la t\u00eate de cette juridiction pour que les juges fassent correctement leur travail, que le greffier qui tiennent l\u2019administration, qui sont en amont comme en aval de la proc\u00e9dure, travail tout en respectant la proc\u00e9dure pr\u00e9vue. Nous veillons pour que ceux qui viennent chez nous, sentent v\u00e9ritablement la restauration de l\u2019\u00c9tat de droit.<\/p>\n\n\n\n<p>Jo\u00ebl Diawa<\/p>\n","protected":false},"excerpt":{"rendered":"<p>R\u00e9daction :+243817406088 C\u2019est depuis le 17 juillet 2020 que Pierrot Bakenge Mvita a \u00e9t\u00e9 nomm\u00e9,&#8230;<\/p>\n","protected":false},"author":2,"featured_media":0,"comment_status":"closed","ping_status":"open","sticky":false,"template":"","format":"standard","meta":{"_jetpack_memberships_contains_paid_content":false,"footnotes":""},"categories":[6],"tags":[],"class_list":["post-2543","post","type-post","status-publish","format-standard","hentry","category-justice"],"yoast_head":"<!-- This site is optimized with the Yoast SEO plugin v27.5 - https:\/\/yoast.com\/product\/yoast-seo-wordpress\/ -->\n<title>TGI\/Gombe sous l&#039;\u00e8re Pierrot Bakenge : une juridiction, un reflet de l&#039;\u00c9tat de Droit - Infos Droits Humains<\/title>\n<meta name=\"robots\" content=\"index, follow, max-snippet:-1, max-image-preview:large, max-video-preview:-1\" \/>\n<link rel=\"canonical\" href=\"https:\/\/infos-droitshumains.net\/?p=2543\" \/>\n<meta property=\"og:locale\" content=\"fr_FR\" \/>\n<meta property=\"og:type\" content=\"article\" \/>\n<meta property=\"og:title\" content=\"TGI\/Gombe sous l&#039;\u00e8re Pierrot Bakenge : une juridiction, un reflet de l&#039;\u00c9tat de Droit - Infos Droits Humains\" \/>\n<meta property=\"og:description\" content=\"R\u00e9daction :+243817406088 C\u2019est depuis le 17 juillet 2020 que Pierrot Bakenge Mvita a \u00e9t\u00e9 nomm\u00e9,...\" \/>\n<meta property=\"og:url\" content=\"https:\/\/infos-droitshumains.net\/?p=2543\" \/>\n<meta property=\"og:site_name\" content=\"Infos Droits Humains\" \/>\n<meta property=\"article:published_time\" content=\"2022-03-16T09:30:00+00:00\" \/>\n<meta property=\"article:modified_time\" content=\"2023-04-06T10:10:29+00:00\" \/>\n<meta property=\"og:image\" content=\"https:\/\/infos-droitshumains.net\/wp-content\/uploads\/2022\/03\/IMG_9963.jpg\" \/>\n<meta name=\"author\" content=\"Jo\u00ebl Diawa\" \/>\n<meta name=\"twitter:card\" content=\"summary_large_image\" \/>\n<meta name=\"twitter:label1\" content=\"\u00c9crit par\" \/>\n\t<meta name=\"twitter:data1\" content=\"Jo\u00ebl Diawa\" \/>\n\t<meta name=\"twitter:label2\" content=\"Dur\u00e9e de lecture estim\u00e9e\" \/>\n\t<meta name=\"twitter:data2\" content=\"6 minutes\" \/>\n<script type=\"application\/ld+json\" class=\"yoast-schema-graph\">{\"@context\":\"https:\\\/\\\/schema.org\",\"@graph\":[{\"@type\":\"Article\",\"@id\":\"https:\\\/\\\/infos-droitshumains.net\\\/?p=2543#article\",\"isPartOf\":{\"@id\":\"https:\\\/\\\/infos-droitshumains.net\\\/?p=2543\"},\"author\":{\"name\":\"Jo\u00ebl Diawa\",\"@id\":\"https:\\\/\\\/infos-droitshumains.net\\\/#\\\/schema\\\/person\\\/3dc5e921c3302172e0ed4362f96faab7\"},\"headline\":\"TGI\\\/Gombe sous l&rsquo;\u00e8re Pierrot Bakenge : une juridiction, un reflet de l&rsquo;\u00c9tat de Droit\",\"datePublished\":\"2022-03-16T09:30:00+00:00\",\"dateModified\":\"2023-04-06T10:10:29+00:00\",\"mainEntityOfPage\":{\"@id\":\"https:\\\/\\\/infos-droitshumains.net\\\/?p=2543\"},\"wordCount\":1187,\"publisher\":{\"@id\":\"https:\\\/\\\/infos-droitshumains.net\\\/#organization\"},\"image\":{\"@id\":\"https:\\\/\\\/infos-droitshumains.net\\\/?p=2543#primaryimage\"},\"thumbnailUrl\":\"https:\\\/\\\/infos-droitshumains.net\\\/wp-content\\\/uploads\\\/2022\\\/03\\\/IMG_9963.jpg\",\"articleSection\":[\"Justice\"],\"inLanguage\":\"fr-FR\"},{\"@type\":\"WebPage\",\"@id\":\"https:\\\/\\\/infos-droitshumains.net\\\/?p=2543\",\"url\":\"https:\\\/\\\/infos-droitshumains.net\\\/?p=2543\",\"name\":\"TGI\\\/Gombe sous l'\u00e8re Pierrot Bakenge : une juridiction, un reflet de l'\u00c9tat de Droit - Infos Droits Humains\",\"isPartOf\":{\"@id\":\"https:\\\/\\\/infos-droitshumains.net\\\/#website\"},\"primaryImageOfPage\":{\"@id\":\"https:\\\/\\\/infos-droitshumains.net\\\/?p=2543#primaryimage\"},\"image\":{\"@id\":\"https:\\\/\\\/infos-droitshumains.net\\\/?p=2543#primaryimage\"},\"thumbnailUrl\":\"https:\\\/\\\/infos-droitshumains.net\\\/wp-content\\\/uploads\\\/2022\\\/03\\\/IMG_9963.jpg\",\"datePublished\":\"2022-03-16T09:30:00+00:00\",\"dateModified\":\"2023-04-06T10:10:29+00:00\",\"breadcrumb\":{\"@id\":\"https:\\\/\\\/infos-droitshumains.net\\\/?p=2543#breadcrumb\"},\"inLanguage\":\"fr-FR\",\"potentialAction\":[{\"@type\":\"ReadAction\",\"target\":[\"https:\\\/\\\/infos-droitshumains.net\\\/?p=2543\"]}]},{\"@type\":\"ImageObject\",\"inLanguage\":\"fr-FR\",\"@id\":\"https:\\\/\\\/infos-droitshumains.net\\\/?p=2543#primaryimage\",\"url\":\"https:\\\/\\\/infos-droitshumains.net\\\/wp-content\\\/uploads\\\/2022\\\/03\\\/IMG_9963.jpg\",\"contentUrl\":\"https:\\\/\\\/infos-droitshumains.net\\\/wp-content\\\/uploads\\\/2022\\\/03\\\/IMG_9963.jpg\"},{\"@type\":\"BreadcrumbList\",\"@id\":\"https:\\\/\\\/infos-droitshumains.net\\\/?p=2543#breadcrumb\",\"itemListElement\":[{\"@type\":\"ListItem\",\"position\":1,\"name\":\"Accueil\",\"item\":\"https:\\\/\\\/infos-droitshumains.net\\\/\"},{\"@type\":\"ListItem\",\"position\":2,\"name\":\"TGI\\\/Gombe sous l&rsquo;\u00e8re Pierrot Bakenge : une juridiction, un reflet de l&rsquo;\u00c9tat de Droit\"}]},{\"@type\":\"WebSite\",\"@id\":\"https:\\\/\\\/infos-droitshumains.net\\\/#website\",\"url\":\"https:\\\/\\\/infos-droitshumains.net\\\/\",\"name\":\"Infos Droits Humains\",\"description\":\"S&#039;informer est un droit\",\"publisher\":{\"@id\":\"https:\\\/\\\/infos-droitshumains.net\\\/#organization\"},\"potentialAction\":[{\"@type\":\"SearchAction\",\"target\":{\"@type\":\"EntryPoint\",\"urlTemplate\":\"https:\\\/\\\/infos-droitshumains.net\\\/?s={search_term_string}\"},\"query-input\":{\"@type\":\"PropertyValueSpecification\",\"valueRequired\":true,\"valueName\":\"search_term_string\"}}],\"inLanguage\":\"fr-FR\"},{\"@type\":\"Organization\",\"@id\":\"https:\\\/\\\/infos-droitshumains.net\\\/#organization\",\"name\":\"Infos Droits Humains\",\"url\":\"https:\\\/\\\/infos-droitshumains.net\\\/\",\"logo\":{\"@type\":\"ImageObject\",\"inLanguage\":\"fr-FR\",\"@id\":\"https:\\\/\\\/infos-droitshumains.net\\\/#\\\/schema\\\/logo\\\/image\\\/\",\"url\":\"https:\\\/\\\/i0.wp.com\\\/infos-droitshumains.net\\\/wp-content\\\/uploads\\\/2022\\\/05\\\/Logo.png?fit=333%2C129&ssl=1\",\"contentUrl\":\"https:\\\/\\\/i0.wp.com\\\/infos-droitshumains.net\\\/wp-content\\\/uploads\\\/2022\\\/05\\\/Logo.png?fit=333%2C129&ssl=1\",\"width\":333,\"height\":129,\"caption\":\"Infos Droits Humains\"},\"image\":{\"@id\":\"https:\\\/\\\/infos-droitshumains.net\\\/#\\\/schema\\\/logo\\\/image\\\/\"}},{\"@type\":\"Person\",\"@id\":\"https:\\\/\\\/infos-droitshumains.net\\\/#\\\/schema\\\/person\\\/3dc5e921c3302172e0ed4362f96faab7\",\"name\":\"Jo\u00ebl Diawa\",\"image\":{\"@type\":\"ImageObject\",\"inLanguage\":\"fr-FR\",\"@id\":\"https:\\\/\\\/secure.gravatar.com\\\/avatar\\\/729bea6ff4604c624417803c477363be8e3c7186deaa65713313f9b4b820f41c?s=96&d=mm&r=g\",\"url\":\"https:\\\/\\\/secure.gravatar.com\\\/avatar\\\/729bea6ff4604c624417803c477363be8e3c7186deaa65713313f9b4b820f41c?s=96&d=mm&r=g\",\"contentUrl\":\"https:\\\/\\\/secure.gravatar.com\\\/avatar\\\/729bea6ff4604c624417803c477363be8e3c7186deaa65713313f9b4b820f41c?s=96&d=mm&r=g\",\"caption\":\"Jo\u00ebl Diawa\"},\"sameAs\":[\"https:\\\/\\\/www.infos-droitshumains.net\"],\"url\":\"https:\\\/\\\/infos-droitshumains.net\\\/?author=2\"}]}<\/script>\n<!-- \/ Yoast SEO plugin. -->","yoast_head_json":{"title":"TGI\/Gombe sous l'\u00e8re Pierrot Bakenge : une juridiction, un reflet de l'\u00c9tat de Droit - Infos Droits Humains","robots":{"index":"index","follow":"follow","max-snippet":"max-snippet:-1","max-image-preview":"max-image-preview:large","max-video-preview":"max-video-preview:-1"},"canonical":"https:\/\/infos-droitshumains.net\/?p=2543","og_locale":"fr_FR","og_type":"article","og_title":"TGI\/Gombe sous l'\u00e8re Pierrot Bakenge : une juridiction, un reflet de l'\u00c9tat de Droit - Infos Droits Humains","og_description":"R\u00e9daction :+243817406088 C\u2019est depuis le 17 juillet 2020 que Pierrot Bakenge Mvita a \u00e9t\u00e9 nomm\u00e9,...","og_url":"https:\/\/infos-droitshumains.net\/?p=2543","og_site_name":"Infos Droits Humains","article_published_time":"2022-03-16T09:30:00+00:00","article_modified_time":"2023-04-06T10:10:29+00:00","og_image":[{"url":"https:\/\/infos-droitshumains.net\/wp-content\/uploads\/2022\/03\/IMG_9963.jpg","type":"","width":"","height":""}],"author":"Jo\u00ebl Diawa","twitter_card":"summary_large_image","twitter_misc":{"\u00c9crit par":"Jo\u00ebl Diawa","Dur\u00e9e de lecture estim\u00e9e":"6 minutes"},"schema":{"@context":"https:\/\/schema.org","@graph":[{"@type":"Article","@id":"https:\/\/infos-droitshumains.net\/?p=2543#article","isPartOf":{"@id":"https:\/\/infos-droitshumains.net\/?p=2543"},"author":{"name":"Jo\u00ebl Diawa","@id":"https:\/\/infos-droitshumains.net\/#\/schema\/person\/3dc5e921c3302172e0ed4362f96faab7"},"headline":"TGI\/Gombe sous l&rsquo;\u00e8re Pierrot Bakenge : une juridiction, un reflet de l&rsquo;\u00c9tat de Droit","datePublished":"2022-03-16T09:30:00+00:00","dateModified":"2023-04-06T10:10:29+00:00","mainEntityOfPage":{"@id":"https:\/\/infos-droitshumains.net\/?p=2543"},"wordCount":1187,"publisher":{"@id":"https:\/\/infos-droitshumains.net\/#organization"},"image":{"@id":"https:\/\/infos-droitshumains.net\/?p=2543#primaryimage"},"thumbnailUrl":"https:\/\/infos-droitshumains.net\/wp-content\/uploads\/2022\/03\/IMG_9963.jpg","articleSection":["Justice"],"inLanguage":"fr-FR"},{"@type":"WebPage","@id":"https:\/\/infos-droitshumains.net\/?p=2543","url":"https:\/\/infos-droitshumains.net\/?p=2543","name":"TGI\/Gombe sous l'\u00e8re Pierrot Bakenge : une juridiction, un reflet de l'\u00c9tat de Droit - Infos Droits Humains","isPartOf":{"@id":"https:\/\/infos-droitshumains.net\/#website"},"primaryImageOfPage":{"@id":"https:\/\/infos-droitshumains.net\/?p=2543#primaryimage"},"image":{"@id":"https:\/\/infos-droitshumains.net\/?p=2543#primaryimage"},"thumbnailUrl":"https:\/\/infos-droitshumains.net\/wp-content\/uploads\/2022\/03\/IMG_9963.jpg","datePublished":"2022-03-16T09:30:00+00:00","dateModified":"2023-04-06T10:10:29+00:00","breadcrumb":{"@id":"https:\/\/infos-droitshumains.net\/?p=2543#breadcrumb"},"inLanguage":"fr-FR","potentialAction":[{"@type":"ReadAction","target":["https:\/\/infos-droitshumains.net\/?p=2543"]}]},{"@type":"ImageObject","inLanguage":"fr-FR","@id":"https:\/\/infos-droitshumains.net\/?p=2543#primaryimage","url":"https:\/\/infos-droitshumains.net\/wp-content\/uploads\/2022\/03\/IMG_9963.jpg","contentUrl":"https:\/\/infos-droitshumains.net\/wp-content\/uploads\/2022\/03\/IMG_9963.jpg"},{"@type":"BreadcrumbList","@id":"https:\/\/infos-droitshumains.net\/?p=2543#breadcrumb","itemListElement":[{"@type":"ListItem","position":1,"name":"Accueil","item":"https:\/\/infos-droitshumains.net\/"},{"@type":"ListItem","position":2,"name":"TGI\/Gombe sous l&rsquo;\u00e8re Pierrot Bakenge : une juridiction, un reflet de l&rsquo;\u00c9tat de Droit"}]},{"@type":"WebSite","@id":"https:\/\/infos-droitshumains.net\/#website","url":"https:\/\/infos-droitshumains.net\/","name":"Infos Droits Humains","description":"S&#039;informer est un droit","publisher":{"@id":"https:\/\/infos-droitshumains.net\/#organization"},"potentialAction":[{"@type":"SearchAction","target":{"@type":"EntryPoint","urlTemplate":"https:\/\/infos-droitshumains.net\/?s={search_term_string}"},"query-input":{"@type":"PropertyValueSpecification","valueRequired":true,"valueName":"search_term_string"}}],"inLanguage":"fr-FR"},{"@type":"Organization","@id":"https:\/\/infos-droitshumains.net\/#organization","name":"Infos Droits Humains","url":"https:\/\/infos-droitshumains.net\/","logo":{"@type":"ImageObject","inLanguage":"fr-FR","@id":"https:\/\/infos-droitshumains.net\/#\/schema\/logo\/image\/","url":"https:\/\/i0.wp.com\/infos-droitshumains.net\/wp-content\/uploads\/2022\/05\/Logo.png?fit=333%2C129&ssl=1","contentUrl":"https:\/\/i0.wp.com\/infos-droitshumains.net\/wp-content\/uploads\/2022\/05\/Logo.png?fit=333%2C129&ssl=1","width":333,"height":129,"caption":"Infos Droits Humains"},"image":{"@id":"https:\/\/infos-droitshumains.net\/#\/schema\/logo\/image\/"}},{"@type":"Person","@id":"https:\/\/infos-droitshumains.net\/#\/schema\/person\/3dc5e921c3302172e0ed4362f96faab7","name":"Jo\u00ebl Diawa","image":{"@type":"ImageObject","inLanguage":"fr-FR","@id":"https:\/\/secure.gravatar.com\/avatar\/729bea6ff4604c624417803c477363be8e3c7186deaa65713313f9b4b820f41c?s=96&d=mm&r=g","url":"https:\/\/secure.gravatar.com\/avatar\/729bea6ff4604c624417803c477363be8e3c7186deaa65713313f9b4b820f41c?s=96&d=mm&r=g","contentUrl":"https:\/\/secure.gravatar.com\/avatar\/729bea6ff4604c624417803c477363be8e3c7186deaa65713313f9b4b820f41c?s=96&d=mm&r=g","caption":"Jo\u00ebl Diawa"},"sameAs":["https:\/\/www.infos-droitshumains.net"],"url":"https:\/\/infos-droitshumains.net\/?author=2"}]}},"featured_image_urls":{"full":"","thumbnail":"","medium":"","medium_large":"","large":"","1536x1536":"","2048x2048":"","covernews-slider-full":"","covernews-slider-center":"","covernews-featured":"","covernews-medium":"","covernews-medium-square":""},"author_info":{"display_name":"Jo\u00ebl Diawa","author_link":"https:\/\/infos-droitshumains.net\/?author=2"},"category_info":"<a href=\"https:\/\/infos-droitshumains.net\/?cat=6\" rel=\"category\">Justice<\/a>","tag_info":"Justice","comment_count":"0","jetpack_featured_media_url":"","jetpack-related-posts":[],"jetpack_sharing_enabled":true,"_links":{"self":[{"href":"https:\/\/infos-droitshumains.net\/index.php?rest_route=\/wp\/v2\/posts\/2543","targetHints":{"allow":["GET"]}}],"collection":[{"href":"https:\/\/infos-droitshumains.net\/index.php?rest_route=\/wp\/v2\/posts"}],"about":[{"href":"https:\/\/infos-droitshumains.net\/index.php?rest_route=\/wp\/v2\/types\/post"}],"author":[{"embeddable":true,"href":"https:\/\/infos-droitshumains.net\/index.php?rest_route=\/wp\/v2\/users\/2"}],"replies":[{"embeddable":true,"href":"https:\/\/infos-droitshumains.net\/index.php?rest_route=%2Fwp%2Fv2%2Fcomments&post=2543"}],"version-history":[{"count":21,"href":"https:\/\/infos-droitshumains.net\/index.php?rest_route=\/wp\/v2\/posts\/2543\/revisions"}],"predecessor-version":[{"id":2614,"href":"https:\/\/infos-droitshumains.net\/index.php?rest_route=\/wp\/v2\/posts\/2543\/revisions\/2614"}],"wp:attachment":[{"href":"https:\/\/infos-droitshumains.net\/index.php?rest_route=%2Fwp%2Fv2%2Fmedia&parent=2543"}],"wp:term":[{"taxonomy":"category","embeddable":true,"href":"https:\/\/infos-droitshumains.net\/index.php?rest_route=%2Fwp%2Fv2%2Fcategories&post=2543"},{"taxonomy":"post_tag","embeddable":true,"href":"https:\/\/infos-droitshumains.net\/index.php?rest_route=%2Fwp%2Fv2%2Ftags&post=2543"}],"curies":[{"name":"wp","href":"https:\/\/api.w.org\/{rel}","templated":true}]}}