{"id":2537,"date":"2022-03-15T13:06:10","date_gmt":"2022-03-15T12:06:10","guid":{"rendered":"https:\/\/infos-droitshumains.net\/?p=2537"},"modified":"2023-04-06T12:10:29","modified_gmt":"2023-04-06T10:10:29","slug":"elections-2023-joseph-kabila-est-exclu-par-la-constitution-professeur-placide-mabaka","status":"publish","type":"post","link":"https:\/\/infos-droitshumains.net\/?p=2537","title":{"rendered":"\u00c9lections 2023: Joseph Kabila est exclu par la constitution (Professeur Placide Mabaka"},"content":{"rendered":"\n<p><strong>R\u00e9daction:+243817406088<\/strong><\/p>\n\n\n\n<p>R\u00e9agissant \u00e0 l&rsquo;annonce faite par l&rsquo;Asbl Kabila forever sur la candidature de l&rsquo;ancien Pr\u00e9sident de la R\u00e9publique, Joseph Kabila \u00e0 l&rsquo;\u00e9lection pr\u00e9sidentielle de 2023, le Professeur Placide Mabaka souligne que l&rsquo;article 104, alin\u00e9a 6 de la constitution exclu Joseph Kabila de la course.<\/p>\n\n\n\n<p><strong><em>\u00abCette disposition pr\u00e9cise que les anciens pr\u00e9sidents de la R\u00e9publique \u00e9lus sont de droit s\u00e9nateur \u00e0 vie. Sur cette base, Joseph Kabila ne peut renoncer \u00e0 ce statut de s\u00e9nateur \u00e0 vie, car il est frapp\u00e9 par les incompatibilit\u00e9s de l&rsquo;article 96 de la m\u00eame constitution\u00bb<\/em><\/strong> a indiqu\u00e9 cet enseignant en droit public.<\/p>\n\n\n\n<p><strong><em>\u00abLes fonctions de pr\u00e9sident de la R\u00e9publique sont incompatibles avec l&rsquo;exercice de tout autre mandat \u00e9lectif, de tout emploi Public, civil ou militaire et de toute autre activit\u00e9 professionnelle. Le mandat de pr\u00e9sident de la R\u00e9publique est incompatible avec toute responsabilit\u00e9 au sein d&rsquo;un parti politique\u00bb <\/em><\/strong>a-t-il poursuivi.<\/p>\n\n\n\n<p>S\u2019inspirant du droit compar\u00e9 et plus particuli\u00e8rement, la constitution italienne, qui pr\u00e9voit la m\u00eame chose, le Professeur Placide Mabaka pr\u00e9cise que <strong><em>\u00abla constitution congolaise n&rsquo;admet pas de renonciation \u00e0 cette fonction\u00bb<\/em><\/strong>, contrairement \u00e0 l&rsquo;article 59 , alin\u00e9a 1 de la constitution italienne qui pr\u00e9cise que, <strong><em>\u00absauf renonciation, tout ancien pr\u00e9sident est s\u00e9nateur de droit et \u00e0 vie. Il est clairement donn\u00e9 \u00e0 tout ancien pr\u00e9sident de la R\u00e9publique la possibilit\u00e9 de renoncer \u00e0 son statut de s\u00e9nateur \u00e0 vie ce qui n&rsquo;est pas le cas de la RDC\u00bb.<\/em><\/strong><\/p>\n\n\n\n<p><strong><em>\u00abTant que le pr\u00e9sident honoraire, Joseph Kabila ne peut renoncer \u00e0 son statut de s\u00e9nateur \u00e0 vie, il ne peut plus pr\u00e9tendre \u00e0 l&rsquo;exercice de fonction du Pr\u00e9sident de la R\u00e9publique dans le cadre de la constitution congolaise\u00bb,<\/em><\/strong> a conclu le Professeur Placide Mabaka.<\/p>\n\n\n\n<p>Rappelons que l&rsquo;ancienne l\u2019ex-premi\u00e8re dame, Olive Lembe Kabila avait demand\u00e9 \u00e0 la population de donn\u00e9 la chance et soutenir l&rsquo;ancien pr\u00e9sident Joseph Kabila, car, \u00e9tant jeune et avec des ambitions pour le d\u00e9veloppement du pays.<\/p>\n\n\n\n<p>R\u00e9my Mbuyi<\/p>\n","protected":false},"excerpt":{"rendered":"<p>R\u00e9daction:+243817406088 R\u00e9agissant \u00e0 l&rsquo;annonce faite par l&rsquo;Asbl Kabila forever sur la candidature de l&rsquo;ancien Pr\u00e9sident&#8230;<\/p>\n","protected":false},"author":2,"featured_media":0,"comment_status":"closed","ping_status":"open","sticky":false,"template":"","format":"standard","meta":{"_jetpack_memberships_contains_paid_content":false,"footnotes":""},"categories":[1],"tags":[],"class_list":["post-2537","post","type-post","status-publish","format-standard","hentry","category-non-classe"],"yoast_head":"<!-- This site is optimized with the Yoast SEO plugin v27.5 - https:\/\/yoast.com\/product\/yoast-seo-wordpress\/ -->\n<title>\u00c9lections 2023: Joseph Kabila est exclu par la constitution (Professeur Placide Mabaka - Infos Droits Humains<\/title>\n<meta name=\"robots\" content=\"index, follow, max-snippet:-1, max-image-preview:large, max-video-preview:-1\" \/>\n<link rel=\"canonical\" href=\"https:\/\/infos-droitshumains.net\/?p=2537\" \/>\n<meta property=\"og:locale\" content=\"fr_FR\" \/>\n<meta property=\"og:type\" content=\"article\" \/>\n<meta property=\"og:title\" content=\"\u00c9lections 2023: Joseph Kabila est exclu par la constitution (Professeur Placide Mabaka - Infos Droits Humains\" \/>\n<meta property=\"og:description\" content=\"R\u00e9daction:+243817406088 R\u00e9agissant \u00e0 l&rsquo;annonce faite par l&rsquo;Asbl Kabila forever sur la candidature de l&rsquo;ancien Pr\u00e9sident...\" \/>\n<meta property=\"og:url\" content=\"https:\/\/infos-droitshumains.net\/?p=2537\" \/>\n<meta property=\"og:site_name\" content=\"Infos Droits Humains\" \/>\n<meta property=\"article:published_time\" content=\"2022-03-15T12:06:10+00:00\" \/>\n<meta property=\"article:modified_time\" content=\"2023-04-06T10:10:29+00:00\" \/>\n<meta name=\"author\" content=\"Jo\u00ebl Diawa\" \/>\n<meta name=\"twitter:card\" content=\"summary_large_image\" \/>\n<meta name=\"twitter:label1\" content=\"\u00c9crit par\" \/>\n\t<meta name=\"twitter:data1\" content=\"Jo\u00ebl Diawa\" \/>\n\t<meta name=\"twitter:label2\" content=\"Dur\u00e9e de lecture estim\u00e9e\" \/>\n\t<meta name=\"twitter:data2\" content=\"2 minutes\" \/>\n<script type=\"application\/ld+json\" class=\"yoast-schema-graph\">{\"@context\":\"https:\\\/\\\/schema.org\",\"@graph\":[{\"@type\":\"Article\",\"@id\":\"https:\\\/\\\/infos-droitshumains.net\\\/?p=2537#article\",\"isPartOf\":{\"@id\":\"https:\\\/\\\/infos-droitshumains.net\\\/?p=2537\"},\"author\":{\"name\":\"Jo\u00ebl Diawa\",\"@id\":\"https:\\\/\\\/infos-droitshumains.net\\\/#\\\/schema\\\/person\\\/3dc5e921c3302172e0ed4362f96faab7\"},\"headline\":\"\u00c9lections 2023: Joseph Kabila est exclu par la constitution (Professeur Placide Mabaka\",\"datePublished\":\"2022-03-15T12:06:10+00:00\",\"dateModified\":\"2023-04-06T10:10:29+00:00\",\"mainEntityOfPage\":{\"@id\":\"https:\\\/\\\/infos-droitshumains.net\\\/?p=2537\"},\"wordCount\":343,\"publisher\":{\"@id\":\"https:\\\/\\\/infos-droitshumains.net\\\/#organization\"},\"inLanguage\":\"fr-FR\"},{\"@type\":\"WebPage\",\"@id\":\"https:\\\/\\\/infos-droitshumains.net\\\/?p=2537\",\"url\":\"https:\\\/\\\/infos-droitshumains.net\\\/?p=2537\",\"name\":\"\u00c9lections 2023: Joseph Kabila est exclu par la constitution (Professeur Placide Mabaka - Infos Droits Humains\",\"isPartOf\":{\"@id\":\"https:\\\/\\\/infos-droitshumains.net\\\/#website\"},\"datePublished\":\"2022-03-15T12:06:10+00:00\",\"dateModified\":\"2023-04-06T10:10:29+00:00\",\"breadcrumb\":{\"@id\":\"https:\\\/\\\/infos-droitshumains.net\\\/?p=2537#breadcrumb\"},\"inLanguage\":\"fr-FR\",\"potentialAction\":[{\"@type\":\"ReadAction\",\"target\":[\"https:\\\/\\\/infos-droitshumains.net\\\/?p=2537\"]}]},{\"@type\":\"BreadcrumbList\",\"@id\":\"https:\\\/\\\/infos-droitshumains.net\\\/?p=2537#breadcrumb\",\"itemListElement\":[{\"@type\":\"ListItem\",\"position\":1,\"name\":\"Accueil\",\"item\":\"https:\\\/\\\/infos-droitshumains.net\\\/\"},{\"@type\":\"ListItem\",\"position\":2,\"name\":\"\u00c9lections 2023: Joseph Kabila est exclu par la constitution (Professeur Placide Mabaka\"}]},{\"@type\":\"WebSite\",\"@id\":\"https:\\\/\\\/infos-droitshumains.net\\\/#website\",\"url\":\"https:\\\/\\\/infos-droitshumains.net\\\/\",\"name\":\"Infos Droits Humains\",\"description\":\"S&#039;informer est un droit\",\"publisher\":{\"@id\":\"https:\\\/\\\/infos-droitshumains.net\\\/#organization\"},\"potentialAction\":[{\"@type\":\"SearchAction\",\"target\":{\"@type\":\"EntryPoint\",\"urlTemplate\":\"https:\\\/\\\/infos-droitshumains.net\\\/?s={search_term_string}\"},\"query-input\":{\"@type\":\"PropertyValueSpecification\",\"valueRequired\":true,\"valueName\":\"search_term_string\"}}],\"inLanguage\":\"fr-FR\"},{\"@type\":\"Organization\",\"@id\":\"https:\\\/\\\/infos-droitshumains.net\\\/#organization\",\"name\":\"Infos Droits Humains\",\"url\":\"https:\\\/\\\/infos-droitshumains.net\\\/\",\"logo\":{\"@type\":\"ImageObject\",\"inLanguage\":\"fr-FR\",\"@id\":\"https:\\\/\\\/infos-droitshumains.net\\\/#\\\/schema\\\/logo\\\/image\\\/\",\"url\":\"https:\\\/\\\/i0.wp.com\\\/infos-droitshumains.net\\\/wp-content\\\/uploads\\\/2022\\\/05\\\/Logo.png?fit=333%2C129&ssl=1\",\"contentUrl\":\"https:\\\/\\\/i0.wp.com\\\/infos-droitshumains.net\\\/wp-content\\\/uploads\\\/2022\\\/05\\\/Logo.png?fit=333%2C129&ssl=1\",\"width\":333,\"height\":129,\"caption\":\"Infos Droits Humains\"},\"image\":{\"@id\":\"https:\\\/\\\/infos-droitshumains.net\\\/#\\\/schema\\\/logo\\\/image\\\/\"}},{\"@type\":\"Person\",\"@id\":\"https:\\\/\\\/infos-droitshumains.net\\\/#\\\/schema\\\/person\\\/3dc5e921c3302172e0ed4362f96faab7\",\"name\":\"Jo\u00ebl Diawa\",\"image\":{\"@type\":\"ImageObject\",\"inLanguage\":\"fr-FR\",\"@id\":\"https:\\\/\\\/secure.gravatar.com\\\/avatar\\\/729bea6ff4604c624417803c477363be8e3c7186deaa65713313f9b4b820f41c?s=96&d=mm&r=g\",\"url\":\"https:\\\/\\\/secure.gravatar.com\\\/avatar\\\/729bea6ff4604c624417803c477363be8e3c7186deaa65713313f9b4b820f41c?s=96&d=mm&r=g\",\"contentUrl\":\"https:\\\/\\\/secure.gravatar.com\\\/avatar\\\/729bea6ff4604c624417803c477363be8e3c7186deaa65713313f9b4b820f41c?s=96&d=mm&r=g\",\"caption\":\"Jo\u00ebl Diawa\"},\"sameAs\":[\"https:\\\/\\\/www.infos-droitshumains.net\"],\"url\":\"https:\\\/\\\/infos-droitshumains.net\\\/?author=2\"}]}<\/script>\n<!-- \/ Yoast SEO plugin. -->","yoast_head_json":{"title":"\u00c9lections 2023: Joseph Kabila est exclu par la constitution (Professeur Placide Mabaka - Infos Droits Humains","robots":{"index":"index","follow":"follow","max-snippet":"max-snippet:-1","max-image-preview":"max-image-preview:large","max-video-preview":"max-video-preview:-1"},"canonical":"https:\/\/infos-droitshumains.net\/?p=2537","og_locale":"fr_FR","og_type":"article","og_title":"\u00c9lections 2023: Joseph Kabila est exclu par la constitution (Professeur Placide Mabaka - Infos Droits Humains","og_description":"R\u00e9daction:+243817406088 R\u00e9agissant \u00e0 l&rsquo;annonce faite par l&rsquo;Asbl Kabila forever sur la candidature de l&rsquo;ancien Pr\u00e9sident...","og_url":"https:\/\/infos-droitshumains.net\/?p=2537","og_site_name":"Infos Droits Humains","article_published_time":"2022-03-15T12:06:10+00:00","article_modified_time":"2023-04-06T10:10:29+00:00","author":"Jo\u00ebl Diawa","twitter_card":"summary_large_image","twitter_misc":{"\u00c9crit par":"Jo\u00ebl Diawa","Dur\u00e9e de lecture estim\u00e9e":"2 minutes"},"schema":{"@context":"https:\/\/schema.org","@graph":[{"@type":"Article","@id":"https:\/\/infos-droitshumains.net\/?p=2537#article","isPartOf":{"@id":"https:\/\/infos-droitshumains.net\/?p=2537"},"author":{"name":"Jo\u00ebl Diawa","@id":"https:\/\/infos-droitshumains.net\/#\/schema\/person\/3dc5e921c3302172e0ed4362f96faab7"},"headline":"\u00c9lections 2023: Joseph Kabila est exclu par la constitution (Professeur Placide Mabaka","datePublished":"2022-03-15T12:06:10+00:00","dateModified":"2023-04-06T10:10:29+00:00","mainEntityOfPage":{"@id":"https:\/\/infos-droitshumains.net\/?p=2537"},"wordCount":343,"publisher":{"@id":"https:\/\/infos-droitshumains.net\/#organization"},"inLanguage":"fr-FR"},{"@type":"WebPage","@id":"https:\/\/infos-droitshumains.net\/?p=2537","url":"https:\/\/infos-droitshumains.net\/?p=2537","name":"\u00c9lections 2023: Joseph Kabila est exclu par la constitution (Professeur Placide Mabaka - Infos Droits Humains","isPartOf":{"@id":"https:\/\/infos-droitshumains.net\/#website"},"datePublished":"2022-03-15T12:06:10+00:00","dateModified":"2023-04-06T10:10:29+00:00","breadcrumb":{"@id":"https:\/\/infos-droitshumains.net\/?p=2537#breadcrumb"},"inLanguage":"fr-FR","potentialAction":[{"@type":"ReadAction","target":["https:\/\/infos-droitshumains.net\/?p=2537"]}]},{"@type":"BreadcrumbList","@id":"https:\/\/infos-droitshumains.net\/?p=2537#breadcrumb","itemListElement":[{"@type":"ListItem","position":1,"name":"Accueil","item":"https:\/\/infos-droitshumains.net\/"},{"@type":"ListItem","position":2,"name":"\u00c9lections 2023: Joseph Kabila est exclu par la constitution (Professeur Placide Mabaka"}]},{"@type":"WebSite","@id":"https:\/\/infos-droitshumains.net\/#website","url":"https:\/\/infos-droitshumains.net\/","name":"Infos Droits Humains","description":"S&#039;informer est un droit","publisher":{"@id":"https:\/\/infos-droitshumains.net\/#organization"},"potentialAction":[{"@type":"SearchAction","target":{"@type":"EntryPoint","urlTemplate":"https:\/\/infos-droitshumains.net\/?s={search_term_string}"},"query-input":{"@type":"PropertyValueSpecification","valueRequired":true,"valueName":"search_term_string"}}],"inLanguage":"fr-FR"},{"@type":"Organization","@id":"https:\/\/infos-droitshumains.net\/#organization","name":"Infos Droits Humains","url":"https:\/\/infos-droitshumains.net\/","logo":{"@type":"ImageObject","inLanguage":"fr-FR","@id":"https:\/\/infos-droitshumains.net\/#\/schema\/logo\/image\/","url":"https:\/\/i0.wp.com\/infos-droitshumains.net\/wp-content\/uploads\/2022\/05\/Logo.png?fit=333%2C129&ssl=1","contentUrl":"https:\/\/i0.wp.com\/infos-droitshumains.net\/wp-content\/uploads\/2022\/05\/Logo.png?fit=333%2C129&ssl=1","width":333,"height":129,"caption":"Infos Droits Humains"},"image":{"@id":"https:\/\/infos-droitshumains.net\/#\/schema\/logo\/image\/"}},{"@type":"Person","@id":"https:\/\/infos-droitshumains.net\/#\/schema\/person\/3dc5e921c3302172e0ed4362f96faab7","name":"Jo\u00ebl Diawa","image":{"@type":"ImageObject","inLanguage":"fr-FR","@id":"https:\/\/secure.gravatar.com\/avatar\/729bea6ff4604c624417803c477363be8e3c7186deaa65713313f9b4b820f41c?s=96&d=mm&r=g","url":"https:\/\/secure.gravatar.com\/avatar\/729bea6ff4604c624417803c477363be8e3c7186deaa65713313f9b4b820f41c?s=96&d=mm&r=g","contentUrl":"https:\/\/secure.gravatar.com\/avatar\/729bea6ff4604c624417803c477363be8e3c7186deaa65713313f9b4b820f41c?s=96&d=mm&r=g","caption":"Jo\u00ebl Diawa"},"sameAs":["https:\/\/www.infos-droitshumains.net"],"url":"https:\/\/infos-droitshumains.net\/?author=2"}]}},"featured_image_urls":{"full":"","thumbnail":"","medium":"","medium_large":"","large":"","1536x1536":"","2048x2048":"","covernews-slider-full":"","covernews-slider-center":"","covernews-featured":"","covernews-medium":"","covernews-medium-square":""},"author_info":{"display_name":"Jo\u00ebl Diawa","author_link":"https:\/\/infos-droitshumains.net\/?author=2"},"category_info":"<a href=\"https:\/\/infos-droitshumains.net\/?cat=1\" rel=\"category\">Non class\u00e9<\/a>","tag_info":"Non class\u00e9","comment_count":"0","jetpack_featured_media_url":"","jetpack-related-posts":[],"jetpack_sharing_enabled":true,"_links":{"self":[{"href":"https:\/\/infos-droitshumains.net\/index.php?rest_route=\/wp\/v2\/posts\/2537","targetHints":{"allow":["GET"]}}],"collection":[{"href":"https:\/\/infos-droitshumains.net\/index.php?rest_route=\/wp\/v2\/posts"}],"about":[{"href":"https:\/\/infos-droitshumains.net\/index.php?rest_route=\/wp\/v2\/types\/post"}],"author":[{"embeddable":true,"href":"https:\/\/infos-droitshumains.net\/index.php?rest_route=\/wp\/v2\/users\/2"}],"replies":[{"embeddable":true,"href":"https:\/\/infos-droitshumains.net\/index.php?rest_route=%2Fwp%2Fv2%2Fcomments&post=2537"}],"version-history":[{"count":5,"href":"https:\/\/infos-droitshumains.net\/index.php?rest_route=\/wp\/v2\/posts\/2537\/revisions"}],"predecessor-version":[{"id":2559,"href":"https:\/\/infos-droitshumains.net\/index.php?rest_route=\/wp\/v2\/posts\/2537\/revisions\/2559"}],"wp:attachment":[{"href":"https:\/\/infos-droitshumains.net\/index.php?rest_route=%2Fwp%2Fv2%2Fmedia&parent=2537"}],"wp:term":[{"taxonomy":"category","embeddable":true,"href":"https:\/\/infos-droitshumains.net\/index.php?rest_route=%2Fwp%2Fv2%2Fcategories&post=2537"},{"taxonomy":"post_tag","embeddable":true,"href":"https:\/\/infos-droitshumains.net\/index.php?rest_route=%2Fwp%2Fv2%2Ftags&post=2537"}],"curies":[{"name":"wp","href":"https:\/\/api.w.org\/{rel}","templated":true}]}}