{"id":2532,"date":"2022-03-15T12:16:20","date_gmt":"2022-03-15T11:16:20","guid":{"rendered":"https:\/\/infos-droitshumains.net\/?p=2532"},"modified":"2023-04-06T12:10:29","modified_gmt":"2023-04-06T10:10:29","slug":"deux-ans-a-la-tete-du-barreau-de-kinshasa-gombe-le-batonnier-jean-claude-mbaki-siluzaku-entre-satisfaction-et-deception","status":"publish","type":"post","link":"https:\/\/infos-droitshumains.net\/?p=2532","title":{"rendered":"Deux ans \u00e0 la t\u00eate du barreau de Kinshasa\/Gombe : Le B\u00e2tonnier Jean-Claude Mbaki Siluzaku, entre satisfaction et tristesse"},"content":{"rendered":"\n<p><strong>R\u00e9daction :+243817406088<\/strong><\/p>\n\n\n\n<p>Les avocats du barreau de Kinshasa\/Gombe se souviennent de la date du samedi 14 mars 2020. C\u2019est le jour o\u00f9 ils avaient \u00e9lu Ma\u00eetre Jean-Claude Mbaki Siluzaku comme leur b\u00e2tonnier.<\/p>\n\n\n\n<p>Aujourd\u2019hui, deux ans apr\u00e8s, ces hommes en toge noire ne regrettent pas le choix qu\u2019il avaient port\u00e9 en cette personne imbue d\u2019un leadership exceptionnel et d\u2019une imagination cr\u00e9atrice \u00e9lev\u00e9e.<\/p>\n\n\n\n<p>Arriv\u00e9 \u00e0 la t\u00eate du barreau de Kinshasa\/Gombe dans un contexte difficile, caract\u00e9ris\u00e9 par la crise d\u00fb \u00e0 la pand\u00e9mie \u00e0 Covid-19, le b\u00e2tonnier Jean-Claude Mbaki Siluzaku est tout de m\u00eame parvenu \u00e0 r\u00e9v\u00e9l\u00e9 le d\u00e9fi.<\/p>\n\n\n\n<p>Si d\u2019une part, le concern\u00e9 juge son bilan mitig\u00e9 dans la mesure o\u00f9, le Coronavirus a emport\u00e9 plusieurs avocats, du barreau, qui \u00e9taient sens\u00e9s accompagner le b\u00e2tonnier  pour la mat\u00e9rialisation des diff\u00e9rents projets ; d\u2019autre part, plusieurs r\u00e9alisations innovatrices sont \u00e0 mettre \u00e0 son actif ; et cela, dans un temps record.<\/p>\n\n\n\n<p>Au nombre des r\u00e9alisations du b\u00e2tonnier Jean-Claude Mbaki, on peut citer, la mise \u00e0 la disposition des avocats, de la carte biom\u00e9trique avec code QR. Cette carte qui servira de porte-monnaie professionnel et de carte d\u2019\u00e9lecteur, va \u00e9galement \u00e9viter aux avocats du barreau de Kinshasa\/Gombe, l\u2019usurpation d\u2019identit\u00e9.<\/p>\n\n\n\n<p>Outre cette r\u00e9alisation, Me. Mbaki a \u00e9galement dot\u00e9 le barreau d\u2019un bus pour les moyens de mobilit\u00e9.<\/p>\n\n\n\n<p>Enfin, il y a deux projets qui sont en cours ; il s\u2019agit de la cr\u00e9ation d\u2019une mutuelle de sant\u00e9 et l\u2019inscription de tous les avocats du barreau de Kinshasa\/Gombe \u00e0 la s\u00e9curit\u00e9 sociale.<\/p>\n\n\n\n<p>Attention de la cause f\u00e9minine, depuis qu\u2019il est l\u00e0, monsieur le b\u00e2tonnier donne la place \u00e0 la femme notamment de son barreau \u00e0-travers l\u2019organisation des conf\u00e9rence d\u00e9bat et diff\u00e9rentes formations dont, la derni\u00e8re en date est celle organis\u00e9e le 14 mars dernier, dans le cadre du mois de la femme.<\/p>\n\n\n\n<p>Le b\u00e2tonnier Jean-Claude Mbaki n&rsquo;a pas le sens de l\u2019ubiquit\u00e9 pour rendre effective toutes ces actions. Il faudra reconna\u00eetre aussi le grand travail abattu par les membres du conseil de l\u2019ordre qui ont \u00e9t\u00e9 d\u2019une importance capitale dans l\u2019actif du b\u00e2tonnier Jean-Claude Mbaki durant ces deux ans.<\/p>\n\n\n\n<p>Jo\u00ebl Diawa<\/p>\n","protected":false},"excerpt":{"rendered":"<p>R\u00e9daction :+243817406088 Les avocats du barreau de Kinshasa\/Gombe se souviennent de la date du samedi&#8230;<\/p>\n","protected":false},"author":2,"featured_media":0,"comment_status":"closed","ping_status":"open","sticky":false,"template":"","format":"standard","meta":{"_jetpack_memberships_contains_paid_content":false,"footnotes":""},"categories":[1],"tags":[],"class_list":["post-2532","post","type-post","status-publish","format-standard","hentry","category-non-classe"],"yoast_head":"<!-- This site is optimized with the Yoast SEO plugin v27.5 - https:\/\/yoast.com\/product\/yoast-seo-wordpress\/ -->\n<title>Deux ans \u00e0 la t\u00eate du barreau de Kinshasa\/Gombe : Le B\u00e2tonnier Jean-Claude Mbaki Siluzaku, entre satisfaction et tristesse - Infos Droits Humains<\/title>\n<meta name=\"robots\" content=\"index, follow, max-snippet:-1, max-image-preview:large, max-video-preview:-1\" \/>\n<link rel=\"canonical\" href=\"https:\/\/infos-droitshumains.net\/?p=2532\" \/>\n<meta property=\"og:locale\" content=\"fr_FR\" \/>\n<meta property=\"og:type\" content=\"article\" \/>\n<meta property=\"og:title\" content=\"Deux ans \u00e0 la t\u00eate du barreau de Kinshasa\/Gombe : Le B\u00e2tonnier Jean-Claude Mbaki Siluzaku, entre satisfaction et tristesse - Infos Droits Humains\" \/>\n<meta property=\"og:description\" content=\"R\u00e9daction :+243817406088 Les avocats du barreau de Kinshasa\/Gombe se souviennent de la date du samedi...\" \/>\n<meta property=\"og:url\" content=\"https:\/\/infos-droitshumains.net\/?p=2532\" \/>\n<meta property=\"og:site_name\" content=\"Infos Droits Humains\" \/>\n<meta property=\"article:published_time\" content=\"2022-03-15T11:16:20+00:00\" \/>\n<meta property=\"article:modified_time\" content=\"2023-04-06T10:10:29+00:00\" \/>\n<meta name=\"author\" content=\"Jo\u00ebl Diawa\" \/>\n<meta name=\"twitter:card\" content=\"summary_large_image\" \/>\n<meta name=\"twitter:label1\" content=\"\u00c9crit par\" \/>\n\t<meta name=\"twitter:data1\" content=\"Jo\u00ebl Diawa\" \/>\n\t<meta name=\"twitter:label2\" content=\"Dur\u00e9e de lecture estim\u00e9e\" \/>\n\t<meta name=\"twitter:data2\" content=\"2 minutes\" \/>\n<script type=\"application\/ld+json\" class=\"yoast-schema-graph\">{\"@context\":\"https:\\\/\\\/schema.org\",\"@graph\":[{\"@type\":\"Article\",\"@id\":\"https:\\\/\\\/infos-droitshumains.net\\\/?p=2532#article\",\"isPartOf\":{\"@id\":\"https:\\\/\\\/infos-droitshumains.net\\\/?p=2532\"},\"author\":{\"name\":\"Jo\u00ebl Diawa\",\"@id\":\"https:\\\/\\\/infos-droitshumains.net\\\/#\\\/schema\\\/person\\\/3dc5e921c3302172e0ed4362f96faab7\"},\"headline\":\"Deux ans \u00e0 la t\u00eate du barreau de Kinshasa\\\/Gombe : Le B\u00e2tonnier Jean-Claude Mbaki Siluzaku, entre satisfaction et tristesse\",\"datePublished\":\"2022-03-15T11:16:20+00:00\",\"dateModified\":\"2023-04-06T10:10:29+00:00\",\"mainEntityOfPage\":{\"@id\":\"https:\\\/\\\/infos-droitshumains.net\\\/?p=2532\"},\"wordCount\":410,\"publisher\":{\"@id\":\"https:\\\/\\\/infos-droitshumains.net\\\/#organization\"},\"inLanguage\":\"fr-FR\"},{\"@type\":\"WebPage\",\"@id\":\"https:\\\/\\\/infos-droitshumains.net\\\/?p=2532\",\"url\":\"https:\\\/\\\/infos-droitshumains.net\\\/?p=2532\",\"name\":\"Deux ans \u00e0 la t\u00eate du barreau de Kinshasa\\\/Gombe : Le B\u00e2tonnier Jean-Claude Mbaki Siluzaku, entre satisfaction et tristesse - Infos Droits Humains\",\"isPartOf\":{\"@id\":\"https:\\\/\\\/infos-droitshumains.net\\\/#website\"},\"datePublished\":\"2022-03-15T11:16:20+00:00\",\"dateModified\":\"2023-04-06T10:10:29+00:00\",\"breadcrumb\":{\"@id\":\"https:\\\/\\\/infos-droitshumains.net\\\/?p=2532#breadcrumb\"},\"inLanguage\":\"fr-FR\",\"potentialAction\":[{\"@type\":\"ReadAction\",\"target\":[\"https:\\\/\\\/infos-droitshumains.net\\\/?p=2532\"]}]},{\"@type\":\"BreadcrumbList\",\"@id\":\"https:\\\/\\\/infos-droitshumains.net\\\/?p=2532#breadcrumb\",\"itemListElement\":[{\"@type\":\"ListItem\",\"position\":1,\"name\":\"Accueil\",\"item\":\"https:\\\/\\\/infos-droitshumains.net\\\/\"},{\"@type\":\"ListItem\",\"position\":2,\"name\":\"Deux ans \u00e0 la t\u00eate du barreau de Kinshasa\\\/Gombe : Le B\u00e2tonnier Jean-Claude Mbaki Siluzaku, entre satisfaction et tristesse\"}]},{\"@type\":\"WebSite\",\"@id\":\"https:\\\/\\\/infos-droitshumains.net\\\/#website\",\"url\":\"https:\\\/\\\/infos-droitshumains.net\\\/\",\"name\":\"Infos Droits Humains\",\"description\":\"S&#039;informer est un droit\",\"publisher\":{\"@id\":\"https:\\\/\\\/infos-droitshumains.net\\\/#organization\"},\"potentialAction\":[{\"@type\":\"SearchAction\",\"target\":{\"@type\":\"EntryPoint\",\"urlTemplate\":\"https:\\\/\\\/infos-droitshumains.net\\\/?s={search_term_string}\"},\"query-input\":{\"@type\":\"PropertyValueSpecification\",\"valueRequired\":true,\"valueName\":\"search_term_string\"}}],\"inLanguage\":\"fr-FR\"},{\"@type\":\"Organization\",\"@id\":\"https:\\\/\\\/infos-droitshumains.net\\\/#organization\",\"name\":\"Infos Droits Humains\",\"url\":\"https:\\\/\\\/infos-droitshumains.net\\\/\",\"logo\":{\"@type\":\"ImageObject\",\"inLanguage\":\"fr-FR\",\"@id\":\"https:\\\/\\\/infos-droitshumains.net\\\/#\\\/schema\\\/logo\\\/image\\\/\",\"url\":\"https:\\\/\\\/i0.wp.com\\\/infos-droitshumains.net\\\/wp-content\\\/uploads\\\/2022\\\/05\\\/Logo.png?fit=333%2C129&ssl=1\",\"contentUrl\":\"https:\\\/\\\/i0.wp.com\\\/infos-droitshumains.net\\\/wp-content\\\/uploads\\\/2022\\\/05\\\/Logo.png?fit=333%2C129&ssl=1\",\"width\":333,\"height\":129,\"caption\":\"Infos Droits Humains\"},\"image\":{\"@id\":\"https:\\\/\\\/infos-droitshumains.net\\\/#\\\/schema\\\/logo\\\/image\\\/\"}},{\"@type\":\"Person\",\"@id\":\"https:\\\/\\\/infos-droitshumains.net\\\/#\\\/schema\\\/person\\\/3dc5e921c3302172e0ed4362f96faab7\",\"name\":\"Jo\u00ebl Diawa\",\"image\":{\"@type\":\"ImageObject\",\"inLanguage\":\"fr-FR\",\"@id\":\"https:\\\/\\\/secure.gravatar.com\\\/avatar\\\/729bea6ff4604c624417803c477363be8e3c7186deaa65713313f9b4b820f41c?s=96&d=mm&r=g\",\"url\":\"https:\\\/\\\/secure.gravatar.com\\\/avatar\\\/729bea6ff4604c624417803c477363be8e3c7186deaa65713313f9b4b820f41c?s=96&d=mm&r=g\",\"contentUrl\":\"https:\\\/\\\/secure.gravatar.com\\\/avatar\\\/729bea6ff4604c624417803c477363be8e3c7186deaa65713313f9b4b820f41c?s=96&d=mm&r=g\",\"caption\":\"Jo\u00ebl Diawa\"},\"sameAs\":[\"https:\\\/\\\/www.infos-droitshumains.net\"],\"url\":\"https:\\\/\\\/infos-droitshumains.net\\\/?author=2\"}]}<\/script>\n<!-- \/ Yoast SEO plugin. -->","yoast_head_json":{"title":"Deux ans \u00e0 la t\u00eate du barreau de Kinshasa\/Gombe : Le B\u00e2tonnier Jean-Claude Mbaki Siluzaku, entre satisfaction et tristesse - Infos Droits Humains","robots":{"index":"index","follow":"follow","max-snippet":"max-snippet:-1","max-image-preview":"max-image-preview:large","max-video-preview":"max-video-preview:-1"},"canonical":"https:\/\/infos-droitshumains.net\/?p=2532","og_locale":"fr_FR","og_type":"article","og_title":"Deux ans \u00e0 la t\u00eate du barreau de Kinshasa\/Gombe : Le B\u00e2tonnier Jean-Claude Mbaki Siluzaku, entre satisfaction et tristesse - Infos Droits Humains","og_description":"R\u00e9daction :+243817406088 Les avocats du barreau de Kinshasa\/Gombe se souviennent de la date du samedi...","og_url":"https:\/\/infos-droitshumains.net\/?p=2532","og_site_name":"Infos Droits Humains","article_published_time":"2022-03-15T11:16:20+00:00","article_modified_time":"2023-04-06T10:10:29+00:00","author":"Jo\u00ebl Diawa","twitter_card":"summary_large_image","twitter_misc":{"\u00c9crit par":"Jo\u00ebl Diawa","Dur\u00e9e de lecture estim\u00e9e":"2 minutes"},"schema":{"@context":"https:\/\/schema.org","@graph":[{"@type":"Article","@id":"https:\/\/infos-droitshumains.net\/?p=2532#article","isPartOf":{"@id":"https:\/\/infos-droitshumains.net\/?p=2532"},"author":{"name":"Jo\u00ebl Diawa","@id":"https:\/\/infos-droitshumains.net\/#\/schema\/person\/3dc5e921c3302172e0ed4362f96faab7"},"headline":"Deux ans \u00e0 la t\u00eate du barreau de Kinshasa\/Gombe : Le B\u00e2tonnier Jean-Claude Mbaki Siluzaku, entre satisfaction et tristesse","datePublished":"2022-03-15T11:16:20+00:00","dateModified":"2023-04-06T10:10:29+00:00","mainEntityOfPage":{"@id":"https:\/\/infos-droitshumains.net\/?p=2532"},"wordCount":410,"publisher":{"@id":"https:\/\/infos-droitshumains.net\/#organization"},"inLanguage":"fr-FR"},{"@type":"WebPage","@id":"https:\/\/infos-droitshumains.net\/?p=2532","url":"https:\/\/infos-droitshumains.net\/?p=2532","name":"Deux ans \u00e0 la t\u00eate du barreau de Kinshasa\/Gombe : Le B\u00e2tonnier Jean-Claude Mbaki Siluzaku, entre satisfaction et tristesse - Infos Droits Humains","isPartOf":{"@id":"https:\/\/infos-droitshumains.net\/#website"},"datePublished":"2022-03-15T11:16:20+00:00","dateModified":"2023-04-06T10:10:29+00:00","breadcrumb":{"@id":"https:\/\/infos-droitshumains.net\/?p=2532#breadcrumb"},"inLanguage":"fr-FR","potentialAction":[{"@type":"ReadAction","target":["https:\/\/infos-droitshumains.net\/?p=2532"]}]},{"@type":"BreadcrumbList","@id":"https:\/\/infos-droitshumains.net\/?p=2532#breadcrumb","itemListElement":[{"@type":"ListItem","position":1,"name":"Accueil","item":"https:\/\/infos-droitshumains.net\/"},{"@type":"ListItem","position":2,"name":"Deux ans \u00e0 la t\u00eate du barreau de Kinshasa\/Gombe : Le B\u00e2tonnier Jean-Claude Mbaki Siluzaku, entre satisfaction et tristesse"}]},{"@type":"WebSite","@id":"https:\/\/infos-droitshumains.net\/#website","url":"https:\/\/infos-droitshumains.net\/","name":"Infos Droits Humains","description":"S&#039;informer est un droit","publisher":{"@id":"https:\/\/infos-droitshumains.net\/#organization"},"potentialAction":[{"@type":"SearchAction","target":{"@type":"EntryPoint","urlTemplate":"https:\/\/infos-droitshumains.net\/?s={search_term_string}"},"query-input":{"@type":"PropertyValueSpecification","valueRequired":true,"valueName":"search_term_string"}}],"inLanguage":"fr-FR"},{"@type":"Organization","@id":"https:\/\/infos-droitshumains.net\/#organization","name":"Infos Droits Humains","url":"https:\/\/infos-droitshumains.net\/","logo":{"@type":"ImageObject","inLanguage":"fr-FR","@id":"https:\/\/infos-droitshumains.net\/#\/schema\/logo\/image\/","url":"https:\/\/i0.wp.com\/infos-droitshumains.net\/wp-content\/uploads\/2022\/05\/Logo.png?fit=333%2C129&ssl=1","contentUrl":"https:\/\/i0.wp.com\/infos-droitshumains.net\/wp-content\/uploads\/2022\/05\/Logo.png?fit=333%2C129&ssl=1","width":333,"height":129,"caption":"Infos Droits Humains"},"image":{"@id":"https:\/\/infos-droitshumains.net\/#\/schema\/logo\/image\/"}},{"@type":"Person","@id":"https:\/\/infos-droitshumains.net\/#\/schema\/person\/3dc5e921c3302172e0ed4362f96faab7","name":"Jo\u00ebl Diawa","image":{"@type":"ImageObject","inLanguage":"fr-FR","@id":"https:\/\/secure.gravatar.com\/avatar\/729bea6ff4604c624417803c477363be8e3c7186deaa65713313f9b4b820f41c?s=96&d=mm&r=g","url":"https:\/\/secure.gravatar.com\/avatar\/729bea6ff4604c624417803c477363be8e3c7186deaa65713313f9b4b820f41c?s=96&d=mm&r=g","contentUrl":"https:\/\/secure.gravatar.com\/avatar\/729bea6ff4604c624417803c477363be8e3c7186deaa65713313f9b4b820f41c?s=96&d=mm&r=g","caption":"Jo\u00ebl Diawa"},"sameAs":["https:\/\/www.infos-droitshumains.net"],"url":"https:\/\/infos-droitshumains.net\/?author=2"}]}},"featured_image_urls":{"full":"","thumbnail":"","medium":"","medium_large":"","large":"","1536x1536":"","2048x2048":"","covernews-slider-full":"","covernews-slider-center":"","covernews-featured":"","covernews-medium":"","covernews-medium-square":""},"author_info":{"display_name":"Jo\u00ebl Diawa","author_link":"https:\/\/infos-droitshumains.net\/?author=2"},"category_info":"<a href=\"https:\/\/infos-droitshumains.net\/?cat=1\" rel=\"category\">Non class\u00e9<\/a>","tag_info":"Non class\u00e9","comment_count":"0","jetpack_featured_media_url":"","jetpack-related-posts":[],"jetpack_sharing_enabled":true,"_links":{"self":[{"href":"https:\/\/infos-droitshumains.net\/index.php?rest_route=\/wp\/v2\/posts\/2532","targetHints":{"allow":["GET"]}}],"collection":[{"href":"https:\/\/infos-droitshumains.net\/index.php?rest_route=\/wp\/v2\/posts"}],"about":[{"href":"https:\/\/infos-droitshumains.net\/index.php?rest_route=\/wp\/v2\/types\/post"}],"author":[{"embeddable":true,"href":"https:\/\/infos-droitshumains.net\/index.php?rest_route=\/wp\/v2\/users\/2"}],"replies":[{"embeddable":true,"href":"https:\/\/infos-droitshumains.net\/index.php?rest_route=%2Fwp%2Fv2%2Fcomments&post=2532"}],"version-history":[{"count":3,"href":"https:\/\/infos-droitshumains.net\/index.php?rest_route=\/wp\/v2\/posts\/2532\/revisions"}],"predecessor-version":[{"id":2536,"href":"https:\/\/infos-droitshumains.net\/index.php?rest_route=\/wp\/v2\/posts\/2532\/revisions\/2536"}],"wp:attachment":[{"href":"https:\/\/infos-droitshumains.net\/index.php?rest_route=%2Fwp%2Fv2%2Fmedia&parent=2532"}],"wp:term":[{"taxonomy":"category","embeddable":true,"href":"https:\/\/infos-droitshumains.net\/index.php?rest_route=%2Fwp%2Fv2%2Fcategories&post=2532"},{"taxonomy":"post_tag","embeddable":true,"href":"https:\/\/infos-droitshumains.net\/index.php?rest_route=%2Fwp%2Fv2%2Ftags&post=2532"}],"curies":[{"name":"wp","href":"https:\/\/api.w.org\/{rel}","templated":true}]}}